{"id":17362,"date":"2015-03-23T10:34:53","date_gmt":"2015-03-23T09:34:53","guid":{"rendered":"http:\/\/blog.sub.uni-hamburg.de\/?p=17362"},"modified":"2015-06-04T15:12:44","modified_gmt":"2015-06-04T13:12:44","slug":"das-oekonomische-potential-der-portugiesischen-sprache-15-4-31-5","status":"publish","type":"post","link":"https:\/\/blog.sub.uni-hamburg.de\/?p=17362","title":{"rendered":"Das \u00f6konomische Potential der Portugiesischen Sprache (15.4.-31.5.)"},"content":{"rendered":"<p><a href=\"https:\/\/blog.sub.uni-hamburg.de\/wp-content\/uploads\/2015\/03\/Portugiesische-Sprache-Post.jpg\"><img loading=\"lazy\" decoding=\"async\" style=\"float: right; padding-right: 0px; margin-left: 25px; margin-bottom: 25px;\" src=\"https:\/\/blog.sub.uni-hamburg.de\/wp-content\/uploads\/2015\/03\/Portugiesische-Sprache.jpg\" alt=\"Portugiesische-Sprache\" width=\"300\" height=\"424\" \/><\/a> Die kommende Ausstellung im Gang zum Lichthof ist der Portugiesischen Sprache gewidmet. Die 250 Millionen Portugiesisch-Sprecher stellen ca. 3,7 % der Weltbev\u00f6lkerung dar und besitzen ca. 4% des gesamten Weltreichtums. Die 8 L\u00e4nder, in denen Portugiesisch gesprochen wird, erstrecken sich \u00fcber eine Fl\u00e4che von 10,8 Millionen km\u00b2, also etwa 7,25% der kontinentalen Erdoberfl\u00e4che, und sie besitzen alle weit reichende Meeresterritorien. Portugiesisch ist die vierth\u00e4ufigste gesprochene Sprache der Welt und verzeichnet eine der h\u00f6chsten Wachstumsraten im Internet, in den sozialen Netzwerken und im Fremdsprachenlernen.<\/p>\n<p><img loading=\"lazy\" decoding=\"async\" style=\"float: left; padding-left: 0px; margin-right: 25px; margin-bottom: 25px;\" title=\"Cam\u00f5es Instituto da Coopera\u00e7\u00e3o e da L\u00edngua\" src=\"https:\/\/blog.sub.uni-hamburg.de\/wp-content\/uploads\/2015\/03\/logocamoesip.jpg\" alt=\"Cam\u00f5es Instituto da Coopera\u00e7\u00e3o e da L\u00edngua\" width=\"250\" height=\"131\" \/> Die Ausstellung (auf Portugiesisch und Englisch) ist ein Projekt des <em>Cam\u00f5es Instituto da Coopera\u00e7\u00e3o e da L\u00edngua<\/em> (Portugal), basierend auf einer Initiative des portugiesischen Abgeordneten Diogo Feio der CDS-PP im Europ\u00e4ischen Parlament im Jahr 2014. Sie wird gezeigt vom Centro de L\u00edngua Portuguesa \u2013 Cam\u00f5es am Institut f\u00fcr Romanistik der Universit\u00e4t Hamburg in Kooperation mit der Staats- und Universit\u00e4tsbibliothek Hamburg Carl von Ossietzky (Sondersammelgebiet <a href=\"http:\/\/wikis.sub.uni-hamburg.de\/webis\/index.php\/7.34\">Spanien,<br \/>\nPortugal<\/a>).<\/p>\n<p><strong>Dauer der Ausstellung: 15. April bis 31. Mai 2015<br \/>\nOrt: Gang zum Lichthof<\/strong><\/p>\n","protected":false},"excerpt":{"rendered":"<p>Die kommende Ausstellung im Gang zum Lichthof ist der Portugiesischen Sprache gewidmet. Die 250 Millionen Portugiesisch-Sprecher stellen ca. 3,7 % der Weltbev\u00f6lkerung dar und besitzen ca. 4% des gesamten Weltreichtums. Die 8 L\u00e4nder, in denen Portugiesisch gesprochen wird, erstrecken sich \u00fcber eine Fl\u00e4che von 10,8 Millionen km\u00b2, also etwa 7,25% der kontinentalen Erdoberfl\u00e4che, und sie [&hellip;]<\/p>\n","protected":false},"author":19,"featured_media":0,"comment_status":"open","ping_status":"open","sticky":false,"template":"","format":"standard","meta":{"jetpack_post_was_ever_published":false,"_jetpack_newsletter_access":"","_jetpack_dont_email_post_to_subs":false,"_jetpack_newsletter_tier_id":0,"_jetpack_memberships_contains_paywalled_content":false,"_jetpack_memberships_contains_paid_content":false,"footnotes":"","jetpack_publicize_message":"","jetpack_publicize_feature_enabled":true,"jetpack_social_post_already_shared":false,"jetpack_social_options":{"image_generator_settings":{"template":"highway","default_image_id":0,"font":"","enabled":false},"version":2}},"categories":[9],"tags":[],"class_list":["post-17362","post","type-post","status-publish","format-standard","hentry","category-ausstellungen"],"views":5900,"jetpack_publicize_connections":[],"jetpack_featured_media_url":"","jetpack_shortlink":"https:\/\/wp.me\/p7hfNR-4w2","jetpack-related-posts":[{"id":37902,"url":"https:\/\/blog.sub.uni-hamburg.de\/?p=37902","url_meta":{"origin":17362,"position":0},"title":"Multimedia-Lesung: \u201eZeit und Wahrheit. Zensur und Widerstand w\u00e4hrend der Diktatur in Portugal\u201c (25.4.)","author":"Markus Trapp","date":"15-04-24","format":false,"excerpt":"Donnerstag, 25.4., 18 Uhr, Vortragsraum. Zur Feier von 50 Jahren Meinungsfreiheit und der Nelkenrevolution (25.4.1974) l\u00e4dt das Portugiesische Sprachzentrum\/Cam\u00f5es Institut an der Universit\u00e4t Hamburg herzlich zu einer zweistimmigen Multimedia-Lesung ein. Es werden deutsche \u00dcbersetzungen zensierter portugiesischer Texte aus der Zeit der l\u00e4ngsten Diktatur Europas vorgelesen. Die Veranstaltung wird von Protestsongs\u2026","rel":"","context":"In &quot;Ausstellungen und Veranstaltungen&quot;","block_context":{"text":"Ausstellungen und Veranstaltungen","link":"https:\/\/blog.sub.uni-hamburg.de\/?cat=9"},"img":{"alt_text":"","src":"https:\/\/i0.wp.com\/blog.sub.uni-hamburg.de\/wp-content\/uploads\/2024\/04\/portugal-widerstand.jpg?resize=350%2C200&ssl=1","width":350,"height":200,"srcset":"https:\/\/i0.wp.com\/blog.sub.uni-hamburg.de\/wp-content\/uploads\/2024\/04\/portugal-widerstand.jpg?resize=350%2C200&ssl=1 1x, https:\/\/i0.wp.com\/blog.sub.uni-hamburg.de\/wp-content\/uploads\/2024\/04\/portugal-widerstand.jpg?resize=525%2C300&ssl=1 1.5x"},"classes":[]},{"id":960,"url":"https:\/\/blog.sub.uni-hamburg.de\/?p=960","url_meta":{"origin":17362,"position":1},"title":"Lieben Sie Fado? (25.5., 16 Uhr)","author":"MG","date":"20-05-08","format":false,"excerpt":"Dann kommen Sie zu: FADO & POESIA Cam\u00f5es Gedichte gesungen von gro\u00dfen Fadistas am Sonntag, dem 25. Mai 2008, um 16 Uhr in der Stabi (Vortragsraum 1. Stock). Sp\u00e4testens seit Am\u00e1lia hat der Fado die Dichtung entdeckt. Lu\u00eds de Cam\u00f5es (1524-1580), der wichtigste portugiesische Dichter, wurde f\u00fcr diesen Anlass ausgew\u00e4hlt.\u2026","rel":"","context":"In &quot;Ausstellungen und Veranstaltungen&quot;","block_context":{"text":"Ausstellungen und Veranstaltungen","link":"https:\/\/blog.sub.uni-hamburg.de\/?cat=9"},"img":{"alt_text":"","src":"","width":0,"height":0},"classes":[]},{"id":1313,"url":"https:\/\/blog.sub.uni-hamburg.de\/?p=1313","url_meta":{"origin":17362,"position":2},"title":"Tagung: Portugal, Hamburg und die deutschsprachige Welt w\u00e4hrend der europ\u00e4ischen Expansion nach \u00dcbersee (16.-18. Jahrhundert) (18.-20.06.09)","author":"BP","date":"09-06-09","format":false,"excerpt":"In j\u00fcngster Zeit w\u00e4chst im Bereich der Sozial- und Geisteswissenschaften, insbesondere der (Kunst-) Geschichte, das Interesse an der Erforschung internationaler Beziehungen und Zusammenh\u00e4nge sowie an deren Herausbildung und Entwicklung. Im Blickpunkt stehen hier vor allem Beziehungen politischer, wirtschaftlicher, sozialer, k\u00fcnstlerischer und literarischer Art. F\u00fcr eine umfassende und vielschichtige Analyse ist\u2026","rel":"","context":"In &quot;Ausstellungen und Veranstaltungen&quot;","block_context":{"text":"Ausstellungen und Veranstaltungen","link":"https:\/\/blog.sub.uni-hamburg.de\/?cat=9"},"img":{"alt_text":"","src":"","width":0,"height":0},"classes":[]},{"id":4936,"url":"https:\/\/blog.sub.uni-hamburg.de\/?p=4936","url_meta":{"origin":17362,"position":3},"title":"Ausstellung \u201eDer gute Ort \u2013 400 Jahre J\u00fcdischer Friedhof Altona\u201c (31.5.-17.7.)","author":"Markus Trapp","date":"16-05-11","format":false,"excerpt":"Er\u00f6ffnung der Ausstellung \u201eDer gute Ort \u2013 400 Jahre J\u00fcdischer Friedhof Altona\u201c Dienstag, 31. Mai 2011, 18 Uhr (c.t.) Begr\u00fc\u00dfung: Prof. Dr. Gabriele Beger, Direktorin der Staats- und Universit\u00e4tsbibliothek Gru\u00dfworte: Olaf Scholz, Erster B\u00fcrgermeister der Freien und Hansestadt Hamburg Karin Feingold, J\u00fcdische Gemeinde Hamburg Einf\u00fchrung: Irina von Jagow, Stiftung Denkmalpflege\u2026","rel":"","context":"In &quot;Ausstellungen und Veranstaltungen&quot;","block_context":{"text":"Ausstellungen und Veranstaltungen","link":"https:\/\/blog.sub.uni-hamburg.de\/?cat=9"},"img":{"alt_text":"Der gute Ort \u2013 400 Jahre J\u00fcdischer Friedhof Altona","src":"https:\/\/i0.wp.com\/blog.sub.uni-hamburg.de\/wp-content\/uploads\/2011\/05\/400j-jued-friedhof.jpg?resize=350%2C200&ssl=1","width":350,"height":200},"classes":[]},{"id":16380,"url":"https:\/\/blog.sub.uni-hamburg.de\/?p=16380","url_meta":{"origin":17362,"position":4},"title":"B\u00fccher, Gr\u00e4ber und Gelehrte: Hamburger Portugiesenfriedhof (20.11.)","author":"Markus Trapp","date":"04-11-14","format":false,"excerpt":"Vortrag von Michael Studemund-Hal\u00e9vy, docteur \u00e8s-lettres: B\u00fccher, Gr\u00e4ber und Gelehrte: Autoren vom Hamburger Portugiesenfriedhof Auf dem J\u00fcdischen Friedhof Altona, der seit dem Sommer 2014 auf der \"deutschen Tentativliste\" steht und gute Chancen hat, als Welterbe der UNESCO anerkannt zu werden, fanden bedeutende Rabbiner, Gelehrte, Schriftsteller und \u00c4rzte ihre letzte Ruhest\u00e4tte.\u2026","rel":"","context":"In &quot;Ausstellungen und Veranstaltungen&quot;","block_context":{"text":"Ausstellungen und Veranstaltungen","link":"https:\/\/blog.sub.uni-hamburg.de\/?cat=9"},"img":{"alt_text":"Hamburger Portugiesenfriedhof","src":"https:\/\/i0.wp.com\/blog.sub.uni-hamburg.de\/wp-content\/uploads\/2014\/11\/Studemund-Faust-3-kl.jpg?resize=350%2C200&ssl=1","width":350,"height":200},"classes":[]},{"id":7512,"url":"https:\/\/blog.sub.uni-hamburg.de\/?p=7512","url_meta":{"origin":17362,"position":5},"title":"Exponat des Monats: Die Hamburger Nachrichten (18.4.)","author":"Markus Trapp","date":"28-03-12","format":false,"excerpt":"Aus den Sondersammlungen - Exponat des Monats: Die Hamburger Nachrichten \u2013 fast 150 Jahre Hamburger Zeitungsgeschichte In den fast 150 Jahren ihres Bestehens sind die Hamburger Nachrichten eine der wichtigsten Zeitungen der Hansestadt gewesen. Metamorphosen vom Anzeigenblatt zur f\u00fchrenden Lokalzeitung, von der linksliberalen Ausrichtung nach 1848 zum Sprachrohr des entlassenen\u2026","rel":"","context":"In &quot;Ausstellungen und Veranstaltungen&quot;","block_context":{"text":"Ausstellungen und Veranstaltungen","link":"https:\/\/blog.sub.uni-hamburg.de\/?cat=9"},"img":{"alt_text":"Die Hamburger Nachrichten \u2013 fast 150 Jahre Hamburger Zeitungsgeschichte","src":"https:\/\/i0.wp.com\/blog.sub.uni-hamburg.de\/wp-content\/uploads\/2012\/03\/hamburgernachrichten.jpg?resize=350%2C200&ssl=1","width":350,"height":200},"classes":[]}],"jetpack_sharing_enabled":true,"_links":{"self":[{"href":"https:\/\/blog.sub.uni-hamburg.de\/index.php?rest_route=\/wp\/v2\/posts\/17362","targetHints":{"allow":["GET"]}}],"collection":[{"href":"https:\/\/blog.sub.uni-hamburg.de\/index.php?rest_route=\/wp\/v2\/posts"}],"about":[{"href":"https:\/\/blog.sub.uni-hamburg.de\/index.php?rest_route=\/wp\/v2\/types\/post"}],"author":[{"embeddable":true,"href":"https:\/\/blog.sub.uni-hamburg.de\/index.php?rest_route=\/wp\/v2\/users\/19"}],"replies":[{"embeddable":true,"href":"https:\/\/blog.sub.uni-hamburg.de\/index.php?rest_route=%2Fwp%2Fv2%2Fcomments&post=17362"}],"version-history":[{"count":4,"href":"https:\/\/blog.sub.uni-hamburg.de\/index.php?rest_route=\/wp\/v2\/posts\/17362\/revisions"}],"predecessor-version":[{"id":17888,"href":"https:\/\/blog.sub.uni-hamburg.de\/index.php?rest_route=\/wp\/v2\/posts\/17362\/revisions\/17888"}],"wp:attachment":[{"href":"https:\/\/blog.sub.uni-hamburg.de\/index.php?rest_route=%2Fwp%2Fv2%2Fmedia&parent=17362"}],"wp:term":[{"taxonomy":"category","embeddable":true,"href":"https:\/\/blog.sub.uni-hamburg.de\/index.php?rest_route=%2Fwp%2Fv2%2Fcategories&post=17362"},{"taxonomy":"post_tag","embeddable":true,"href":"https:\/\/blog.sub.uni-hamburg.de\/index.php?rest_route=%2Fwp%2Fv2%2Ftags&post=17362"}],"curies":[{"name":"wp","href":"https:\/\/api.w.org\/{rel}","templated":true}]}}