{"id":17291,"date":"2015-02-26T16:23:15","date_gmt":"2015-02-26T15:23:15","guid":{"rendered":"http:\/\/blog.sub.uni-hamburg.de\/?p=17291"},"modified":"2015-03-19T09:03:15","modified_gmt":"2015-03-19T08:03:15","slug":"die-atlantische-korrespondenz-der-hamburgerinnen-adele-haller-und-mathilde-lieber-18-3","status":"publish","type":"post","link":"https:\/\/blog.sub.uni-hamburg.de\/?p=17291","title":{"rendered":"Die atlantische Korrespondenz der Hamburgerinnen Adele Haller und Mathilde Lieber (18.3.)"},"content":{"rendered":"<p><a href=\"https:\/\/blog.sub.uni-hamburg.de\/wp-content\/uploads\/2015\/02\/Mathilde-Lieber-gr.jpg\"><img loading=\"lazy\" decoding=\"async\" data-attachment-id=\"17292\" data-permalink=\"https:\/\/blog.sub.uni-hamburg.de\/?attachment_id=17292\" data-orig-file=\"https:\/\/blog.sub.uni-hamburg.de\/wp-content\/uploads\/2015\/02\/Mathilde-Lieber.jpg\" data-orig-size=\"350,430\" data-comments-opened=\"1\" data-image-meta=\"{&quot;aperture&quot;:&quot;0&quot;,&quot;credit&quot;:&quot;&quot;,&quot;camera&quot;:&quot;&quot;,&quot;caption&quot;:&quot;&quot;,&quot;created_timestamp&quot;:&quot;0&quot;,&quot;copyright&quot;:&quot;&quot;,&quot;focal_length&quot;:&quot;0&quot;,&quot;iso&quot;:&quot;0&quot;,&quot;shutter_speed&quot;:&quot;0&quot;,&quot;title&quot;:&quot;&quot;,&quot;orientation&quot;:&quot;0&quot;}\" data-image-title=\"Mathilde Lieber\" data-image-description=\"&lt;p&gt;Mathilde Lieber&lt;\/p&gt;\n\" data-image-caption=\"\" data-large-file=\"https:\/\/blog.sub.uni-hamburg.de\/wp-content\/uploads\/2015\/02\/Mathilde-Lieber.jpg\" src=\"https:\/\/blog.sub.uni-hamburg.de\/wp-content\/uploads\/2015\/02\/Mathilde-Lieber.jpg\" alt=\"Mathilde Lieber\" width=\"350\" height=\"430\" class=\"alignright size-full wp-image-17292\" srcset=\"https:\/\/blog.sub.uni-hamburg.de\/wp-content\/uploads\/2015\/02\/Mathilde-Lieber.jpg 350w, https:\/\/blog.sub.uni-hamburg.de\/wp-content\/uploads\/2015\/02\/Mathilde-Lieber-122x150.jpg 122w, https:\/\/blog.sub.uni-hamburg.de\/wp-content\/uploads\/2015\/02\/Mathilde-Lieber-244x300.jpg 244w\" sizes=\"auto, (max-width: 350px) 100vw, 350px\" \/><\/a><strong>Prof. Dr. Claudia Schnurmann: Die atlantische Korrespondenz der Hamburgerinnen Adele Haller und Mathilde Lieber 1822-1848<\/strong><\/p>\n<p>Heute kennt man die geb\u00fcrtigen Hamburgerinnen Mathilde Oppenheimer (1805-1890) und Adele Oppenheimer (1807-1873) meist nur wegen ihrer bekannten Ehem\u00e4nner oder ihrer Kinder. Mathilde Oppenheimer wanderte 1829 in die USA aus und heiratete dort den aus Berlin stammenden Franz Lieber (1798-1872), Produzent der Encyclopaedia Americana und des Code 100 von 1863, des Basismodells der Genfer Kriegsrechtskonventionen. Adele Oppenheimer (1807-1873) wurde 1831 die Ehefrau des Hamburger Politikers Nicolaus Ferdinand Haller (1805-1876) und 1835 Mutter des sp\u00e4teren Architekten Martin Haller. Beide Frauen besa\u00dfen Esprit und scharfen Intellekt. Adele Hallers intensiver Briefwechsel mit der geliebten Cousine in den USA vermittelt Einblicke in die biedermeierlichen Zw\u00e4nge ihrer Geschlechterrollen und ihrer Milieus, aber auch die M\u00f6glichkeiten des Wissenstransfers zwischen den USA und der Elbmetropole.<\/p>\n<p><a href=\"http:\/\/www1.geschichte.uni-hamburg.de\/arbeitsbereiche\/aussereuropaeische-geschichte\/personen\/schnurmann.html\">Prof. Dr. Claudia Schnurmann<\/a> lehrt seit 2003 nordamerikanische und atlantische Geschichte der Neuzeit an der Universit\u00e4t Hamburg.<\/p>\n<p>Eine Veranstaltung des <a href=\"http:\/\/vfhg.de\/\">Vereins f\u00fcr Hamburgische Geschichte<\/a> in Zusammenarbeit mit der Staats- und Universit\u00e4tsbibliothek Hamburg<\/p>\n<p><strong>Mittwoch, 18. M\u00e4rz 2015, 18 Uhr<br \/>\nOrt: Vortragsraum, 1. Etage, Eintritt frei.<\/strong><\/p>\n","protected":false},"excerpt":{"rendered":"<p>Prof. Dr. Claudia Schnurmann: Die atlantische Korrespondenz der Hamburgerinnen Adele Haller und Mathilde Lieber 1822-1848 Heute kennt man die geb\u00fcrtigen Hamburgerinnen Mathilde Oppenheimer (1805-1890) und Adele Oppenheimer (1807-1873) meist nur wegen ihrer bekannten Ehem\u00e4nner oder ihrer Kinder. Mathilde Oppenheimer wanderte 1829 in die USA aus und heiratete dort den aus Berlin stammenden Franz Lieber (1798-1872), [&hellip;]<\/p>\n","protected":false},"author":19,"featured_media":0,"comment_status":"open","ping_status":"open","sticky":false,"template":"","format":"standard","meta":{"jetpack_post_was_ever_published":false,"_jetpack_newsletter_access":"","_jetpack_dont_email_post_to_subs":false,"_jetpack_newsletter_tier_id":0,"_jetpack_memberships_contains_paywalled_content":false,"_jetpack_memberships_contains_paid_content":false,"footnotes":"","jetpack_publicize_message":"","jetpack_publicize_feature_enabled":true,"jetpack_social_post_already_shared":false,"jetpack_social_options":{"image_generator_settings":{"template":"highway","default_image_id":0,"font":"","enabled":false},"version":2}},"categories":[9,17],"tags":[],"class_list":["post-17291","post","type-post","status-publish","format-standard","hentry","category-ausstellungen","category-hamburg"],"views":3684,"jetpack_publicize_connections":[],"jetpack_featured_media_url":"","jetpack_shortlink":"https:\/\/wp.me\/p7hfNR-4uT","jetpack-related-posts":[{"id":34038,"url":"https:\/\/blog.sub.uni-hamburg.de\/?p=34038","url_meta":{"origin":17291,"position":0},"title":"Szenische Lesung: Eine Frau will nach oben. Fontanes Mathilde M\u00f6hring (14.9.)","author":"Markus Trapp","date":"30-08-22","format":false,"excerpt":"Mittwoch, 14.9., 19 Uhr, Vortragsraum. Theodor Fontane schildert in \"Mathilde M\u00f6hring\" das Leben einer jungen Frau, die in den einschr\u00e4nkenden gesellschaftlichen Verh\u00e4ltnissen des deutschen Kaiserreichs lebt und der durch ihre Heirat ein sozialer Aufstieg gelingt. Doch recht bald beendet der Tod des Ehegatten ihren Weg nach oben. Als alleinstehende Frau\u2026","rel":"","context":"In &quot;Ausstellungen und Veranstaltungen&quot;","block_context":{"text":"Ausstellungen und Veranstaltungen","link":"https:\/\/blog.sub.uni-hamburg.de\/?cat=9"},"img":{"alt_text":"","src":"https:\/\/i0.wp.com\/blog.sub.uni-hamburg.de\/wp-content\/uploads\/2022\/08\/Daheim-Stich-Theodor-Fontane.jpg?resize=350%2C200&ssl=1","width":350,"height":200},"classes":[]},{"id":39920,"url":"https:\/\/blog.sub.uni-hamburg.de\/?p=39920","url_meta":{"origin":17291,"position":1},"title":"Buchvorstellung: So ist die neue Frau? Hamburgerinnen in den 1920er Jahren (9.4.)","author":"Markus Trapp","date":"26-03-25","format":false,"excerpt":"Mittwoch, 9.4., 18 Uhr, Vortragsraum. Die Weimarer Verfassung von 1919 versprach Frauen neue gesellschaftliche Handlungsspielr\u00e4ume. W\u00e4hrend in der Geschichtsforschung bislang vornehmlich Frauen in Berlin als die \u201eneuen Frauen\u201c vorgestellt und portr\u00e4tiert wurden, wird in dem Buch \"So ist die neue Frau? Hamburgerinnen in den 1920er Jahren\" f\u00fcr Hamburg untersucht, wie\u2026","rel":"","context":"In &quot;Ausstellungen und Veranstaltungen&quot;","block_context":{"text":"Ausstellungen und Veranstaltungen","link":"https:\/\/blog.sub.uni-hamburg.de\/?cat=9"},"img":{"alt_text":"So ist die neue Frau? Hamburgerinnen in den 1920er Jahren","src":"https:\/\/i0.wp.com\/blog.sub.uni-hamburg.de\/wp-content\/uploads\/2025\/03\/soistdieneuefrau-200x300.jpg?resize=350%2C200&ssl=1","width":350,"height":200},"classes":[]},{"id":1550,"url":"https:\/\/blog.sub.uni-hamburg.de\/?p=1550","url_meta":{"origin":17291,"position":2},"title":"Aus Hamburg ins Exil. Die Flucht vor dem Nationalsozialismus (21. 1. 2010)","author":"BP","date":"19-01-10","format":false,"excerpt":"Die Walter A. Berendsohn-Forschungsstelle f\u00fcr deutsche Exilliteratur l\u00e4dt ein: Aus Hamburg ins Exil. Die Flucht vor dem Nationalsozialismus Vortrag und Gespr\u00e4ch mit Prof. Dr. Ursula B\u00fcttner am Donnerstag, 21. Januar 2010 um 18:00 Uhr im Ossietzky-Lesesaal der Staats- und Universit\u00e4tsbibliothek Hamburg (im Altbau \u2013 Erdgeschoss) (Eintritt frei) Viele Tausend Hamburger\u2026","rel":"","context":"In &quot;Ausstellungen und Veranstaltungen&quot;","block_context":{"text":"Ausstellungen und Veranstaltungen","link":"https:\/\/blog.sub.uni-hamburg.de\/?cat=9"},"img":{"alt_text":"","src":"","width":0,"height":0},"classes":[]},{"id":297,"url":"https:\/\/blog.sub.uni-hamburg.de\/?p=297","url_meta":{"origin":17291,"position":3},"title":"&#8220;Kulturbarbarei&#8221; &#8211; Karlsruhe droht der Ausverkauf","author":"AP","date":"26-09-06","format":false,"excerpt":"Schon seit letztem Mittwoch ist \u00fcberall in der Presse vom \"Ausverkauf badischer Kulturg\u00fcter\" zu lesen. Hintergrund ist die h\u00f6chst umstrittene Einigung des Landes Baden-W\u00fcrttemberg und des badischen Adelshauses, dass die Markgrafenfamilie Kunstsch\u00e4tze im Wert von 70 Mio. Euro zur Ver\u00e4u\u00dferung bekommen soll, um insbesondere ihren Hauptwohnsitz, Schloss Salem am Bodensee,\u2026","rel":"","context":"In &quot;Aktuelles&quot;","block_context":{"text":"Aktuelles","link":"https:\/\/blog.sub.uni-hamburg.de\/?cat=1"},"img":{"alt_text":"","src":"","width":0,"height":0},"classes":[]},{"id":38376,"url":"https:\/\/blog.sub.uni-hamburg.de\/?p=38376","url_meta":{"origin":17291,"position":4},"title":"Konzert: Sommernacht und Rosenband. Klopstock im HfMT-Konzert (12.7.)","author":"Markus Trapp","date":"27-06-24","format":false,"excerpt":"Freitag, 12.7., 19 Uhr, Vortragsraum (Einf\u00fchrung), anschlie\u00dfend Lichthof (Konzert). Im 18. Jahrhundert entstand in Hamburg ein b\u00fcrgerliches Musikleben, das von Aufkl\u00e4rung und Empfindsamkeit gepr\u00e4gt war. G. Ph. Telemann und C. P. E. Bach, aber auch viele heute unbekanntere Komponist:innen ver\u00f6ffentlichten ihre Werke in Einzel- und Sammeldrucken sowie in Musenalmanachen. Das\u2026","rel":"","context":"In &quot;Ausstellungen und Veranstaltungen&quot;","block_context":{"text":"Ausstellungen und Veranstaltungen","link":"https:\/\/blog.sub.uni-hamburg.de\/?cat=9"},"img":{"alt_text":"","src":"https:\/\/i0.wp.com\/blog.sub.uni-hamburg.de\/wp-content\/uploads\/2024\/06\/klopstock-lichthof.jpg?resize=350%2C200&ssl=1","width":350,"height":200,"srcset":"https:\/\/i0.wp.com\/blog.sub.uni-hamburg.de\/wp-content\/uploads\/2024\/06\/klopstock-lichthof.jpg?resize=350%2C200&ssl=1 1x, https:\/\/i0.wp.com\/blog.sub.uni-hamburg.de\/wp-content\/uploads\/2024\/06\/klopstock-lichthof.jpg?resize=525%2C300&ssl=1 1.5x"},"classes":[]},{"id":34265,"url":"https:\/\/blog.sub.uni-hamburg.de\/?p=34265","url_meta":{"origin":17291,"position":5},"title":"Max Liebermann und Richard Dehmel","author":"Markus Trapp","date":"26-09-22","format":false,"excerpt":"Vom 24. September bis 20. November ist im Berliner Max Liebermann Haus die Einraumausstellung \u201eMax Liebermann und Richard Dehmel\u201c zu sehen, die damit tempor\u00e4r Teil der Dauerpr\u00e4sentation \u201eMax Liebermanns Welt\u201c ist. Im Zentrum der Ausstellung steht das ber\u00fchmte Portrait Richard Dehmels von Max Liebermann aus der Hamburger Kunsthalle. Die Staats-\u2026","rel":"","context":"In &quot;Ausstellungen und Veranstaltungen&quot;","block_context":{"text":"Ausstellungen und Veranstaltungen","link":"https:\/\/blog.sub.uni-hamburg.de\/?cat=9"},"img":{"alt_text":"Brief Ida Dehmel an Alice Bensheimer","src":"https:\/\/i0.wp.com\/blog.sub.uni-hamburg.de\/wp-content\/uploads\/2022\/09\/Ida-Dehmel-an-Alice-Bensheimer.jpg?resize=350%2C200&ssl=1","width":350,"height":200,"srcset":"https:\/\/i0.wp.com\/blog.sub.uni-hamburg.de\/wp-content\/uploads\/2022\/09\/Ida-Dehmel-an-Alice-Bensheimer.jpg?resize=350%2C200&ssl=1 1x, https:\/\/i0.wp.com\/blog.sub.uni-hamburg.de\/wp-content\/uploads\/2022\/09\/Ida-Dehmel-an-Alice-Bensheimer.jpg?resize=525%2C300&ssl=1 1.5x"},"classes":[]}],"jetpack_sharing_enabled":true,"_links":{"self":[{"href":"https:\/\/blog.sub.uni-hamburg.de\/index.php?rest_route=\/wp\/v2\/posts\/17291","targetHints":{"allow":["GET"]}}],"collection":[{"href":"https:\/\/blog.sub.uni-hamburg.de\/index.php?rest_route=\/wp\/v2\/posts"}],"about":[{"href":"https:\/\/blog.sub.uni-hamburg.de\/index.php?rest_route=\/wp\/v2\/types\/post"}],"author":[{"embeddable":true,"href":"https:\/\/blog.sub.uni-hamburg.de\/index.php?rest_route=\/wp\/v2\/users\/19"}],"replies":[{"embeddable":true,"href":"https:\/\/blog.sub.uni-hamburg.de\/index.php?rest_route=%2Fwp%2Fv2%2Fcomments&post=17291"}],"version-history":[{"count":1,"href":"https:\/\/blog.sub.uni-hamburg.de\/index.php?rest_route=\/wp\/v2\/posts\/17291\/revisions"}],"predecessor-version":[{"id":17294,"href":"https:\/\/blog.sub.uni-hamburg.de\/index.php?rest_route=\/wp\/v2\/posts\/17291\/revisions\/17294"}],"wp:attachment":[{"href":"https:\/\/blog.sub.uni-hamburg.de\/index.php?rest_route=%2Fwp%2Fv2%2Fmedia&parent=17291"}],"wp:term":[{"taxonomy":"category","embeddable":true,"href":"https:\/\/blog.sub.uni-hamburg.de\/index.php?rest_route=%2Fwp%2Fv2%2Fcategories&post=17291"},{"taxonomy":"post_tag","embeddable":true,"href":"https:\/\/blog.sub.uni-hamburg.de\/index.php?rest_route=%2Fwp%2Fv2%2Ftags&post=17291"}],"curies":[{"name":"wp","href":"https:\/\/api.w.org\/{rel}","templated":true}]}}