{"id":17248,"date":"2015-02-18T17:49:29","date_gmt":"2015-02-18T16:49:29","guid":{"rendered":"http:\/\/blog.sub.uni-hamburg.de\/?p=17248"},"modified":"2016-03-10T23:44:39","modified_gmt":"2016-03-10T22:44:39","slug":"konzert-barockwerk-11-und-12-maerz-im-lichthof","status":"publish","type":"post","link":"https:\/\/blog.sub.uni-hamburg.de\/?p=17248","title":{"rendered":"Konzert barockwerk im Lichthof (11. + 12.3.)"},"content":{"rendered":"<p><img loading=\"lazy\" decoding=\"async\" data-attachment-id=\"17249\" data-permalink=\"https:\/\/blog.sub.uni-hamburg.de\/?attachment_id=17249\" data-orig-file=\"https:\/\/blog.sub.uni-hamburg.de\/wp-content\/uploads\/2015\/02\/15-Barockwerk-A3-Plakat.jpg\" data-orig-size=\"1192,1678\" data-comments-opened=\"1\" data-image-meta=\"{&quot;aperture&quot;:&quot;0&quot;,&quot;credit&quot;:&quot;Philip Bartkowiak (040) 270 22 7&quot;,&quot;camera&quot;:&quot;&quot;,&quot;caption&quot;:&quot;&quot;,&quot;created_timestamp&quot;:&quot;0&quot;,&quot;copyright&quot;:&quot;&quot;,&quot;focal_length&quot;:&quot;0&quot;,&quot;iso&quot;:&quot;0&quot;,&quot;shutter_speed&quot;:&quot;0&quot;,&quot;title&quot;:&quot;Stabi Barockwerk A3 01&quot;,&quot;orientation&quot;:&quot;0&quot;}\" data-image-title=\"Stabi Barockwerk A3 01\" data-image-description=\"\" data-image-caption=\"\" data-large-file=\"https:\/\/blog.sub.uni-hamburg.de\/wp-content\/uploads\/2015\/02\/15-Barockwerk-A3-Plakat-727x1024.jpg\" class=\"alignright size-medium wp-image-17249\" src=\"https:\/\/blog.sub.uni-hamburg.de\/wp-content\/uploads\/2015\/02\/15-Barockwerk-A3-Plakat-213x300.jpg\" alt=\"Stabi Barockwerk A3 01\" width=\"213\" height=\"300\" srcset=\"https:\/\/blog.sub.uni-hamburg.de\/wp-content\/uploads\/2015\/02\/15-Barockwerk-A3-Plakat-213x300.jpg 213w, https:\/\/blog.sub.uni-hamburg.de\/wp-content\/uploads\/2015\/02\/15-Barockwerk-A3-Plakat-107x150.jpg 107w, https:\/\/blog.sub.uni-hamburg.de\/wp-content\/uploads\/2015\/02\/15-Barockwerk-A3-Plakat-727x1024.jpg 727w, https:\/\/blog.sub.uni-hamburg.de\/wp-content\/uploads\/2015\/02\/15-Barockwerk-A3-Plakat-900x1267.jpg 900w, https:\/\/blog.sub.uni-hamburg.de\/wp-content\/uploads\/2015\/02\/15-Barockwerk-A3-Plakat.jpg 1192w\" sizes=\"auto, (max-width: 213px) 100vw, 213px\" \/><strong>Mittwoch, 11. M\u00e4rz, und Donnerstag, 12. M\u00e4rz 2015,<br \/>\njeweils 19 Uhr<br \/>\nKonzert von barock<em>werk<\/em> hamburg: Zwei Hamburger Singspiele <\/strong><\/p>\n<p><strong>Georg Philipp Telemann \u201eDon Quichotte auf der Hochzeit des Comacho\u201c<br \/>\nJohann Adam Hiller \u201eLisuart und Dariolette oder die Frage und die Antwort\u201c<\/strong><\/p>\n<p><em>Was Frauen wirklich wollen<\/em>? Die Antwort gibt das Ensemble barock<em>werk<\/em> hamburg. In zwei heiteren Hamburger Singspielen von G. Ph. Telemann und J. A. Hiller werden dieses und so manch anderes Menschheitsproblem gel\u00f6st&#8230;<\/p>\n<p>Telemanns <em>Don Quichotte auf der Hochzeit des Comacho<\/em> erz\u00e4hlt vom \u201eRitter von der traurigen Gestalt\u201c und seinem Stallmeister Sancho Pansa. Auf der Hochzeit der sch\u00f6nen Quiteria und des reichen Bauern Comacho geraten sie mitten hinein in einen Konflikt um Liebe, Geld und Treue. Hier kann nur ein Machtwort des welterfahrenen Ritters helfen, um die Dinge wieder ins Lot zu bringen&#8230;<\/p>\n<p>Die Handlung von Hillers Singspiel <em>Lisuart und Dariolette oder Was Frauen wollen <\/em>klingt bekannt: eine entf\u00fchrte Prinzessin, ein Prinz, der sich in das Bild der Prinzessin verliebt, eine K\u00f6nigin, die den Prinzen beauftragt, ihre Tochter wiederzufinden, ein feiger Diener, ein b\u00f6ser Zwerg, eine h\u00e4ssliche Alte und m\u00e4rchenhafte Verwandlungen. All das deutet auf W. A. Mozarts Singspiel <em>Die<\/em> <em>Zauberfl\u00f6te,<\/em> das wenig sp\u00e4ter entstand. Und hier wird endlich auch die Frage beantwortet: \u201eWas Frauen wirklich wollen\u201c.<\/p>\n<p>Lichthof im Altbau der Staats- und Universit\u00e4tsbibliothek Carl von Ossietzky, Eingang Edmund-Siemers-Allee \/ Ecke Grindelallee<br \/>\nEintritt 25 \u20ac, 50% Erm\u00e4\u00dfigung f\u00fcr Sch\u00fcler und Studenten.<br \/>\nKartenvorverkauf bei Konzertkasse Gerdes, (040) 45-33-26, Abendkasse<br \/>\n<a href=\"http:\/\/www.barockwerk-hamburg.de\">www.barockwerk-hamburg.de<\/a><\/p>\n<p>Eine <strong>Einf\u00fchrung<\/strong> zum Konzert gibt Dr. J\u00fcrgen Neubacher, Staats- und Universit\u00e4tsbibliothek, am <strong>Mittwoch 11. M\u00e4rz 2015, 18 Uhr<\/strong><br \/>\nim Vortragsraum, 1. Etage, Eintritt frei.<\/p>\n<p>Das Konzert steht im Rahmen des <a title=\"https:\/\/blog.sub.uni-hamburg.de\/?p=17042\" href=\"https:\/\/blog.sub.uni-hamburg.de\/?p=17042\">Hamburger Theaterfr\u00fchlings<\/a>, den wir hier im Blog bereits vorstellten.<\/p>\n<p>&nbsp;<\/p>\n","protected":false},"excerpt":{"rendered":"<p>Mittwoch, 11. M\u00e4rz, und Donnerstag, 12. M\u00e4rz 2015, jeweils 19 Uhr Konzert von barockwerk hamburg: Zwei Hamburger Singspiele Georg Philipp Telemann \u201eDon Quichotte auf der Hochzeit des Comacho\u201c Johann Adam Hiller \u201eLisuart und Dariolette oder die Frage und die Antwort\u201c Was Frauen wirklich wollen? Die Antwort gibt das Ensemble barockwerk hamburg. In zwei heiteren Hamburger [&hellip;]<\/p>\n","protected":false},"author":5,"featured_media":0,"comment_status":"open","ping_status":"open","sticky":false,"template":"","format":"standard","meta":{"jetpack_post_was_ever_published":false,"_jetpack_newsletter_access":"","_jetpack_dont_email_post_to_subs":false,"_jetpack_newsletter_tier_id":0,"_jetpack_memberships_contains_paywalled_content":false,"_jetpack_memberships_contains_paid_content":false,"footnotes":"","jetpack_publicize_message":"","jetpack_publicize_feature_enabled":true,"jetpack_social_post_already_shared":false,"jetpack_social_options":{"image_generator_settings":{"template":"highway","default_image_id":0,"font":"","enabled":false},"version":2}},"categories":[9],"tags":[95],"class_list":["post-17248","post","type-post","status-publish","format-standard","hentry","category-ausstellungen","tag-barockwerk"],"views":3957,"jetpack_publicize_connections":[],"jetpack_featured_media_url":"","jetpack_shortlink":"https:\/\/wp.me\/p7hfNR-4uc","jetpack-related-posts":[{"id":17300,"url":"https:\/\/blog.sub.uni-hamburg.de\/?p=17300","url_meta":{"origin":17248,"position":0},"title":"DIE WELT zur barockwerk Opern-Auff\u00fchrung im Lichthof (11. + 12.3.)","author":"Markus Trapp","date":"09-03-15","format":false,"excerpt":"Am Mittwoch und Donnerstag dieser Woche wird in unserem Lichthof wieder eine ganz besondere Inszenierung stattfinden, \u00fcber die wir schon ausf\u00fchrlich berichtet haben (Konzert barockwerk im Lichthof). In DIE WELT weist Helmut Peters auf die Opern-Auff\u00fchrungen mit Hamburg-Bezug an ungew\u00f6hnlicher Spielst\u00e4tte hin. Ein lesenswerter Bericht, der die Vorfreude auf das\u2026","rel":"","context":"In &quot;Aufgelesen&quot;","block_context":{"text":"Aufgelesen","link":"https:\/\/blog.sub.uni-hamburg.de\/?cat=18"},"img":{"alt_text":"","src":"https:\/\/i0.wp.com\/blog.sub.uni-hamburg.de\/wp-content\/uploads\/2015\/03\/barockwerk-lichthof.jpg?resize=350%2C200&ssl=1","width":350,"height":200,"srcset":"https:\/\/i0.wp.com\/blog.sub.uni-hamburg.de\/wp-content\/uploads\/2015\/03\/barockwerk-lichthof.jpg?resize=350%2C200&ssl=1 1x, https:\/\/i0.wp.com\/blog.sub.uni-hamburg.de\/wp-content\/uploads\/2015\/03\/barockwerk-lichthof.jpg?resize=525%2C300&ssl=1 1.5x"},"classes":[]},{"id":17042,"url":"https:\/\/blog.sub.uni-hamburg.de\/?p=17042","url_meta":{"origin":17248,"position":1},"title":"Hamburger Theaterfr\u00fchling 2015","author":"JN","date":"27-01-15","format":false,"excerpt":"Frischen Wind in die Annalen der Hamburger Theatergeschichte bl\u00e4st ein Theaterfr\u00fchling der besonderen Art, wie er sich in den Tagen zwischen dem 11. und 22. M\u00e4rz 2015 an der Universit\u00e4t Hamburg pr\u00e4sentieren wird. Zun\u00e4chst werden zwei Konzerte des Ensembles barockwerk hamburg am 11. und 12. M\u00e4rz (PDF) im imposanten Lichthof\u2026","rel":"","context":"In &quot;Ausstellungen und Veranstaltungen&quot;","block_context":{"text":"Ausstellungen und Veranstaltungen","link":"https:\/\/blog.sub.uni-hamburg.de\/?cat=9"},"img":{"alt_text":"Carl Heinrich Kitzerow: Das Ackermannsche Com\u00f6dienhaus, Aquarell, Hamburg 1832 (SUB, Theatersammlung, G 31)","src":"https:\/\/i0.wp.com\/blog.sub.uni-hamburg.de\/wp-content\/uploads\/2015\/01\/Konzert-11032015-Bild-4kl.jpg?resize=350%2C200&ssl=1","width":350,"height":200},"classes":[]},{"id":11229,"url":"https:\/\/blog.sub.uni-hamburg.de\/?p=11229","url_meta":{"origin":17248,"position":2},"title":"Konzert &#038; Vortrag: Der verlorene und wiedergefundene Amor (25.\/26.3.)","author":"Markus Trapp","date":"01-03-13","format":false,"excerpt":"Nach dem unvergesslichen Konzertereignis im Vorjahr, der Auff\u00fchrung der \u00abBrockes-Passion als Pasticcio\u00bb, wird es auch dieses Jahr wieder ein Konzert des Ensembles barockwerk hamburg im Lichthof der Stabi geben: Montag, 25. M\u00e4rz, und Dienstag, 26. M\u00e4rz 2013, jeweils 19 Uhr Konzert: Der verlorene und wiedergefundene Amor. Werke von Mattheson und\u2026","rel":"","context":"In &quot;Ausstellungen und Veranstaltungen&quot;","block_context":{"text":"Ausstellungen und Veranstaltungen","link":"https:\/\/blog.sub.uni-hamburg.de\/?cat=9"},"img":{"alt_text":"","src":"https:\/\/i0.wp.com\/blog.sub.uni-hamburg.de\/wp-content\/uploads\/2013\/02\/13-Barockwerk-Maerz.jpg?resize=350%2C200&ssl=1","width":350,"height":200},"classes":[]},{"id":13883,"url":"https:\/\/blog.sub.uni-hamburg.de\/?p=13883","url_meta":{"origin":17248,"position":3},"title":"\u201eHamburger B\u00fcrgerkapit\u00e4nsmusik\u201c von C. P. E. Bach (12.\/13.3.)","author":"Markus Trapp","date":"21-02-14","format":false,"excerpt":"Mittwoch, 12. M\u00e4rz, und Donnerstag, 13. M\u00e4rz 2014, jeweils 19 Uhr Zum 300. Geburtstag von Carl Philipp Emanuel Bach Spannende Erst-Wiederauff\u00fchrung der Hamburger B\u00fcrgerkapit\u00e4nsmusik 1780 von C.P.E. Bach und der Altonaer \u201eJubel Music\u201c 1760 von G.P. Telemann aus den Best\u00e4nden der Staats- und Universit\u00e4tsbibliothek Hamburg. Beide Werke sind hochkar\u00e4tige Kompositionen,\u2026","rel":"","context":"In &quot;Ausstellungen und Veranstaltungen&quot;","block_context":{"text":"Ausstellungen und Veranstaltungen","link":"https:\/\/blog.sub.uni-hamburg.de\/?cat=9"},"img":{"alt_text":"","src":"https:\/\/i0.wp.com\/blog.sub.uni-hamburg.de\/wp-content\/uploads\/2014\/02\/Barock-14-c-120x150.jpg?resize=350%2C200&ssl=1","width":350,"height":200,"srcset":"https:\/\/i0.wp.com\/blog.sub.uni-hamburg.de\/wp-content\/uploads\/2014\/02\/Barock-14-c-120x150.jpg?resize=350%2C200&ssl=1 1x, https:\/\/i0.wp.com\/blog.sub.uni-hamburg.de\/wp-content\/uploads\/2014\/02\/Barock-14-c-120x150.jpg?resize=525%2C300&ssl=1 1.5x"},"classes":[]},{"id":35207,"url":"https:\/\/blog.sub.uni-hamburg.de\/?p=35207","url_meta":{"origin":17248,"position":4},"title":"Konzert barockwerk hamburg: Ein Fest f\u00fcr Hamburg. Telemanns \u201efestt\u00e4gliche\u201c Kantaten von 1757 (8.+9.3.)","author":"Markus Trapp","date":"14-02-23","format":false,"excerpt":"Mittwoch, 8.3., 19 Uhr, Lichthof Donnerstag, 9.3., 19 Uhr, Lichthof. Als einen \u201enoch in seinem hohen Alter feurig denkenden Tonk\u00fcnstler\u201c bezeichnete 1764 die Hamburger Presse den damals bereits 83-j\u00e4hrigen Georg Philipp Telemann. Diese Einsch\u00e4tzung gilt erst recht f\u00fcr den sieben Jahre j\u00fcngeren, im Zenit seiner Kunst stehenden Komponisten der Festtagskantaten\u2026","rel":"","context":"In &quot;Ausstellungen und Veranstaltungen&quot;","block_context":{"text":"Ausstellungen und Veranstaltungen","link":"https:\/\/blog.sub.uni-hamburg.de\/?cat=9"},"img":{"alt_text":"","src":"https:\/\/i0.wp.com\/blog.sub.uni-hamburg.de\/wp-content\/uploads\/2023\/02\/barockwerk-2023.jpg?resize=350%2C200&ssl=1","width":350,"height":200},"classes":[]},{"id":32898,"url":"https:\/\/blog.sub.uni-hamburg.de\/?p=32898","url_meta":{"origin":17248,"position":5},"title":"Fr\u00fchjahrs-Konzert des barockwerk hamburg verschoben","author":"Markus Trapp","date":"03-03-22","format":false,"excerpt":"Das urspr\u00fcnglich wie seit vielen Jahren f\u00fcr Anfang M\u00e4rz 2022 vorgesehene Konzert des Ensembles barockwerk hamburg im Lichthof der Staats- und Universit\u00e4tsbibliothek Hamburg muss coronabedingt auf den 17. und 18. August 2022 verschoben werden. Geplant ist schon seit l\u00e4ngerem \u2013 und gewinnt nun besondere Aktualit\u00e4t \u2013 die Auff\u00fchrung der \u201eFriedens-Cantate\u201c\u2026","rel":"","context":"In &quot;Ausstellungen und Veranstaltungen&quot;","block_context":{"text":"Ausstellungen und Veranstaltungen","link":"https:\/\/blog.sub.uni-hamburg.de\/?cat=9"},"img":{"alt_text":"barockwerk hamburg","src":"https:\/\/i0.wp.com\/blog.sub.uni-hamburg.de\/wp-content\/uploads\/2022\/03\/barockwerkhamburg-300x81.jpg?resize=350%2C200&ssl=1","width":350,"height":200},"classes":[]}],"jetpack_sharing_enabled":true,"_links":{"self":[{"href":"https:\/\/blog.sub.uni-hamburg.de\/index.php?rest_route=\/wp\/v2\/posts\/17248","targetHints":{"allow":["GET"]}}],"collection":[{"href":"https:\/\/blog.sub.uni-hamburg.de\/index.php?rest_route=\/wp\/v2\/posts"}],"about":[{"href":"https:\/\/blog.sub.uni-hamburg.de\/index.php?rest_route=\/wp\/v2\/types\/post"}],"author":[{"embeddable":true,"href":"https:\/\/blog.sub.uni-hamburg.de\/index.php?rest_route=\/wp\/v2\/users\/5"}],"replies":[{"embeddable":true,"href":"https:\/\/blog.sub.uni-hamburg.de\/index.php?rest_route=%2Fwp%2Fv2%2Fcomments&post=17248"}],"version-history":[{"count":4,"href":"https:\/\/blog.sub.uni-hamburg.de\/index.php?rest_route=\/wp\/v2\/posts\/17248\/revisions"}],"predecessor-version":[{"id":17253,"href":"https:\/\/blog.sub.uni-hamburg.de\/index.php?rest_route=\/wp\/v2\/posts\/17248\/revisions\/17253"}],"wp:attachment":[{"href":"https:\/\/blog.sub.uni-hamburg.de\/index.php?rest_route=%2Fwp%2Fv2%2Fmedia&parent=17248"}],"wp:term":[{"taxonomy":"category","embeddable":true,"href":"https:\/\/blog.sub.uni-hamburg.de\/index.php?rest_route=%2Fwp%2Fv2%2Fcategories&post=17248"},{"taxonomy":"post_tag","embeddable":true,"href":"https:\/\/blog.sub.uni-hamburg.de\/index.php?rest_route=%2Fwp%2Fv2%2Ftags&post=17248"}],"curies":[{"name":"wp","href":"https:\/\/api.w.org\/{rel}","templated":true}]}}