{"id":16884,"date":"2015-01-05T15:54:42","date_gmt":"2015-01-05T14:54:42","guid":{"rendered":"http:\/\/blog.sub.uni-hamburg.de\/?p=16884"},"modified":"2015-02-16T16:30:43","modified_gmt":"2015-02-16T15:30:43","slug":"literarischer-streifzug-durch-russland-20-1","status":"publish","type":"post","link":"https:\/\/blog.sub.uni-hamburg.de\/?p=16884","title":{"rendered":"Literarischer Streifzug durch Russland (20.1.)"},"content":{"rendered":"<p><a href=\"https:\/\/blog.sub.uni-hamburg.de\/wp-content\/uploads\/2015\/01\/VivaVostok-gr.jpg\"><img loading=\"lazy\" decoding=\"async\" style=\"float: right; padding-right: 0px; margin-left: 25px; margin-bottom: 10px;\" title=\"Natal\u2019ja Nusinova: Priklju\u010denija D\u017eerika\" src=\"https:\/\/blog.sub.uni-hamburg.de\/wp-content\/uploads\/2015\/01\/VivaVostok.jpg\" alt=\"Natal\u2019ja Nusinova: Priklju\u010denija D\u017eerika\" width=\"300\" height=\"430\" \/><\/a> Sozialistische Kinderwelten: Literarischer Streifzug durch Russland &#8211; Natal\u2019ja Nusinova: Priklju\u010denija D\u017eerika (D\u017eeriks Abenteuer). Lesung russisch-deutsch mit anschlie\u00dfendem Gespr\u00e4ch. Im Rahmen unserer Fotoausstellung \u00ab<a href=\"https:\/\/blog.sub.uni-hamburg.de\/?p=16865\">Wie das Kinderbuch den Sozialismus erz\u00e4hlt<\/a>\u00bb (19.1.-15.3.2015 im Gang zum Lichthof).<\/p>\n<p>Natal\u2019ja Nusinovas Buch <em>Priklju\u010denija D\u017eerika<\/em> (D\u017eeriks Abenteuer) ist eine autobiographische Erz\u00e4hlung \u00fcber Kindheit in der Sowjetunion. Der Text, der sich sowohl an jugendliche als auch an erwachsene Leser richtet, erz\u00e4hlt humorvoll und nostalgisch zugleich Geschichten aus dem damaligen Alltag.<\/p>\n<p>Die Autorin kommt im Rahmen des Programms \u201eViVaVostok: Kinder- und Jugendliteratur aus Mittel- und Osteuropa\u201c der Robert Bosch Stiftung und der Internationalen Jugendbibliothek nach Hamburg. Das Buch wird von Studierenden des Instituts f\u00fcr Slavistik pr\u00e4sentiert. Eine Premiere in Deutschland!<\/p>\n<p>Kontakt: Dr. Anna Artwi\u0144ska \/ Dr. Katarzyna R\u00f3\u015ca\u0144ska: <a href=\"mailto:anna.artwinska@uni-hamburg.de\">anna.artwinska@uni-hamburg.de<\/a>,<br \/>\n<a href=\"mailto:katarzyna.rozanska@uni-hamburg.de\">katarzyna.rozanska@uni-hamburg.de<\/a>, <a href=\"http:\/\/facebook.com\/ViVaVostokHamburg\">facebook.com\/ViVaVostokHamburg<\/a><\/p>\n<p><strong>Dienstag, 20. Januar 2015, 18.15 Uhr<br \/>\nOrt: Vortragsraum, 1. Etage, Eintritt frei.<\/strong><\/p>\n","protected":false},"excerpt":{"rendered":"<p>Sozialistische Kinderwelten: Literarischer Streifzug durch Russland &#8211; Natal\u2019ja Nusinova: Priklju\u010denija D\u017eerika (D\u017eeriks Abenteuer). Lesung russisch-deutsch mit anschlie\u00dfendem Gespr\u00e4ch. Im Rahmen unserer Fotoausstellung \u00abWie das Kinderbuch den Sozialismus erz\u00e4hlt\u00bb (19.1.-15.3.2015 im Gang zum Lichthof). Natal\u2019ja Nusinovas Buch Priklju\u010denija D\u017eerika (D\u017eeriks Abenteuer) ist eine autobiographische Erz\u00e4hlung \u00fcber Kindheit in der Sowjetunion. Der Text, der sich sowohl an [&hellip;]<\/p>\n","protected":false},"author":19,"featured_media":0,"comment_status":"open","ping_status":"open","sticky":false,"template":"","format":"standard","meta":{"jetpack_post_was_ever_published":false,"_jetpack_newsletter_access":"","_jetpack_dont_email_post_to_subs":false,"_jetpack_newsletter_tier_id":0,"_jetpack_memberships_contains_paywalled_content":false,"_jetpack_memberships_contains_paid_content":false,"footnotes":"","jetpack_publicize_message":"","jetpack_publicize_feature_enabled":true,"jetpack_social_post_already_shared":false,"jetpack_social_options":{"image_generator_settings":{"template":"highway","default_image_id":0,"font":"","enabled":false},"version":2}},"categories":[9],"tags":[],"class_list":["post-16884","post","type-post","status-publish","format-standard","hentry","category-ausstellungen"],"views":2666,"jetpack_publicize_connections":[],"jetpack_featured_media_url":"","jetpack_shortlink":"https:\/\/wp.me\/p7hfNR-4ok","jetpack-related-posts":[{"id":16865,"url":"https:\/\/blog.sub.uni-hamburg.de\/?p=16865","url_meta":{"origin":16884,"position":0},"title":"Wie das Kinderbuch den Sozialismus erz\u00e4hlt (19.1.-15.3.)","author":"Markus Trapp","date":"19-12-14","format":false,"excerpt":"Dauer der Ausstellung im Gang zum Lichthof: 19.1.-15.3.2015 Die aktuelle Kinder- und Jugendliteratur aus Mittel- und Osteuropa ist in Deutschland wenig bekannt, dabei bietet sie nicht nur gute Geschichten, sondern auch wunderbare Graphiken und Illustrationen. In der Ausstellung \u201eWie das Kinderbuch den Sozialismus erz\u00e4hlt\u201c wird das Augenmerk auf die k\u00fcnstlerische\u2026","rel":"","context":"In &quot;Ausstellungen und Veranstaltungen&quot;","block_context":{"text":"Ausstellungen und Veranstaltungen","link":"https:\/\/blog.sub.uni-hamburg.de\/?cat=9"},"img":{"alt_text":"","src":"https:\/\/i0.wp.com\/blog.sub.uni-hamburg.de\/wp-content\/uploads\/2014\/12\/sozkind1.jpg?resize=350%2C200&ssl=1","width":350,"height":200,"srcset":"https:\/\/i0.wp.com\/blog.sub.uni-hamburg.de\/wp-content\/uploads\/2014\/12\/sozkind1.jpg?resize=350%2C200&ssl=1 1x, https:\/\/i0.wp.com\/blog.sub.uni-hamburg.de\/wp-content\/uploads\/2014\/12\/sozkind1.jpg?resize=525%2C300&ssl=1 1.5x"},"classes":[]},{"id":41068,"url":"https:\/\/blog.sub.uni-hamburg.de\/?p=41068","url_meta":{"origin":16884,"position":1},"title":"Vortrag: Die mittelniederdeutsche Text- und Sprachkultur im mittelalterlichen Livland (13.11.)","author":"Markus Trapp","date":"24-10-25","format":false,"excerpt":"Donnerstag, 13.11., 18 Uhr, Vortragsraum. Streifz\u00fcge durch vergessene Schreib- und Leseorte Rigas Ein Vortrag von Dr. Andris Lev\u0101ns (University of Latvia) im Rahmen der Ausstellung \u201eRiga erLesen\u201c, die in Kooperation mit der Lettischen Nationalbibliothek in der Stabi gezeigt wird.","rel":"","context":"In &quot;Ausstellungen und Veranstaltungen&quot;","block_context":{"text":"Ausstellungen und Veranstaltungen","link":"https:\/\/blog.sub.uni-hamburg.de\/?cat=9"},"img":{"alt_text":"Dr. Andris Lev\u0101ns","src":"https:\/\/i0.wp.com\/blog.sub.uni-hamburg.de\/wp-content\/uploads\/2025\/10\/csm_IMG_9739_Andris_Levans_e3deb1054a.jpg?resize=350%2C200&ssl=1","width":350,"height":200},"classes":[]},{"id":306,"url":"https:\/\/blog.sub.uni-hamburg.de\/?p=306","url_meta":{"origin":16884,"position":2},"title":"Beckett in Hamburg &#8211; 1936","author":"MG","date":"05-10-06","format":false,"excerpt":"Anl\u00e4sslich des 100. Geburtstags von Samuel Beckett 2006 zeigt die Staats- und Universit\u00e4tsbibliothek Hamburg diese Ausstellung - 70 Jahre danach, im Rahmen des Gesamtprojekts \"Beckett in Town\". Die Online-Version der Ausstellung mit einem Gang durch die Kunsthalle 1936 finden Sie hier. Beckett in Hamburg - 1936 10.11.2006-14.1.2007 Er\u00f6ffnung: Donnerstag, 9.\u2026","rel":"","context":"In &quot;Ausstellungen und Veranstaltungen&quot;","block_context":{"text":"Ausstellungen und Veranstaltungen","link":"https:\/\/blog.sub.uni-hamburg.de\/?cat=9"},"img":{"alt_text":"","src":"","width":0,"height":0},"classes":[]},{"id":38268,"url":"https:\/\/blog.sub.uni-hamburg.de\/?p=38268","url_meta":{"origin":16884,"position":3},"title":"Vortrag: Kay-Peter Suchowa: Arch\u00e4ologie in Hamburg \u2013 Ein Streifzug (26.6.)","author":"Markus Trapp","date":"13-06-24","format":false,"excerpt":"Mittwoch, 26.6, 18 Uhr, Vortragsraum. Der Boden Hamburgs birgt so manche Geheimnisse. Alte Kl\u00f6ster, Burgen, Kontorh\u00e4user, vergessene Stra\u00dfen und Friedh\u00f6fe die im heutigen Stadtbild nicht mehr oder nur schwerzu erkennen sind offenbaren sich, wenn das Bodenarchiv ge\u00f6ffnet wird. Dabei werden durch bessere Datierungsmethoden und sorgf\u00e4ltigere Ausgrabungstechniken alte Erkenntnisse erg\u00e4nzt oder\u2026","rel":"","context":"In &quot;Ausstellungen und Veranstaltungen&quot;","block_context":{"text":"Ausstellungen und Veranstaltungen","link":"https:\/\/blog.sub.uni-hamburg.de\/?cat=9"},"img":{"alt_text":"","src":"https:\/\/i0.wp.com\/blog.sub.uni-hamburg.de\/wp-content\/uploads\/2024\/06\/kai-peter-suchowa-gr-300x225.jpg?resize=350%2C200&ssl=1","width":350,"height":200},"classes":[]},{"id":22619,"url":"https:\/\/blog.sub.uni-hamburg.de\/?p=22619","url_meta":{"origin":16884,"position":4},"title":"Telemann-Ausstellung er\u00f6ffnet","author":"JN","date":"05-05-17","format":false,"excerpt":"Streifz\u00fcge in der Stabi Hamburg. Die Staats- und Universit\u00e4tsbibliothek Hamburg zeigt als Beitrag zum diesj\u00e4hrigen Gedenken an den 250. Todestag Georg Philipp Telemanns vom 5. Mai bis 28. Juni einzigartige Dokumente zum fast 50j\u00e4hrigen Wirken dieses \u00fcberragenden Komponisten in Hamburg, dessen Musik heute international wieder auf gro\u00dfes Interesse st\u00f6\u00dft. Ausgehend\u2026","rel":"","context":"In &quot;Ausstellungen und Veranstaltungen&quot;","block_context":{"text":"Ausstellungen und Veranstaltungen","link":"https:\/\/blog.sub.uni-hamburg.de\/?cat=9"},"img":{"alt_text":"","src":"https:\/\/i0.wp.com\/blog.sub.uni-hamburg.de\/wp-content\/uploads\/2017\/05\/TM-Noten1.jpg?resize=350%2C200&ssl=1","width":350,"height":200,"srcset":"https:\/\/i0.wp.com\/blog.sub.uni-hamburg.de\/wp-content\/uploads\/2017\/05\/TM-Noten1.jpg?resize=350%2C200&ssl=1 1x, https:\/\/i0.wp.com\/blog.sub.uni-hamburg.de\/wp-content\/uploads\/2017\/05\/TM-Noten1.jpg?resize=525%2C300&ssl=1 1.5x"},"classes":[]},{"id":39000,"url":"https:\/\/blog.sub.uni-hamburg.de\/?p=39000","url_meta":{"origin":16884,"position":5},"title":"Lesung und Gespr\u00e4ch: Literatur und Antisemitismus (8.11.)","author":"Markus Trapp","date":"24-10-24","format":false,"excerpt":"Freitag, 8.11., 19 Uhr, Vortragsraum. Zwei deutsch-j\u00fcdische Familienromane: In Nochmal von vorne schreibt Dana von Suffrin mit lakonischem Humor von intergenerationellen Traumata und Besch\u00e4digungen. Dana Vowinckels Deb\u00fct \u201eGew\u00e4sser im Ziplock\u201c erz\u00e4hlt eine wilde Coming-of-Age-Geschichte zwischen Deutschland, Israel und den USA. Spuren des Antisemitismus sind in beide Texte eingeschrieben. Die Autorinnen\u2026","rel":"","context":"In &quot;Ausstellungen und Veranstaltungen&quot;","block_context":{"text":"Ausstellungen und Veranstaltungen","link":"https:\/\/blog.sub.uni-hamburg.de\/?cat=9"},"img":{"alt_text":"Dana von Suffrin, Foto: Tara Wolff","src":"https:\/\/i0.wp.com\/blog.sub.uni-hamburg.de\/wp-content\/uploads\/2024\/10\/2024-11-08_von_Suffrin_%C2%A9_Tara_Wolff.jpg?resize=350%2C200&ssl=1","width":350,"height":200},"classes":[]}],"jetpack_sharing_enabled":true,"_links":{"self":[{"href":"https:\/\/blog.sub.uni-hamburg.de\/index.php?rest_route=\/wp\/v2\/posts\/16884","targetHints":{"allow":["GET"]}}],"collection":[{"href":"https:\/\/blog.sub.uni-hamburg.de\/index.php?rest_route=\/wp\/v2\/posts"}],"about":[{"href":"https:\/\/blog.sub.uni-hamburg.de\/index.php?rest_route=\/wp\/v2\/types\/post"}],"author":[{"embeddable":true,"href":"https:\/\/blog.sub.uni-hamburg.de\/index.php?rest_route=\/wp\/v2\/users\/19"}],"replies":[{"embeddable":true,"href":"https:\/\/blog.sub.uni-hamburg.de\/index.php?rest_route=%2Fwp%2Fv2%2Fcomments&post=16884"}],"version-history":[{"count":4,"href":"https:\/\/blog.sub.uni-hamburg.de\/index.php?rest_route=\/wp\/v2\/posts\/16884\/revisions"}],"predecessor-version":[{"id":17217,"href":"https:\/\/blog.sub.uni-hamburg.de\/index.php?rest_route=\/wp\/v2\/posts\/16884\/revisions\/17217"}],"wp:attachment":[{"href":"https:\/\/blog.sub.uni-hamburg.de\/index.php?rest_route=%2Fwp%2Fv2%2Fmedia&parent=16884"}],"wp:term":[{"taxonomy":"category","embeddable":true,"href":"https:\/\/blog.sub.uni-hamburg.de\/index.php?rest_route=%2Fwp%2Fv2%2Fcategories&post=16884"},{"taxonomy":"post_tag","embeddable":true,"href":"https:\/\/blog.sub.uni-hamburg.de\/index.php?rest_route=%2Fwp%2Fv2%2Ftags&post=16884"}],"curies":[{"name":"wp","href":"https:\/\/api.w.org\/{rel}","templated":true}]}}