{"id":16865,"date":"2014-12-19T15:42:59","date_gmt":"2014-12-19T14:42:59","guid":{"rendered":"http:\/\/blog.sub.uni-hamburg.de\/?p=16865"},"modified":"2015-03-16T10:32:38","modified_gmt":"2015-03-16T09:32:38","slug":"wie-das-kinderbuch-den-sozialismus-erzaehlt-19-1-15-3","status":"publish","type":"post","link":"https:\/\/blog.sub.uni-hamburg.de\/?p=16865","title":{"rendered":"Wie das Kinderbuch den Sozialismus erz\u00e4hlt (19.1.-15.3.)"},"content":{"rendered":"<p><img loading=\"lazy\" decoding=\"async\" data-attachment-id=\"16867\" data-permalink=\"https:\/\/blog.sub.uni-hamburg.de\/?attachment_id=16867\" data-orig-file=\"https:\/\/blog.sub.uni-hamburg.de\/wp-content\/uploads\/2014\/12\/sozkind1.jpg\" data-orig-size=\"550,358\" data-comments-opened=\"1\" data-image-meta=\"{&quot;aperture&quot;:&quot;0&quot;,&quot;credit&quot;:&quot;&quot;,&quot;camera&quot;:&quot;&quot;,&quot;caption&quot;:&quot;&quot;,&quot;created_timestamp&quot;:&quot;0&quot;,&quot;copyright&quot;:&quot;&quot;,&quot;focal_length&quot;:&quot;0&quot;,&quot;iso&quot;:&quot;0&quot;,&quot;shutter_speed&quot;:&quot;0&quot;,&quot;title&quot;:&quot;&quot;,&quot;orientation&quot;:&quot;0&quot;}\" data-image-title=\"sozkind1\" data-image-description=\"\" data-image-caption=\"\" data-large-file=\"https:\/\/blog.sub.uni-hamburg.de\/wp-content\/uploads\/2014\/12\/sozkind1.jpg\" class=\"alignright size-full wp-image-16867\" title=\"Wie das Kinderbuch den Sozialismus erz\u00e4hlt\" src=\"https:\/\/blog.sub.uni-hamburg.de\/wp-content\/uploads\/2014\/12\/sozkind1.jpg\" alt=\"Wie das Kinderbuch den Sozialismus erz\u00e4hlt\" width=\"550\" height=\"358\" srcset=\"https:\/\/blog.sub.uni-hamburg.de\/wp-content\/uploads\/2014\/12\/sozkind1.jpg 550w, https:\/\/blog.sub.uni-hamburg.de\/wp-content\/uploads\/2014\/12\/sozkind1-150x97.jpg 150w, https:\/\/blog.sub.uni-hamburg.de\/wp-content\/uploads\/2014\/12\/sozkind1-300x195.jpg 300w\" sizes=\"auto, (max-width: 550px) 100vw, 550px\" \/><\/p>\n<p><strong>Dauer der Ausstellung im Gang zum Lichthof: 19.1.-15.3.2015<\/strong><\/p>\n<p>Die aktuelle Kinder- und Jugendliteratur aus Mittel- und Osteuropa ist in Deutschland wenig bekannt, dabei bietet sie nicht nur gute Geschichten, sondern auch wunderbare Graphiken und Illustrationen. In der Ausstellung \u201eWie das Kinderbuch den Sozialismus erz\u00e4hlt\u201c wird das Augenmerk auf die k\u00fcnstlerische Seite der Buchproduktion und auf die Gestaltungsformen in den slawischen Kulturen gerichtet. Die Besucherinnen und Besucher erhalten einen Einblick in die Welt der slawischen Kinderund Jugendb\u00fccher der Gegenwart, die sich mit dem Thema \u201eKindheit im Sozialismus\u201c besch\u00e4ftigen.<br \/>\n<!--more--><\/p>\n<p>Die Ausstellung ist Teil des Projektes \u201eSozialistische Kinderwelten. Literarische Streifz\u00fcge durch Polen, Russland und Slowenien\u201c, das im Rahmen des Programms \u201e<a href=\"https:\/\/www.facebook.com\/ViVaVostokHamburg\">Viva Vostok!<\/a> Kinder- und Jugendliteratur aus Mittel- und Osteuropa\u201c der Robert-Bosch-Stiftung am Institut f\u00fcr Slavistik der Universit\u00e4t Hamburg im WS 2014\/2015 durchgef\u00fchrt wird. Die Ausstellung wurde von den an diesem Projekt beteiligten Studenten konzipiert und organisiert.<\/p>\n<p><img loading=\"lazy\" decoding=\"async\" data-attachment-id=\"16866\" data-permalink=\"https:\/\/blog.sub.uni-hamburg.de\/?attachment_id=16866\" data-orig-file=\"https:\/\/blog.sub.uni-hamburg.de\/wp-content\/uploads\/2014\/12\/sozkind2.jpg\" data-orig-size=\"550,427\" data-comments-opened=\"1\" data-image-meta=\"{&quot;aperture&quot;:&quot;0&quot;,&quot;credit&quot;:&quot;&quot;,&quot;camera&quot;:&quot;&quot;,&quot;caption&quot;:&quot;&quot;,&quot;created_timestamp&quot;:&quot;0&quot;,&quot;copyright&quot;:&quot;&quot;,&quot;focal_length&quot;:&quot;0&quot;,&quot;iso&quot;:&quot;0&quot;,&quot;shutter_speed&quot;:&quot;0&quot;,&quot;title&quot;:&quot;&quot;,&quot;orientation&quot;:&quot;0&quot;}\" data-image-title=\"sozkind2\" data-image-description=\"\" data-image-caption=\"\" data-large-file=\"https:\/\/blog.sub.uni-hamburg.de\/wp-content\/uploads\/2014\/12\/sozkind2.jpg\" class=\"alignright size-full wp-image-16866\" title=\"Wie das Kinderbuch den Sozialismus erz\u00e4hlt\" src=\"https:\/\/blog.sub.uni-hamburg.de\/wp-content\/uploads\/2014\/12\/sozkind2.jpg\" alt=\"Wie das Kinderbuch den Sozialismus erz\u00e4hlt\" width=\"550\" height=\"427\" srcset=\"https:\/\/blog.sub.uni-hamburg.de\/wp-content\/uploads\/2014\/12\/sozkind2.jpg 550w, https:\/\/blog.sub.uni-hamburg.de\/wp-content\/uploads\/2014\/12\/sozkind2-150x116.jpg 150w, https:\/\/blog.sub.uni-hamburg.de\/wp-content\/uploads\/2014\/12\/sozkind2-300x232.jpg 300w\" sizes=\"auto, (max-width: 550px) 100vw, 550px\" \/><\/p>\n","protected":false},"excerpt":{"rendered":"<p>Dauer der Ausstellung im Gang zum Lichthof: 19.1.-15.3.2015 Die aktuelle Kinder- und Jugendliteratur aus Mittel- und Osteuropa ist in Deutschland wenig bekannt, dabei bietet sie nicht nur gute Geschichten, sondern auch wunderbare Graphiken und Illustrationen. In der Ausstellung \u201eWie das Kinderbuch den Sozialismus erz\u00e4hlt\u201c wird das Augenmerk auf die k\u00fcnstlerische Seite der Buchproduktion und auf [&hellip;]<\/p>\n","protected":false},"author":19,"featured_media":0,"comment_status":"open","ping_status":"open","sticky":false,"template":"","format":"standard","meta":{"jetpack_post_was_ever_published":false,"_jetpack_newsletter_access":"","_jetpack_dont_email_post_to_subs":false,"_jetpack_newsletter_tier_id":0,"_jetpack_memberships_contains_paywalled_content":false,"_jetpack_memberships_contains_paid_content":false,"footnotes":"","jetpack_publicize_message":"","jetpack_publicize_feature_enabled":true,"jetpack_social_post_already_shared":false,"jetpack_social_options":{"image_generator_settings":{"template":"highway","default_image_id":0,"font":"","enabled":false},"version":2}},"categories":[9],"tags":[],"class_list":["post-16865","post","type-post","status-publish","format-standard","hentry","category-ausstellungen"],"views":4760,"jetpack_publicize_connections":[],"jetpack_featured_media_url":"","jetpack_shortlink":"https:\/\/wp.me\/p7hfNR-4o1","jetpack-related-posts":[{"id":16884,"url":"https:\/\/blog.sub.uni-hamburg.de\/?p=16884","url_meta":{"origin":16865,"position":0},"title":"Literarischer Streifzug durch Russland (20.1.)","author":"Markus Trapp","date":"05-01-15","format":false,"excerpt":"Sozialistische Kinderwelten: Literarischer Streifzug durch Russland - Natal\u2019ja Nusinova: Priklju\u010denija D\u017eerika (D\u017eeriks Abenteuer). Lesung russisch-deutsch mit anschlie\u00dfendem Gespr\u00e4ch. Im Rahmen unserer Fotoausstellung \u00abWie das Kinderbuch den Sozialismus erz\u00e4hlt\u00bb (19.1.-15.3.2015 im Gang zum Lichthof). Natal\u2019ja Nusinovas Buch Priklju\u010denija D\u017eerika (D\u017eeriks Abenteuer) ist eine autobiographische Erz\u00e4hlung \u00fcber Kindheit in der Sowjetunion. Der\u2026","rel":"","context":"In &quot;Ausstellungen und Veranstaltungen&quot;","block_context":{"text":"Ausstellungen und Veranstaltungen","link":"https:\/\/blog.sub.uni-hamburg.de\/?cat=9"},"img":{"alt_text":"Natal\u2019ja Nusinova: Priklju\u010denija D\u017eerika","src":"https:\/\/i0.wp.com\/blog.sub.uni-hamburg.de\/wp-content\/uploads\/2015\/01\/VivaVostok.jpg?resize=350%2C200&ssl=1","width":350,"height":200},"classes":[]},{"id":1530,"url":"https:\/\/blog.sub.uni-hamburg.de\/?p=1530","url_meta":{"origin":16865,"position":1},"title":"Hommage an Kirsten Boie! Datenbank, Ausstellung, Symposium (27.1. \/ 28.1.-21.3.2010)","author":"MG","date":"13-01-10","format":false,"excerpt":"Kirsten Boie ist eine der bekanntesten und erfolgreichsten Kinder- und Jugendbuchautorinnen Deutschlands. Die Hamburger Autorin schrieb 1985 ihr erstes Kinderbuch. Seitdem hat sie \u00fcber 100 Kinder- und Jugendb\u00fccher auf den Markt gebracht. Ihr Erfolg zeichnet sich durch internationale Anerkennung der literarischen Fachwelt, vor allem aber durch die \u00fcberw\u00e4ltigende Lekt\u00fcre von\u2026","rel":"","context":"In &quot;Ausstellungen und Veranstaltungen&quot;","block_context":{"text":"Ausstellungen und Veranstaltungen","link":"https:\/\/blog.sub.uni-hamburg.de\/?cat=9"},"img":{"alt_text":"Sammelband Kirsten Boie","src":"https:\/\/i0.wp.com\/blog.sub.uni-hamburg.de\/wp-content\/uploads\/2010\/01\/sammelbandboie.jpg?resize=350%2C200&ssl=1","width":350,"height":200},"classes":[]},{"id":1515,"url":"https:\/\/blog.sub.uni-hamburg.de\/?p=1515","url_meta":{"origin":16865,"position":2},"title":"Ist Ihnen das zu bunt? &#8211; Ausstellung zu Kirsten Boies 60. Geburtstag (28.1.-21.3.2010)","author":"MG","date":"07-12-09","format":false,"excerpt":"Am 19. M\u00e4rz wird die Kinder- und Jugenbuchautorin Kirsten Boie 60. Die Stabi veranstaltet gemeinsam mit der Hochschule f\u00fcr Angewandte Wissenschaften ihr zu Ehren ein Symposium (am 27. Januar) und eine Ausstellung (28.1.-21.3.2010). Das Plakat ist schon fertig. Wir schwankten zwischen strengerem Layout und der ganzen Buntheit kindlicher Phantasie, denn\u2026","rel":"","context":"In &quot;Ausstellungen und Veranstaltungen&quot;","block_context":{"text":"Ausstellungen und Veranstaltungen","link":"https:\/\/blog.sub.uni-hamburg.de\/?cat=9"},"img":{"alt_text":"","src":"","width":0,"height":0},"classes":[]},{"id":38064,"url":"https:\/\/blog.sub.uni-hamburg.de\/?p=38064","url_meta":{"origin":16865,"position":3},"title":"Vielfalt im Kinderbuchregal | anl\u00e4sslich des Internationalen Tages der Familie am 28. Mai 2024","author":"Korinna Meschke","date":"13-05-24","format":false,"excerpt":"Anl\u00e4sslich des Internationalen Tages der Familie am 28. Mai 2024 beteiligen sich die Gleichstellungsbeauftragten der SUB mit einem lange geplanten B\u00fcchertisch zu geschlechtersensiblen Kinderb\u00fcchern. Sie finden uns in der Zeit von 12-15 Uhr im Foyer der Staats- und Universit\u00e4tsbibliothek Hamburg (Stabi). Wir freuen uns, mit Ihnen ins Gespr\u00e4ch zu kommen!\u2026","rel":"","context":"In &quot;Aktuelles&quot;","block_context":{"text":"Aktuelles","link":"https:\/\/blog.sub.uni-hamburg.de\/?cat=1"},"img":{"alt_text":"","src":"https:\/\/i0.wp.com\/blog.sub.uni-hamburg.de\/wp-content\/uploads\/2024\/05\/diversity-bucher-gr-300x300.jpg?resize=350%2C200&ssl=1","width":350,"height":200},"classes":[]},{"id":2435,"url":"https:\/\/blog.sub.uni-hamburg.de\/?p=2435","url_meta":{"origin":16865,"position":4},"title":"Kinderbuch-Spezialistin in der Mongolei und in China &#8211; Vortrag in HAW (29.6.2010)","author":"MG","date":"14-06-10","format":false,"excerpt":"Die Hochschule f\u00fcr Angewandte Wissenschaften l\u00e4dt ein zum Gastvortrag von Prof. em. Birgit Dankert: Von Ulan Bator bis Beijing: Zwei Monate Mongolei und China mit Ausstellungen, Vortr\u00e4gen und Verhandlungen zu Bilderbuch, Kinderbuch und Lesef\u00f6rderung. Dienstag, 29. Juni 2010, 10.15, HAW, Department Information, Berliner Tor 5, 20099 Hamburg, Raum 5.14 (5.\u2026","rel":"","context":"In &quot;Ausstellungen und Veranstaltungen&quot;","block_context":{"text":"Ausstellungen und Veranstaltungen","link":"https:\/\/blog.sub.uni-hamburg.de\/?cat=9"},"img":{"alt_text":"","src":"https:\/\/i0.wp.com\/blog.sub.uni-hamburg.de\/wp-content\/uploads\/2010\/06\/Dankert_China.png?resize=350%2C200&ssl=1","width":350,"height":200,"srcset":"https:\/\/i0.wp.com\/blog.sub.uni-hamburg.de\/wp-content\/uploads\/2010\/06\/Dankert_China.png?resize=350%2C200&ssl=1 1x, https:\/\/i0.wp.com\/blog.sub.uni-hamburg.de\/wp-content\/uploads\/2010\/06\/Dankert_China.png?resize=525%2C300&ssl=1 1.5x, https:\/\/i0.wp.com\/blog.sub.uni-hamburg.de\/wp-content\/uploads\/2010\/06\/Dankert_China.png?resize=700%2C400&ssl=1 2x"},"classes":[]},{"id":40505,"url":"https:\/\/blog.sub.uni-hamburg.de\/?p=40505","url_meta":{"origin":16865,"position":5},"title":"Kinderbuchschatz: Sammlung Sybil Gr\u00e4fin Sch\u00f6nfeldt kommt in die Stabi","author":"Konstantin Ulmer","date":"02-07-25","format":false,"excerpt":"Die Staats- und Universit\u00e4tsbibliothek Hamburg freut sich gemeinsam mit Prof. Dr. Tobias Kurwinkel (UHH) und seinem Team vom Lehrstuhl f\u00fcr Neuere Deutsche Literatur mit Schwerpunkt auf Kinder- und Jugendkulturen \u00fcber eine au\u00dfergew\u00f6hnliche Schenkung: Die Hamburger Literaturstiftung \u00fcbergibt der Stabi die umfangreiche Privatsammlung an Kinder- und Jugendb\u00fcchern sowie Fachliteratur der Schriftstellerin\u2026","rel":"","context":"In &quot;Aktuelles&quot;","block_context":{"text":"Aktuelles","link":"https:\/\/blog.sub.uni-hamburg.de\/?cat=1"},"img":{"alt_text":"","src":"https:\/\/i0.wp.com\/blog.sub.uni-hamburg.de\/wp-content\/uploads\/2025\/07\/Kinderbuchbibliothek-Graefin-Schoenfeldt1.jpg?resize=350%2C200&ssl=1","width":350,"height":200},"classes":[]}],"jetpack_sharing_enabled":true,"_links":{"self":[{"href":"https:\/\/blog.sub.uni-hamburg.de\/index.php?rest_route=\/wp\/v2\/posts\/16865","targetHints":{"allow":["GET"]}}],"collection":[{"href":"https:\/\/blog.sub.uni-hamburg.de\/index.php?rest_route=\/wp\/v2\/posts"}],"about":[{"href":"https:\/\/blog.sub.uni-hamburg.de\/index.php?rest_route=\/wp\/v2\/types\/post"}],"author":[{"embeddable":true,"href":"https:\/\/blog.sub.uni-hamburg.de\/index.php?rest_route=\/wp\/v2\/users\/19"}],"replies":[{"embeddable":true,"href":"https:\/\/blog.sub.uni-hamburg.de\/index.php?rest_route=%2Fwp%2Fv2%2Fcomments&post=16865"}],"version-history":[{"count":4,"href":"https:\/\/blog.sub.uni-hamburg.de\/index.php?rest_route=\/wp\/v2\/posts\/16865\/revisions"}],"predecessor-version":[{"id":17208,"href":"https:\/\/blog.sub.uni-hamburg.de\/index.php?rest_route=\/wp\/v2\/posts\/16865\/revisions\/17208"}],"wp:attachment":[{"href":"https:\/\/blog.sub.uni-hamburg.de\/index.php?rest_route=%2Fwp%2Fv2%2Fmedia&parent=16865"}],"wp:term":[{"taxonomy":"category","embeddable":true,"href":"https:\/\/blog.sub.uni-hamburg.de\/index.php?rest_route=%2Fwp%2Fv2%2Fcategories&post=16865"},{"taxonomy":"post_tag","embeddable":true,"href":"https:\/\/blog.sub.uni-hamburg.de\/index.php?rest_route=%2Fwp%2Fv2%2Ftags&post=16865"}],"curies":[{"name":"wp","href":"https:\/\/api.w.org\/{rel}","templated":true}]}}