{"id":16845,"date":"2014-12-18T14:53:58","date_gmt":"2014-12-18T13:53:58","guid":{"rendered":"http:\/\/blog.sub.uni-hamburg.de\/?p=16845"},"modified":"2015-01-19T15:26:05","modified_gmt":"2015-01-19T14:26:05","slug":"medienpluralitaet-und-konkurrenz-in-historischer-perspektive-16-17-1","status":"publish","type":"post","link":"https:\/\/blog.sub.uni-hamburg.de\/?p=16845","title":{"rendered":"Medienpluralit\u00e4t und -konkurrenz (16.\/17.1.)"},"content":{"rendered":"<p><strong>Neue Vielfalt. Medienpluralit\u00e4t und -konkurrenz in historischer Perspektive. Jahrestagung der Fachgruppe Kommunikationsgeschichte in der Deutschen Gesellschaft f\u00fcr Publizistik- und Kommunikationsgeschichte (<a href=\"http:\/\/www.dgpuk.de\/fachgruppenad-hoc-gruppen\/kommunikationsgeschichte\/\">DGPuK<\/a>)<\/strong><\/p>\n<div id=\"attachment_16851\" style=\"width: 560px\" class=\"wp-caption alignright\"><a href=\"https:\/\/blog.sub.uni-hamburg.de\/wp-content\/uploads\/2014\/12\/norag.jpg\"><img loading=\"lazy\" decoding=\"async\" aria-describedby=\"caption-attachment-16851\" data-attachment-id=\"16851\" data-permalink=\"https:\/\/blog.sub.uni-hamburg.de\/?attachment_id=16851\" data-orig-file=\"https:\/\/blog.sub.uni-hamburg.de\/wp-content\/uploads\/2014\/12\/norag.jpg\" data-orig-size=\"550,381\" data-comments-opened=\"1\" data-image-meta=\"{&quot;aperture&quot;:&quot;0&quot;,&quot;credit&quot;:&quot;&quot;,&quot;camera&quot;:&quot;&quot;,&quot;caption&quot;:&quot;&quot;,&quot;created_timestamp&quot;:&quot;0&quot;,&quot;copyright&quot;:&quot;&quot;,&quot;focal_length&quot;:&quot;0&quot;,&quot;iso&quot;:&quot;0&quot;,&quot;shutter_speed&quot;:&quot;0&quot;,&quot;title&quot;:&quot;&quot;,&quot;orientation&quot;:&quot;0&quot;}\" data-image-title=\"norag\" data-image-description=\"&lt;p&gt;NORAG&lt;\/p&gt;\n\" data-image-caption=\"&lt;p&gt;norag beschriftung&lt;\/p&gt;\n\" data-large-file=\"https:\/\/blog.sub.uni-hamburg.de\/wp-content\/uploads\/2014\/12\/norag.jpg\" src=\"https:\/\/blog.sub.uni-hamburg.de\/wp-content\/uploads\/2014\/12\/norag.jpg\" alt=\"NORAG Werbewagen, 1930\" title=\"NORAG Werbewagen, 1930\" width=\"550\" height=\"381\" class=\"size-full wp-image-16851\" srcset=\"https:\/\/blog.sub.uni-hamburg.de\/wp-content\/uploads\/2014\/12\/norag.jpg 550w, https:\/\/blog.sub.uni-hamburg.de\/wp-content\/uploads\/2014\/12\/norag-150x103.jpg 150w, https:\/\/blog.sub.uni-hamburg.de\/wp-content\/uploads\/2014\/12\/norag-300x207.jpg 300w\" sizes=\"auto, (max-width: 550px) 100vw, 550px\" \/><\/a><p id=\"caption-attachment-16851\" class=\"wp-caption-text\">NORAG Werbewagen, 1930, \u00a9 NDR Fotoarchiv<\/p><\/div>\n<p><!--more--><\/p>\n<p>Vor 30 Jahren wurde in der Bundesrepublik Deutschland das sogenannte \u201eduale Rundfunksystem\u201c eingef\u00fchrt. Diese medienhistorische Z\u00e4sur nimmt die Tagung zum Anlass. Im Zentrum stehen die Liberalisierung und Privatisierung des Rundfunks, die damit einhergehende Pluralisierung der Medienangebote sowie der Zusammenhang von medienpolitischen Entscheidungen und technischen Entwicklungen. Dar\u00fcber hinaus werden Fragen nach einer (vermeintlichen) \u201eneuen Vielfalt\u201c auch anhand weiterer Themen aus dem langen \u201aJahrhundert der Massenmedien\u2018 behandelt. Die Veranstaltung stellt die Jahrestagung der DGPuK-Fachgruppe Kommunikationsgeschichte dar; sie wird in Kooperation mit der Forschungsstelle Geschichte des Rundfunks in Norddeutschland am Hans-Bredow-Institut f\u00fcr Medienforschung bzw. an der Universit\u00e4t Hamburg (Institut f\u00fcr Medien und Kommunikation) ausgerichtet.<\/p>\n<p>Organisation: Dr. Thomas Birkner, Dr. Maria L\u00f6blich, Dr. Hans-Ulrich Wagner<br \/>\nDas Tagungsprogramm wird ver\u00f6ffentlicht unter: <a href=\"http:\/\/www.rundfunkgeschichte-norddeutschland.de\">www.rundfunkgeschichte-norddeutschland.de<\/a>;<br \/>\nKontakt: <a href=\"mailto:hans-ulrich.wagner@uni-hamburg.de\">hans-ulrich.wagner@uni-hamburg.de<\/a>.<\/p>\n<p><strong>Freitag, 16. Januar 2015, 9-18 Uhr<br \/>\nSonnabend, 17. Januar 2015, 10-14 Uhr<br \/>\nOrt: Vortragsraum, 1. Etage, Eintritt frei.<\/strong><\/p>\n","protected":false},"excerpt":{"rendered":"<p>Neue Vielfalt. Medienpluralit\u00e4t und -konkurrenz in historischer Perspektive. Jahrestagung der Fachgruppe Kommunikationsgeschichte in der Deutschen Gesellschaft f\u00fcr Publizistik- und Kommunikationsgeschichte (DGPuK)<\/p>\n","protected":false},"author":19,"featured_media":0,"comment_status":"open","ping_status":"open","sticky":false,"template":"","format":"standard","meta":{"jetpack_post_was_ever_published":false,"_jetpack_newsletter_access":"","_jetpack_dont_email_post_to_subs":false,"_jetpack_newsletter_tier_id":0,"_jetpack_memberships_contains_paywalled_content":false,"_jetpack_memberships_contains_paid_content":false,"footnotes":"","jetpack_publicize_message":"","jetpack_publicize_feature_enabled":true,"jetpack_social_post_already_shared":false,"jetpack_social_options":{"image_generator_settings":{"template":"highway","default_image_id":0,"font":"","enabled":false},"version":2}},"categories":[9],"tags":[],"class_list":["post-16845","post","type-post","status-publish","format-standard","hentry","category-ausstellungen"],"views":2764,"jetpack_publicize_connections":[],"jetpack_featured_media_url":"","jetpack_shortlink":"https:\/\/wp.me\/p7hfNR-4nH","jetpack-related-posts":[{"id":3960,"url":"https:\/\/blog.sub.uni-hamburg.de\/?p=3960","url_meta":{"origin":16845,"position":0},"title":"Vortrag: Rundfunkprogramme aus Hamburg (12.1.2011)","author":"Markus Trapp","date":"15-12-10","format":false,"excerpt":"Diesen Termin f\u00fcr das Neue Jahr sollten Sie sich bereits vormerken: Am Mittwoch, den 12.1.2011, um 18 Uhr h\u00e4lt Dr. Hans-Ulrich Wagner in der Stabi folgenden Vortrag: Wilmenrod, Waldhagen und das Walross Antje. \u00dcber Rundfunkprogramme aus Hamburg und warum sich Historiker mit Medien und Ged\u00e4chtnis besch\u00e4ftigen. Medien pr\u00e4gen unsere Erinnerung\u2026","rel":"","context":"In &quot;Ausstellungen und Veranstaltungen&quot;","block_context":{"text":"Ausstellungen und Veranstaltungen","link":"https:\/\/blog.sub.uni-hamburg.de\/?cat=9"},"img":{"alt_text":"R\u00f6hrenradio (1954)","src":"https:\/\/i0.wp.com\/blog.sub.uni-hamburg.de\/wp-content\/uploads\/2010\/12\/radioapparat.jpg?resize=350%2C200&ssl=1","width":350,"height":200},"classes":[]},{"id":14428,"url":"https:\/\/blog.sub.uni-hamburg.de\/?p=14428","url_meta":{"origin":16845,"position":1},"title":"&#8220;Hallo! Hallo! Hier Radio!&#8221; &#8211; Artikelserie zu 90 Jahren Rundfunk in Norddeutschland","author":"HS","date":"30-04-14","format":false,"excerpt":"Vor 90 Jahren startete der Rundfunk in Norddeutschland. Am 2. Mai 1924 nahm in Hamburg die Nordische Rundfunk AG, kurz Norag, ihren Programmbetrieb auf. Vier Monate zuvor, im Januar 1924 hatten Kaufleute die Gr\u00fcndungsdokumente f\u00fcr die erste norddeutsche Sendegesellschaft unterzeichnet. Die \"Forschungsstelle Geschichte des Rundfunks in Norddeutschland\" nimmt das Jubil\u00e4um\u2026","rel":"","context":"In &quot;Hamburg&quot;","block_context":{"text":"Hamburg","link":"https:\/\/blog.sub.uni-hamburg.de\/?cat=17"},"img":{"alt_text":"Verst\u00e4\u008arkerraum","src":"https:\/\/i0.wp.com\/blog.sub.uni-hamburg.de\/wp-content\/uploads\/2014\/04\/blogartkel-norag-hauptverstaerker-1930-1-300x209.jpg?resize=350%2C200&ssl=1","width":350,"height":200},"classes":[]},{"id":2009,"url":"https:\/\/blog.sub.uni-hamburg.de\/?p=2009","url_meta":{"origin":16845,"position":2},"title":"Vortrag von Hans-Ulrich Wagner zu Rundfunkprogrammen aus Hamburg (2.6.)","author":"MG","date":"21-05-10","format":false,"excerpt":"[UPDATE] Statt Vortrag \u00fcber Medienforschung \u2013 Vortrag \u00fcber den Hamburger Bildhauer Gustav Seitz [\/UPDATE] \"Wilmenrod, Waldhagen und das Walross Antje. \u00dcber Rundfunkprogramme aus Hamburg und warum sich Historiker mit Medien und Ged\u00e4chtnis besch\u00e4ftigen. \" Vortrag von Dr. Hans-Ulrich Wagner vom Hans-Bredow-Institut:\u00a0 Mittwoch, 2. Juni 2010, 18 Uhr im Vortragsraum der\u2026","rel":"","context":"In &quot;Ausstellungen und Veranstaltungen&quot;","block_context":{"text":"Ausstellungen und Veranstaltungen","link":"https:\/\/blog.sub.uni-hamburg.de\/?cat=9"},"img":{"alt_text":"","src":"https:\/\/i0.wp.com\/blog.sub.uni-hamburg.de\/wp-content\/uploads\/2010\/05\/VHG-Logo.jpg?resize=350%2C200&ssl=1","width":350,"height":200},"classes":[]},{"id":1246,"url":"https:\/\/blog.sub.uni-hamburg.de\/?p=1246","url_meta":{"origin":16845,"position":3},"title":"Hinter den Kulissen: Stabi&#8217;s Next Topmodels","author":"ST","date":"21-04-09","format":false,"excerpt":"Models? Plural? Aber selbstverst\u00e4ndlich. Bei einem Angebot von ca. 4 Mio. Medieneinheiten kann es - anders als bei langbeinigen Sch\u00f6nheiten - nicht nur eine Siegerin geben. F\u00fcr unsere Beauties haben wir gleich f\u00fcnf Gewinnkategorien. Sie, unsere Leserinnen und Leser, haben per Nutzungsvoting entschieden. Hinter den Kulissen wurde gerechnet und zusammengez\u00e4hlt,\u2026","rel":"","context":"In &quot;Aufgelesen&quot;","block_context":{"text":"Aufgelesen","link":"https:\/\/blog.sub.uni-hamburg.de\/?cat=18"},"img":{"alt_text":"","src":"","width":0,"height":0},"classes":[]},{"id":42119,"url":"https:\/\/blog.sub.uni-hamburg.de\/?p=42119","url_meta":{"origin":16845,"position":4},"title":"Die H\u00f6rzu von 1946 bis 2018 &#8211; nun digitalisiert abrufbar in der Stabi","author":"Redaktion","date":"20-03-26","format":false,"excerpt":"Von Niels Peters In alten Fernseh- und Radioprogrammen schm\u00f6kern: es gibt manchmal Publikationen, die f\u00fcr Wissenschaftler:innen und Privatpersonen gleicherma\u00dfen interessant sind. Dazu geh\u00f6rt auch die H\u00f6rzu, die ab sofort digital zug\u00e4nglich ist. Sie ist als \u00e4lteste deutsche Programmzeitschrift ein lebendiges Zeitdokument der deutschen Medienkultur seit 1946. Ein Blick lohnt sich\u2026","rel":"","context":"In &quot;Aktuelles&quot;","block_context":{"text":"Aktuelles","link":"https:\/\/blog.sub.uni-hamburg.de\/?cat=1"},"img":{"alt_text":"","src":"https:\/\/i0.wp.com\/blog.sub.uni-hamburg.de\/wp-content\/uploads\/2026\/03\/hoerzu_subunihamburg-2-230x300.png?resize=350%2C200&ssl=1","width":350,"height":200},"classes":[]},{"id":33868,"url":"https:\/\/blog.sub.uni-hamburg.de\/?p=33868","url_meta":{"origin":16845,"position":5},"title":"Projektbericht: Lernen \u00fcber und an der fr\u00fchen Holocaust-Forschung (30.8.)","author":"Markus Trapp","date":"11-08-22","format":false,"excerpt":"Studentische Beitr\u00e4ge zur didaktischen Analyse. Eine Veranstaltung mit Studierenden der Fakult\u00e4t f\u00fcr Erziehungswissenschaft an der Universit\u00e4t Hamburg. Dienstag, 30.8., 19 Uhr, Vortragsraum. Was bedeutet eine Ausstellung wie \u201eVerfolgen und Aufkl\u00e4ren. Die erste Generation der Holocaustforschung\u201c, ab dem 24. August im Lichthof der Stabi zu sehen, in unserer heterogenen, diversen, pluralen\u2026","rel":"","context":"In &quot;Ausstellungen und Veranstaltungen&quot;","block_context":{"text":"Ausstellungen und Veranstaltungen","link":"https:\/\/blog.sub.uni-hamburg.de\/?cat=9"},"img":{"alt_text":"","src":"https:\/\/i0.wp.com\/blog.sub.uni-hamburg.de\/wp-content\/uploads\/2022\/08\/Studentinnen_im_Seminar.jpg?resize=350%2C200&ssl=1","width":350,"height":200,"srcset":"https:\/\/i0.wp.com\/blog.sub.uni-hamburg.de\/wp-content\/uploads\/2022\/08\/Studentinnen_im_Seminar.jpg?resize=350%2C200&ssl=1 1x, https:\/\/i0.wp.com\/blog.sub.uni-hamburg.de\/wp-content\/uploads\/2022\/08\/Studentinnen_im_Seminar.jpg?resize=525%2C300&ssl=1 1.5x"},"classes":[]}],"jetpack_sharing_enabled":true,"_links":{"self":[{"href":"https:\/\/blog.sub.uni-hamburg.de\/index.php?rest_route=\/wp\/v2\/posts\/16845","targetHints":{"allow":["GET"]}}],"collection":[{"href":"https:\/\/blog.sub.uni-hamburg.de\/index.php?rest_route=\/wp\/v2\/posts"}],"about":[{"href":"https:\/\/blog.sub.uni-hamburg.de\/index.php?rest_route=\/wp\/v2\/types\/post"}],"author":[{"embeddable":true,"href":"https:\/\/blog.sub.uni-hamburg.de\/index.php?rest_route=\/wp\/v2\/users\/19"}],"replies":[{"embeddable":true,"href":"https:\/\/blog.sub.uni-hamburg.de\/index.php?rest_route=%2Fwp%2Fv2%2Fcomments&post=16845"}],"version-history":[{"count":3,"href":"https:\/\/blog.sub.uni-hamburg.de\/index.php?rest_route=\/wp\/v2\/posts\/16845\/revisions"}],"predecessor-version":[{"id":16871,"href":"https:\/\/blog.sub.uni-hamburg.de\/index.php?rest_route=\/wp\/v2\/posts\/16845\/revisions\/16871"}],"wp:attachment":[{"href":"https:\/\/blog.sub.uni-hamburg.de\/index.php?rest_route=%2Fwp%2Fv2%2Fmedia&parent=16845"}],"wp:term":[{"taxonomy":"category","embeddable":true,"href":"https:\/\/blog.sub.uni-hamburg.de\/index.php?rest_route=%2Fwp%2Fv2%2Fcategories&post=16845"},{"taxonomy":"post_tag","embeddable":true,"href":"https:\/\/blog.sub.uni-hamburg.de\/index.php?rest_route=%2Fwp%2Fv2%2Ftags&post=16845"}],"curies":[{"name":"wp","href":"https:\/\/api.w.org\/{rel}","templated":true}]}}