{"id":16696,"date":"2014-12-04T17:43:47","date_gmt":"2014-12-04T16:43:47","guid":{"rendered":"http:\/\/blog.sub.uni-hamburg.de\/?p=16696"},"modified":"2014-12-19T10:01:24","modified_gmt":"2014-12-19T09:01:24","slug":"buchpraesentation-audienzen-und-allianzen-18-12","status":"publish","type":"post","link":"https:\/\/blog.sub.uni-hamburg.de\/?p=16696","title":{"rendered":"Buchpr\u00e4sentation: Audienzen und Allianzen (18.12.)"},"content":{"rendered":"<p><a href=\"https:\/\/blog.sub.uni-hamburg.de\/wp-content\/uploads\/2014\/12\/audienzen-gr.jpg\"><img loading=\"lazy\" decoding=\"async\" src=\"https:\/\/blog.sub.uni-hamburg.de\/wp-content\/uploads\/2014\/12\/audienzen.jpg\" alt=\"Dr. Birgit Tremml-Werner: Audienzen und Allianzen\" title=\"Dr. Birgit Tremml-Werner: Audienzen und Allianzen\" width=\"200\" height=\"334\" style=\"float: right; padding-right:0px; margin-left:25px; margin-bottom:25px;\" \/><\/a> Buchpr\u00e4sentation:<br \/>\nBirgit Tremml-Werner, Eberhard Crailsheim (Hg.):<br \/>\n<strong><a href=\"http:\/\/www.mandelbaum.at\/books\/792\/7529\">Audienzen und Allianzen<\/a>. Interkulturelle Diplomatie in Asien und Europa vom 8. bis zum 18. Jahrhundert<\/strong><\/p>\n<p>Mit einem Vortrag von Birgit Tremml-Werner \u201eImprovisieren und Regulieren. \u00dcberlegungen zum Diplomatieverst\u00e4ndnis am Beispiel spanisch-japanischer Beziehungen\u201c. Zwischen 1591 und 1615 pflegte kein anderes Land intensiveren diplomatischen Austausch mit Japan als das spanische Imperium. Doch werden diese fr\u00fchneuzeitlichen Beziehungen, die zudem in die Phase diplomatischer Neuorientierung in Asien fallen, meist nur am Rande erw\u00e4hnt. Im ad-hoc-Austausch zwischen Japan und den Philippinen\/Neu-Spanien lassen sich sowohl hierarchische als auch egalit\u00e4re Ans\u00e4tze feststellen. Trotz unterschiedlicher Konzepte auf beiden Seiten ist ein pragmatischer Umgang mit wenig bekannten diplomatischen Praktiken zu erkennen: Ist dies auf ein allgemein g\u00fcltiges Diplomatieverst\u00e4ndnis oder ein zunehmendes Auftreten hybrider Praktiken zur\u00fcckzuf\u00fchren?<\/p>\n<p><a href=\"http:\/\/www.clio-online.de\/forscherinnen=4908\">Dr. Birgit Tremml-Werner<\/a> ist Postdoc-Stipendiatin am Institute for Advanced Studies an der Universit\u00e4t Tokyo. Im Jahr 2013 wurde sie mit dem <a href=\"http:\/\/stipendien.oeaw.ac.at\/de\/birgit-tremml-werner-2013\">Jubil\u00e4umspreis des B\u00f6hlau Verlages Wien<\/a> ausgezeichnet.<\/p>\n<p>Donnerstag, 18. Dezember 2014, 18 Uhr<br \/>\nOrt: Vortragsraum, 1. Etage, Eintritt frei.<\/p>\n","protected":false},"excerpt":{"rendered":"<p>Buchpr\u00e4sentation: Birgit Tremml-Werner, Eberhard Crailsheim (Hg.): Audienzen und Allianzen. Interkulturelle Diplomatie in Asien und Europa vom 8. bis zum 18. Jahrhundert Mit einem Vortrag von Birgit Tremml-Werner \u201eImprovisieren und Regulieren. \u00dcberlegungen zum Diplomatieverst\u00e4ndnis am Beispiel spanisch-japanischer Beziehungen\u201c. Zwischen 1591 und 1615 pflegte kein anderes Land intensiveren diplomatischen Austausch mit Japan als das spanische Imperium. Doch [&hellip;]<\/p>\n","protected":false},"author":19,"featured_media":0,"comment_status":"open","ping_status":"open","sticky":false,"template":"","format":"standard","meta":{"jetpack_post_was_ever_published":false,"_jetpack_newsletter_access":"","_jetpack_dont_email_post_to_subs":false,"_jetpack_newsletter_tier_id":0,"_jetpack_memberships_contains_paywalled_content":false,"_jetpack_memberships_contains_paid_content":false,"footnotes":"","jetpack_publicize_message":"","jetpack_publicize_feature_enabled":true,"jetpack_social_post_already_shared":false,"jetpack_social_options":{"image_generator_settings":{"template":"highway","default_image_id":0,"font":"","enabled":false},"version":2}},"categories":[9],"tags":[],"class_list":["post-16696","post","type-post","status-publish","format-standard","hentry","category-ausstellungen"],"views":2369,"jetpack_publicize_connections":[],"jetpack_featured_media_url":"","jetpack_shortlink":"https:\/\/wp.me\/p7hfNR-4li","jetpack-related-posts":[{"id":42303,"url":"https:\/\/blog.sub.uni-hamburg.de\/?p=42303","url_meta":{"origin":16696,"position":0},"title":"Ist das Diplomatie oder kann das weg? (21.4.)","author":"Markus Trapp","date":"09-04-26","format":false,"excerpt":"Dienstag, 21.4., 19 Uhr, Vortragsraum. Lesung und Gespr\u00e4ch mit Martin Kobler aus seinem Buch \u201eWeltenbeben\u201c Der Kauf von Gr\u00f6nland, Maduros Entf\u00fchrung oder die Bomben auf Iran, alles seit Jahresbeginn, zeigen mit gro\u00dfer Deutlichkeit: V\u00f6lkerrechtliche Regeln werden nicht einmal mehr zitiert. Kriegerische Gewalt wird zunehmend (wieder) zu einer Fortsetzung der Politik\u2026","rel":"","context":"In &quot;Ausstellungen und Veranstaltungen&quot;","block_context":{"text":"Ausstellungen und Veranstaltungen","link":"https:\/\/blog.sub.uni-hamburg.de\/?cat=9"},"img":{"alt_text":"Martin Kobler 'Weltenbeben'","src":"https:\/\/i0.wp.com\/blog.sub.uni-hamburg.de\/wp-content\/uploads\/2026\/04\/kobler_weltenbeben_hc_72-189x300.png?resize=350%2C200&ssl=1","width":350,"height":200},"classes":[]},{"id":6937,"url":"https:\/\/blog.sub.uni-hamburg.de\/?p=6937","url_meta":{"origin":16696,"position":1},"title":"Buchpr\u00e4sentation: Die Preu\u00dfin auf dem Zarenthron (24.1.)","author":"Markus Trapp","date":"09-01-12","format":false,"excerpt":"Buchpr\u00e4sentation zum Auftakt des Preu\u00dfenjahres: \u201e...der reinen Sch\u00f6nheit Genius\u201c. Die Preu\u00dfin auf dem Zarenthron - Alexandra, Kaiserin von Russland. Die Hamburger Journalistin und Osteuropa-Historikerin Marianna Butensch\u00f6n erz\u00e4hlt die spannende Lebensgeschichte der Kaiserin Alexandra, geb. Charlotte von Preu\u00dfen, die K\u00f6nigin Luises \u00e4lteste Tochter und eine Urgro\u00dfnichte des Alten Fritz war. Ihre\u2026","rel":"","context":"In &quot;Ausstellungen und Veranstaltungen&quot;","block_context":{"text":"Ausstellungen und Veranstaltungen","link":"https:\/\/blog.sub.uni-hamburg.de\/?cat=9"},"img":{"alt_text":"Die Preu\u00dfin auf dem Zarenthron","src":"https:\/\/i0.wp.com\/blog.sub.uni-hamburg.de\/wp-content\/uploads\/2012\/01\/preussin-buchcover.jpg?resize=350%2C200&ssl=1","width":350,"height":200},"classes":[]},{"id":27649,"url":"https:\/\/blog.sub.uni-hamburg.de\/?p=27649","url_meta":{"origin":16696,"position":2},"title":"Die Bartl-Chronik, Hamburgs ber\u00fchmtestes Zaubergesch\u00e4ft in der Zeit von 1910 bis 1998 (21.8.)","author":"Markus Trapp","date":"05-08-19","format":false,"excerpt":"Buchpr\u00e4sentation mit Lesung der Autorin und Enkelin Birgit Bartl-Engelhardt. Die Autorin ist die Enkelin des einst ber\u00fchmten Zauberpaares Rosa und J\u00e1nos Bartl, das 1910 ein Zauberunternehmen gr\u00fcndete und in einem Atemzug mit Willmann, Horster, Thayer und Martinka genannt wird. Bis in die sp\u00e4ten 1990er Jahre war Bartl ein Begriff f\u00fcr\u2026","rel":"","context":"In &quot;Ausstellungen und Veranstaltungen&quot;","block_context":{"text":"Ausstellungen und Veranstaltungen","link":"https:\/\/blog.sub.uni-hamburg.de\/?cat=9"},"img":{"alt_text":"","src":"https:\/\/i0.wp.com\/blog.sub.uni-hamburg.de\/wp-content\/uploads\/2019\/08\/bartl-chronik-buchcover.jpg?resize=350%2C200&ssl=1","width":350,"height":200},"classes":[]},{"id":16227,"url":"https:\/\/blog.sub.uni-hamburg.de\/?p=16227","url_meta":{"origin":16696,"position":3},"title":"Osmanen in Hamburg (6.11. \u2013 4.1.)","author":"Markus Trapp","date":"20-10-14","format":false,"excerpt":"Osmanen in Hamburg \u2013 eine Beziehungsgeschichte zur Zeit des Ersten Weltkrieges Nach ersten Kontakten seit dem 16. Jahrhundert intensivierte sich der Austausch Hamburgs mit dem Osmanischen Reich im 19. Jahrhundert, in dem erstmals offizielle Beziehungen aufgenommen wurden. 1839 schlossen die Hansest\u00e4dte einen \u201eFreundschafts-, Handels- und Schiffahrts-Vertrag\u201c mit dem Osmanischen Reich.\u2026","rel":"","context":"In &quot;Ausstellungen und Veranstaltungen&quot;","block_context":{"text":"Ausstellungen und Veranstaltungen","link":"https:\/\/blog.sub.uni-hamburg.de\/?cat=9"},"img":{"alt_text":"","src":"https:\/\/i0.wp.com\/blog.sub.uni-hamburg.de\/wp-content\/uploads\/2014\/10\/osmanen-fuehrung.jpg?resize=350%2C200&ssl=1","width":350,"height":200},"classes":[]},{"id":20055,"url":"https:\/\/blog.sub.uni-hamburg.de\/?p=20055","url_meta":{"origin":16696,"position":4},"title":"Birgit Dankert: Michael Ende (12.5.)","author":"Markus Trapp","date":"27-04-16","format":false,"excerpt":"Wie schreibt man eine Biographie \u00fcber einen unbekannten Autor, dessen Kinderb\u00fccher jeder kennt? \"Jim Knopf\", \"Momo\" und immer wieder die \"Unendliche Geschichte\" - B\u00fccher die seit drei Lese-Generationen Jung und Alt begeistern und als Puppenspiel, Theaterst\u00fcck oder Film zu den Klassikern der Kinderkultur geh\u00f6ren - doch vom Leben ihres Autors\u2026","rel":"","context":"In &quot;Ausstellungen und Veranstaltungen&quot;","block_context":{"text":"Ausstellungen und Veranstaltungen","link":"https:\/\/blog.sub.uni-hamburg.de\/?cat=9"},"img":{"alt_text":"","src":"https:\/\/i0.wp.com\/blog.sub.uni-hamburg.de\/wp-content\/uploads\/2016\/04\/16-LesungDanker-Ende.jpg?resize=350%2C200&ssl=1","width":350,"height":200},"classes":[]},{"id":11955,"url":"https:\/\/blog.sub.uni-hamburg.de\/?p=11955","url_meta":{"origin":16696,"position":5},"title":"Briefe von und an Max Sauerlandt. Buchpr\u00e4sentation (6.6.)","author":"Markus Trapp","date":"27-05-13","format":false,"excerpt":"Ethos des Kunsturteils. Briefe von und an Max Sauerlandt. Buchpr\u00e4sentation Max Sauerlandt z\u00e4hlte als Museumsdirektor in Halle (1909 \u2013 1919) und Hamburg (1919-1933) zu den herausragenden Museumspers\u00f6nlichkeiten in Deutschland. Sein energisches Eintreten f\u00fcr die Moderne kostete ihn 1933 sein Direktorenamt am Museum f\u00fcr Kunst und Gewerbe. Sein umfangreicher, bislang kaum\u2026","rel":"","context":"In &quot;Ausstellungen und Veranstaltungen&quot;","block_context":{"text":"Ausstellungen und Veranstaltungen","link":"https:\/\/blog.sub.uni-hamburg.de\/?cat=9"},"img":{"alt_text":"Briefe von und an Max Sauerlandt.","src":"https:\/\/i0.wp.com\/blog.sub.uni-hamburg.de\/wp-content\/uploads\/2013\/05\/13-Junisauerlandt_bb_web1.jpg?resize=350%2C200&ssl=1","width":350,"height":200},"classes":[]}],"jetpack_sharing_enabled":true,"_links":{"self":[{"href":"https:\/\/blog.sub.uni-hamburg.de\/index.php?rest_route=\/wp\/v2\/posts\/16696","targetHints":{"allow":["GET"]}}],"collection":[{"href":"https:\/\/blog.sub.uni-hamburg.de\/index.php?rest_route=\/wp\/v2\/posts"}],"about":[{"href":"https:\/\/blog.sub.uni-hamburg.de\/index.php?rest_route=\/wp\/v2\/types\/post"}],"author":[{"embeddable":true,"href":"https:\/\/blog.sub.uni-hamburg.de\/index.php?rest_route=\/wp\/v2\/users\/19"}],"replies":[{"embeddable":true,"href":"https:\/\/blog.sub.uni-hamburg.de\/index.php?rest_route=%2Fwp%2Fv2%2Fcomments&post=16696"}],"version-history":[{"count":5,"href":"https:\/\/blog.sub.uni-hamburg.de\/index.php?rest_route=\/wp\/v2\/posts\/16696\/revisions"}],"predecessor-version":[{"id":16703,"href":"https:\/\/blog.sub.uni-hamburg.de\/index.php?rest_route=\/wp\/v2\/posts\/16696\/revisions\/16703"}],"wp:attachment":[{"href":"https:\/\/blog.sub.uni-hamburg.de\/index.php?rest_route=%2Fwp%2Fv2%2Fmedia&parent=16696"}],"wp:term":[{"taxonomy":"category","embeddable":true,"href":"https:\/\/blog.sub.uni-hamburg.de\/index.php?rest_route=%2Fwp%2Fv2%2Fcategories&post=16696"},{"taxonomy":"post_tag","embeddable":true,"href":"https:\/\/blog.sub.uni-hamburg.de\/index.php?rest_route=%2Fwp%2Fv2%2Ftags&post=16696"}],"curies":[{"name":"wp","href":"https:\/\/api.w.org\/{rel}","templated":true}]}}