{"id":16631,"date":"2014-11-26T12:26:02","date_gmt":"2014-11-26T11:26:02","guid":{"rendered":"http:\/\/blog.sub.uni-hamburg.de\/?p=16631"},"modified":"2014-12-05T13:54:09","modified_gmt":"2014-12-05T12:54:09","slug":"zeit-stiftung-unterstuetzt-erschliessung-der-juedischen-gemeindebibliothek","status":"publish","type":"post","link":"https:\/\/blog.sub.uni-hamburg.de\/?p=16631","title":{"rendered":"ZEIT-Stiftung unterst\u00fctzt Erschlie\u00dfung der J\u00fcdischen Gemeindebibliothek"},"content":{"rendered":"<div id=\"attachment_16632\" style=\"width: 257px\" class=\"wp-caption alignright\"><a href=\"https:\/\/blog.sub.uni-hamburg.de\/wp-content\/uploads\/2014\/11\/13-JGB.jpg\"><img loading=\"lazy\" decoding=\"async\" aria-describedby=\"caption-attachment-16632\" data-attachment-id=\"16632\" data-permalink=\"https:\/\/blog.sub.uni-hamburg.de\/?attachment_id=16632\" data-orig-file=\"https:\/\/blog.sub.uni-hamburg.de\/wp-content\/uploads\/2014\/11\/13_JGB_Titel.jpg\" data-orig-size=\"1059,1282\" data-comments-opened=\"1\" data-image-meta=\"{&quot;aperture&quot;:&quot;0&quot;,&quot;credit&quot;:&quot;&quot;,&quot;camera&quot;:&quot;&quot;,&quot;caption&quot;:&quot;&quot;,&quot;created_timestamp&quot;:&quot;0&quot;,&quot;copyright&quot;:&quot;&quot;,&quot;focal_length&quot;:&quot;0&quot;,&quot;iso&quot;:&quot;0&quot;,&quot;shutter_speed&quot;:&quot;0&quot;,&quot;title&quot;:&quot;&quot;,&quot;orientation&quot;:&quot;0&quot;}\" data-image-title=\"13_JGB_Titel\" data-image-description=\"&lt;p&gt;Abbildung des Titelblatts&lt;\/p&gt;\n\" data-image-caption=\"&lt;p&gt;Kommentar zu dem Mischnatraktat Pirqe Awot, Hamburg, 1715&lt;\/p&gt;\n\" data-large-file=\"https:\/\/blog.sub.uni-hamburg.de\/wp-content\/uploads\/2014\/11\/13_JGB_Titel-845x1024.jpg\" class=\"size-medium wp-image-16632\" src=\"https:\/\/blog.sub.uni-hamburg.de\/wp-content\/uploads\/2014\/11\/13_JGB_Titel-247x300.jpg\" alt=\"Kommentar zu dem Mischnatraktat Pirqe Awot, Hamburg, 1715\" width=\"247\" height=\"300\" srcset=\"https:\/\/blog.sub.uni-hamburg.de\/wp-content\/uploads\/2014\/11\/13_JGB_Titel-247x300.jpg 247w, https:\/\/blog.sub.uni-hamburg.de\/wp-content\/uploads\/2014\/11\/13_JGB_Titel-123x150.jpg 123w, https:\/\/blog.sub.uni-hamburg.de\/wp-content\/uploads\/2014\/11\/13_JGB_Titel-845x1024.jpg 845w, https:\/\/blog.sub.uni-hamburg.de\/wp-content\/uploads\/2014\/11\/13_JGB_Titel-900x1089.jpg 900w, https:\/\/blog.sub.uni-hamburg.de\/wp-content\/uploads\/2014\/11\/13_JGB_Titel.jpg 1059w\" sizes=\"auto, (max-width: 247px) 100vw, 247px\" \/><\/a><p id=\"caption-attachment-16632\" class=\"wp-caption-text\">Kommentar zu dem Mischnatraktat Pirqe Awot, Hamburg, 1715<\/p><\/div>\n<p><strong>Staatsbibliothek beginnt mit Erschlie\u00dfung der J\u00fcdischen Gemeindebibliothek<br \/>\ndank\u00a0 Unterst\u00fctzung der ZEIT-Stiftung und anderer Spender<\/strong><\/p>\n<p>Im November 2013 schloss die Staats- und Universit\u00e4tsbibliothek Hamburg einen <a href=\"https:\/\/blog.sub.uni-hamburg.de\/?p=13024\">Kooperationsvertrag<\/a> mit der J\u00fcdischen Gemeinde, in dem die Aufbewahrung der Gemeindebibliothek geregelt wurde mit dem Ziel, die Bibliothek wieder \u00f6ffentlich zug\u00e4nglich zu machen. Im Laufe des Jahres konnte die Bibliothek Institutionen gewinnen, die erhebliche Mittel zur Katalogisierung, Erschlie\u00dfung und Restaurierung der J\u00fcdischen Gemeindebibliothek zugesagt haben. Nun hat sich dem Reigen der Unterst\u00fctzer auch die ZEIT-Stiftung Ebelin und Gerd Bucerius zugesellt. Die Stiftung, die unsere Bibliothek bereits in vielen Aktivit\u00e4ten von kulturhistorischer Bedeutung unterst\u00fctzt hat, hat beschlossen, die Aufarbeitung der J\u00fcdischen Gemeindebibliothek mit 100.000 EUR zu f\u00f6rdern. Prof. Dr. Gabriele Beger, Direktorin der Staats- und Universit\u00e4tsbibliothek :<\/p>\n<blockquote><p>Wir sind sehr gl\u00fccklich, dass die ZEIT-Stiftung dieses Projekt ebenso gro\u00dfz\u00fcgig unterst\u00fctzt wie die Hermann Reemtsma Stiftung und die Senatskanzlei der Freien und Hansestadt Hamburg. Wir k\u00f6nnen dadurch das Projekt der Erschlie\u00dfung dieser historisch und kulturell so wichtigen Sammlung jetzt beginnen. Wir haben Spezialisten gefunden, die die B\u00fccher originalschriftlich und in transliterierter Form katalogisieren werden. Auch die ersten Restaurierungen werden in Auftrag gegeben. So kann dieser Schatz nach und nach bald in jeder Hinsicht \u2013 wissenschaftlich, bibliophil, theologisch &#8211; erstrahlen.<\/p><\/blockquote>\n<p>Die Bibliothek der J\u00fcdischen Gemeinde Hamburg umfasst ca. 13.000 B\u00e4nde, deren Obhut und Erschlie\u00dfung die Staats-und Universit\u00e4tsbibliothek Hamburg gew\u00e4hrleistet. Werke von Moses Mendelssohn sind darunter, aber auch Schriften gro\u00dfer Rabbiner wie S.R. Hirsch und Abraham Geiger. Hinsichtlich ihrer Vielfalt, Geschlossenheit, der F\u00fclle von Rarit\u00e4ten und Erstausgaben und nicht zuletzt aufgrund ihrer erstaunlichen Erhaltungsgeschichte ist die J\u00fcdische Gemeindebibliothek Hamburg einzigartig. Besonders wertvoll sind 3.000 hebr\u00e4ische B\u00e4nde aus dem 17. und 18. Jahrhundert. Die Erschlie\u00dfung der B\u00e4nde und Zeitschriften sowie die Restaurierung eines Gutteils der B\u00fccher sind erforderlich, um die kostbaren Judaica zu erhalten und zug\u00e4nglich zu machen.<\/p>\n<p>&nbsp;<\/p>\n","protected":false},"excerpt":{"rendered":"<p>Staatsbibliothek beginnt mit Erschlie\u00dfung der J\u00fcdischen Gemeindebibliothek dank\u00a0 Unterst\u00fctzung der ZEIT-Stiftung und anderer Spender Im November 2013 schloss die Staats- und Universit\u00e4tsbibliothek Hamburg einen Kooperationsvertrag mit der J\u00fcdischen Gemeinde, in dem die Aufbewahrung der Gemeindebibliothek geregelt wurde mit dem Ziel, die Bibliothek wieder \u00f6ffentlich zug\u00e4nglich zu machen. Im Laufe des Jahres konnte die Bibliothek Institutionen [&hellip;]<\/p>\n","protected":false},"author":5,"featured_media":0,"comment_status":"open","ping_status":"open","sticky":false,"template":"","format":"standard","meta":{"jetpack_post_was_ever_published":false,"_jetpack_newsletter_access":"","_jetpack_dont_email_post_to_subs":false,"_jetpack_newsletter_tier_id":0,"_jetpack_memberships_contains_paywalled_content":false,"_jetpack_memberships_contains_paid_content":false,"footnotes":"","jetpack_publicize_message":"","jetpack_publicize_feature_enabled":true,"jetpack_social_post_already_shared":false,"jetpack_social_options":{"image_generator_settings":{"template":"highway","default_image_id":0,"font":"","enabled":false},"version":2}},"categories":[1],"tags":[],"class_list":["post-16631","post","type-post","status-publish","format-standard","hentry","category-1"],"views":3954,"jetpack_publicize_connections":[],"jetpack_featured_media_url":"","jetpack_shortlink":"https:\/\/wp.me\/p7hfNR-4kf","jetpack-related-posts":[{"id":17409,"url":"https:\/\/blog.sub.uni-hamburg.de\/?p=17409","url_meta":{"origin":16631,"position":0},"title":"NDR Info berichtet \u00fcber die Bibliothek der J\u00fcdischen Gemeinde","author":"Markus Trapp","date":"30-03-15","format":false,"excerpt":"Am kommenden Freitag, den 3. April (Karfreitag), berichtet Sven Barske auf NDR Info ab 20:30 Uhr \u00fcber die Erschlie\u00dfung der J\u00fcdischen Gemeindebibliothek durch die Stabi. Das Magazin \u00abSchabat Schalom\u00bb informiert jeden Freitag aus dem j\u00fcdischen Leben mit Nachrichten, Interviews, Berichten und Kommentaren. Die kommende Ausgabe widmet sich der J\u00fcdischen Gemeindebibliothek\u2026","rel":"","context":"In &quot;Hamburg&quot;","block_context":{"text":"Hamburg","link":"https:\/\/blog.sub.uni-hamburg.de\/?cat=17"},"img":{"alt_text":"","src":"https:\/\/i0.wp.com\/blog.sub.uni-hamburg.de\/wp-content\/uploads\/2015\/03\/jued-bibl-ndrinfo.jpg?resize=350%2C200&ssl=1","width":350,"height":200,"srcset":"https:\/\/i0.wp.com\/blog.sub.uni-hamburg.de\/wp-content\/uploads\/2015\/03\/jued-bibl-ndrinfo.jpg?resize=350%2C200&ssl=1 1x, https:\/\/i0.wp.com\/blog.sub.uni-hamburg.de\/wp-content\/uploads\/2015\/03\/jued-bibl-ndrinfo.jpg?resize=525%2C300&ssl=1 1.5x"},"classes":[]},{"id":15082,"url":"https:\/\/blog.sub.uni-hamburg.de\/?p=15082","url_meta":{"origin":16631,"position":1},"title":"Die Bibliothek der J\u00fcdischen Gemeinde bekommt Besuch","author":"Markus Trapp","date":"30-06-14","format":false,"excerpt":"Von Maria Kesting Im Rahmen des Besuchsprogramms f\u00fcr j\u00fcdische ehemalige Hamburger B\u00fcrgerinnen und B\u00fcrger haben am Sonntag, dem 22.6.2014, 20 Personen aus den USA, Uruguay, Israel und anderen L\u00e4ndern die Staats- und Universit\u00e4tsbibliothek besucht. Das Besuchsprogramm existiert in Hamburg seit langem. Genau beschrieben und analysiert hat es Lina Nikou in\u2026","rel":"","context":"In &quot;Aktuelles&quot;","block_context":{"text":"Aktuelles","link":"https:\/\/blog.sub.uni-hamburg.de\/?cat=1"},"img":{"alt_text":"Die Bibliothek der J\u00fcdischen Gemeinde bekommt Besuch","src":"https:\/\/i0.wp.com\/blog.sub.uni-hamburg.de\/wp-content\/uploads\/2014\/06\/besbibjuedgem1-kl.jpg?resize=350%2C200&ssl=1","width":350,"height":200},"classes":[]},{"id":25151,"url":"https:\/\/blog.sub.uni-hamburg.de\/?p=25151","url_meta":{"origin":16631,"position":2},"title":"Restitution an die J\u00fcdische Gemeinde Hamburg","author":"Redaktion","date":"25-06-18","format":false,"excerpt":"Von Maria Kesting (SUB Hamburg) und Nadine Kulbe (SLUB Dresden). \u201e\u2026bem\u00fchen wir uns bislang leider vergeblich, die R\u00fcckf\u00fchrung unserer Bibliothek aus Dresden zu erwirken.\u201c So zu lesen in einem Schreiben der J\u00fcdischen Gemeinde Hamburg an die Staats- und Universit\u00e4tsbibliothek Hamburg (SUB) vom 3. Juli 1955. Dass dieses Bem\u00fchen einmal von\u2026","rel":"","context":"In &quot;Aktuelles&quot;","block_context":{"text":"Aktuelles","link":"https:\/\/blog.sub.uni-hamburg.de\/?cat=1"},"img":{"alt_text":"","src":"https:\/\/i0.wp.com\/blog.sub.uni-hamburg.de\/wp-content\/uploads\/2018\/06\/juedgembibhh.jpg?resize=350%2C200&ssl=1","width":350,"height":200},"classes":[]},{"id":18600,"url":"https:\/\/blog.sub.uni-hamburg.de\/?p=18600","url_meta":{"origin":16631,"position":3},"title":"Wer B\u00fccher findet, lese darin\u2026 Die Bibliothek der J\u00fcdischen Gemeinde Hamburg (6.11.-3.1.)","author":"Markus Trapp","date":"21-10-15","format":false,"excerpt":"Nach einer leidvollen Geschichte und langer Irrfahrt gelangte die Bibliothek der J\u00fcdischen Gemeinde, gegr\u00fcndet 1909, in die Obhut der Staats- und Universit\u00e4tsbibliothek. Der 2012 geschlossene Depositumsvertrag zwischen der J\u00fcdischen Gemeinde Hamburg und der Staats- und Universit\u00e4tsbibliothek bildet die Grundlage f\u00fcr die Verzeichnung und Restaurierung der J\u00fcdischen Gemeindebibliothek. Es grenzt an\u2026","rel":"","context":"In &quot;Ausstellungen und Veranstaltungen&quot;","block_context":{"text":"Ausstellungen und Veranstaltungen","link":"https:\/\/blog.sub.uni-hamburg.de\/?cat=9"},"img":{"alt_text":"","src":"https:\/\/i0.wp.com\/blog.sub.uni-hamburg.de\/wp-content\/uploads\/2015\/10\/jued-gem-bibl-det.jpg?resize=350%2C200&ssl=1","width":350,"height":200},"classes":[]},{"id":17982,"url":"https:\/\/blog.sub.uni-hamburg.de\/?p=17982","url_meta":{"origin":16631,"position":4},"title":"Die Bibliothek der J\u00fcdischen Gemeinde bekommt Besuch","author":"Redaktion","date":"29-06-15","format":false,"excerpt":"Von Maria Kesting. Auch in diesem Jahr haben im Rahmen des Besuchsprogramms f\u00fcr ehemalige j\u00fcdische Hamburger B\u00fcrgerinnen und B\u00fcrger 20 Interessierte aus den USA, Gro\u00dfbritannien und Israel die Staats- und Universit\u00e4tsbibliothek besucht. Die Stabi war zum zweiten Mal ein Programmpunkt in dem seit langem existierenden Besuchsprogramm. \u00dcber 4.500 ehemalige Hamburger\u2026","rel":"","context":"In &quot;Aktuelles&quot;","block_context":{"text":"Aktuelles","link":"https:\/\/blog.sub.uni-hamburg.de\/?cat=1"},"img":{"alt_text":"","src":"https:\/\/i0.wp.com\/blog.sub.uni-hamburg.de\/wp-content\/uploads\/2015\/06\/bes-jued-gembib.jpg?resize=350%2C200&ssl=1","width":350,"height":200,"srcset":"https:\/\/i0.wp.com\/blog.sub.uni-hamburg.de\/wp-content\/uploads\/2015\/06\/bes-jued-gembib.jpg?resize=350%2C200&ssl=1 1x, https:\/\/i0.wp.com\/blog.sub.uni-hamburg.de\/wp-content\/uploads\/2015\/06\/bes-jued-gembib.jpg?resize=525%2C300&ssl=1 1.5x"},"classes":[]},{"id":18503,"url":"https:\/\/blog.sub.uni-hamburg.de\/?p=18503","url_meta":{"origin":16631,"position":5},"title":"Stabi-Programm zur Nacht des Wissens (7.11.)","author":"Markus Trapp","date":"09-10-15","format":false,"excerpt":"Am Sonnabend, den 7. November 2015, findet in Hamburg zum sechsten Mal die Nacht des Wissens statt. Von 17-24 Uhr \u00f6ffnen Hamburgs Wissenschaftseinrichtungen ihre T\u00fcren. Nat\u00fcrlich ist die Stabi auch wieder dabei. Eine gute Gelegenheit hinter die Kulissen zu blicken und mehr dar\u00fcber zu erfahren, was wir hier alles so\u2026","rel":"","context":"In &quot;Ausstellungen und Veranstaltungen&quot;","block_context":{"text":"Ausstellungen und Veranstaltungen","link":"https:\/\/blog.sub.uni-hamburg.de\/?cat=9"},"img":{"alt_text":"ndw-stabihh-2015","src":"https:\/\/i0.wp.com\/blog.sub.uni-hamburg.de\/wp-content\/uploads\/2015\/10\/ndw-stabihh-2015.jpg?resize=350%2C200&ssl=1","width":350,"height":200,"srcset":"https:\/\/i0.wp.com\/blog.sub.uni-hamburg.de\/wp-content\/uploads\/2015\/10\/ndw-stabihh-2015.jpg?resize=350%2C200&ssl=1 1x, https:\/\/i0.wp.com\/blog.sub.uni-hamburg.de\/wp-content\/uploads\/2015\/10\/ndw-stabihh-2015.jpg?resize=525%2C300&ssl=1 1.5x"},"classes":[]}],"jetpack_sharing_enabled":true,"_links":{"self":[{"href":"https:\/\/blog.sub.uni-hamburg.de\/index.php?rest_route=\/wp\/v2\/posts\/16631","targetHints":{"allow":["GET"]}}],"collection":[{"href":"https:\/\/blog.sub.uni-hamburg.de\/index.php?rest_route=\/wp\/v2\/posts"}],"about":[{"href":"https:\/\/blog.sub.uni-hamburg.de\/index.php?rest_route=\/wp\/v2\/types\/post"}],"author":[{"embeddable":true,"href":"https:\/\/blog.sub.uni-hamburg.de\/index.php?rest_route=\/wp\/v2\/users\/5"}],"replies":[{"embeddable":true,"href":"https:\/\/blog.sub.uni-hamburg.de\/index.php?rest_route=%2Fwp%2Fv2%2Fcomments&post=16631"}],"version-history":[{"count":5,"href":"https:\/\/blog.sub.uni-hamburg.de\/index.php?rest_route=\/wp\/v2\/posts\/16631\/revisions"}],"predecessor-version":[{"id":16665,"href":"https:\/\/blog.sub.uni-hamburg.de\/index.php?rest_route=\/wp\/v2\/posts\/16631\/revisions\/16665"}],"wp:attachment":[{"href":"https:\/\/blog.sub.uni-hamburg.de\/index.php?rest_route=%2Fwp%2Fv2%2Fmedia&parent=16631"}],"wp:term":[{"taxonomy":"category","embeddable":true,"href":"https:\/\/blog.sub.uni-hamburg.de\/index.php?rest_route=%2Fwp%2Fv2%2Fcategories&post=16631"},{"taxonomy":"post_tag","embeddable":true,"href":"https:\/\/blog.sub.uni-hamburg.de\/index.php?rest_route=%2Fwp%2Fv2%2Ftags&post=16631"}],"curies":[{"name":"wp","href":"https:\/\/api.w.org\/{rel}","templated":true}]}}