{"id":16451,"date":"2014-11-10T17:38:57","date_gmt":"2014-11-10T16:38:57","guid":{"rendered":"http:\/\/blog.sub.uni-hamburg.de\/?p=16451"},"modified":"2014-11-28T09:00:44","modified_gmt":"2014-11-28T08:00:44","slug":"die-maya-inschriften-in-nordwestyukatan-27-11","status":"publish","type":"post","link":"https:\/\/blog.sub.uni-hamburg.de\/?p=16451","title":{"rendered":"Die Maya-Inschriften in Nordwestyukatan (27.11.)"},"content":{"rendered":"<p><img loading=\"lazy\" decoding=\"async\" src=\"https:\/\/blog.sub.uni-hamburg.de\/wp-content\/uploads\/2014\/11\/meso-11-2014-ChichenItza.jpg\" alt=\"Chichen Itza (Yucat\u00e1n), Gew\u00f6lbedeckstein ohne Nummer, Geb\u00e4ude 5C7 Zeichnung Loren Barton [in] Morley 1946:421, Fig. 52\" title=\"Chichen Itza (Yucat\u00e1n), Gew\u00f6lbedeckstein ohne Nummer, Geb\u00e4ude 5C7 Zeichnung Loren Barton [in] Morley 1946:421, Fig. 52\" width=\"391\" height=\"513\" style=\"float: left; padding-left:0px; margin-right:25px; margin-bottom:15px;\" \/> <strong>Vortrag von <a href=\"http:\/\/wiki.cibera.de\/index.php\/Gra%C3%B1a-Behrens,_Dr._Daniel\">Dr. Daniel Gra\u00f1a-Behrens<\/a>:<br \/>\nDie Maya-Inschriften in Nordwestyukatan &#8211; Einf\u00fchrung und Aktuelles aus der Forschung<\/strong><\/p>\n<p>Die Erforschung der Maya-Inschriften hat in den letzten 30 Jahren tiefe Einblicke in Kultur und Schrift der klassischen Maya (300 bis 1000 n. Chr.) erlaubt. Abseits des Interesses an den unz\u00e4hligen Schriftzeugnissen aus dem zentralen und s\u00fcdlichen Tiefland (s\u00fcdliches Mexiko, Belize, Guatemala und Honduras) finden die Inschriften von der Halbinsel Yukatan (Mexiko) nach wie vor nur marginal Beachtung. Dies liegt teilweise am Erhaltungszustand der dortigen Schrifttr\u00e4ger (Stein, Stuck, Malerei, Ton), am befremdlichen Duktus der Hieroglyphen und an schwerer zug\u00e4nglichen Textinhalten.<\/p>\n<p>Im Vortrag soll ein \u00dcberblick \u00fcber die Erforschung der Inschriften von der Halbinsel Yukatan, insbesondere von den St\u00e4tten im Nordwesten gegeben und aktuelle Ans\u00e4tze der Interpretation und des Verst\u00e4ndnisses der Inschriften auf Stein, Stuck und Keramik gegeben werden. Der Vortrag richtet sich an alle Interessierten mit oder ohne Grundkenntnisse der Maya-Hieroglyphen.<\/p>\n<p>Die Dissertation von Dr. Daniel Gra\u00f1a-Behrens \u00ab<a href=\"http:\/\/nbn-resolving.de\/urn:nbn:de:hbz:5-01027\">Die Maya-Inschriften aus Nordwestyukatan, Mexiko<\/a>\u00bb, aus der auch die beiden hier gezeigten Abbildungen stammen, ist auf dem Server der Universit\u00e4ts- und Landesbibliothek Bonn ver\u00f6ffentlicht worden.<\/p>\n<p><strong>Donnerstag, 27. November 2014, 18.15 Uhr<br \/>\nOrt: Vortragsraum, 1. Etage, Eintritt frei.<\/strong><\/p>\n<p><!--more--><\/p>\n<p><a href=\"https:\/\/blog.sub.uni-hamburg.de\/wp-content\/uploads\/2014\/11\/meso-11-2014-abrollung-gr.jpg\"><img loading=\"lazy\" decoding=\"async\" src=\"https:\/\/blog.sub.uni-hamburg.de\/wp-content\/uploads\/2014\/11\/meso-11-2014-abrollung.jpg\" alt=\"Chichen Itza (Yucat\u00e1n), Jader\u00f6hrchen, \u00bbHeiliger Cenote\u00ab Zeichnung Tatiana Proskouriakoff 1974:110, Fig. 2\" title=\"Chichen Itza (Yucat\u00e1n), Jader\u00f6hrchen, \u00bbHeiliger Cenote\u00ab Zeichnung Tatiana Proskouriakoff 1974:110, Fig. 2\" width=\"180\" height=\"342\" style=\"float: right; padding-right:0px; margin-left:35px; margin-bottom:25px;\" \/><\/a> Eine Veranstaltung der <a href=\"http:\/\/www.mesoamerika-gesellschaft.de\/\">Mesoamerika-Gesellschaft Hamburg<\/a> in Zusammenarbeit mit der Staats- und Universit\u00e4tsbibliothek Hamburg und der <a href=\"http:\/\/www.sub.uni-hamburg.de\/bibliotheken\/sammlungen\/linga-bibliothek.html\">Linga-Bibliothek<\/a> f\u00fcr Lateinamerika-Forschung im Rahmen der Ringvorlesung \u00ab<a href=\"http:\/\/www.aww.uni-hamburg.de\/de\/oeffentliche-vortraege\/zusaetzliche-veranstaltungen\/mesoamerika-ringvorlesung.html\">Indigene Kulturen im Spiegel von Arch\u00e4ologie, Geschichte und Ethnographie<\/a>\u00bb (Oktober 2014 \u2013 Februar 2015):<\/p>\n<blockquote><p>In der Vorlesungsreihe, die sich ausdr\u00fccklich an eine breite \u00d6ffentlichkeit mit begrenztem Vorwissen richtet, werden in diesem Semester wieder sowohl Themen der vorspanischen, als auch der kolonialen Geschichte der verschiedenen Regionen und Gesellschaften in Mesoamerika behandelt. Anhand von arch\u00e4ologischen Befunden, Schriftquellen und ethnographischen Beobachtungen k\u00f6nnen die gesellschaftlichen Entwicklungen in diesem Kulturraum nachvollzogen werden. Besonders sollen aber in diesem dritten Teil der Ringvorlesung zur Mesoamerikanistik neuere Entwicklungen und Einblicke in aktuelle Forschungsprojekte in diesem Kulturraum im Fokus stehen.<\/p><\/blockquote>\n","protected":false},"excerpt":{"rendered":"<p>Vortrag von Dr. Daniel Gra\u00f1a-Behrens: Die Maya-Inschriften in Nordwestyukatan &#8211; Einf\u00fchrung und Aktuelles aus der Forschung Die Erforschung der Maya-Inschriften hat in den letzten 30 Jahren tiefe Einblicke in Kultur und Schrift der klassischen Maya (300 bis 1000 n. Chr.) erlaubt. Abseits des Interesses an den unz\u00e4hligen Schriftzeugnissen aus dem zentralen und s\u00fcdlichen Tiefland (s\u00fcdliches [&hellip;]<\/p>\n","protected":false},"author":19,"featured_media":0,"comment_status":"open","ping_status":"open","sticky":false,"template":"","format":"standard","meta":{"jetpack_post_was_ever_published":false,"_jetpack_newsletter_access":"","_jetpack_dont_email_post_to_subs":false,"_jetpack_newsletter_tier_id":0,"_jetpack_memberships_contains_paywalled_content":false,"_jetpack_memberships_contains_paid_content":false,"footnotes":"","jetpack_publicize_message":"","jetpack_publicize_feature_enabled":true,"jetpack_social_post_already_shared":false,"jetpack_social_options":{"image_generator_settings":{"template":"highway","default_image_id":0,"font":"","enabled":false},"version":2}},"categories":[9],"tags":[],"class_list":["post-16451","post","type-post","status-publish","format-standard","hentry","category-ausstellungen"],"views":4021,"jetpack_publicize_connections":[],"jetpack_featured_media_url":"","jetpack_shortlink":"https:\/\/wp.me\/p7hfNR-4hl","jetpack-related-posts":[{"id":16121,"url":"https:\/\/blog.sub.uni-hamburg.de\/?p=16121","url_meta":{"origin":16451,"position":0},"title":"Der Kollaps der Klassischen Maya (30.10.)","author":"Markus Trapp","date":"13-10-14","format":false,"excerpt":"Eine gute Nachricht f\u00fcr alle Interessenten der Kultur und Geschichte Mesoamerikas: Auch im Wintersemester werden die sehr beliebten Veranstaltungen der Ringvorlesung Mesoamerika fortgef\u00fchrt. Den Auftakt bildet am Donnerstag, den 30. Oktober 2014, um 18:15 Uhr der Vortrag Der Kollaps der Klassischen Maya \u2013 Zusammenbruch der politischen Institutionen statt Klimawandel und\u2026","rel":"","context":"In &quot;Ausstellungen und Veranstaltungen&quot;","block_context":{"text":"Ausstellungen und Veranstaltungen","link":"https:\/\/blog.sub.uni-hamburg.de\/?cat=9"},"img":{"alt_text":"Palast in Palenque, Chiapas, Mexiko","src":"https:\/\/i0.wp.com\/blog.sub.uni-hamburg.de\/wp-content\/uploads\/2014\/10\/palenque-chiapas-det.jpg?resize=350%2C200&ssl=1","width":350,"height":200},"classes":[]},{"id":22133,"url":"https:\/\/blog.sub.uni-hamburg.de\/?p=22133","url_meta":{"origin":16451,"position":1},"title":"Teobert Maler \u2013 historische Fotografien Mexikos (9.3.-23.4.)","author":"Markus Trapp","date":"21-02-17","format":false,"excerpt":"Das fotografische Werk Teobert Malers (1842-1917) ist vor allem durch seine spektakul\u00e4ren Aufnahmen der Maya-Ruinen bekannt geworden. Er gilt als einer der bedeutendsten Forschungsfotografen des 19. Jahrhunderts. Kein anderer Forscher hat so viele vorher unbekannte Maya-Ruinen entdeckt und fotografiert. Seine Fotografien sind noch heute wichtige Dokumente f\u00fcr Studien zur Architektur\u2026","rel":"","context":"In &quot;Ausstellungen und Veranstaltungen&quot;","block_context":{"text":"Ausstellungen und Veranstaltungen","link":"https:\/\/blog.sub.uni-hamburg.de\/?cat=9"},"img":{"alt_text":"Pinotepa. Mixteca baja. 1874. Nachlass Teobert Maler IAI","src":"https:\/\/i0.wp.com\/blog.sub.uni-hamburg.de\/wp-content\/uploads\/2017\/02\/1_1-150x111.jpg?resize=350%2C200&ssl=1","width":350,"height":200,"srcset":"https:\/\/i0.wp.com\/blog.sub.uni-hamburg.de\/wp-content\/uploads\/2017\/02\/1_1-150x111.jpg?resize=350%2C200&ssl=1 1x, https:\/\/i0.wp.com\/blog.sub.uni-hamburg.de\/wp-content\/uploads\/2017\/02\/1_1-150x111.jpg?resize=525%2C300&ssl=1 1.5x, https:\/\/i0.wp.com\/blog.sub.uni-hamburg.de\/wp-content\/uploads\/2017\/02\/1_1-150x111.jpg?resize=700%2C400&ssl=1 2x, https:\/\/i0.wp.com\/blog.sub.uni-hamburg.de\/wp-content\/uploads\/2017\/02\/1_1-150x111.jpg?resize=1050%2C600&ssl=1 3x, https:\/\/i0.wp.com\/blog.sub.uni-hamburg.de\/wp-content\/uploads\/2017\/02\/1_1-150x111.jpg?resize=1400%2C800&ssl=1 4x"},"classes":[]},{"id":9985,"url":"https:\/\/blog.sub.uni-hamburg.de\/?p=9985","url_meta":{"origin":16451,"position":2},"title":"B\u00fcrgerkrieg, Mayanisierung und \u00d6kotourismus &#8211; Guatemala (6.12.)","author":"Markus Trapp","date":"26-11-12","format":false,"excerpt":"Felix A. Kupprat (Universidad Nacional Aut\u00f3noma de M\u00e9xico): \"B\u00fcrgerkrieg, Mayanisierung und \u00d6kotourismus: Vergangenheitsbew\u00e4ltigung und - konstruktion in R\u00edo Negro, Guatemala\u201c R\u00edo Negro ist eine von vielen Gemeinden Guatemalas, die in den 1980er-Jahren in geplanten Aktionen des guatemaltekischen Milit\u00e4rs ausgel\u00f6scht wurden. Die Gewalt des B\u00fcrgerkriegs ist heute Thema des vielseitigen Diskurses\u2026","rel":"","context":"In &quot;Ausstellungen und Veranstaltungen&quot;","block_context":{"text":"Ausstellungen und Veranstaltungen","link":"https:\/\/blog.sub.uni-hamburg.de\/?cat=9"},"img":{"alt_text":"Rio Negro: Kreuz mit Inschrift in Pak'oxom","src":"https:\/\/i0.wp.com\/blog.sub.uni-hamburg.de\/wp-content\/uploads\/2012\/11\/RioNegro.jpg?resize=350%2C200&ssl=1","width":350,"height":200},"classes":[]},{"id":14979,"url":"https:\/\/blog.sub.uni-hamburg.de\/?p=14979","url_meta":{"origin":16451,"position":3},"title":"Uxul, Campeche &#8211; Geschichte, Arch\u00e4ologie &#038; Gegenwart eines klass. Maya-Zentrums (19.6.)","author":"Markus Trapp","date":"12-06-14","format":false,"excerpt":"Dr. Kai Delvendahl (Universit\u00e4t Bonn): Uxul, Campeche - Geschichte, Arch\u00e4ologie und Gegenwart eines klassischen Maya-Zentrums Das Arch\u00e4ologische Projekt Uxul der Universit\u00e4t Bonn wurde 2009 zusammen mit dem mexikanischen Denkmalamt als Grabungsprojekt zu \"Expansion und Zerfall hegemonialer Herrschaft im Mayagebiet\" gestartet. Hauptaugenmerk liegt auf der 1934 entdeckten arch\u00e4ologischen St\u00e4tte Uxul im\u2026","rel":"","context":"In &quot;Ausstellungen und Veranstaltungen&quot;","block_context":{"text":"Ausstellungen und Veranstaltungen","link":"https:\/\/blog.sub.uni-hamburg.de\/?cat=9"},"img":{"alt_text":"Uxul","src":"https:\/\/i0.wp.com\/blog.sub.uni-hamburg.de\/wp-content\/uploads\/2014\/06\/Uxul.jpg?resize=350%2C200&ssl=1","width":350,"height":200},"classes":[]},{"id":13246,"url":"https:\/\/blog.sub.uni-hamburg.de\/?p=13246","url_meta":{"origin":16451,"position":4},"title":"Schriftsysteme in Mesoamerika (5.12.)","author":"Markus Trapp","date":"27-11-13","format":false,"excerpt":"Professor Dr. Gordon Whittaker (Georg-August-Universit\u00e4t G\u00f6ttingen): Schriftsysteme in Mesoamerika Update 2.6.2014: Der Vortrag kann hier nach betrachtet werden: Mit \"Schrift\" verbinden wir zun\u00e4chst unsere mit Buchstaben gestalteten W\u00f6rter und S\u00e4tze. Dass Schrift auch vollkommen anders aussehen kann, haben nicht nur die Sumerer und \u00c4gypter unter Beweis gestellt, sondern auch die\u2026","rel":"","context":"In &quot;Ausstellungen und Veranstaltungen&quot;","block_context":{"text":"Ausstellungen und Veranstaltungen","link":"https:\/\/blog.sub.uni-hamburg.de\/?cat=9"},"img":{"alt_text":"","src":"https:\/\/i0.wp.com\/blog.sub.uni-hamburg.de\/wp-content\/uploads\/2013\/11\/13-Mesoam-5-12-Gordon.jpg?resize=350%2C200&ssl=1","width":350,"height":200,"srcset":"https:\/\/i0.wp.com\/blog.sub.uni-hamburg.de\/wp-content\/uploads\/2013\/11\/13-Mesoam-5-12-Gordon.jpg?resize=350%2C200&ssl=1 1x, https:\/\/i0.wp.com\/blog.sub.uni-hamburg.de\/wp-content\/uploads\/2013\/11\/13-Mesoam-5-12-Gordon.jpg?resize=525%2C300&ssl=1 1.5x"},"classes":[]},{"id":12218,"url":"https:\/\/blog.sub.uni-hamburg.de\/?p=12218","url_meta":{"origin":16451,"position":5},"title":"Teobert Maler &#8211; Passion und Schicksal. Lebensgeschichte  eines Maya-Forschers (27.6.)","author":"Markus Trapp","date":"25-06-13","format":false,"excerpt":"Meike B\u00f6ge, Universit\u00e4t Hamburg: Teobert Maler - Passion und Schicksal. Lebensgeschichte eines Maya-Forschers Teobert Maler wurde 1842 in Rom als Sohn deutscher Eltern geboren. Nach dem Studium der Baukunst und des Ingenieurwesen in Karlsruhe zog es den 23-J\u00e4hrigen nach \u00d6sterreich. Dort nahm er die \u00f6sterreichische Staatsb\u00fcrgerschaft an und ging mit\u2026","rel":"","context":"In &quot;Ausstellungen und Veranstaltungen&quot;","block_context":{"text":"Ausstellungen und Veranstaltungen","link":"https:\/\/blog.sub.uni-hamburg.de\/?cat=9"},"img":{"alt_text":"Teobert Maler","src":"https:\/\/i0.wp.com\/blog.sub.uni-hamburg.de\/wp-content\/uploads\/2013\/06\/teobert-maler.jpg?resize=350%2C200&ssl=1","width":350,"height":200},"classes":[]}],"jetpack_sharing_enabled":true,"_links":{"self":[{"href":"https:\/\/blog.sub.uni-hamburg.de\/index.php?rest_route=\/wp\/v2\/posts\/16451","targetHints":{"allow":["GET"]}}],"collection":[{"href":"https:\/\/blog.sub.uni-hamburg.de\/index.php?rest_route=\/wp\/v2\/posts"}],"about":[{"href":"https:\/\/blog.sub.uni-hamburg.de\/index.php?rest_route=\/wp\/v2\/types\/post"}],"author":[{"embeddable":true,"href":"https:\/\/blog.sub.uni-hamburg.de\/index.php?rest_route=\/wp\/v2\/users\/19"}],"replies":[{"embeddable":true,"href":"https:\/\/blog.sub.uni-hamburg.de\/index.php?rest_route=%2Fwp%2Fv2%2Fcomments&post=16451"}],"version-history":[{"count":9,"href":"https:\/\/blog.sub.uni-hamburg.de\/index.php?rest_route=\/wp\/v2\/posts\/16451\/revisions"}],"predecessor-version":[{"id":16468,"href":"https:\/\/blog.sub.uni-hamburg.de\/index.php?rest_route=\/wp\/v2\/posts\/16451\/revisions\/16468"}],"wp:attachment":[{"href":"https:\/\/blog.sub.uni-hamburg.de\/index.php?rest_route=%2Fwp%2Fv2%2Fmedia&parent=16451"}],"wp:term":[{"taxonomy":"category","embeddable":true,"href":"https:\/\/blog.sub.uni-hamburg.de\/index.php?rest_route=%2Fwp%2Fv2%2Fcategories&post=16451"},{"taxonomy":"post_tag","embeddable":true,"href":"https:\/\/blog.sub.uni-hamburg.de\/index.php?rest_route=%2Fwp%2Fv2%2Ftags&post=16451"}],"curies":[{"name":"wp","href":"https:\/\/api.w.org\/{rel}","templated":true}]}}