{"id":16406,"date":"2014-11-05T17:44:14","date_gmt":"2014-11-05T16:44:14","guid":{"rendered":"http:\/\/blog.sub.uni-hamburg.de\/?p=16406"},"modified":"2014-11-20T08:47:49","modified_gmt":"2014-11-20T07:47:49","slug":"mehr-autonomie-fuer-hamburgs-bezirke-19-11","status":"publish","type":"post","link":"https:\/\/blog.sub.uni-hamburg.de\/?p=16406","title":{"rendered":"Mehr Autonomie f\u00fcr Hamburgs Bezirke? (19.11.)"},"content":{"rendered":"<p><a href=\"https:\/\/blog.sub.uni-hamburg.de\/wp-content\/uploads\/2014\/11\/naumann-stift-hh-11-2014.jpg\"><img loading=\"lazy\" decoding=\"async\" src=\"https:\/\/blog.sub.uni-hamburg.de\/wp-content\/uploads\/2014\/11\/naumann-stift-hh-11-2014.jpg\" alt=\"Mehr Autonomie f\u00fcr Hamburgs Bezirke?\" title=\"Mehr Autonomie f\u00fcr Hamburgs Bezirke?\" width=\"302\" height=\"192\" style=\"float: right; padding-right:0px; margin-left:25px; margin-bottom:25px;\"  \/><\/a>Die Friedrich-Naumann-Stiftung f\u00fcr die Freiheit &#8211; B\u00fcro Hamburg &#8211; l\u00e4dt ein zur Veranstaltung <\/p>\n<p><strong>Mehr Autonomie f\u00fcr Hamburgs Bezirke? <\/p>\n<p>am Mittwoch, 19. November 2014, 19:00-21:00 Uhr<br \/>\nim Vortragsraum, 1. Etage.<\/strong><\/p>\n<p>Im Stadtstaat Hamburg sind die Zust\u00e4ndigkeiten und Kompetenzebenen von Landesregierung und Bezirken immer wieder in der Diskussion. Hamburgs Bezirksversammlungen stellen ohne eigenen Haushalt mehr Verwaltungsaussch\u00fcsse als Parlamente dar. Ihre Kompetenzen sind beschr\u00e4nkt auf Anregungen zum Verwaltungshandeln des jeweiligen Bezirksamts. Das Evokationsrecht erm\u00f6glicht Senat und B\u00fcrgerschaft, die Bezirke in verschiedensten Angelegenheiten zu \u00fcbergehen und ihnen Zust\u00e4ndigkeiten (wieder) zu entziehen.<br \/>\n<!--more--><br \/>\nGeringe Wahlbeteiligungen machen deutlich, welche Bedeutung der Bezirkspolitik einger\u00e4umt wird. Mehr politische Zust\u00e4ndigkeiten f\u00fcr die Bezirksversammlungen beziehen die B\u00fcrger vor Ort ein, k\u00f6nnten f\u00fcr eine h\u00f6here W\u00e4hlermobilisierung sorgen und ein erh\u00f6htes Interesse an politischen Prozessen generieren. In der Diskussion um die St\u00e4rkung der Bezirk spielen die Finanzen immer wieder eine Rolle, aber auch direktdemokratische Instrumente, wie Direktwahlen von Bezirksb\u00fcrgermeistern sind Optionen.<\/p>\n<p>Mehr Autonomie f\u00fcr die Bezirke? Und wie? Die Volksinitiative &#8220;Mehr Demokratie&#8221; plant eine Reform, die eine Aufl\u00f6sung der Einheitsgemeinde anstrebt und die Freie und Hansestadt Hamburg in eigenst\u00e4ndige Bezirke aufteilen will. Ein radikaler Vorschlag. Und welche Alternativen gibt es? Welche Wege k\u00f6nnte Hamburg gehen, um integrativer zu werden, die B\u00fcrgerinnen und B\u00fcrger st\u00e4rker an politischen Prozessen partizipieren zu lassen und die kommunalen Strukturen zu st\u00e4rken? Ich lade Sie herzlich im Namen der Friedrich-Naumann-Stiftung f\u00fcr die Freiheit ein. Diskutieren Sie mit uns und unseren Experten.<\/p>\n<p>Diskussion mit<\/p>\n<ul>\n<li><strong>Dr. Manfred Brandt<\/strong><br \/>\nVorstand, Landesverband Hamburg, Mehr Demokratie e.V.<\/li>\n<li><strong>Dr. Kurt Duwe MdHB<\/strong><br \/>\nFachsprecher f\u00fcr Verfassung und Bezirke, FDP-Fraktion in der Hamburgischen B\u00fcrgerschaft<\/li>\n<li><strong>Heino von Schuckmann<\/strong><br \/>\nVorstand, Bund der Steuerzahler Hamburg e.V.<\/li>\n<li><strong>Prof. Dr. John Siegel<\/strong><br \/>\nProfessor f\u00fcr Wirtschafts- und Verwaltungswissenschaften, insbesondere Public Management, Hochschule f\u00fcr Angewandte Wissenschaften Hamburg<\/li>\n<\/ul>\n<p>Moderation:<br \/>\n<strong>Dr. Petra Beckmann-Schulz<\/strong>, Politikwissenschaftlerin &#038; Redakteurin, Hamburg<\/p>\n<p><a href=\"https:\/\/shop.freiheit.org\/#!\/events\/id\/uuxfh\">Information &#038; Anmeldung<\/a><\/p>\n","protected":false},"excerpt":{"rendered":"<p>Die Friedrich-Naumann-Stiftung f\u00fcr die Freiheit &#8211; B\u00fcro Hamburg &#8211; l\u00e4dt ein zur Veranstaltung Mehr Autonomie f\u00fcr Hamburgs Bezirke? am Mittwoch, 19. November 2014, 19:00-21:00 Uhr im Vortragsraum, 1. Etage. Im Stadtstaat Hamburg sind die Zust\u00e4ndigkeiten und Kompetenzebenen von Landesregierung und Bezirken immer wieder in der Diskussion. Hamburgs Bezirksversammlungen stellen ohne eigenen Haushalt mehr Verwaltungsaussch\u00fcsse als [&hellip;]<\/p>\n","protected":false},"author":19,"featured_media":0,"comment_status":"open","ping_status":"open","sticky":false,"template":"","format":"standard","meta":{"jetpack_post_was_ever_published":false,"_jetpack_newsletter_access":"","_jetpack_dont_email_post_to_subs":false,"_jetpack_newsletter_tier_id":0,"_jetpack_memberships_contains_paywalled_content":false,"_jetpack_memberships_contains_paid_content":false,"footnotes":"","jetpack_publicize_message":"","jetpack_publicize_feature_enabled":true,"jetpack_social_post_already_shared":false,"jetpack_social_options":{"image_generator_settings":{"template":"highway","default_image_id":0,"font":"","enabled":false},"version":2}},"categories":[9,17],"tags":[],"class_list":["post-16406","post","type-post","status-publish","format-standard","hentry","category-ausstellungen","category-hamburg"],"views":3126,"jetpack_publicize_connections":[],"jetpack_featured_media_url":"","jetpack_shortlink":"https:\/\/wp.me\/p7hfNR-4gC","jetpack-related-posts":[{"id":21560,"url":"https:\/\/blog.sub.uni-hamburg.de\/?p=21560","url_meta":{"origin":16406,"position":0},"title":"Gespr\u00e4chsabend mit der ukrainischen Autorin Oksana Sabuschko (21.11.)","author":"Markus Trapp","date":"16-11-16","format":false,"excerpt":"Der Deutsch-Ukrainische Kulturverein e.V. l\u00e4dt ein zu einem Gespr\u00e4chsabend mit Oksana Sabuschko. Sie ist eine der wichtigsten Autorinnen der modernen Ukraine und setzt sich in ihren B\u00fcchern, von denen einige auch in deutscher \u00dcbersetzung vorliegen, auf interessante und intelligente Weise mit den nach wie vor hochaktuellen Themen der Ukraine und\u2026","rel":"","context":"In &quot;Ausstellungen und Veranstaltungen&quot;","block_context":{"text":"Ausstellungen und Veranstaltungen","link":"https:\/\/blog.sub.uni-hamburg.de\/?cat=9"},"img":{"alt_text":"","src":"https:\/\/i0.wp.com\/blog.sub.uni-hamburg.de\/wp-content\/uploads\/2016\/11\/Zabuzhko_foto.jpg?resize=350%2C200&ssl=1","width":350,"height":200},"classes":[]},{"id":25836,"url":"https:\/\/blog.sub.uni-hamburg.de\/?p=25836","url_meta":{"origin":16406,"position":1},"title":"Alice Ekert-Rotholz: \u00bbHamburg war und blieb ihre teure Heimatstadt \u2026\u00ab (6.11.)","author":"Markus Trapp","date":"19-10-18","format":false,"excerpt":"Lesung und Vortrag. Alice Ekert-Rotholz\u2019 Feuilletons erschienen zuerst im \u201eVorw\u00e4rts\u201c und im \u201eSimplicissimus\u201c, ihre scharfz\u00fcngigen Gedichte in Carl von Ossietzkys \u201eWeltb\u00fchne\u201c. Nach mehrw\u00f6chiger Inhaftierung im KZ-Fuhlsb\u00fcttel floh sie gemeinsam mit ihrem Mann im M\u00e4rz 1939 nach Siam. 1951 kehrte sie nach Hamburg zur\u00fcck, wurde hier zur Bestseller-Autorin. In einer Collage\u2026","rel":"","context":"In &quot;Ausstellungen und Veranstaltungen&quot;","block_context":{"text":"Ausstellungen und Veranstaltungen","link":"https:\/\/blog.sub.uni-hamburg.de\/?cat=9"},"img":{"alt_text":"","src":"https:\/\/i0.wp.com\/blog.sub.uni-hamburg.de\/wp-content\/uploads\/2018\/10\/Alice-Ekert-Rotholz.jpg?resize=350%2C200&ssl=1","width":350,"height":200},"classes":[]},{"id":34853,"url":"https:\/\/blog.sub.uni-hamburg.de\/?p=34853","url_meta":{"origin":16406,"position":2},"title":"Stellenausschreibung: Administrative Leitung (E15)","author":"Markus Trapp","date":"06-12-22","format":false,"excerpt":"In der Staats- und Universit\u00e4tsbibliothek Hamburg ist zum 01.02.2023 folgende Stelle zu besetzen: Administrative Leitung Die Stelle ist: unbefristet Vollzeit\/Teilzeit (unbefristet) Stellennummer: J000012409 Die Ausschreibung richtet sich an: Alle Interessierten Entgelt-\/Besoldungsgruppe: EGr. 15 TV-L Bewerbungsschluss: 01.01.2023 Ausf\u00fchrliche Informationen zur Bewerbung entnehmen Sie bitte diesem PDF. Wir \u00fcber uns Die Staats-\u2026","rel":"","context":"In &quot;Aktuelles&quot;","block_context":{"text":"Aktuelles","link":"https:\/\/blog.sub.uni-hamburg.de\/?cat=1"},"img":{"alt_text":"Logo Stabi Hamburg","src":"https:\/\/i0.wp.com\/blog.sub.uni-hamburg.de\/wp-content\/uploads\/2014\/07\/stabilogo-150.jpg?resize=350%2C200&ssl=1","width":350,"height":200},"classes":[]},{"id":35867,"url":"https:\/\/blog.sub.uni-hamburg.de\/?p=35867","url_meta":{"origin":16406,"position":3},"title":"Stellenausschreibung: Fortbildungsbeauftragter bzw. Fortbildungsbeauftragte (m\/w\/d)","author":"Markus Trapp","date":"16-05-23","format":false,"excerpt":"In der Staats- und Universit\u00e4tsbibliothek Hamburg ist schnellstm\u00f6glich folgende Stelle zu besetzen: Fortbildungsbeauftragter bzw. Fortbildungsbeauftragte (m\/w\/d) Die Stelle ist: unbefristet Vollzeit\/Teilzeit Stellennummer: 16183 Die Ausschreibung richtet sich an: Alle Interessierten Entgelt-\/Besoldungsgruppe: EGr. 11 TV-L BesGr. A10 HmbBesG Bewerbungsschluss: 13.06.2023 Ausf\u00fchrliche Informationen zur Bewerbung entnehmen Sie bitte diesem PDF. Wir \u00fcber\u2026","rel":"","context":"In &quot;Aktuelles&quot;","block_context":{"text":"Aktuelles","link":"https:\/\/blog.sub.uni-hamburg.de\/?cat=1"},"img":{"alt_text":"Logo Stabi Hamburg","src":"https:\/\/i0.wp.com\/blog.sub.uni-hamburg.de\/wp-content\/uploads\/2014\/07\/stabilogo-150.jpg?resize=350%2C200&ssl=1","width":350,"height":200},"classes":[]},{"id":36180,"url":"https:\/\/blog.sub.uni-hamburg.de\/?p=36180","url_meta":{"origin":16406,"position":4},"title":"Stellenausschreibung: Assistenz der Administrativen Leitung (E8)","author":"Markus Trapp","date":"29-06-23","format":false,"excerpt":"In der Staats- und Universit\u00e4tsbibliothek Hamburg ist schnellstm\u00f6glich folgende Stelle zu besetzen: Assistenz der Administrativen Leitung Die Stelle ist: unbefristet Vollzeit\/Teilzeit Stellennummer: J000017276 Die Ausschreibung richtet sich an: Alle Interessierten Entgelt-\/Besoldungsgruppe: Bezahlung: EGr. 8 TV-L Bewerbungsschluss: 26.07.2023 Ausf\u00fchrliche Informationen zur Bewerbung entnehmen Sie bitte diesem PDF. Wir \u00fcber uns Die\u2026","rel":"","context":"In &quot;Aktuelles&quot;","block_context":{"text":"Aktuelles","link":"https:\/\/blog.sub.uni-hamburg.de\/?cat=1"},"img":{"alt_text":"Logo Stabi Hamburg","src":"https:\/\/i0.wp.com\/blog.sub.uni-hamburg.de\/wp-content\/uploads\/2014\/07\/stabilogo-150.jpg?resize=350%2C200&ssl=1","width":350,"height":200},"classes":[]},{"id":35427,"url":"https:\/\/blog.sub.uni-hamburg.de\/?p=35427","url_meta":{"origin":16406,"position":5},"title":"Eimsb\u00fcttel engagiert sich. Ehrenamtliches Engagement von Schnelsen bis Rotherbaum (Ausstellung 13.-26.4.)","author":"Markus Trapp","date":"27-03-23","format":false,"excerpt":"Eimsb\u00fcttel ist ein lebendiger Bezirk, in dem der gesellschaftliche Zusammenhalt durch das Engagement seiner zahlreichen Ehrenamtlichen gest\u00e4rkt und mitgestaltet wird. Ob im Natur- und Tierschutz, in der Stadtteilkultur, durch Mentoringprojekte f\u00fcr Kinder und Jugendliche, Hilfen f\u00fcr Obdachlose und Gefl\u00fcchtete, im Hospiz- und Sanit\u00e4tsdienst oder in der Begleitung \u00e4lterer Menschen: Ehrenamtlich\u2026","rel":"","context":"In &quot;Ausstellungen und Veranstaltungen&quot;","block_context":{"text":"Ausstellungen und Veranstaltungen","link":"https:\/\/blog.sub.uni-hamburg.de\/?cat=9"},"img":{"alt_text":"Eimsb\u00fcttel engagiert sich. Ehrenamtliches Engagement von Schnelsen bis Rotherbaum","src":"https:\/\/i0.wp.com\/blog.sub.uni-hamburg.de\/wp-content\/uploads\/2023\/03\/Eimsbuettel_engagiert_sich_Plakat.jpg?resize=350%2C200&ssl=1","width":350,"height":200},"classes":[]}],"jetpack_sharing_enabled":true,"_links":{"self":[{"href":"https:\/\/blog.sub.uni-hamburg.de\/index.php?rest_route=\/wp\/v2\/posts\/16406","targetHints":{"allow":["GET"]}}],"collection":[{"href":"https:\/\/blog.sub.uni-hamburg.de\/index.php?rest_route=\/wp\/v2\/posts"}],"about":[{"href":"https:\/\/blog.sub.uni-hamburg.de\/index.php?rest_route=\/wp\/v2\/types\/post"}],"author":[{"embeddable":true,"href":"https:\/\/blog.sub.uni-hamburg.de\/index.php?rest_route=\/wp\/v2\/users\/19"}],"replies":[{"embeddable":true,"href":"https:\/\/blog.sub.uni-hamburg.de\/index.php?rest_route=%2Fwp%2Fv2%2Fcomments&post=16406"}],"version-history":[{"count":4,"href":"https:\/\/blog.sub.uni-hamburg.de\/index.php?rest_route=\/wp\/v2\/posts\/16406\/revisions"}],"predecessor-version":[{"id":16413,"href":"https:\/\/blog.sub.uni-hamburg.de\/index.php?rest_route=\/wp\/v2\/posts\/16406\/revisions\/16413"}],"wp:attachment":[{"href":"https:\/\/blog.sub.uni-hamburg.de\/index.php?rest_route=%2Fwp%2Fv2%2Fmedia&parent=16406"}],"wp:term":[{"taxonomy":"category","embeddable":true,"href":"https:\/\/blog.sub.uni-hamburg.de\/index.php?rest_route=%2Fwp%2Fv2%2Fcategories&post=16406"},{"taxonomy":"post_tag","embeddable":true,"href":"https:\/\/blog.sub.uni-hamburg.de\/index.php?rest_route=%2Fwp%2Fv2%2Ftags&post=16406"}],"curies":[{"name":"wp","href":"https:\/\/api.w.org\/{rel}","templated":true}]}}