{"id":16344,"date":"2014-10-27T17:15:36","date_gmt":"2014-10-27T16:15:36","guid":{"rendered":"http:\/\/blog.sub.uni-hamburg.de\/?p=16344"},"modified":"2014-11-14T09:10:27","modified_gmt":"2014-11-14T08:10:27","slug":"gewalt-gegen-frauen-in-familie-und-beziehungen-13-11","status":"publish","type":"post","link":"https:\/\/blog.sub.uni-hamburg.de\/?p=16344","title":{"rendered":"Gewalt gegen Frauen in Familie und Beziehungen (13.11.)"},"content":{"rendered":"<p><img loading=\"lazy\" decoding=\"async\" style=\"float: right; padding-right: 0px; margin-left: 25px; margin-bottom: 25px;\" src=\"https:\/\/blog.sub.uni-hamburg.de\/wp-content\/uploads\/2014\/10\/gewaltgnfrauen.jpg\" alt=\"gewaltgnfrauen\" width=\"350\" height=\"245\" \/> Der Arbeitskreis sozialdemokratischer Frauen (AsF) Eimsb\u00fcttel und Altona l\u00e4dt zur Diskussion zum Thema:<br \/>\n<strong>\u201eGewalt gegen Frauen in Familie und Beziehungen\u201c<\/strong> ein.<\/p>\n<p>Moderation: Britta Schlage<\/p>\n<p>Es diskutieren am <strong>Donnerstag, 13. November 2014 um 19 Uhr im Vortragsraum der Stabi<\/strong> (1. Etage):<\/p>\n<ul>\n<\/ul>\n<ul>\n<li><strong>Hendrikje Blandow-Schlegel<\/strong> (stellvertretende Distriktsvorsitzende der SPD Harvestehude Rotherbaum) kann, wenn es um das Thema &#8220;Gewalt gegen Frauen&#8221; geht, auf eine jahrzehntelange Erfahrung als Fachanw\u00e4ltin f\u00fcr Familienrecht zur\u00fcckgreifen. Frau\u00a0 Blandow-Schlegel ist seit 30 Jahren in der SPD engagiert, wobei die Frauenpolitik ihr besonders am Herzen liegt. Zudem ist sie seit 20 Jahren Fachanw\u00e4ltin f\u00fcr Familienrecht und arbeitet seit 17 Jahren in der \u00d6ffentlichen Rechtsauskunft (\u00d6RA).<\/li>\n<\/ul>\n<p><!--more--><\/p>\n<ul>\n<li><strong>pro-aktiv Hamburg<\/strong>: Wir \u2013 ein Team von Dipl.-Sozialp\u00e4dagoginnen und Dipl.-Psychologinnen \u2013 beraten und unterst\u00fctzen Menschen, die Opfer von Beziehungsgewalt (h\u00e4usliche Gewalt\/Stalking) geworden sind. Ziele unserer Arbeit sind, die Betroffenen und ihre Kinder vor weiteren \u00dcbergriffen zu sch\u00fctzen und mit ihnen Perspektiven f\u00fcr ein gewaltfreies Leben zu entwickeln.<\/li>\n<li><strong>Hans-J\u00fcrgen Wielsch<\/strong>, Leiter der Beratungsstelle M\u00e4nner gegen M\u00e4nnerGewalt Hamburg, im Beratungsgespr\u00e4ch mit einem gewaltt\u00e4tigen Mann. Die Beratungsstelle bietet M\u00e4nnern mit gewaltt\u00e4tigem Konfliktverhalten und T\u00e4tern h\u00e4uslicher Gewalt Beratung zur Ver\u00e4nderung ihres gewaltt\u00e4tigen Verhaltens.<\/li>\n<li><strong>Martin Sch\u00e4fer<\/strong> ist Mitglied der Hamburgischen B\u00fcrgerschaft und Wahlkreisabgeordneter f\u00fcr Harvestehude-Rotherbaum und Eimsb\u00fcttel-S\u00fcd. Er geh\u00f6rt der B\u00fcrgerschaft bereits seit 1997 an und ist stellvertretender Fraktionsvorsitzender der SPD-B\u00fcrgerschaftsfraktion und gesundheitspolitischer Sprecher.<\/li>\n<\/ul>\n<p>Wir freuen uns, Sie zu unserer Veranstaltungsreihe \u201eFrauen und Gewalt\u201c einladen zu k\u00f6nnen. Wir w\u00fcnschen uns, dass wir gemeinsam das Thema in all seinen Aspekten vertiefend ausleuchten k\u00f6nnen.<\/p>\n<p>Konstanze Hinrichs-Schmidtke &amp; Sandra Goetz<br \/>\nAsF Vorstand Eimsb\u00fcttel &amp; Altona<\/p>\n","protected":false},"excerpt":{"rendered":"<p>Der Arbeitskreis sozialdemokratischer Frauen (AsF) Eimsb\u00fcttel und Altona l\u00e4dt zur Diskussion zum Thema: \u201eGewalt gegen Frauen in Familie und Beziehungen\u201c ein. Moderation: Britta Schlage Es diskutieren am Donnerstag, 13. November 2014 um 19 Uhr im Vortragsraum der Stabi (1. Etage): Hendrikje Blandow-Schlegel (stellvertretende Distriktsvorsitzende der SPD Harvestehude Rotherbaum) kann, wenn es um das Thema &#8220;Gewalt [&hellip;]<\/p>\n","protected":false},"author":19,"featured_media":0,"comment_status":"open","ping_status":"open","sticky":false,"template":"","format":"standard","meta":{"jetpack_post_was_ever_published":false,"_jetpack_newsletter_access":"","_jetpack_dont_email_post_to_subs":false,"_jetpack_newsletter_tier_id":0,"_jetpack_memberships_contains_paywalled_content":false,"_jetpack_memberships_contains_paid_content":false,"footnotes":"","jetpack_publicize_message":"","jetpack_publicize_feature_enabled":true,"jetpack_social_post_already_shared":false,"jetpack_social_options":{"image_generator_settings":{"template":"highway","default_image_id":0,"font":"","enabled":false},"version":2}},"categories":[9],"tags":[],"class_list":["post-16344","post","type-post","status-publish","format-standard","hentry","category-ausstellungen"],"views":3676,"jetpack_publicize_connections":[],"jetpack_featured_media_url":"","jetpack_shortlink":"https:\/\/wp.me\/p7hfNR-4fC","jetpack-related-posts":[{"id":41725,"url":"https:\/\/blog.sub.uni-hamburg.de\/?p=41725","url_meta":{"origin":16344,"position":0},"title":"IndieStabi: \u201eRechtsstaat und Patriarchat. Eine Geschichte sexueller Gewalt in der Bundesrepublik 1973 bis 1997\u201c (Hamburger Edition) (21.1.)","author":"Markus Trapp","date":"06-01-26","format":false,"excerpt":"Mittwoch, 21.1., 19 Uhr, Vortragsraum. Die #MeToo-Bewegung hat das Ph\u00e4nomen der sexuellen Bel\u00e4stigung und Gewalt Ende der 2010er Jahre erneut in den Fokus der Aufmerksamkeit ger\u00fcckt. Weitgehend vergessen hingegen ist der Aktivismus der Neuen Frauenbewegung, die seit den 1970er Jahren m\u00e4nnliche Gewalt gegen Frauen in der Bundesrepublik skandalisierte. Die Historikerin\u2026","rel":"","context":"In &quot;Ausstellungen und Veranstaltungen&quot;","block_context":{"text":"Ausstellungen und Veranstaltungen","link":"https:\/\/blog.sub.uni-hamburg.de\/?cat=9"},"img":{"alt_text":"Rechtsstaat und Patriarchat","src":"https:\/\/i0.wp.com\/blog.sub.uni-hamburg.de\/wp-content\/uploads\/2026\/01\/rechtsstaat-und-patriarchat.jpg?resize=350%2C200&ssl=1","width":350,"height":200},"classes":[]},{"id":18553,"url":"https:\/\/blog.sub.uni-hamburg.de\/?p=18553","url_meta":{"origin":16344,"position":1},"title":"Ausstellung \u201eAutorinnen aus Indonesien\u201c in der Bibliothek des Asien-Afrika-Instituts","author":"Markus Trapp","date":"08-10-15","format":false,"excerpt":"Die Bibliothek des Asien-Afrika-Instituts zeigt ab Oktober eine von der Studentin Nicole Freitag organisierte Ausstellung. In der Eingangsvitrine sind, passend zur Frankfurter Buchmesse, Werke zum Thema \u201eAutorinnen aus Indonesien\u201c zu sehen. In ihrer Heimat sind beispielsweise Laksmi Pamuntjak (* 1971), Ayu Utami (* 1968) oder Leila S. Chudori (* 1962)\u2026","rel":"","context":"In &quot;Ausstellungen und Veranstaltungen&quot;","block_context":{"text":"Ausstellungen und Veranstaltungen","link":"https:\/\/blog.sub.uni-hamburg.de\/?cat=9"},"img":{"alt_text":"","src":"https:\/\/i0.wp.com\/blog.sub.uni-hamburg.de\/wp-content\/uploads\/2015\/10\/100_7338-113x150.jpg?resize=350%2C200&ssl=1","width":350,"height":200,"srcset":"https:\/\/i0.wp.com\/blog.sub.uni-hamburg.de\/wp-content\/uploads\/2015\/10\/100_7338-113x150.jpg?resize=350%2C200&ssl=1 1x, https:\/\/i0.wp.com\/blog.sub.uni-hamburg.de\/wp-content\/uploads\/2015\/10\/100_7338-113x150.jpg?resize=525%2C300&ssl=1 1.5x, https:\/\/i0.wp.com\/blog.sub.uni-hamburg.de\/wp-content\/uploads\/2015\/10\/100_7338-113x150.jpg?resize=700%2C400&ssl=1 2x, https:\/\/i0.wp.com\/blog.sub.uni-hamburg.de\/wp-content\/uploads\/2015\/10\/100_7338-113x150.jpg?resize=1050%2C600&ssl=1 3x, https:\/\/i0.wp.com\/blog.sub.uni-hamburg.de\/wp-content\/uploads\/2015\/10\/100_7338-113x150.jpg?resize=1400%2C800&ssl=1 4x"},"classes":[]},{"id":13447,"url":"https:\/\/blog.sub.uni-hamburg.de\/?p=13447","url_meta":{"origin":16344,"position":2},"title":"Szenische Rundg\u00e4nge online: Landeszentrale f\u00fcr politische Bildung setzt Hamburgs Geschichte in Szene","author":"HS","date":"20-12-13","format":false,"excerpt":"Seit \u00fcber 13 Jahren bietet die Landeszentrale f\u00fcr politische Bildung szenische Rundg\u00e4nge durch Hamburgs Innenstadt an und ist damit die erste Einrichtung der Hansestadt, die diese speziellen Spazierg\u00e4nge durchf\u00fchrt. Der Andrang auf dieses Angebot ist derart gro\u00df, dass die Teilnehmergruppen meist regelm\u00e4\u00dfig nahezu \u00fcberbucht sind und die Landeszentrale den vielen\u2026","rel":"","context":"In &quot;Hamburg&quot;","block_context":{"text":"Hamburg","link":"https:\/\/blog.sub.uni-hamburg.de\/?cat=17"},"img":{"alt_text":"","src":"https:\/\/i0.wp.com\/www.hamburg.de\/image\/4238940\/rundgang_rathaus_weibliche_k%25C3%25B6rper_saal8.jpg?resize=350%2C200","width":350,"height":200},"classes":[]},{"id":21526,"url":"https:\/\/blog.sub.uni-hamburg.de\/?p=21526","url_meta":{"origin":16344,"position":3},"title":"Rechtsextreme Einstellungen in Deutschland 2016 (28.11.)","author":"Markus Trapp","date":"14-11-16","format":false,"excerpt":"Gespaltene Mitte - Feindselige Zust\u00e4nde Eine Veranstaltung der Friedrich-Ebert-Stiftung Montag, 28. November 2016, 19 Uhr Vortragsraum, 1. Etage Deutschland im Jahr 2016: Hass, Gewalt und das Bed\u00fcrfnis nach Abschottung nehmen zu. Gleichzeitig gibt es ein hohes Ma\u00df an Solidarit\u00e4t und Engagement f\u00fcr Gefl\u00fcchtete. Die Gesellschaft ist tief gespalten. Die Wahrnehmung\u2026","rel":"","context":"In &quot;Ausstellungen und Veranstaltungen&quot;","block_context":{"text":"Ausstellungen und Veranstaltungen","link":"https:\/\/blog.sub.uni-hamburg.de\/?cat=9"},"img":{"alt_text":"Gespaltene Mitte \u2013 Feindselige Zust\u00e4nde\r\nRechtextreme Einstellungen in Deutschland 2016","src":"https:\/\/i0.wp.com\/blog.sub.uni-hamburg.de\/wp-content\/uploads\/2016\/11\/gespaltene-mitte.jpg?resize=350%2C200&ssl=1","width":350,"height":200},"classes":[]},{"id":32296,"url":"https:\/\/blog.sub.uni-hamburg.de\/?p=32296","url_meta":{"origin":16344,"position":4},"title":"Stabi restituiert gemeinsam mit der ZB Recht NS-Raubgut an die Friedrich-Ebert-Stiftung","author":"Redaktion","date":"18-11-21","format":false,"excerpt":"Von der Arbeitsstelle Provenienzforschung. Am 17. November 2021 hat die Stabi zusammen mit der Zentralbibliothek Recht \u00fcber 100 B\u00fccher, Briefe und Materialien zu Otto von Bismarck an die Friedrich-Ebert-Stiftung e.V. restituiert. Die Unterzeichnung der Restitutionsvereinbarung und die \u00dcbergabe der Sammlung fanden in Gegenwart einer Vertreterin der FES und einiger geladener\u2026","rel":"","context":"In &quot;Aktuelles&quot;","block_context":{"text":"Aktuelles","link":"https:\/\/blog.sub.uni-hamburg.de\/?cat=1"},"img":{"alt_text":"Stabi-Direktor Prof. Robert Zepf und Regine Schoch von der FES mit der Restitutionsvereinbarung","src":"https:\/\/i0.wp.com\/blog.sub.uni-hamburg.de\/wp-content\/uploads\/2021\/11\/res-fes-IMG-3650.jpg?resize=350%2C200&ssl=1","width":350,"height":200,"srcset":"https:\/\/i0.wp.com\/blog.sub.uni-hamburg.de\/wp-content\/uploads\/2021\/11\/res-fes-IMG-3650.jpg?resize=350%2C200&ssl=1 1x, https:\/\/i0.wp.com\/blog.sub.uni-hamburg.de\/wp-content\/uploads\/2021\/11\/res-fes-IMG-3650.jpg?resize=525%2C300&ssl=1 1.5x"},"classes":[]},{"id":3494,"url":"https:\/\/blog.sub.uni-hamburg.de\/?p=3494","url_meta":{"origin":16344,"position":5},"title":"Abschlussveranstaltung Treffpunkt Bibliothek nun online","author":"Markus Trapp","date":"01-11-10","format":false,"excerpt":"Die gestrige bundesweite Abschlussveranstaltung der Aktionswoche Treffpunkt Bibliothek in den R\u00e4umlichkeiten der Zentralbibliothek der Hamburger B\u00fccherhallen bot neben einer kurzen R\u00fcckschau auf die zahlreichen Veranstaltungen im ganzen Land, dem Vorf\u00fchren von Best-Practise-Beispielen Hamburger Medienprojekte und Bibliotheken eine gut besetzte Podiumsdiskussion zum Thema \"Chancen und Risiken des Internets f\u00fcr Kinder und\u2026","rel":"","context":"In &quot;Aktuelles&quot;","block_context":{"text":"Aktuelles","link":"https:\/\/blog.sub.uni-hamburg.de\/?cat=1"},"img":{"alt_text":"","src":"https:\/\/i0.wp.com\/blog.sub.uni-hamburg.de\/wp-content\/uploads\/2010\/11\/be-sm-mzkl.jpg?resize=350%2C200&ssl=1","width":350,"height":200},"classes":[]}],"jetpack_sharing_enabled":true,"_links":{"self":[{"href":"https:\/\/blog.sub.uni-hamburg.de\/index.php?rest_route=\/wp\/v2\/posts\/16344","targetHints":{"allow":["GET"]}}],"collection":[{"href":"https:\/\/blog.sub.uni-hamburg.de\/index.php?rest_route=\/wp\/v2\/posts"}],"about":[{"href":"https:\/\/blog.sub.uni-hamburg.de\/index.php?rest_route=\/wp\/v2\/types\/post"}],"author":[{"embeddable":true,"href":"https:\/\/blog.sub.uni-hamburg.de\/index.php?rest_route=\/wp\/v2\/users\/19"}],"replies":[{"embeddable":true,"href":"https:\/\/blog.sub.uni-hamburg.de\/index.php?rest_route=%2Fwp%2Fv2%2Fcomments&post=16344"}],"version-history":[{"count":8,"href":"https:\/\/blog.sub.uni-hamburg.de\/index.php?rest_route=\/wp\/v2\/posts\/16344\/revisions"}],"predecessor-version":[{"id":16388,"href":"https:\/\/blog.sub.uni-hamburg.de\/index.php?rest_route=\/wp\/v2\/posts\/16344\/revisions\/16388"}],"wp:attachment":[{"href":"https:\/\/blog.sub.uni-hamburg.de\/index.php?rest_route=%2Fwp%2Fv2%2Fmedia&parent=16344"}],"wp:term":[{"taxonomy":"category","embeddable":true,"href":"https:\/\/blog.sub.uni-hamburg.de\/index.php?rest_route=%2Fwp%2Fv2%2Fcategories&post=16344"},{"taxonomy":"post_tag","embeddable":true,"href":"https:\/\/blog.sub.uni-hamburg.de\/index.php?rest_route=%2Fwp%2Fv2%2Ftags&post=16344"}],"curies":[{"name":"wp","href":"https:\/\/api.w.org\/{rel}","templated":true}]}}