{"id":16335,"date":"2014-10-27T11:28:52","date_gmt":"2014-10-27T10:28:52","guid":{"rendered":"http:\/\/blog.sub.uni-hamburg.de\/?p=16335"},"modified":"2014-11-13T08:05:58","modified_gmt":"2014-11-13T07:05:58","slug":"prof-weiss-mythos-hammaburg-12-11","status":"publish","type":"post","link":"https:\/\/blog.sub.uni-hamburg.de\/?p=16335","title":{"rendered":"Prof.  Weiss: Mythos Hammaburg (12.11.)"},"content":{"rendered":"<p><a href=\"https:\/\/blog.sub.uni-hamburg.de\/wp-content\/uploads\/2014\/10\/Vortrag-Weiss-Modell-gr.jpg\"><img loading=\"lazy\" decoding=\"async\" src=\"https:\/\/blog.sub.uni-hamburg.de\/wp-content\/uploads\/2014\/10\/Vortrag-Weiss-Modell.jpg\" alt=\"Vortrag-Weiss-Modell\" width=\"550\" height=\"389\" style=\"float: none;\" \/><\/a> <\/p>\n<p><strong>Vortrag Prof. Dr. Rainer-Maria Weiss:<br \/>\nMythos Hammaburg. Vom Suchen und Finden der Anf\u00e4nge Hamburgs<\/strong><\/p>\n<p>Die Hammaburg, Keimzelle und Namensgeberin der Stadt Hamburg, vermutet man seit jeher im Bereich des Domplatzes. Mehrmals stand das historisch bedeutsame Gel\u00e4nde im Zentrum gro\u00dfer arch\u00e4ologischer Ausgrabungskampagnen. Eine Neubewertung der bisherigen Grabungsergebnisse erlaubt heute ein neues Bild von den Urspr\u00fcngen Hamburgs. Erstmals kann damit die fr\u00fcheste Stadtgeschichte und Stadtwerdung Hamburgs umfassend dargestellt werden. <\/p>\n<p>Im Fokus des Vortrages stehen die verschiedenen baugeschichtlichen Phasen des Domplatzes sowie die Abfolge der verschiedenen Befestigungsanlagen. Dabei wird der Referent \u00fcber die lokale stadtgeschichtliche Perspektive hinaus aufzeigen, welche politische Rolle der Hammaburg zukam. Prof. Dr. Rainer-Maria Weiss ist Landesarch\u00e4ologe und Direktor des Arch\u00e4ologischen Museums Hamburg, Stadtmuseum Harburg (Helms-Museum).<br \/>\n<!--more--><\/p>\n<p><a href=\"http:\/\/amh.de\/index.php\/news\/18313\"><img loading=\"lazy\" decoding=\"async\" src=\"https:\/\/blog.sub.uni-hamburg.de\/wp-content\/uploads\/2014\/10\/mythos-hammaburg.jpg\" alt=\"mythos-hammaburg\" width=\"200\" height=\"250\" style=\"float: right; padding-right:0px; margin-left:25px; margin-bottom:25px;\" \/><\/a>  Eine Veranstaltung des <a href=\"http:\/\/www.vfhg.de\/veranstaltungen\/kalender\/icalrepeat.detail\/2014\/11\/12\/133\/-\/r-m-weiss-mythos-hammaburg.html\">Vereins f\u00fcr Hamburgische Geschichte<\/a> in Zusammenarbeit mit der Staats- und Universit\u00e4tsbibliothek Hamburg.<\/p>\n<p><strong>Mittwoch, 12. November 2014, 18 Uhr<br \/>\nOrt: Vortragsraum, 1. Etage, Eintritt frei.<\/strong><\/p>\n<p>Eine Ausstellung mit dem Titel \u00ab<a href=\"http:\/\/amh.de\/index.php\/news\/18313\">Mythos Hammaburg<\/a> \u2013 Arch\u00e4ologische Entdeckungen zu den Anf\u00e4ngen Hamburg\u00bb ist vom 31. Oktober 2014 bis 26. April 2015 im Arch\u00e4ologischen Museum Hamburg zu sehen:<\/p>\n<blockquote><p>In jahrelanger Feinarbeit haben die Arch\u00e4ologen nun das Puzzle zusammengesetzt, die historischen \u00dcberlieferungen mit den aktuellen Grabungsergebnissen verkn\u00fcpft und die fr\u00fcheste Stadtgeschichte Hamburgs in einer Ausstellung umfassend dargestellt.<\/p><\/blockquote>\n","protected":false},"excerpt":{"rendered":"<p>Vortrag Prof. Dr. Rainer-Maria Weiss: Mythos Hammaburg. Vom Suchen und Finden der Anf\u00e4nge Hamburgs Die Hammaburg, Keimzelle und Namensgeberin der Stadt Hamburg, vermutet man seit jeher im Bereich des Domplatzes. Mehrmals stand das historisch bedeutsame Gel\u00e4nde im Zentrum gro\u00dfer arch\u00e4ologischer Ausgrabungskampagnen. Eine Neubewertung der bisherigen Grabungsergebnisse erlaubt heute ein neues Bild von den Urspr\u00fcngen Hamburgs. [&hellip;]<\/p>\n","protected":false},"author":19,"featured_media":0,"comment_status":"open","ping_status":"open","sticky":false,"template":"","format":"standard","meta":{"jetpack_post_was_ever_published":false,"_jetpack_newsletter_access":"","_jetpack_dont_email_post_to_subs":false,"_jetpack_newsletter_tier_id":0,"_jetpack_memberships_contains_paywalled_content":false,"_jetpack_memberships_contains_paid_content":false,"footnotes":"","jetpack_publicize_message":"","jetpack_publicize_feature_enabled":true,"jetpack_social_post_already_shared":false,"jetpack_social_options":{"image_generator_settings":{"template":"highway","default_image_id":0,"font":"","enabled":false},"version":2}},"categories":[9,17],"tags":[],"class_list":["post-16335","post","type-post","status-publish","format-standard","hentry","category-ausstellungen","category-hamburg"],"views":4555,"jetpack_publicize_connections":[],"jetpack_featured_media_url":"","jetpack_shortlink":"https:\/\/wp.me\/p7hfNR-4ft","jetpack-related-posts":[{"id":24503,"url":"https:\/\/blog.sub.uni-hamburg.de\/?p=24503","url_meta":{"origin":16335,"position":0},"title":"Prof. Weiss: Nach der Hammaburg (21.3.)","author":"Markus Trapp","date":"07-03-18","format":false,"excerpt":"Vortrag Prof. Dr. Rainer-Maria Weiss: Nach der Hammaburg \u2013 Die Neue Burg und die Gr\u00fcndung der Hamburger Neustadt im Spiegel aktueller arch\u00e4ologischer Forschungen. Lange war unklar, wann die Hammaburg aufgegeben wurde, und nahm man an, ihr sei die Alsterburg nachgefolgt. Ausgrabungen am Hopfenmarkt f\u00fchrten nun zu neuen Erkenntnissen. Sie geben\u2026","rel":"","context":"In &quot;Ausstellungen und Veranstaltungen&quot;","block_context":{"text":"Ausstellungen und Veranstaltungen","link":"https:\/\/blog.sub.uni-hamburg.de\/?cat=9"},"img":{"alt_text":"","src":"https:\/\/i0.wp.com\/blog.sub.uni-hamburg.de\/wp-content\/uploads\/2018\/03\/18-VHG-03-image001.jpg?resize=350%2C200&ssl=1","width":350,"height":200,"srcset":"https:\/\/i0.wp.com\/blog.sub.uni-hamburg.de\/wp-content\/uploads\/2018\/03\/18-VHG-03-image001.jpg?resize=350%2C200&ssl=1 1x, https:\/\/i0.wp.com\/blog.sub.uni-hamburg.de\/wp-content\/uploads\/2018\/03\/18-VHG-03-image001.jpg?resize=525%2C300&ssl=1 1.5x"},"classes":[]},{"id":14372,"url":"https:\/\/blog.sub.uni-hamburg.de\/?p=14372","url_meta":{"origin":16335,"position":1},"title":"In der Stadt verankert \u2013 175 Jahre Verein f\u00fcr Hamburgische Geschichte (8.5. &#8211; 22.6.)","author":"Markus Trapp","date":"25-04-14","format":false,"excerpt":"Ausstellung vom 8. Mai bis 22. Juni 2014: In der Stadt verankert \u2013 175 Jahre Verein f\u00fcr Hamburgische Geschichte Das muss gefeiert werden! Hamburgs Geschichte in nahezu all ihren Facetten wird seit 175 Jahren vom Verein f\u00fcr Hamburgische Geschichte (VHG) erforscht, beschrieben, vorgetragen und mit Stadtspazierg\u00e4ngen erkundet \u2013 von Hammaburg\u2026","rel":"","context":"In &quot;Ausstellungen und Veranstaltungen&quot;","block_context":{"text":"Ausstellungen und Veranstaltungen","link":"https:\/\/blog.sub.uni-hamburg.de\/?cat=9"},"img":{"alt_text":"","src":"https:\/\/i0.wp.com\/blog.sub.uni-hamburg.de\/wp-content\/uploads\/2014\/04\/vhg-collage.jpg?resize=350%2C200&ssl=1","width":350,"height":200,"srcset":"https:\/\/i0.wp.com\/blog.sub.uni-hamburg.de\/wp-content\/uploads\/2014\/04\/vhg-collage.jpg?resize=350%2C200&ssl=1 1x, https:\/\/i0.wp.com\/blog.sub.uni-hamburg.de\/wp-content\/uploads\/2014\/04\/vhg-collage.jpg?resize=525%2C300&ssl=1 1.5x, https:\/\/i0.wp.com\/blog.sub.uni-hamburg.de\/wp-content\/uploads\/2014\/04\/vhg-collage.jpg?resize=700%2C400&ssl=1 2x"},"classes":[]},{"id":19077,"url":"https:\/\/blog.sub.uni-hamburg.de\/?p=19077","url_meta":{"origin":16335,"position":2},"title":"Hamburgs (post-)koloniales Erbe und seine historische Aufarbeitung (2.12.)","author":"Markus Trapp","date":"16-11-15","format":false,"excerpt":"Prof. Dr. J\u00fcrgen Zimmerer und Prof. Dr. Rainer Nicolaysen: Hamburgs (post-)koloniales Erbe und seine historische Aufarbeitung. Ein Gespr\u00e4ch Hamburg ist die Stadt in Deutschland, die am st\u00e4rksten vom Kolonialismus profitierte und am st\u00e4rksten in den europ\u00e4ischen Kolonialismus involviert war. Noch immer aber steht eine kritische Besch\u00e4ftigung mit diesem Teil der\u2026","rel":"","context":"In &quot;Ausstellungen und Veranstaltungen&quot;","block_context":{"text":"Ausstellungen und Veranstaltungen","link":"https:\/\/blog.sub.uni-hamburg.de\/?cat=9"},"img":{"alt_text":"","src":"https:\/\/i0.wp.com\/blog.sub.uni-hamburg.de\/wp-content\/uploads\/2015\/11\/VHG-Askari-Relief.jpg?resize=350%2C200&ssl=1","width":350,"height":200,"srcset":"https:\/\/i0.wp.com\/blog.sub.uni-hamburg.de\/wp-content\/uploads\/2015\/11\/VHG-Askari-Relief.jpg?resize=350%2C200&ssl=1 1x, https:\/\/i0.wp.com\/blog.sub.uni-hamburg.de\/wp-content\/uploads\/2015\/11\/VHG-Askari-Relief.jpg?resize=525%2C300&ssl=1 1.5x"},"classes":[]},{"id":31530,"url":"https:\/\/blog.sub.uni-hamburg.de\/?p=31530","url_meta":{"origin":16335,"position":3},"title":"Shortlist HamburgLesen 2021","author":"Markus Trapp","date":"08-07-21","format":false,"excerpt":"Im Herbst ist es wieder soweit: Zum nunmehr neunten Mal vergibt die Staats- und Universit\u00e4tsbibliothek ihren Buchpreis HamburgLesen an ein Buch der aktuellen \"Jahresproduktion\", das sich in herausragender Weise mit dem Thema Hamburg befasst. Der Buchpreis HamburgLesen steht unter der Schirmherrschaft der Senatorin f\u00fcr Wissenschaft, Forschung, Gleichstellung und Bezirke, Katharina\u2026","rel":"","context":"In &quot;Aktuelles&quot;","block_context":{"text":"Aktuelles","link":"https:\/\/blog.sub.uni-hamburg.de\/?cat=1"},"img":{"alt_text":"","src":"https:\/\/i0.wp.com\/blog.sub.uni-hamburg.de\/wp-content\/uploads\/2021\/07\/shortlist2021mitlogo.jpg?resize=350%2C200&ssl=1","width":350,"height":200,"srcset":"https:\/\/i0.wp.com\/blog.sub.uni-hamburg.de\/wp-content\/uploads\/2021\/07\/shortlist2021mitlogo.jpg?resize=350%2C200&ssl=1 1x, https:\/\/i0.wp.com\/blog.sub.uni-hamburg.de\/wp-content\/uploads\/2021\/07\/shortlist2021mitlogo.jpg?resize=525%2C300&ssl=1 1.5x"},"classes":[]},{"id":41189,"url":"https:\/\/blog.sub.uni-hamburg.de\/?p=41189","url_meta":{"origin":16335,"position":4},"title":"Vorstellung des neuen Bandes 111 (2025) der Zeitschrift des Vereins f\u00fcr Hamburgische Geschichte (26.11.)","author":"Markus Trapp","date":"11-11-25","format":false,"excerpt":"Mittwoch, 26.11., 18 Uhr, Vortragsraum. Auch in diesem Jahr stellt der Verein f\u00fcr Hamburgische Geschichte (VHG) den neuen Band seiner Zeitschrift in einer \u00f6ffentlichen Veranstaltung Mitgliedern und G\u00e4sten vor. Die vier Aufs\u00e4tze zur mittelalterlichen und fr\u00fchneuzeitlichen Stadtgeschichte werden in kurzen \u201eStatements\u201c von \u201eErstleser:innen\u201c (nicht von den Autor:innen selbst) vorgestellt. Das\u2026","rel":"","context":"In &quot;Ausstellungen und Veranstaltungen&quot;","block_context":{"text":"Ausstellungen und Veranstaltungen","link":"https:\/\/blog.sub.uni-hamburg.de\/?cat=9"},"img":{"alt_text":"Verein f\u00fcr Hamburgische Geschichte","src":"https:\/\/i0.wp.com\/blog.sub.uni-hamburg.de\/wp-content\/uploads\/2019\/09\/vhg-logo.jpg?resize=350%2C200&ssl=1","width":350,"height":200},"classes":[]},{"id":41039,"url":"https:\/\/blog.sub.uni-hamburg.de\/?p=41039","url_meta":{"origin":16335,"position":5},"title":"Buchvorstellung und Gespr\u00e4ch &#8211; Petra Oelker: \u201eDas Haus am G\u00e4nsemarkt\u201c (5.11.)","author":"Markus Trapp","date":"21-10-25","format":false,"excerpt":"Mittwoch, 5.11., 18 Uhr, Vortragsraum. Petra Oelker hat mit ihren elf Kriminalromanen aus dem alten Hamburg viele Leser:innen gefunden. Mit Biografien w\u00fcrdigte sie Friederike Caroline Neuber und Eva K\u00f6nig-Lessing. Nun hat sie sich mit dem historischen Roman \u201eDas Haus am G\u00e4nsemarkt\u201c der Franzosenzeit in Hamburg zugewandt, einer der wichtigsten und\u2026","rel":"","context":"In &quot;Ausstellungen und Veranstaltungen&quot;","block_context":{"text":"Ausstellungen und Veranstaltungen","link":"https:\/\/blog.sub.uni-hamburg.de\/?cat=9"},"img":{"alt_text":"Petra Oelker: 'Das Haus am G\u00e4nsemarkt'","src":"https:\/\/blog.sub.uni-hamburg.de\/wp-content\/uploads\/2025\/10\/oelker-gaensemarkt.avif","width":350,"height":200},"classes":[]}],"jetpack_sharing_enabled":true,"_links":{"self":[{"href":"https:\/\/blog.sub.uni-hamburg.de\/index.php?rest_route=\/wp\/v2\/posts\/16335","targetHints":{"allow":["GET"]}}],"collection":[{"href":"https:\/\/blog.sub.uni-hamburg.de\/index.php?rest_route=\/wp\/v2\/posts"}],"about":[{"href":"https:\/\/blog.sub.uni-hamburg.de\/index.php?rest_route=\/wp\/v2\/types\/post"}],"author":[{"embeddable":true,"href":"https:\/\/blog.sub.uni-hamburg.de\/index.php?rest_route=\/wp\/v2\/users\/19"}],"replies":[{"embeddable":true,"href":"https:\/\/blog.sub.uni-hamburg.de\/index.php?rest_route=%2Fwp%2Fv2%2Fcomments&post=16335"}],"version-history":[{"count":5,"href":"https:\/\/blog.sub.uni-hamburg.de\/index.php?rest_route=\/wp\/v2\/posts\/16335\/revisions"}],"predecessor-version":[{"id":16343,"href":"https:\/\/blog.sub.uni-hamburg.de\/index.php?rest_route=\/wp\/v2\/posts\/16335\/revisions\/16343"}],"wp:attachment":[{"href":"https:\/\/blog.sub.uni-hamburg.de\/index.php?rest_route=%2Fwp%2Fv2%2Fmedia&parent=16335"}],"wp:term":[{"taxonomy":"category","embeddable":true,"href":"https:\/\/blog.sub.uni-hamburg.de\/index.php?rest_route=%2Fwp%2Fv2%2Fcategories&post=16335"},{"taxonomy":"post_tag","embeddable":true,"href":"https:\/\/blog.sub.uni-hamburg.de\/index.php?rest_route=%2Fwp%2Fv2%2Ftags&post=16335"}],"curies":[{"name":"wp","href":"https:\/\/api.w.org\/{rel}","templated":true}]}}