{"id":16280,"date":"2014-10-22T14:23:05","date_gmt":"2014-10-22T12:23:05","guid":{"rendered":"http:\/\/blog.sub.uni-hamburg.de\/?p=16280"},"modified":"2014-11-07T09:35:37","modified_gmt":"2014-11-07T08:35:37","slug":"mesoamerika-vortrag-vom-hungern-und-vom-essen-6-11","status":"publish","type":"post","link":"https:\/\/blog.sub.uni-hamburg.de\/?p=16280","title":{"rendered":"Mesoamerika-Vortrag &#8220;Vom Hungern und vom Essen\u2026&#8221; (6.11.)"},"content":{"rendered":"<p><a href=\"https:\/\/blog.sub.uni-hamburg.de\/wp-content\/uploads\/2014\/10\/Mesos-Nov-Truthuehner-gr.jpg\"><img loading=\"lazy\" decoding=\"async\" src=\"https:\/\/blog.sub.uni-hamburg.de\/wp-content\/uploads\/2014\/10\/Mesos-Nov-Truthuehner.jpg\" alt=\"Truthuehner, Foto: Ute Sch\u00fcren\" title=\"Truthuehner, Foto: Ute Sch\u00fcren\" width=\"550\" height=\"356\" style=\"float: none;\" \/><\/a> <\/p>\n<p><strong>Vortrag von <a href=\"http:\/\/wiki.cibera.de\/index.php\/Sch\u00fcren,_Dr._Ute\">Dr. Ute Sch\u00fcren<\/a>:<br \/>\nVom Hungern und vom Essen: Nahrungsmangel und Konsumwandel im Gefolge der spanischen Eroberung Yucat\u00e1ns<\/strong><\/p>\n<p>Unter dem Begriff des &#8220;Columbian Exchange&#8221;werden vielf\u00e4ltige Prozesse des G\u00fctertausches, aber auch die Verbreitung von verheerenden Sch\u00e4dlingen und Krankheiten zwischen den Kontinenten sowie die Folgen dieser Prozesse nach der Entdeckung Amerikas durch Kolumbus zusammengefasst.<\/p>\n<p>Der Vortrag beleuchtet am Beispiel der Halbinsel Yucat\u00e1n einige Konsequenzen des &#8220;Kolumbianischen Austausches&#8221; f\u00fcr die Versorgungslage und die Produktions- und Konsumgewohnheiten der Menschen aus indigener und aus spanischer Sicht. Da Eroberer und Kolonisten ungern auf heimische Produkte verzichteten, umfasste der G\u00fctertransfer nach Amerika auch Tiere und Pflanzen f\u00fcr den t\u00e4glichen Bedarf. Huhn und Schwein z.B. trugen unter der indigenen Bev\u00f6lkerung ma\u00dfgeblich zum Konsumwandel bei. Zun\u00e4chst brachte die spanische Pr\u00e4senz jedoch existentielle Bedrohungen infolge von Krieg, Pl\u00fcnderungen und Krankheiten.<\/p>\n<p><strong>Donnerstag, 6. November 2014, 18.15 Uhr<br \/>\nOrt: Vortragsraum, 1. Etage, Eintritt frei.<\/strong><\/p>\n<p><!--more--><\/p>\n<p><a href=\"https:\/\/blog.sub.uni-hamburg.de\/wp-content\/uploads\/2014\/10\/Mesos-Nov-Truthuehner-gr.jpg\"><img loading=\"lazy\" decoding=\"async\" src=\"https:\/\/blog.sub.uni-hamburg.de\/wp-content\/uploads\/2014\/10\/Mesos-Nov-Truthuehner-det.jpg\" alt=\"Truthuehner, Foto: Ute Sch\u00fcren\" title=\"Truthuehner, Foto: Ute Sch\u00fcren\" width=\"200\" height=\"437\" style=\"float: right; padding-right:0px; margin-left:35px; margin-bottom:25px;\" \/><\/a> Eine Veranstaltung der <a href=\"http:\/\/www.mesoamerika-gesellschaft.de\/\">Mesoamerika-Gesellschaft Hamburg<\/a> in Zusammenarbeit mit der Staats- und Universit\u00e4tsbibliothek Hamburg und der <a href=\"http:\/\/www.sub.uni-hamburg.de\/bibliotheken\/sammlungen\/linga-bibliothek.html\">Linga-Bibliothek<\/a> f\u00fcr Lateinamerika-Forschung im Rahmen der Ringvorlesung \u00ab<a href=\"http:\/\/www.aww.uni-hamburg.de\/de\/oeffentliche-vortraege\/zusaetzliche-veranstaltungen\/mesoamerika-ringvorlesung.html\">Indigene Kulturen im Spiegel von Arch\u00e4ologie, Geschichte und Ethnographie<\/a>\u00bb (Oktober 2014 \u2013 Februar 2015):<\/p>\n<blockquote><p>In der Vorlesungsreihe, die sich ausdr\u00fccklich an eine breite \u00d6ffentlichkeit mit begrenztem Vorwissen richtet, werden in diesem Semester wieder sowohl Themen der vorspanischen, als auch der kolonialen Geschichte der verschiedenen Regionen und Gesellschaften in Mesoamerika behandelt. Anhand von arch\u00e4ologischen Befunden, Schriftquellen und ethnographischen Beobachtungen k\u00f6nnen die gesellschaftlichen Entwicklungen in diesem Kulturraum nachvollzogen werden. Besonders sollen aber in diesem dritten Teil der Ringvorlesung zur Mesoamerikanistik neuere Entwicklungen und Einblicke in aktuelle Forschungsprojekte in diesem Kulturraum im Fokus stehen.<\/p><\/blockquote>\n","protected":false},"excerpt":{"rendered":"<p>Vortrag von Dr. Ute Sch\u00fcren: Vom Hungern und vom Essen: Nahrungsmangel und Konsumwandel im Gefolge der spanischen Eroberung Yucat\u00e1ns Unter dem Begriff des &#8220;Columbian Exchange&#8221;werden vielf\u00e4ltige Prozesse des G\u00fctertausches, aber auch die Verbreitung von verheerenden Sch\u00e4dlingen und Krankheiten zwischen den Kontinenten sowie die Folgen dieser Prozesse nach der Entdeckung Amerikas durch Kolumbus zusammengefasst. Der Vortrag [&hellip;]<\/p>\n","protected":false},"author":19,"featured_media":0,"comment_status":"open","ping_status":"open","sticky":false,"template":"","format":"standard","meta":{"jetpack_post_was_ever_published":false,"_jetpack_newsletter_access":"","_jetpack_dont_email_post_to_subs":false,"_jetpack_newsletter_tier_id":0,"_jetpack_memberships_contains_paywalled_content":false,"_jetpack_memberships_contains_paid_content":false,"footnotes":"","jetpack_publicize_message":"","jetpack_publicize_feature_enabled":true,"jetpack_social_post_already_shared":false,"jetpack_social_options":{"image_generator_settings":{"template":"highway","default_image_id":0,"font":"","enabled":false},"version":2}},"categories":[9],"tags":[],"class_list":["post-16280","post","type-post","status-publish","format-standard","hentry","category-ausstellungen"],"views":3183,"jetpack_publicize_connections":[],"jetpack_featured_media_url":"","jetpack_shortlink":"https:\/\/wp.me\/p7hfNR-4eA","jetpack-related-posts":[{"id":13265,"url":"https:\/\/blog.sub.uni-hamburg.de\/?p=13265","url_meta":{"origin":16280,"position":0},"title":"Im Schatten der Malinche: Die spanische Eroberung Mexikos (19.12.)","author":"Markus Trapp","date":"06-12-13","format":false,"excerpt":"Dr. Claudine Hartau (Universit\u00e4t Hamburg): Im Schatten der Malinche: Die spanische Eroberung Mexikos Update \u2013 Vortrag zum Nachschauen auf Lecture2go: Die Eroberung des aztekischen Reiches 1519 durch den Spanier Hernando Cort\u00e9s gilt als eins der spektakul\u00e4rsten Ereignisse der Weltgeschichte. Wie konnte es Cort\u00e9s mit anf\u00e4nglich nur 500 spanischen Soldaten gelingen,\u2026","rel":"","context":"In &quot;Ausstellungen und Veranstaltungen&quot;","block_context":{"text":"Ausstellungen und Veranstaltungen","link":"https:\/\/blog.sub.uni-hamburg.de\/?cat=9"},"img":{"alt_text":"","src":"https:\/\/i0.wp.com\/blog.sub.uni-hamburg.de\/wp-content\/uploads\/2013\/11\/Mesoam-Eroberung_Azteken.jpg?resize=350%2C200&ssl=1","width":350,"height":200,"srcset":"https:\/\/i0.wp.com\/blog.sub.uni-hamburg.de\/wp-content\/uploads\/2013\/11\/Mesoam-Eroberung_Azteken.jpg?resize=350%2C200&ssl=1 1x, https:\/\/i0.wp.com\/blog.sub.uni-hamburg.de\/wp-content\/uploads\/2013\/11\/Mesoam-Eroberung_Azteken.jpg?resize=525%2C300&ssl=1 1.5x"},"classes":[]},{"id":14136,"url":"https:\/\/blog.sub.uni-hamburg.de\/?p=14136","url_meta":{"origin":16280,"position":1},"title":"Ringvorlesung Mesoamerika: Neu Spanien nach der Eroberung (10.4.)","author":"Markus Trapp","date":"19-03-14","format":false,"excerpt":"Update: In Absprache mit der Referentin Dr. Elke Ruhnau, finden Sie die im Vortrag gezeigten Exponate am Ende des Artikels in hoher Aufl\u00f6sung verlinkt. Gute Nachricht f\u00fcr alle am Thema Mesoamerika Interessierten: Die beliebte Ringvorlesung wird auch im Sommersemester 2014 fortgesetzt. Zum Auftakt referiert\u2026: Dr. Elke Ruhnau, FU Berlin: Das\u2026","rel":"","context":"In &quot;Ausstellungen und Veranstaltungen&quot;","block_context":{"text":"Ausstellungen und Veranstaltungen","link":"https:\/\/blog.sub.uni-hamburg.de\/?cat=9"},"img":{"alt_text":"dd","src":"https:\/\/i0.wp.com\/blog.sub.uni-hamburg.de\/wp-content\/uploads\/2014\/03\/Codex-Telleriano.jpg?resize=350%2C200&ssl=1","width":350,"height":200},"classes":[]},{"id":17025,"url":"https:\/\/blog.sub.uni-hamburg.de\/?p=17025","url_meta":{"origin":16280,"position":2},"title":"Unterwasserarch\u00e4ologische Untersuchungen auf der Halbinsel Yucat\u00e1n, Mexiko (12.2.)","author":"Markus Trapp","date":"26-01-15","format":false,"excerpt":"Update 27.1.2015: Die Veranstaltung muss leider entfallen! Marlen Kr\u00f6ger (Christian-Albrechts-Universit\u00e4t zu Kiel): Unterwasserarch\u00e4ologische Untersuchungen auf der Halbinsel Yucat\u00e1n, Mexiko Der Vortrag besch\u00e4ftigt sich mit der Bedeutung der Cenoten und gefluteten H\u00f6hlensystemen auf der yukatekischen Halbinsel f\u00fcr unterschiedliche Forschungsbereiche. Es wird eine Auswahl subaquatischer Fundpl\u00e4tze vorgestellt, die jeweils von Bedeutung f\u00fcr\u2026","rel":"","context":"In &quot;Ausstellungen und Veranstaltungen&quot;","block_context":{"text":"Ausstellungen und Veranstaltungen","link":"https:\/\/blog.sub.uni-hamburg.de\/?cat=9"},"img":{"alt_text":"","src":"https:\/\/i0.wp.com\/blog.sub.uni-hamburg.de\/wp-content\/uploads\/2015\/01\/meso-tauchen.jpg?resize=350%2C200&ssl=1","width":350,"height":200,"srcset":"https:\/\/i0.wp.com\/blog.sub.uni-hamburg.de\/wp-content\/uploads\/2015\/01\/meso-tauchen.jpg?resize=350%2C200&ssl=1 1x, https:\/\/i0.wp.com\/blog.sub.uni-hamburg.de\/wp-content\/uploads\/2015\/01\/meso-tauchen.jpg?resize=525%2C300&ssl=1 1.5x"},"classes":[]},{"id":16451,"url":"https:\/\/blog.sub.uni-hamburg.de\/?p=16451","url_meta":{"origin":16280,"position":3},"title":"Die Maya-Inschriften in Nordwestyukatan (27.11.)","author":"Markus Trapp","date":"10-11-14","format":false,"excerpt":"Vortrag von Dr. Daniel Gra\u00f1a-Behrens: Die Maya-Inschriften in Nordwestyukatan - Einf\u00fchrung und Aktuelles aus der Forschung Die Erforschung der Maya-Inschriften hat in den letzten 30 Jahren tiefe Einblicke in Kultur und Schrift der klassischen Maya (300 bis 1000 n. Chr.) erlaubt. Abseits des Interesses an den unz\u00e4hligen Schriftzeugnissen aus dem\u2026","rel":"","context":"In &quot;Ausstellungen und Veranstaltungen&quot;","block_context":{"text":"Ausstellungen und Veranstaltungen","link":"https:\/\/blog.sub.uni-hamburg.de\/?cat=9"},"img":{"alt_text":"","src":"https:\/\/i0.wp.com\/blog.sub.uni-hamburg.de\/wp-content\/uploads\/2014\/11\/meso-11-2014-ChichenItza.jpg?resize=350%2C200&ssl=1","width":350,"height":200},"classes":[]},{"id":13644,"url":"https:\/\/blog.sub.uni-hamburg.de\/?p=13644","url_meta":{"origin":16280,"position":4},"title":"Medizin der Maya (6.2.)","author":"MG","date":"27-01-14","format":false,"excerpt":"Vortrag der Mesoamerika-Gesellschaft Hamburg Donnerstag, 6. Februar 2014, 18.15 Uhr Prof. Dr. Ortwin Smailus, Annette Kern (Universit\u00e4t Hamburg): Colliding Worlds? Maya und europ\u00e4ische Medizin in Yukatan Prallten im medizinischen Bereich wirklich zwei Denkwelten aufeinander, oder gab es doch mehr Parallelen zwischen Alter und Neuer Welt, als es den Anschein hat?\u2026","rel":"","context":"In &quot;Ausstellungen und Veranstaltungen&quot;","block_context":{"text":"Ausstellungen und Veranstaltungen","link":"https:\/\/blog.sub.uni-hamburg.de\/?cat=9"},"img":{"alt_text":"","src":"https:\/\/i0.wp.com\/blog.sub.uni-hamburg.de\/wp-content\/uploads\/2014\/01\/maya-medizin.jpg?resize=350%2C200&ssl=1","width":350,"height":200},"classes":[]},{"id":10998,"url":"https:\/\/blog.sub.uni-hamburg.de\/?p=10998","url_meta":{"origin":16280,"position":5},"title":"Mexikanische Muralisten \u2013 W\u00e4nde der Erinnerung (14.2.)","author":"Markus Trapp","date":"30-01-13","format":false,"excerpt":"Im Februar l\u00e4dt die Mesoamerika-Gesellschaft Hamburg wieder zu einem spannenden Vortrag ein, es geht um mexikanische Wandmalerei: Vortrag von Christian Br\u00fcckner: W\u00e4nde der Erinnerung - Der Freskenzyklus des mexikanischen Muralisten Xochitiotzin im Regierungspalast von Tlaxcala Donnerstag, 14. Februar 2013, 18.15 Uhr Ort: Vortragsraum, 1. Etage, Eintritt frei Diego Rivera, David\u2026","rel":"","context":"In &quot;Ausstellungen und Veranstaltungen&quot;","block_context":{"text":"Ausstellungen und Veranstaltungen","link":"https:\/\/blog.sub.uni-hamburg.de\/?cat=9"},"img":{"alt_text":"","src":"https:\/\/i0.wp.com\/blog.sub.uni-hamburg.de\/wp-content\/uploads\/2013\/01\/Mesoam-Feb-Tlaxcala1.jpg?resize=350%2C200&ssl=1","width":350,"height":200,"srcset":"https:\/\/i0.wp.com\/blog.sub.uni-hamburg.de\/wp-content\/uploads\/2013\/01\/Mesoam-Feb-Tlaxcala1.jpg?resize=350%2C200&ssl=1 1x, https:\/\/i0.wp.com\/blog.sub.uni-hamburg.de\/wp-content\/uploads\/2013\/01\/Mesoam-Feb-Tlaxcala1.jpg?resize=525%2C300&ssl=1 1.5x"},"classes":[]}],"jetpack_sharing_enabled":true,"_links":{"self":[{"href":"https:\/\/blog.sub.uni-hamburg.de\/index.php?rest_route=\/wp\/v2\/posts\/16280","targetHints":{"allow":["GET"]}}],"collection":[{"href":"https:\/\/blog.sub.uni-hamburg.de\/index.php?rest_route=\/wp\/v2\/posts"}],"about":[{"href":"https:\/\/blog.sub.uni-hamburg.de\/index.php?rest_route=\/wp\/v2\/types\/post"}],"author":[{"embeddable":true,"href":"https:\/\/blog.sub.uni-hamburg.de\/index.php?rest_route=\/wp\/v2\/users\/19"}],"replies":[{"embeddable":true,"href":"https:\/\/blog.sub.uni-hamburg.de\/index.php?rest_route=%2Fwp%2Fv2%2Fcomments&post=16280"}],"version-history":[{"count":5,"href":"https:\/\/blog.sub.uni-hamburg.de\/index.php?rest_route=\/wp\/v2\/posts\/16280\/revisions"}],"predecessor-version":[{"id":16310,"href":"https:\/\/blog.sub.uni-hamburg.de\/index.php?rest_route=\/wp\/v2\/posts\/16280\/revisions\/16310"}],"wp:attachment":[{"href":"https:\/\/blog.sub.uni-hamburg.de\/index.php?rest_route=%2Fwp%2Fv2%2Fmedia&parent=16280"}],"wp:term":[{"taxonomy":"category","embeddable":true,"href":"https:\/\/blog.sub.uni-hamburg.de\/index.php?rest_route=%2Fwp%2Fv2%2Fcategories&post=16280"},{"taxonomy":"post_tag","embeddable":true,"href":"https:\/\/blog.sub.uni-hamburg.de\/index.php?rest_route=%2Fwp%2Fv2%2Ftags&post=16280"}],"curies":[{"name":"wp","href":"https:\/\/api.w.org\/{rel}","templated":true}]}}