{"id":16240,"date":"2014-10-21T14:08:03","date_gmt":"2014-10-21T12:08:03","guid":{"rendered":"http:\/\/blog.sub.uni-hamburg.de\/?p=16240"},"modified":"2014-10-21T14:08:03","modified_gmt":"2014-10-21T12:08:03","slug":"felicitas-kukuck-zum-100-geburtstag","status":"publish","type":"post","link":"https:\/\/blog.sub.uni-hamburg.de\/?p=16240","title":{"rendered":"Felicitas Kukuck zum 100. Geburtstag"},"content":{"rendered":"<div id=\"attachment_16248\" style=\"width: 196px\" class=\"wp-caption alignright\"><img loading=\"lazy\" decoding=\"async\" aria-describedby=\"caption-attachment-16248\" data-attachment-id=\"16248\" data-permalink=\"https:\/\/blog.sub.uni-hamburg.de\/?attachment_id=16248\" data-orig-file=\"https:\/\/blog.sub.uni-hamburg.de\/wp-content\/uploads\/2014\/10\/felicitas-kukuck2.png\" data-orig-size=\"300,482\" data-comments-opened=\"1\" data-image-meta=\"{&quot;aperture&quot;:&quot;0&quot;,&quot;credit&quot;:&quot;&quot;,&quot;camera&quot;:&quot;&quot;,&quot;caption&quot;:&quot;&quot;,&quot;created_timestamp&quot;:&quot;0&quot;,&quot;copyright&quot;:&quot;&quot;,&quot;focal_length&quot;:&quot;0&quot;,&quot;iso&quot;:&quot;0&quot;,&quot;shutter_speed&quot;:&quot;0&quot;,&quot;title&quot;:&quot;&quot;,&quot;orientation&quot;:&quot;0&quot;}\" data-image-title=\"felicitas kukuck2\" data-image-description=\"\" data-image-caption=\"&lt;p&gt;Quelle: LexM &amp;#8211; Lexikon verfolgter Musiker und Musikerinnen der NS-Zeit (PURL: http:\/\/www.lexm.uni-hamburg.de\/object\/lexm_lexmperson_00001443)&lt;\/p&gt;\n\" data-large-file=\"https:\/\/blog.sub.uni-hamburg.de\/wp-content\/uploads\/2014\/10\/felicitas-kukuck2.png\" class=\"wp-image-16248 size-medium\" src=\"https:\/\/blog.sub.uni-hamburg.de\/wp-content\/uploads\/2014\/10\/felicitas-kukuck2-186x300.png\" alt=\"Quelle: LexM - Lexikon verfolgter Musiker und Musikerinnen der NS-Zeit (PURL: http:\/\/www.lexm.uni-hamburg.de\/object\/lexm_lexmperson_00001443)\" width=\"186\" height=\"300\" srcset=\"https:\/\/blog.sub.uni-hamburg.de\/wp-content\/uploads\/2014\/10\/felicitas-kukuck2-186x300.png 186w, https:\/\/blog.sub.uni-hamburg.de\/wp-content\/uploads\/2014\/10\/felicitas-kukuck2-93x150.png 93w, https:\/\/blog.sub.uni-hamburg.de\/wp-content\/uploads\/2014\/10\/felicitas-kukuck2.png 300w\" sizes=\"auto, (max-width: 186px) 100vw, 186px\" \/><p id=\"caption-attachment-16248\" class=\"wp-caption-text\">Quelle: <a href=\"http:\/\/www.lexm.uni-hamburg.de\/object\/lexm_lexmperson_00001443\">LexM &#8211; Lexikon verfolgter Musiker und Musikerinnen der NS-Zeit<\/a><\/p><\/div>\n<p>Am 2. November 2014 w\u00e4re die Hamburger Komponistin Felicitas Kukuck 100 Jahre alt geworden. Zahlreiche Konzerte mit ihren Werken finden in diesem Herbst in ganz Deutschland statt. Eine \u00dcbersicht \u00fcber regionale und \u00fcberregionale Veranstaltungen zu Felicitas Kukucks Jubil\u00e4um finden Sie auf der Website zu ihrem Leben und Werk <a title=\"Felicitas Kukuck. Von den Anf\u00e4ngen bis zum Sp\u00e4twerk\" href=\"http:\/\/www.felicitaskukuck.de\" target=\"_blank\">http:\/\/www.felicitaskukuck.de<\/a>.<\/p>\n<p>&#8220;Felicitas Kukuck, geb. Cohnheim, wurde am 2. November 1914 in Hamburg geboren. Ihr Vater, Prof. Dr. med. Otto Cohnheim, und ihre Mutter Eva Cohnheim f\u00f6rderten die k\u00fcnstlerische Entwicklung von Felicitas von Kindheit an. [&#8230;] An der Berliner Musikhochschule studierte Felicitas zun\u00e4chst Klavier und Querfl\u00f6te. 1937 bestand sie die Privatmusiklehrerpr\u00fcfung f\u00fcr Klavier, bekam jedoch sogleich Unterrichtsverbot wegen ihrer teilj\u00fcdischen Abstammung. Bei Paul Hindemith studierte sie bis zu dessen Emigration Komposition. 1939 schloss sie ihr Musikstudium mit der k\u00fcnstlerischen Reifepr\u00fcfung f\u00fcr Klavier ab. [&#8230;]<\/p>\n<p>Ihr Kompositionslehrer Paul Hindemith hat Felicitas Kukuck nachhaltig beeinflusst. Sein Bekenntnis zur ethischen Verpflichtung des Komponisten ist f\u00fcr sie richtungweisend geworden. Die konkreten Bedingungen einer Auff\u00fchrung, d.h. den Anlass, das K\u00f6nnen der Ausf\u00fchrenden, das Publikum, den Ort bereits bei der Komposition selbst zu ber\u00fccksichtigen, ist f\u00fcr sie nie eine Einengung, sondern eine musikalische Herausforderung gewesen. [&#8230;]<\/p>\n<p>In \u00fcber sechs Jahrzehnten hat Felicitas Kukuck neben Instrumentalwerken eine reiches Werk geistlicher und weltlicher Vokalmusik geschaffen und dabei einen sehr eigenen, unverwechselbaren Stil entwickelt. Von herausragender Bedeutung f\u00fcr die Komponistin war die freundschaftliche Zusammenarbeit mit dem Lektor des M\u00f6seler Verlages und Leiter des Norddeutschen Singkreises, Gottfried Wolters. [&#8230;]<\/p>\n<p>Auch im Alter von 86 Jahren komponierte Felicitas Kukuck noch t\u00e4glich. St\u00e4ndig war sie auf der Suche nach guten Texten, denn es waren, wie sie selbst einmal sagte, &#8220;die Worte&#8221;, die sie &#8220;entz\u00fcnden&#8221;. Sie starb am 4. Juni 2001.&#8221; (Quelle: <a title=\"Felicitas Kukuck - Kurzbiografie\" href=\"http:\/\/www.felicitaskukuck.de\/bio.htm\" target=\"_blank\">http:\/\/www.felicitaskukuck.de\/bio.htm<\/a>)<\/p>\n<p>&nbsp;<\/p>\n","protected":false},"excerpt":{"rendered":"<p>Am 2. November 2014 w\u00e4re die Hamburger Komponistin Felicitas Kukuck 100 Jahre alt geworden. Zahlreiche Konzerte mit ihren Werken finden in diesem Herbst in ganz Deutschland statt. Eine \u00dcbersicht \u00fcber regionale und \u00fcberregionale Veranstaltungen zu Felicitas Kukucks Jubil\u00e4um finden Sie auf der Website zu ihrem Leben und Werk http:\/\/www.felicitaskukuck.de. &#8220;Felicitas Kukuck, geb. Cohnheim, wurde am [&hellip;]<\/p>\n","protected":false},"author":24,"featured_media":0,"comment_status":"open","ping_status":"open","sticky":false,"template":"","format":"standard","meta":{"jetpack_post_was_ever_published":false,"_jetpack_newsletter_access":"","_jetpack_dont_email_post_to_subs":false,"_jetpack_newsletter_tier_id":0,"_jetpack_memberships_contains_paywalled_content":false,"_jetpack_memberships_contains_paid_content":false,"footnotes":"","jetpack_publicize_message":"","jetpack_publicize_feature_enabled":true,"jetpack_social_post_already_shared":false,"jetpack_social_options":{"image_generator_settings":{"template":"highway","default_image_id":0,"font":"","enabled":false},"version":2}},"categories":[9,17],"tags":[29],"class_list":["post-16240","post","type-post","status-publish","format-standard","hentry","category-ausstellungen","category-hamburg","tag-hamburg-2"],"views":2501,"jetpack_publicize_connections":[],"jetpack_featured_media_url":"","jetpack_shortlink":"https:\/\/wp.me\/p7hfNR-4dW","jetpack-related-posts":[{"id":15826,"url":"https:\/\/blog.sub.uni-hamburg.de\/?p=15826","url_meta":{"origin":16240,"position":0},"title":"Chorkonzert: Feuer &#8211; Liebe &#8211; Weisheit (24.9.)","author":"Markus Trapp","date":"17-09-14","format":false,"excerpt":"Der Chor des Hamburger Konservatoriums f\u00fchrt am 24.\u00a0September im Lichthof der Staatsbibliothek ein Konzert auf. Madrigale, Chansons und Lieder f\u00fcr Chor a cappella; Fantasien und T\u00e4nze f\u00fcr Gitarre von Monteverdi, Dowland, Lauridsen, Hindemith, Kukuck u.a. Claudio Monteverdi, der Komponist an der Wende zwischen Renaissance und Barock, forderte: \u201eDas Wort ist\u2026","rel":"","context":"In &quot;Ausstellungen und Veranstaltungen&quot;","block_context":{"text":"Ausstellungen und Veranstaltungen","link":"https:\/\/blog.sub.uni-hamburg.de\/?cat=9"},"img":{"alt_text":"","src":"https:\/\/i0.wp.com\/blog.sub.uni-hamburg.de\/wp-content\/uploads\/2014\/09\/hamburger-konservatorium.jpg?resize=350%2C200&ssl=1","width":350,"height":200},"classes":[]},{"id":1371,"url":"https:\/\/blog.sub.uni-hamburg.de\/?p=1371","url_meta":{"origin":16240,"position":1},"title":"Neue Publikation im Stabi-Verlag: Die Ordnung der Natur","author":"Isabella Meinecke","date":"31-08-09","format":false,"excerpt":"Alle Publikationen von Hamburg University Press, dem Stabi-Verlag, sind online frei verf\u00fcgbar (so genannter Open Access). Den vorliegenden Titel k\u00f6nnen Sie zus\u00e4tzlich im Print direkt beim Verlag bestellen oder \u00fcber den Buchhandel erwerben. Die Ordnung der Natur Herausgegeben von Rainer Hering (Ver\u00f6ffentlichungen des Landesarchivs Schleswig-Holstein Band 96) Interessieren Sie sich\u2026","rel":"","context":"In &quot;Hamburg University Press&quot;","block_context":{"text":"Hamburg University Press","link":"https:\/\/blog.sub.uni-hamburg.de\/?cat=19"},"img":{"alt_text":"","src":"","width":0,"height":0},"classes":[]},{"id":13083,"url":"https:\/\/blog.sub.uni-hamburg.de\/?p=13083","url_meta":{"origin":16240,"position":2},"title":"Vortrag \u00fcber Gabriel Riesser (1806 bis 1863) (20.11.)","author":"Markus Trapp","date":"05-11-13","format":false,"excerpt":"Prof. Dr. Arno Herzig: Gabriel Riesser (1806 bis 1863) \u2013 eine der bedeutendsten Pers\u00f6nlichkeiten des deutschen Judentums im 19. Jahrhundert Am 22. April 1863 starb Gabriel Riesser. Beging die Stadt Hamburg vor 50 Jahren zu seinem 100. Todestag dieses Ereignis noch mit einer Festveranstaltung, so ist seine Pers\u00f6nlichkeit heute im\u2026","rel":"","context":"In &quot;Ausstellungen und Veranstaltungen&quot;","block_context":{"text":"Ausstellungen und Veranstaltungen","link":"https:\/\/blog.sub.uni-hamburg.de\/?cat=9"},"img":{"alt_text":"Gabriel Riesser (1806 bis 1863)","src":"https:\/\/i0.wp.com\/blog.sub.uni-hamburg.de\/wp-content\/uploads\/2013\/11\/stahlstich-riesser.jpg?resize=350%2C200&ssl=1","width":350,"height":200},"classes":[]},{"id":23644,"url":"https:\/\/blog.sub.uni-hamburg.de\/?p=23644","url_meta":{"origin":16240,"position":3},"title":"Thomas Selle: Tagung und Konzert (10. + 11.11.)","author":"Markus Trapp","date":"24-10-17","format":false,"excerpt":"Hamburger \u201eGottseligkeit\u201c - Thomas Selle und die geistliche Musik im 17. Jahrhundert Freitag \/ Samstag, 10. \/ 11. November 2017, 9 \/ 9.30 Uhr Ort: Vortragsraum, 1. Etage, der Eintritt ist frei (ohne Anmeldung) Thomas Selle (1599\u20131663) wurde 1641 \u2013 inmitten des Drei\u00dfigj\u00e4hrigen Krieges \u2013 als Kantor nach Hamburg berufen\u2026","rel":"","context":"In &quot;Ausstellungen und Veranstaltungen&quot;","block_context":{"text":"Ausstellungen und Veranstaltungen","link":"https:\/\/blog.sub.uni-hamburg.de\/?cat=9"},"img":{"alt_text":"","src":"https:\/\/i0.wp.com\/blog.sub.uni-hamburg.de\/wp-content\/uploads\/2017\/10\/thomas-selle.jpg?resize=350%2C200&ssl=1","width":350,"height":200},"classes":[]},{"id":21208,"url":"https:\/\/blog.sub.uni-hamburg.de\/?p=21208","url_meta":{"origin":16240,"position":4},"title":"Konzert barockwerk hamburg (11.11.)","author":"Markus Trapp","date":"10-10-16","format":false,"excerpt":"Erstwiederauff\u00fchrung von Kantaten und Trauermusiken der Gottorfer und Braunschweiger Hofkomponisten Georg \u00d6sterreich (1664\u20131735) und Georg Caspar Sch\u00fcrmann (1672\u20131751). barockwerk hamburg setzt seine Konzertreihe von unver\u00f6ffentlichten und bisher nicht wiederaufgef\u00fchrten Werken am 11. November 2016, 19 Uhr in der Staats- und Universit\u00e4tsbibliothek Hamburg fort, diesmal mit dem Programm \"Gottorf\u2026ganz vor Freude\u2026","rel":"","context":"In &quot;Ausstellungen und Veranstaltungen&quot;","block_context":{"text":"Ausstellungen und Veranstaltungen","link":"https:\/\/blog.sub.uni-hamburg.de\/?cat=9"},"img":{"alt_text":"","src":"https:\/\/i0.wp.com\/blog.sub.uni-hamburg.de\/wp-content\/uploads\/2016\/10\/barockwerk-hamburg4.jpg?resize=350%2C200&ssl=1","width":350,"height":200,"srcset":"https:\/\/i0.wp.com\/blog.sub.uni-hamburg.de\/wp-content\/uploads\/2016\/10\/barockwerk-hamburg4.jpg?resize=350%2C200&ssl=1 1x, https:\/\/i0.wp.com\/blog.sub.uni-hamburg.de\/wp-content\/uploads\/2016\/10\/barockwerk-hamburg4.jpg?resize=525%2C300&ssl=1 1.5x"},"classes":[]},{"id":31089,"url":"https:\/\/blog.sub.uni-hamburg.de\/?p=31089","url_meta":{"origin":16240,"position":5},"title":"&#8220;Lebe, liebe, leide und schreibe&#8221; &#8211; Wolfgang Borchert im 100. Geburtsjahr. Live\u00fcbertragung der Lesung mit Musik. (20.4.)","author":"Markus Trapp","date":"16-04-21","format":false,"excerpt":"Im 100. Geburtsjahr des Hamburger Autors Wolfgang Borchert f\u00fchren Stella Roberts und Jens Wawrczeck mit ihrer Performance durch sein Leben und Werk. Natalie B\u00f6ttcher auf dem Akkordeon und Johannes Kirchberg am Klavier begleiten das Duo musikalisch. Dramaturgie: Dr. Sonja Valentin und Prof. Hans-Gerd Winter Gru\u00dfwort: Prof. Robert Zepf (Leitender Direktor\u2026","rel":"","context":"In &quot;Ausstellungen und Veranstaltungen&quot;","block_context":{"text":"Ausstellungen und Veranstaltungen","link":"https:\/\/blog.sub.uni-hamburg.de\/?cat=9"},"img":{"alt_text":"","src":"https:\/\/i0.wp.com\/blog.sub.uni-hamburg.de\/wp-content\/uploads\/2021\/04\/Borchert-Titelbild-Lesung-20-04-kl.jpg?resize=350%2C200&ssl=1","width":350,"height":200,"srcset":"https:\/\/i0.wp.com\/blog.sub.uni-hamburg.de\/wp-content\/uploads\/2021\/04\/Borchert-Titelbild-Lesung-20-04-kl.jpg?resize=350%2C200&ssl=1 1x, https:\/\/i0.wp.com\/blog.sub.uni-hamburg.de\/wp-content\/uploads\/2021\/04\/Borchert-Titelbild-Lesung-20-04-kl.jpg?resize=525%2C300&ssl=1 1.5x"},"classes":[]}],"jetpack_sharing_enabled":true,"_links":{"self":[{"href":"https:\/\/blog.sub.uni-hamburg.de\/index.php?rest_route=\/wp\/v2\/posts\/16240","targetHints":{"allow":["GET"]}}],"collection":[{"href":"https:\/\/blog.sub.uni-hamburg.de\/index.php?rest_route=\/wp\/v2\/posts"}],"about":[{"href":"https:\/\/blog.sub.uni-hamburg.de\/index.php?rest_route=\/wp\/v2\/types\/post"}],"author":[{"embeddable":true,"href":"https:\/\/blog.sub.uni-hamburg.de\/index.php?rest_route=\/wp\/v2\/users\/24"}],"replies":[{"embeddable":true,"href":"https:\/\/blog.sub.uni-hamburg.de\/index.php?rest_route=%2Fwp%2Fv2%2Fcomments&post=16240"}],"version-history":[{"count":15,"href":"https:\/\/blog.sub.uni-hamburg.de\/index.php?rest_route=\/wp\/v2\/posts\/16240\/revisions"}],"predecessor-version":[{"id":16260,"href":"https:\/\/blog.sub.uni-hamburg.de\/index.php?rest_route=\/wp\/v2\/posts\/16240\/revisions\/16260"}],"wp:attachment":[{"href":"https:\/\/blog.sub.uni-hamburg.de\/index.php?rest_route=%2Fwp%2Fv2%2Fmedia&parent=16240"}],"wp:term":[{"taxonomy":"category","embeddable":true,"href":"https:\/\/blog.sub.uni-hamburg.de\/index.php?rest_route=%2Fwp%2Fv2%2Fcategories&post=16240"},{"taxonomy":"post_tag","embeddable":true,"href":"https:\/\/blog.sub.uni-hamburg.de\/index.php?rest_route=%2Fwp%2Fv2%2Ftags&post=16240"}],"curies":[{"name":"wp","href":"https:\/\/api.w.org\/{rel}","templated":true}]}}