{"id":16207,"date":"2014-10-17T13:34:51","date_gmt":"2014-10-17T11:34:51","guid":{"rendered":"http:\/\/blog.sub.uni-hamburg.de\/?p=16207"},"modified":"2014-11-05T11:31:27","modified_gmt":"2014-11-05T10:31:27","slug":"2x-deutschland-hamburger-zeitzeugen-im-gespraech-4-11","status":"publish","type":"post","link":"https:\/\/blog.sub.uni-hamburg.de\/?p=16207","title":{"rendered":"2x Deutschland: Hamburger Zeitzeugen im Gespr\u00e4ch (4.11.)"},"content":{"rendered":"<p><a href=\"https:\/\/blog.sub.uni-hamburg.de\/wp-content\/uploads\/2014\/10\/ZeitzeugenBuch-gr.jpg\"><img loading=\"lazy\" decoding=\"async\" src=\"https:\/\/blog.sub.uni-hamburg.de\/wp-content\/uploads\/2014\/10\/ZeitzeugenBuch.jpg\" alt=\"2x Deutschland\" title=\"2x Deutschland\" width=\"300\" height=\"387\" style=\"float: left; padding-left:0px; margin-right:25px; margin-bottom:25px;\" \/><\/a> <strong>Podiumsdiskussion \/ Lesung<br \/>\n\u00ab2x Deutschland: Hamburger Zeitzeugen im Gespr\u00e4ch zur Deutschen Teilung\u00bb<\/strong><\/p>\n<p>9. November 1989: Die Mauer, undurchl\u00e4ssiger Grenzwall zwischen zwei deutschen Staaten, \u00f6ffnet sich. Fast auf den Tag genau ein Vierteljahrhundert sp\u00e4ter erinnern sich Hamburger Zeitzeugen an dieses Ereignis und an ihren Alltag im geteilten Deutschland. Es sind pers\u00f6nliche Zeugnisse im Sinne von \u201eOral History\u201c, Geschichte von unten, mit unterschiedlichen Sichtweisen. Ausgangspunkt ist das neu erschienene Buch \u00ab<a href=\"http:\/\/seniorenbuero-hamburg.de\/aktuell\/2014\/10\/2x-deutschland-zeitzeugenboerse-veroeffentlicht-neues-buch\">2x\u00a0Deutschland<\/a>\u00bb.<\/p>\n<p>Die Absetzbewegung aus der DDR in den f\u00fcnfziger Jahren, die Folgen des \u201eMauerbaus\u201c am 13. August 1961 und damals gel\u00e4ufige Termini wie \u201eTransitverkehr nach West-Berlin\u201c und \u201eZwangsumtausch\u201c &#8211; was ist davon f\u00fcr Schulen und Sch\u00fcler heute berichtenswert? Was k\u00f6nnte Eingang in den Schulunterricht finden?<\/p>\n<p>Moderiert wird die Veranstaltung von Oberstudienr\u00e4tin Maria Beimel.<br \/>\nEine Veranstaltung der <a href=\"http:\/\/seniorenbuero-hamburg.de\/zeitzeugenboerse\">Hamburger Zeitzeugenb\u00f6rse<\/a> und des <a href=\"http:\/\/seniorenbuero-hamburg.de\/\">Seniorenb\u00fcros Hamburg e. V.<\/a>.<\/p>\n<p><strong>Dienstag, 4. November 2014, 16 Uhr<br \/>\nOrt: Vortragsraum, 1. Etage, Eintritt frei.<\/strong><\/p>\n","protected":false},"excerpt":{"rendered":"<p>Podiumsdiskussion \/ Lesung \u00ab2x Deutschland: Hamburger Zeitzeugen im Gespr\u00e4ch zur Deutschen Teilung\u00bb 9. November 1989: Die Mauer, undurchl\u00e4ssiger Grenzwall zwischen zwei deutschen Staaten, \u00f6ffnet sich. Fast auf den Tag genau ein Vierteljahrhundert sp\u00e4ter erinnern sich Hamburger Zeitzeugen an dieses Ereignis und an ihren Alltag im geteilten Deutschland. Es sind pers\u00f6nliche Zeugnisse im Sinne von \u201eOral [&hellip;]<\/p>\n","protected":false},"author":19,"featured_media":0,"comment_status":"open","ping_status":"open","sticky":false,"template":"","format":"standard","meta":{"jetpack_post_was_ever_published":false,"_jetpack_newsletter_access":"","_jetpack_dont_email_post_to_subs":false,"_jetpack_newsletter_tier_id":0,"_jetpack_memberships_contains_paywalled_content":false,"_jetpack_memberships_contains_paid_content":false,"footnotes":"","jetpack_publicize_message":"","jetpack_publicize_feature_enabled":true,"jetpack_social_post_already_shared":false,"jetpack_social_options":{"image_generator_settings":{"template":"highway","default_image_id":0,"font":"","enabled":false},"version":2}},"categories":[9,17],"tags":[],"class_list":["post-16207","post","type-post","status-publish","format-standard","hentry","category-ausstellungen","category-hamburg"],"views":3024,"jetpack_publicize_connections":[],"jetpack_featured_media_url":"","jetpack_shortlink":"https:\/\/wp.me\/p7hfNR-4dp","jetpack-related-posts":[{"id":10983,"url":"https:\/\/blog.sub.uni-hamburg.de\/?p=10983","url_meta":{"origin":16207,"position":0},"title":"Holocaust-Zeitzeugen: &#8220;Die Quellen sprechen&#8221;","author":"Markus Trapp","date":"29-01-13","format":false,"excerpt":"Im Artikel \u00abDie Wucht der Geschichte\u00bb informiert die S\u00fcddeutsche Zeitung \u00fcber die umfassendste Holocaust-Dokumentation in der Geschichte des deutschen Rundfunks: Der BR produziert in Zusammenarbeit mit dem Institut f\u00fcr Zeitgeschichte und dem Oldenbourg-Verlag die H\u00f6redition \"Die Quellen sprechen\": An einem konkreten Beispiel, an einer einzelnen Begebenheit oder an einem winzigen\u2026","rel":"","context":"In &quot;Aufgelesen&quot;","block_context":{"text":"Aufgelesen","link":"https:\/\/blog.sub.uni-hamburg.de\/?cat=18"},"img":{"alt_text":"quellen-sprechen2","src":"https:\/\/i0.wp.com\/blog.sub.uni-hamburg.de\/wp-content\/uploads\/2013\/01\/quellen-sprechen2.jpg?resize=350%2C200&ssl=1","width":350,"height":200},"classes":[]},{"id":19558,"url":"https:\/\/blog.sub.uni-hamburg.de\/?p=19558","url_meta":{"origin":16207,"position":1},"title":"Loki Schmidt. Ein Leben im Focus von biografischen Selbstzeugnissen\u2026 (24.2.)","author":"Markus Trapp","date":"08-02-16","format":false,"excerpt":"Prof. Dr. Reiner Lehberger: Loki Schmidt. Ein Leben im Focus von biografischen Selbstzeugnissen und Biografie-Forschung Mittwoch, 24. Februar, 18 Uhr Ort: Vortragsraum, 1. Etage, Eintritt frei. Loki Schmidt war eine Person der Zeitgeschichte, \u00fcber die viel berichtet wurde und die auch selbst in mehreren B\u00fcchern Einblicke in ihr Leben gegeben\u2026","rel":"","context":"In &quot;Ausstellungen und Veranstaltungen&quot;","block_context":{"text":"Ausstellungen und Veranstaltungen","link":"https:\/\/blog.sub.uni-hamburg.de\/?cat=9"},"img":{"alt_text":"Reiner Lehberger: Loki Schmidt \u2013 Die Biographie","src":"https:\/\/i0.wp.com\/blog.sub.uni-hamburg.de\/wp-content\/uploads\/2016\/02\/16-VHG-Feb24-Loki-Schmidt.jpg?resize=350%2C200&ssl=1","width":350,"height":200},"classes":[]},{"id":26072,"url":"https:\/\/blog.sub.uni-hamburg.de\/?p=26072","url_meta":{"origin":16207,"position":2},"title":"Lesung Thanassis Valtinos (14.11.)","author":"Markus Trapp","date":"29-10-18","format":false,"excerpt":"Buchpr\u00e4sentation, Lesung und Diskussion mit dem griechischen Autor Thanassis Valtinos (in deutscher Sprache). Thanassis Valtinos z\u00e4hlt zu den modernen Klassikern der zeitgen\u00f6ssischen Literatur Griechenlands und hat eine ganze Generation zeitgen\u00f6ssischer Autorinnen und Autoren gepr\u00e4gt. Die Edition Romiosini ver\u00f6ffentlicht zum ersten Mal mit dem Titel Abstieg, Flussaufw\u00e4rts: Ausgew\u00e4hlte Prosa eine repr\u00e4sentative\u2026","rel":"","context":"In &quot;Ausstellungen und Veranstaltungen&quot;","block_context":{"text":"Ausstellungen und Veranstaltungen","link":"https:\/\/blog.sub.uni-hamburg.de\/?cat=9"},"img":{"alt_text":"","src":"https:\/\/i0.wp.com\/blog.sub.uni-hamburg.de\/wp-content\/uploads\/2018\/10\/Thanassis-Valtinos-FILE17079.jpg?resize=350%2C200&ssl=1","width":350,"height":200},"classes":[]},{"id":24544,"url":"https:\/\/blog.sub.uni-hamburg.de\/?p=24544","url_meta":{"origin":16207,"position":3},"title":"Claus G\u00fcnther liest aus \u201eHeile, heile Hitler\u201c \u2013 Szenen einer Kindheit (27.3.)","author":"Markus Trapp","date":"14-03-18","format":false,"excerpt":"Der Hamburger Autor Claus G\u00fcnther, 86, ist seit 20 Jahren ehrenamtlich als Zeitzeuge t\u00e4tig. In seinem dokumentarischen Roman beschreibt er seine Erlebnisse von 1931 bis 1947. Er z\u00e4hlt zu den Wenigen, welche auch die Taten in der eigenen Familie nicht verschweigen. Zum Buchinhalt: Die Nazizeit von innen. Mit den Augen\u2026","rel":"","context":"In &quot;Ausstellungen und Veranstaltungen&quot;","block_context":{"text":"Ausstellungen und Veranstaltungen","link":"https:\/\/blog.sub.uni-hamburg.de\/?cat=9"},"img":{"alt_text":"","src":"https:\/\/i0.wp.com\/blog.sub.uni-hamburg.de\/wp-content\/uploads\/2018\/03\/18-Cover-Claus-Guenther.jpg?resize=350%2C200&ssl=1","width":350,"height":200},"classes":[]},{"id":39602,"url":"https:\/\/blog.sub.uni-hamburg.de\/?p=39602","url_meta":{"origin":16207,"position":4},"title":"Vortrag: Johann Diederich Gries \u2013 ein \u00dcbersetzungs-Pionier und Zeitzeuge aus Hamburg (7.2.)","author":"Markus Trapp","date":"17-01-25","format":false,"excerpt":"Freitag, 7.2., 18 Uhr, Vortragsraum. Virtuos brachte er Tasso, Ariost, Calder\u00f3n und andere in das Deutsch der Goethezeit \u2013 dabei fand Johann Diederich Gries (1775\u20131842) Anerkennung bei allen Gr\u00f6\u00dfen der deutschen Klassik und Romantik: Schiller betreute ihn, Goethe r\u00fchmte seine \u00dcbersetzungen, Hegel blieb zeitlebens ein Freund. P\u00fcnktlich am 250. Geburtstag\u2026","rel":"","context":"In &quot;Ausstellungen und Veranstaltungen&quot;","block_context":{"text":"Ausstellungen und Veranstaltungen","link":"https:\/\/blog.sub.uni-hamburg.de\/?cat=9"},"img":{"alt_text":"Der \u00dcbersetzer - Johann Diederich Gries","src":"https:\/\/i0.wp.com\/blog.sub.uni-hamburg.de\/wp-content\/uploads\/2025\/01\/2025-02-07-Buchcover.jpg?resize=350%2C200&ssl=1","width":350,"height":200},"classes":[]},{"id":8759,"url":"https:\/\/blog.sub.uni-hamburg.de\/?p=8759","url_meta":{"origin":16207,"position":5},"title":"Workshop \u00dcberlebensKunst: Wie Gesellschaften mit politischer Gewalt umgehen","author":"Markus Trapp","date":"16-08-12","format":false,"excerpt":"Im Rahmen der aktuellen Ausstellung \u00ab\u00dcberlebensKunst \u2013 Konfliktbearbeitung durch textile Bilder\u00bb, die Sie noch bis zum 26. August bei uns im Ausstellungsraum sehen k\u00f6nnen, hat vor kurzem ein 3-t\u00e4giger Workshop stattgefunden, der auf Deutschlandfunk in einem ausf\u00fchrlichen Studiozeit-Feature vorgestellt wurde. Sie k\u00f6nnen den 7,5-min\u00fctigen Beitrag, in dem sowohl die KuratorInnen\u2026","rel":"","context":"In &quot;Ausstellungen und Veranstaltungen&quot;","block_context":{"text":"Ausstellungen und Veranstaltungen","link":"https:\/\/blog.sub.uni-hamburg.de\/?cat=9"},"img":{"alt_text":"Workshop \u00dcberlebensKunst","src":"https:\/\/i0.wp.com\/blog.sub.uni-hamburg.de\/wp-content\/uploads\/2012\/08\/ws-ueberlebenskunst.jpg?resize=350%2C200&ssl=1","width":350,"height":200,"srcset":"https:\/\/i0.wp.com\/blog.sub.uni-hamburg.de\/wp-content\/uploads\/2012\/08\/ws-ueberlebenskunst.jpg?resize=350%2C200&ssl=1 1x, https:\/\/i0.wp.com\/blog.sub.uni-hamburg.de\/wp-content\/uploads\/2012\/08\/ws-ueberlebenskunst.jpg?resize=525%2C300&ssl=1 1.5x"},"classes":[]}],"jetpack_sharing_enabled":true,"_links":{"self":[{"href":"https:\/\/blog.sub.uni-hamburg.de\/index.php?rest_route=\/wp\/v2\/posts\/16207","targetHints":{"allow":["GET"]}}],"collection":[{"href":"https:\/\/blog.sub.uni-hamburg.de\/index.php?rest_route=\/wp\/v2\/posts"}],"about":[{"href":"https:\/\/blog.sub.uni-hamburg.de\/index.php?rest_route=\/wp\/v2\/types\/post"}],"author":[{"embeddable":true,"href":"https:\/\/blog.sub.uni-hamburg.de\/index.php?rest_route=\/wp\/v2\/users\/19"}],"replies":[{"embeddable":true,"href":"https:\/\/blog.sub.uni-hamburg.de\/index.php?rest_route=%2Fwp%2Fv2%2Fcomments&post=16207"}],"version-history":[{"count":5,"href":"https:\/\/blog.sub.uni-hamburg.de\/index.php?rest_route=\/wp\/v2\/posts\/16207\/revisions"}],"predecessor-version":[{"id":16215,"href":"https:\/\/blog.sub.uni-hamburg.de\/index.php?rest_route=\/wp\/v2\/posts\/16207\/revisions\/16215"}],"wp:attachment":[{"href":"https:\/\/blog.sub.uni-hamburg.de\/index.php?rest_route=%2Fwp%2Fv2%2Fmedia&parent=16207"}],"wp:term":[{"taxonomy":"category","embeddable":true,"href":"https:\/\/blog.sub.uni-hamburg.de\/index.php?rest_route=%2Fwp%2Fv2%2Fcategories&post=16207"},{"taxonomy":"post_tag","embeddable":true,"href":"https:\/\/blog.sub.uni-hamburg.de\/index.php?rest_route=%2Fwp%2Fv2%2Ftags&post=16207"}],"curies":[{"name":"wp","href":"https:\/\/api.w.org\/{rel}","templated":true}]}}