{"id":15953,"date":"2014-09-17T09:27:35","date_gmt":"2014-09-17T07:27:35","guid":{"rendered":"http:\/\/blog.sub.uni-hamburg.de\/?p=15953"},"modified":"2014-09-24T14:27:21","modified_gmt":"2014-09-24T12:27:21","slug":"betriebsausflug-am-di-23-9-mit-teiloeffnung-9-18-uhr","status":"publish","type":"post","link":"https:\/\/blog.sub.uni-hamburg.de\/?p=15953","title":{"rendered":"Betriebsausflug am Di, 23.9., mit Teil\u00f6ffnung 9-18 Uhr"},"content":{"rendered":"<p><a href=\"https:\/\/blog.sub.uni-hamburg.de\/wp-content\/uploads\/2014\/09\/sind-dann-mal-weg.png\"><img loading=\"lazy\" decoding=\"async\" data-attachment-id=\"15954\" data-permalink=\"https:\/\/blog.sub.uni-hamburg.de\/?attachment_id=15954\" data-orig-file=\"https:\/\/blog.sub.uni-hamburg.de\/wp-content\/uploads\/2014\/09\/sind-dann-mal-weg.png\" data-orig-size=\"200,152\" data-comments-opened=\"1\" data-image-meta=\"{&quot;aperture&quot;:&quot;0&quot;,&quot;credit&quot;:&quot;&quot;,&quot;camera&quot;:&quot;&quot;,&quot;caption&quot;:&quot;&quot;,&quot;created_timestamp&quot;:&quot;0&quot;,&quot;copyright&quot;:&quot;&quot;,&quot;focal_length&quot;:&quot;0&quot;,&quot;iso&quot;:&quot;0&quot;,&quot;shutter_speed&quot;:&quot;0&quot;,&quot;title&quot;:&quot;&quot;,&quot;orientation&quot;:&quot;0&quot;}\" data-image-title=\"sind-dann-mal-weg\" data-image-description=\"\" data-image-caption=\"\" data-large-file=\"https:\/\/blog.sub.uni-hamburg.de\/wp-content\/uploads\/2014\/09\/sind-dann-mal-weg.png\" class=\"alignright  wp-image-15954\" src=\"https:\/\/blog.sub.uni-hamburg.de\/wp-content\/uploads\/2014\/09\/sind-dann-mal-weg.png\" alt=\"sind-dann-mal-weg\" width=\"164\" height=\"125\" srcset=\"https:\/\/blog.sub.uni-hamburg.de\/wp-content\/uploads\/2014\/09\/sind-dann-mal-weg.png 200w, https:\/\/blog.sub.uni-hamburg.de\/wp-content\/uploads\/2014\/09\/sind-dann-mal-weg-150x114.png 150w\" sizes=\"auto, (max-width: 164px) 100vw, 164px\" \/><\/a>Am Dienstag, den 23.9.2014, f\u00fchrt die Stabi ihren j\u00e4hrlichen Betriebsausflug durch.<\/p>\n<p>Wir konnten es aber wieder so organisieren, dass tags\u00fcber unser Service ohne Einschr\u00e4nkungen angeboten werden kann. Trotzdem: die Bibliothek ist <strong>nur verk\u00fcrzt von 9-18 Uhr ge\u00f6ffnet<\/strong>.<\/p>\n","protected":false},"excerpt":{"rendered":"<p>Am Dienstag, den 23.9.2014, f\u00fchrt die Stabi ihren j\u00e4hrlichen Betriebsausflug durch. Wir konnten es aber wieder so organisieren, dass tags\u00fcber unser Service ohne Einschr\u00e4nkungen angeboten werden kann. Trotzdem: die Bibliothek ist nur verk\u00fcrzt von 9-18 Uhr ge\u00f6ffnet.<\/p>\n","protected":false},"author":6,"featured_media":0,"comment_status":"open","ping_status":"open","sticky":false,"template":"","format":"standard","meta":{"jetpack_post_was_ever_published":false,"_jetpack_newsletter_access":"","_jetpack_dont_email_post_to_subs":false,"_jetpack_newsletter_tier_id":0,"_jetpack_memberships_contains_paywalled_content":false,"_jetpack_memberships_contains_paid_content":false,"footnotes":"","jetpack_publicize_message":"","jetpack_publicize_feature_enabled":true,"jetpack_social_post_already_shared":false,"jetpack_social_options":{"image_generator_settings":{"template":"highway","default_image_id":0,"font":"","enabled":false},"version":2}},"categories":[1],"tags":[],"class_list":["post-15953","post","type-post","status-publish","format-standard","hentry","category-1"],"views":8125,"jetpack_publicize_connections":[],"jetpack_featured_media_url":"","jetpack_shortlink":"https:\/\/wp.me\/p7hfNR-49j","jetpack-related-posts":[{"id":5688,"url":"https:\/\/blog.sub.uni-hamburg.de\/?p=5688","url_meta":{"origin":15953,"position":0},"title":"Stabi: Betriebsausflug am Di, 13.9. mit Teil\u00f6ffnung 9-18 Uhr","author":"ST","date":"31-08-11","format":false,"excerpt":"Am Dienstag, den 13.9., f\u00fchrt die Stabi ihren j\u00e4hrlichen Betriebsausflug durch. Diesmal konnten wir es so organisieren, dass tags\u00fcber unser Service weitgehend ohne Einschr\u00e4nkungen angeboten werden kann. Trotzdem: die Bibliothek ist nur verk\u00fcrzt von 9-18 Uhr ge\u00f6ffnet. Ausleihzentrum, inkl. Serviceplatz 10-18 Uhr: Informationszentrum 9-18 Uhr Leses\u00e4le 9-18 Uhr Hamburg-Lesesaal 9-18\u2026","rel":"","context":"In &quot;Aktuelles&quot;","block_context":{"text":"Aktuelles","link":"https:\/\/blog.sub.uni-hamburg.de\/?cat=1"},"img":{"alt_text":"","src":"","width":0,"height":0},"classes":[]},{"id":564,"url":"https:\/\/blog.sub.uni-hamburg.de\/?p=564","url_meta":{"origin":15953,"position":1},"title":"Stabi: Donnerstag 31.5. Betriebsausflug. Teil\u00f6ffnung 9-18 Uhr. Die Bibliothek schlie\u00dft um 18 Uhr.","author":"DL","date":"30-05-07","format":false,"excerpt":"Am Donnerstag, den 31.5., f\u00fchrt die Stabi ihren Betriebsausflug durch. Informationszentrum und allgemeine Leses\u00e4le sind von 9-18 Uhr ge\u00f6ffnet. Der Handschriftenlesesaal ist von 10-16 Uhr ge\u00f6ffnet. Die \u00fcbrigen Bereiche sind nicht ge\u00f6ffnet. Die Bibliothek schlie\u00dft um 18 Uhr. Leihstelle, Lehrbuchsammlung und Selbstausleihbereich sind geschlossen. Neuanmeldung und Abholen von B\u00fcchern sind\u2026","rel":"","context":"In &quot;Aktuelles&quot;","block_context":{"text":"Aktuelles","link":"https:\/\/blog.sub.uni-hamburg.de\/?cat=1"},"img":{"alt_text":"","src":"","width":0,"height":0},"classes":[]},{"id":544,"url":"https:\/\/blog.sub.uni-hamburg.de\/?p=544","url_meta":{"origin":15953,"position":2},"title":"Stabi: Betriebsausflug am Do, 31.5.: Teil\u00f6ffnung 9-18 Uhr","author":"DL","date":"11-05-07","format":false,"excerpt":"Am Donnerstag, den 31.5., f\u00fchrt die Stabi ihren\u00a0Betriebsausflug durch. Informationszentrum und Leses\u00e4le sind an diesem Tag von 9-18 Uhr ge\u00f6ffnet.\u00a0Die Bibliothekarische Auskunft ist allerdings nicht besetzt.\u00a0Der Handschriftenlesesaal ist von 10-16 Uhr ge\u00f6ffnet. Die \u00fcbrigen Bereiche bleiben geschlossen. Neuanmeldungen und Abholen von B\u00fcchern sind also\u00a0an diesem Tag nicht m\u00f6glich.\u00a0B\u00fccher k\u00f6nnen Sie\u2026","rel":"","context":"In &quot;Aktuelles&quot;","block_context":{"text":"Aktuelles","link":"https:\/\/blog.sub.uni-hamburg.de\/?cat=1"},"img":{"alt_text":"","src":"","width":0,"height":0},"classes":[]},{"id":1380,"url":"https:\/\/blog.sub.uni-hamburg.de\/?p=1380","url_meta":{"origin":15953,"position":3},"title":"Stabi: Betriebsausflug am Do, 24.9. mit Teil\u00f6ffnung 9-18 Uhr","author":"ST","date":"11-09-09","format":false,"excerpt":"Am Donnerstag, den 24.9., f\u00fchrt die Stabi ihren Betriebsausflug durch und hat verk\u00fcrzt von 9 - 18 Uhr ge\u00f6ffnet. Einige Bereiche bleiben geschlossen. Informationszentrum 9-18 Uhr, Auskunftsplatz unbesetzt Leses\u00e4le 9-18 Uhr Hamburg-Lesesaal 9-18 Uhr, Auskunftsplatz unbesetzt Medienwerkstatt 10-18 Uhr Hochschulschriftenstelle 9-12 Uhr Ausleihzentrum geschlossen Neuausstellung\/Verl\u00e4ngerung von Bibliotheksausweisen und Abholen von\u2026","rel":"","context":"In &quot;Aktuelles&quot;","block_context":{"text":"Aktuelles","link":"https:\/\/blog.sub.uni-hamburg.de\/?cat=1"},"img":{"alt_text":"","src":"","width":0,"height":0},"classes":[]},{"id":1050,"url":"https:\/\/blog.sub.uni-hamburg.de\/?p=1050","url_meta":{"origin":15953,"position":4},"title":"Stabi: Betriebsausflug am Do, 25.9. mit Teil\u00f6ffnung 9-18 Uhr","author":"ST","date":"11-09-08","format":false,"excerpt":"Am Donnerstag, den 25.9., f\u00fchrt die Stabi ihren Betriebsausflug durch. Nur das Informationszentrum und die allgemeinen Leses\u00e4le sind von 9-18 Uhr ge\u00f6ffnet. Die Medienwerkstatt sowie der Handschriftenlesesaal stehen mit ihrem Angebot von 10-16 Uhr bereit und auch die Hochschulschriftenstelle ist von 9-12 Uhr erreichbar. Die Auskunftspl\u00e4tze im Informationszentrum und im\u2026","rel":"","context":"In &quot;Aktuelles&quot;","block_context":{"text":"Aktuelles","link":"https:\/\/blog.sub.uni-hamburg.de\/?cat=1"},"img":{"alt_text":"","src":"","width":0,"height":0},"classes":[]},{"id":2957,"url":"https:\/\/blog.sub.uni-hamburg.de\/?p=2957","url_meta":{"origin":15953,"position":5},"title":"Stabi: Betriebsausflug am Do, 23.9. mit Teil\u00f6ffnung 9-18 Uhr","author":"ST","date":"09-09-10","format":false,"excerpt":"Am Donnerstag, den 24.9., f\u00fchrt die Stabi ihren Betriebsausflug durch und hat verk\u00fcrzt von 9-18 Uhr, bzw. 16 Uhr ge\u00f6ffnet. Ausleihzentrum 10-16 Uhr: Neuausstellung\/Verl\u00e4ngerung von Bibliotheksausweisen und Abholen von bestellten B\u00fcchern, Vormerkungen und Fernleihen sind zwischen 16 und 18 Uhr nicht m\u00f6glich. Ausgeliehene B\u00fccher k\u00f6nnen Sie von 16-18 Uhr \u00fcber\u2026","rel":"","context":"In &quot;Aktuelles&quot;","block_context":{"text":"Aktuelles","link":"https:\/\/blog.sub.uni-hamburg.de\/?cat=1"},"img":{"alt_text":"","src":"https:\/\/i0.wp.com\/blog.sub.uni-hamburg.de\/wp-content\/uploads\/2010\/09\/betriebsausflug2010.jpg?resize=350%2C200&ssl=1","width":350,"height":200},"classes":[]}],"jetpack_sharing_enabled":true,"_links":{"self":[{"href":"https:\/\/blog.sub.uni-hamburg.de\/index.php?rest_route=\/wp\/v2\/posts\/15953","targetHints":{"allow":["GET"]}}],"collection":[{"href":"https:\/\/blog.sub.uni-hamburg.de\/index.php?rest_route=\/wp\/v2\/posts"}],"about":[{"href":"https:\/\/blog.sub.uni-hamburg.de\/index.php?rest_route=\/wp\/v2\/types\/post"}],"author":[{"embeddable":true,"href":"https:\/\/blog.sub.uni-hamburg.de\/index.php?rest_route=\/wp\/v2\/users\/6"}],"replies":[{"embeddable":true,"href":"https:\/\/blog.sub.uni-hamburg.de\/index.php?rest_route=%2Fwp%2Fv2%2Fcomments&post=15953"}],"version-history":[{"count":3,"href":"https:\/\/blog.sub.uni-hamburg.de\/index.php?rest_route=\/wp\/v2\/posts\/15953\/revisions"}],"predecessor-version":[{"id":15957,"href":"https:\/\/blog.sub.uni-hamburg.de\/index.php?rest_route=\/wp\/v2\/posts\/15953\/revisions\/15957"}],"wp:attachment":[{"href":"https:\/\/blog.sub.uni-hamburg.de\/index.php?rest_route=%2Fwp%2Fv2%2Fmedia&parent=15953"}],"wp:term":[{"taxonomy":"category","embeddable":true,"href":"https:\/\/blog.sub.uni-hamburg.de\/index.php?rest_route=%2Fwp%2Fv2%2Fcategories&post=15953"},{"taxonomy":"post_tag","embeddable":true,"href":"https:\/\/blog.sub.uni-hamburg.de\/index.php?rest_route=%2Fwp%2Fv2%2Ftags&post=15953"}],"curies":[{"name":"wp","href":"https:\/\/api.w.org\/{rel}","templated":true}]}}