{"id":15898,"date":"2014-09-19T10:33:51","date_gmt":"2014-09-19T08:33:51","guid":{"rendered":"http:\/\/blog.sub.uni-hamburg.de\/?p=15898"},"modified":"2014-10-08T09:14:25","modified_gmt":"2014-10-08T07:14:25","slug":"hans-scholl-sehnsucht-nach-dem-lichte-7-10","status":"publish","type":"post","link":"https:\/\/blog.sub.uni-hamburg.de\/?p=15898","title":{"rendered":"Hans Scholl &#8211; Sehnsucht nach dem Lichte (7.10.)"},"content":{"rendered":"<p><a href=\"https:\/\/blog.sub.uni-hamburg.de\/wp-content\/uploads\/2014\/09\/Robert_M_Zoske-gr.jpg\"><img loading=\"lazy\" decoding=\"async\" data-attachment-id=\"15900\" data-permalink=\"https:\/\/blog.sub.uni-hamburg.de\/?attachment_id=15900\" data-orig-file=\"https:\/\/blog.sub.uni-hamburg.de\/wp-content\/uploads\/2014\/09\/Robert_M_Zoske.jpg\" data-orig-size=\"350,233\" data-comments-opened=\"1\" data-image-meta=\"{&quot;aperture&quot;:&quot;0&quot;,&quot;credit&quot;:&quot;&quot;,&quot;camera&quot;:&quot;&quot;,&quot;caption&quot;:&quot;&quot;,&quot;created_timestamp&quot;:&quot;0&quot;,&quot;copyright&quot;:&quot;&quot;,&quot;focal_length&quot;:&quot;0&quot;,&quot;iso&quot;:&quot;0&quot;,&quot;shutter_speed&quot;:&quot;0&quot;,&quot;title&quot;:&quot;&quot;,&quot;orientation&quot;:&quot;0&quot;}\" data-image-title=\"Robert M. Zoske\" data-image-description=\"&lt;p&gt;Robert M. Zoske&lt;\/p&gt;\n\" data-image-caption=\"\" data-large-file=\"https:\/\/blog.sub.uni-hamburg.de\/wp-content\/uploads\/2014\/09\/Robert_M_Zoske.jpg\" class=\"alignright size-full wp-image-15900\" title=\"Robert M. Zoske\" src=\"https:\/\/blog.sub.uni-hamburg.de\/wp-content\/uploads\/2014\/09\/Robert_M_Zoske.jpg\" alt=\"Robert M. Zoske\" width=\"350\" height=\"233\" srcset=\"https:\/\/blog.sub.uni-hamburg.de\/wp-content\/uploads\/2014\/09\/Robert_M_Zoske.jpg 350w, https:\/\/blog.sub.uni-hamburg.de\/wp-content\/uploads\/2014\/09\/Robert_M_Zoske-150x99.jpg 150w, https:\/\/blog.sub.uni-hamburg.de\/wp-content\/uploads\/2014\/09\/Robert_M_Zoske-300x199.jpg 300w\" sizes=\"auto, (max-width: 350px) 100vw, 350px\" \/><\/a><strong>Vortrag von Robert M. Zoske: Hans Scholl &#8211; Sehnsucht nach dem Lichte &#8211; Unver\u00f6ffentlichte Gedichte, Briefe und Texte<\/strong><\/p>\n<p>Warum k\u00e4mpft ein junger Mann f\u00fcr die Freiheit? Warum will er das Staatsoberhaupt beseitigen, dem zahllose Gemeinden die Ehrenb\u00fcrgerschaft verliehen, dessen Namen unz\u00e4hlige Stra\u00dfen und Pl\u00e4tze f\u00fchren, dem seit Jahren scharenweise Paten- und Schirmherrschaften angetragen werden? Warum setzt er sein Leben ein, fordert in Flugbl\u00e4ttern den Sturz des nationalsozialistischen Regimes, malt auf W\u00e4nde \u201eFreiheit\u201c, \u201eNieder mit Hitler!\u201c und \u201eHitler Massenm\u00f6rder\u201c?<\/p>\n<p><a href=\"http:\/\/www.steinmannverlag.de\/wordpress\/buecher\/zoske\/\">Robert M. Zoske<\/a> zeigt in seiner Studie \u201eSehnsucht nach dem Lichte\u201c, dass der Widerstand des f\u00fchrenden Kopfes der M\u00fcnchner Dissidenten (\u201eWei\u00dfe Rose\u201c) als Akt wagemutiger Freiheit ein zutiefst religi\u00f6ses Ph\u00e4nomen war. Der Autor interpretiert neue, bisher unver\u00f6ffentlichte Schriften aus der Feder <a href=\"http:\/\/de.wikipedia.org\/wiki\/Hans_Scholl\">Hans Scholls<\/a>. Dieses Quellenmaterial belegt, dass f\u00fcr den Freiheitsk\u00e4mpfer sp\u00e4testens mit 19 Jahren die christliche Gedankenwelt Zuflucht, Fundament und Motivation war.<\/p>\n<p><strong>Dienstag, 7. Oktober 2014, 18 Uhr<\/strong><br \/>\nOrt: Vortragsraum, 1. Etage, Eintritt frei.<\/p>\n","protected":false},"excerpt":{"rendered":"<p>Vortrag von Robert M. Zoske: Hans Scholl &#8211; Sehnsucht nach dem Lichte &#8211; Unver\u00f6ffentlichte Gedichte, Briefe und Texte Warum k\u00e4mpft ein junger Mann f\u00fcr die Freiheit? Warum will er das Staatsoberhaupt beseitigen, dem zahllose Gemeinden die Ehrenb\u00fcrgerschaft verliehen, dessen Namen unz\u00e4hlige Stra\u00dfen und Pl\u00e4tze f\u00fchren, dem seit Jahren scharenweise Paten- und Schirmherrschaften angetragen werden? Warum [&hellip;]<\/p>\n","protected":false},"author":19,"featured_media":0,"comment_status":"open","ping_status":"open","sticky":false,"template":"","format":"standard","meta":{"jetpack_post_was_ever_published":false,"_jetpack_newsletter_access":"","_jetpack_dont_email_post_to_subs":false,"_jetpack_newsletter_tier_id":0,"_jetpack_memberships_contains_paywalled_content":false,"_jetpack_memberships_contains_paid_content":false,"footnotes":"","jetpack_publicize_message":"","jetpack_publicize_feature_enabled":true,"jetpack_social_post_already_shared":false,"jetpack_social_options":{"image_generator_settings":{"template":"highway","default_image_id":0,"font":"","enabled":false},"version":2}},"categories":[9],"tags":[],"class_list":["post-15898","post","type-post","status-publish","format-standard","hentry","category-ausstellungen"],"views":6161,"jetpack_publicize_connections":[],"jetpack_featured_media_url":"","jetpack_shortlink":"https:\/\/wp.me\/p7hfNR-48q","jetpack-related-posts":[{"id":24091,"url":"https:\/\/blog.sub.uni-hamburg.de\/?p=24091","url_meta":{"origin":15898,"position":0},"title":"Robert M. Zoske: Flamme sein! Hans Scholl und die Wei\u00dfe Rose. Eine neue Biografie (31.1.)","author":"Markus Trapp","date":"17-01-18","format":false,"excerpt":"Buchvorstellung: Mittwoch, 31. Januar 2018, 18 Uhr. Ohne Hans Scholl h\u00e4tte es die Wei\u00dfe Rose nicht gegeben. Doch wie kam der 23-J\u00e4hrige dazu, sein Leben im Kampf gegen Hitler zu riskieren? Robert Zoske zeichnet in seiner Biografie ein neues, faszinierendes Bild von einem jungen Mann, den der Heroismus des Nationalsozialismus\u2026","rel":"","context":"In &quot;Ausstellungen und Veranstaltungen&quot;","block_context":{"text":"Ausstellungen und Veranstaltungen","link":"https:\/\/blog.sub.uni-hamburg.de\/?cat=9"},"img":{"alt_text":"Robert M. Zoske: Flamme sein! Hans Scholl und die Wei\u00dfe Rose.","src":"https:\/\/i0.wp.com\/blog.sub.uni-hamburg.de\/wp-content\/uploads\/2018\/01\/18-Scholl-Zoske.jpg?resize=350%2C200&ssl=1","width":350,"height":200},"classes":[]},{"id":35878,"url":"https:\/\/blog.sub.uni-hamburg.de\/?p=35878","url_meta":{"origin":15898,"position":1},"title":"Vortrag: Die Wei\u00dfe Rose. Geschichte, Menschen, Verm\u00e4chtnis (22.5.)","author":"Markus Trapp","date":"16-05-23","format":false,"excerpt":"Montag, 22.5., 19 Uhr, Vortragsraum. Der Widerstandskreis der Wei\u00dfen Rose prangerte ab Sommer 1942 in Flugbl\u00e4ttern das NS-Regime an und forderte die Beendigung des Kriegs. Am 18. Februar 1943 wurden Hans und Sophie Scholl beim Auslegen von Flugbl\u00e4ttern in der M\u00fcnchner Universit\u00e4t ertappt. Der Kreis flog auf, niemand \u00fcberlebte die\u2026","rel":"","context":"In &quot;Ausstellungen und Veranstaltungen&quot;","block_context":{"text":"Ausstellungen und Veranstaltungen","link":"https:\/\/blog.sub.uni-hamburg.de\/?cat=9"},"img":{"alt_text":"Robert M. Zoske: 'Die Wei\u00dfe Rose. Geschichte, Menschen, Verm\u00e4chtnis'","src":"https:\/\/i0.wp.com\/blog.sub.uni-hamburg.de\/wp-content\/uploads\/2023\/05\/die-weisse-rose-zoske.jpg?resize=350%2C200&ssl=1","width":350,"height":200},"classes":[]},{"id":36310,"url":"https:\/\/blog.sub.uni-hamburg.de\/?p=36310","url_meta":{"origin":15898,"position":2},"title":"Harbour Front Literaturfestival (21.-23.9.)","author":"Markus Trapp","date":"03-08-23","format":false,"excerpt":"Zum dritten Mal wird in diesem Jahr das Harbour Front Literaturfestival auch wieder in der Stabi Station machen. An drei aufeinander folgenden Tagen finden vom 21.-23. September (Do.-Sa.) jeweils um 20 Uhr Lesungen im wundersch\u00f6nen Lichthof im Altbau der Stabi statt. Die Karten daf\u00fcr k\u00f6nnen auf der Website des Harbour\u2026","rel":"","context":"In &quot;Ausstellungen und Veranstaltungen&quot;","block_context":{"text":"Ausstellungen und Veranstaltungen","link":"https:\/\/blog.sub.uni-hamburg.de\/?cat=9"},"img":{"alt_text":"Harbour Front Literaturfestival im Lichthof der Stabi Hamburg","src":"https:\/\/i0.wp.com\/blog.sub.uni-hamburg.de\/wp-content\/uploads\/2023\/08\/lichthof-harbourfront-2023.jpg?resize=350%2C200&ssl=1","width":350,"height":200,"srcset":"https:\/\/i0.wp.com\/blog.sub.uni-hamburg.de\/wp-content\/uploads\/2023\/08\/lichthof-harbourfront-2023.jpg?resize=350%2C200&ssl=1 1x, https:\/\/i0.wp.com\/blog.sub.uni-hamburg.de\/wp-content\/uploads\/2023\/08\/lichthof-harbourfront-2023.jpg?resize=525%2C300&ssl=1 1.5x"},"classes":[]},{"id":25820,"url":"https:\/\/blog.sub.uni-hamburg.de\/?p=25820","url_meta":{"origin":15898,"position":3},"title":"Thomas Mann und Willy Brandt &#8211; Nachdenken \u00fcber Deutschland (5.11.)","author":"Markus Trapp","date":"18-10-18","format":false,"excerpt":"Thomas Mann und Willy Brandt - die Kombination irritiert. Au\u00dfer dem Geburtsort L\u00fcbeck scheint den Patriziersohn Mann nur wenig mit dem fast 40 Jahre j\u00fcngeren Arbeiterkind Brandt zu verbinden. Doch was die beiden so verschiedenen M\u00e4nner eint, ist ihre Opposition zum Nationalsozialismus: In nur wenigen Wochen Abstand voneinander verlassen sie\u2026","rel":"","context":"In &quot;Ausstellungen und Veranstaltungen&quot;","block_context":{"text":"Ausstellungen und Veranstaltungen","link":"https:\/\/blog.sub.uni-hamburg.de\/?cat=9"},"img":{"alt_text":"","src":"https:\/\/i0.wp.com\/blog.sub.uni-hamburg.de\/wp-content\/uploads\/2018\/10\/thomas-mann-219x300.jpg?resize=350%2C200&ssl=1","width":350,"height":200},"classes":[]},{"id":40347,"url":"https:\/\/blog.sub.uni-hamburg.de\/?p=40347","url_meta":{"origin":15898,"position":4},"title":"Buchvorstellung: \u201eGoebbels&#8217; Schatten\u201c \u2013 Ein Tatsachenroman, Hans-Peter de Lorent (10.6.)","author":"Markus Trapp","date":"30-05-25","format":false,"excerpt":"Dienstag, 10.6., 19 Uhr, Vortragsraum. Alles beginnt im Fu\u0308hrerbunker. Der von Deutschland entfesselte Krieg ist verloren, die Strippenzieher klammern sich an das letzte Fu\u0308nkchen Hoffnung. Auch mit dabei: Werner Naumann, von dem Hitler sich unmittelbar vor seinem Selbstmord verabschiedet mit den Worten: \u201eNaumann, Sie wissen, wie sehr ich Sie sch\u00e4tze.\u2026","rel":"","context":"In &quot;Ausstellungen und Veranstaltungen&quot;","block_context":{"text":"Ausstellungen und Veranstaltungen","link":"https:\/\/blog.sub.uni-hamburg.de\/?cat=9"},"img":{"alt_text":"Buchcover 'Goebbels' Schatten'","src":"https:\/\/i0.wp.com\/blog.sub.uni-hamburg.de\/wp-content\/uploads\/2025\/05\/Buchcover-goebbels-schatten.jpg?resize=350%2C200&ssl=1","width":350,"height":200},"classes":[]},{"id":10717,"url":"https:\/\/blog.sub.uni-hamburg.de\/?p=10717","url_meta":{"origin":15898,"position":5},"title":"Ausstellung Treffpunkt Tante Clara (18.1. \u2013 10.3.)","author":"Markus Trapp","date":"03-01-13","format":false,"excerpt":"1925 \u2013 1944 agierte die D\u00fcsseldorferin Clara Benthien (1887 \u2013 1962) in \u201eBenthiens Weinprobierstube\u201c als Gastwirtin, Raumgestalterin, Kunsth\u00e4ndlerin und Moritatens\u00e4ngerin. Man nannte sie \u201eTante Clara\u201c. Ihre Originalit\u00e4t und die N\u00e4he zu Kunsthalle, Thalia Theater und Kammerspielen zog vor allem ein k\u00fcnstlerisch-intellektuelles Publikum an. Hier verkehrten Fritz und Max Warburg, Werner\u2026","rel":"","context":"In &quot;Ausstellungen und Veranstaltungen&quot;","block_context":{"text":"Ausstellungen und Veranstaltungen","link":"https:\/\/blog.sub.uni-hamburg.de\/?cat=9"},"img":{"alt_text":"","src":"https:\/\/i0.wp.com\/blog.sub.uni-hamburg.de\/wp-content\/uploads\/2013\/01\/ausstellungsheft.jpg?resize=350%2C200&ssl=1","width":350,"height":200},"classes":[]}],"jetpack_sharing_enabled":true,"_links":{"self":[{"href":"https:\/\/blog.sub.uni-hamburg.de\/index.php?rest_route=\/wp\/v2\/posts\/15898","targetHints":{"allow":["GET"]}}],"collection":[{"href":"https:\/\/blog.sub.uni-hamburg.de\/index.php?rest_route=\/wp\/v2\/posts"}],"about":[{"href":"https:\/\/blog.sub.uni-hamburg.de\/index.php?rest_route=\/wp\/v2\/types\/post"}],"author":[{"embeddable":true,"href":"https:\/\/blog.sub.uni-hamburg.de\/index.php?rest_route=\/wp\/v2\/users\/19"}],"replies":[{"embeddable":true,"href":"https:\/\/blog.sub.uni-hamburg.de\/index.php?rest_route=%2Fwp%2Fv2%2Fcomments&post=15898"}],"version-history":[{"count":2,"href":"https:\/\/blog.sub.uni-hamburg.de\/index.php?rest_route=\/wp\/v2\/posts\/15898\/revisions"}],"predecessor-version":[{"id":15980,"href":"https:\/\/blog.sub.uni-hamburg.de\/index.php?rest_route=\/wp\/v2\/posts\/15898\/revisions\/15980"}],"wp:attachment":[{"href":"https:\/\/blog.sub.uni-hamburg.de\/index.php?rest_route=%2Fwp%2Fv2%2Fmedia&parent=15898"}],"wp:term":[{"taxonomy":"category","embeddable":true,"href":"https:\/\/blog.sub.uni-hamburg.de\/index.php?rest_route=%2Fwp%2Fv2%2Fcategories&post=15898"},{"taxonomy":"post_tag","embeddable":true,"href":"https:\/\/blog.sub.uni-hamburg.de\/index.php?rest_route=%2Fwp%2Fv2%2Ftags&post=15898"}],"curies":[{"name":"wp","href":"https:\/\/api.w.org\/{rel}","templated":true}]}}