{"id":15844,"date":"2014-09-18T09:15:13","date_gmt":"2014-09-18T07:15:13","guid":{"rendered":"http:\/\/blog.sub.uni-hamburg.de\/?p=15844"},"modified":"2014-11-03T08:27:18","modified_gmt":"2014-11-03T07:27:18","slug":"shortlist-hamburglesen-2014","status":"publish","type":"post","link":"https:\/\/blog.sub.uni-hamburg.de\/?p=15844","title":{"rendered":"Preisverleihung \u201eHamburgLesen 2014\u201c (31.10.)"},"content":{"rendered":"<p><a href=\"http:\/\/hamburglesen.de\/\"><img loading=\"lazy\" decoding=\"async\" style=\"float: right; padding-right: 0px; margin-left: 25px; margin-bottom: 25px;\" title=\"HamburgLesen 2014\" src=\"https:\/\/blog.sub.uni-hamburg.de\/wp-content\/uploads\/2014\/09\/hh-lesen-statue2014.jpg\" alt=\"HamburgLesen 2014\" width=\"300\" height=\"374\" \/><\/a> Am 31. Oktober ist es wieder soweit, die Staatsbibliothek wird im Rahmen einer feierlichen Preisverleihung den Buchpreis Hamburglesen2014 vergeben. Wie im Vormonat bereits <a href=\"https:\/\/blog.sub.uni-hamburg.de\/?p=15647\">berichtet<\/a>, hat inzwischen ein Expertenteam des wissenschaftlichen und kulturellen Lebens Hamburgs die B\u00fccher ausgew\u00e4hlt, die der Jury vorgeschlagen werden. Der Preistr\u00e4ger von HamburgLesen wird aus diesen sieben Titeln der <a href=\"http:\/\/hamburglesen.de\/?page_id=511\">Shortlist<\/a> ausgew\u00e4hlt und am 31.\u00a0Oktober bekannt gegeben werden:<\/p>\n<ul>\n<li>Peter Haefcke: Das Herz der Stadt: Unterwegs in Hamburgs Mitte, M\u00fcnchen; Hamburg: D\u00f6lling und Galitz, 2013<\/li>\n<li>Michel Ruge: Bordsteink\u00f6nig: meine wilde Jugend auf St. Pauli. M\u00fcnchen: Droemer Knaur, 2013<\/li>\n<li>St. Katharinen: die Hauptkirche und ihr Viertel; eine Wiederentdeckung. Hrsg. von der Hauptkirche St. Katharinen. Hamburg: Elbe &amp; Flut Ed., Junius, 2013<\/li>\n<li>Gil H\u00fcttenmeister; Eberhard K\u00e4ndler, Michael Studemund-Hal\u00e9vy: Der Grindel-Ersatzfriedhof auf dem j\u00fcdischen Friedhof Ohlsdorf-Ilandkoppel. Hrsg: Kulturbeh\u00f6rde Hamburg, Denkmalschutzamt. Hamburg: Verlag Hanseatischer Merkur, 2013<\/li>\n<li>Thomas Henning: Stra\u00dfenfotos \u2013 Hamburg um 1975. Hamburg: Junius, 2013<\/li>\n<li>Maike Bruhns: Bauschmuck bei Fritz Schumacher: Ein Kaleidoskop der K\u00fcnste. M\u00fcnchen u.a.: D\u00f6lling und Galitz, 2013.<\/li>\n<li>Uta Mertens, Heike Ollertz: Pik As: 100 Jahre Nachtasyl. Hamburg: F\u00f6rderverein PIK AS e. V., 2013<\/li>\n<\/ul>\n<p><!--more--><br \/>\n<a href=\"http:\/\/hamburglesen.de\/?page_id=511\"><img loading=\"lazy\" decoding=\"async\" style=\"float: none;\" title=\"Shortlist 'HamburgLesen 2014'\" src=\"https:\/\/blog.sub.uni-hamburg.de\/wp-content\/uploads\/2014\/09\/hh-lesen-shortlist2014.jpg\" alt=\"Shortlist 'HamburgLesen 2014'\" width=\"550\" height=\"97\" \/><\/a><\/p>\n<p>Alle Informationen zu den sieben Titeln der Shortlist \u2013 mit Link in den Campus-Katalog und auf die Verlagsseiten \u2013 finden Sie auf <a href=\"http:\/\/hamburglesen.de\/?page_id=511\">hamburglesen.de<\/a>.<\/p>\n<p><a href=\"http:\/\/hamburglesen.de\/\"><img loading=\"lazy\" decoding=\"async\" style=\"float: left; padding-left: 0px; margin-right: 25px; margin-bottom: 10px;\" title=\"Preisverleihung 'HamburgLesen 2014' im Lichthof\" src=\"https:\/\/blog.sub.uni-hamburg.de\/wp-content\/uploads\/2014\/09\/hh-lesen-lichthof2014.jpg\" alt=\"Preisverleihung 'HamburgLesen 2014' im Lichthof\" width=\"350\" height=\"237\" \/><\/a> Den Termin der Preisverleihung k\u00f6nnen Sie sich bitte schon mal vormerken:<\/p>\n<blockquote><p><strong>HamburgLesen2014 wird am 31. Oktober 2014, um 17 Uhr, im Lichthof der Staatsbibliothek feierlich verliehen.<\/strong> Die sieben Titel der Shortlist werden in einer kurzen Laudatio vorgestellt. Die Preisverleihung wird musikalisch von den <a href=\"http:\/\/www.alsterspatzen.de\/\">Alsterspatzen<\/a>, dem Kinderchor der Hamburgischen Staatsoper, begleitet.<\/p><\/blockquote>\n<p>Lesen Sie hier den Bericht \u00fcber die <a href=\"https:\/\/blog.sub.uni-hamburg.de\/?p=13014\">Preisverleihung <em>HamburgLesen 2013<\/em><\/a>, als Joachim Kersten f\u00fcr \u00abArno Schmidt in Hamburg\u00bb mit dem Buchpreis der Staatsbibliothek ausgezeichnet wurde.<\/p>\n","protected":false},"excerpt":{"rendered":"<p>Am 31. Oktober ist es wieder soweit, die Staatsbibliothek wird im Rahmen einer feierlichen Preisverleihung den Buchpreis Hamburglesen2014 vergeben. Wie im Vormonat bereits berichtet, hat inzwischen ein Expertenteam des wissenschaftlichen und kulturellen Lebens Hamburgs die B\u00fccher ausgew\u00e4hlt, die der Jury vorgeschlagen werden. Der Preistr\u00e4ger von HamburgLesen wird aus diesen sieben Titeln der Shortlist ausgew\u00e4hlt und [&hellip;]<\/p>\n","protected":false},"author":19,"featured_media":0,"comment_status":"open","ping_status":"open","sticky":false,"template":"","format":"standard","meta":{"jetpack_post_was_ever_published":false,"_jetpack_newsletter_access":"","_jetpack_dont_email_post_to_subs":false,"_jetpack_newsletter_tier_id":0,"_jetpack_memberships_contains_paywalled_content":false,"_jetpack_memberships_contains_paid_content":false,"footnotes":"","jetpack_publicize_message":"","jetpack_publicize_feature_enabled":true,"jetpack_social_post_already_shared":false,"jetpack_social_options":{"image_generator_settings":{"template":"highway","default_image_id":0,"font":"","enabled":false},"version":2}},"categories":[9,17],"tags":[],"class_list":["post-15844","post","type-post","status-publish","format-standard","hentry","category-ausstellungen","category-hamburg"],"views":3786,"jetpack_publicize_connections":[],"jetpack_featured_media_url":"","jetpack_shortlink":"https:\/\/wp.me\/p7hfNR-47y","jetpack-related-posts":[{"id":21420,"url":"https:\/\/blog.sub.uni-hamburg.de\/?p=21420","url_meta":{"origin":15844,"position":0},"title":"HamburgLesen 2016: Fotoband \u00abDer Hafen\u00bb","author":"Markus Trapp","date":"31-10-16","format":false,"excerpt":"Der Buchpreis der Staatsbibliothek HamburgLesen 2016 geht an \u00abDer Hafen. Fotografien des Hamburger Hafens 1930-1970; Gustav Werbeck, John Holler, Germin, Harald Zoch\u00bb, Hrsg. von Henning Rademacher. Am Freitag, 28.10.2016, fand die feierliche Preisverleihung im Lichthof der Staats- und Universit\u00e4tsbibliothek statt. Die Direktorin der Staats- und Universit\u00e4tsbibliothek, Prof. Dr. Gabriele Beger\u2026","rel":"","context":"In &quot;Aktuelles&quot;","block_context":{"text":"Aktuelles","link":"https:\/\/blog.sub.uni-hamburg.de\/?cat=1"},"img":{"alt_text":"","src":"https:\/\/i0.wp.com\/blog.sub.uni-hamburg.de\/wp-content\/uploads\/2016\/10\/pf-hhlesen2016-1-150x100.jpg?resize=350%2C200&ssl=1","width":350,"height":200,"srcset":"https:\/\/i0.wp.com\/blog.sub.uni-hamburg.de\/wp-content\/uploads\/2016\/10\/pf-hhlesen2016-1-150x100.jpg?resize=350%2C200&ssl=1 1x, https:\/\/i0.wp.com\/blog.sub.uni-hamburg.de\/wp-content\/uploads\/2016\/10\/pf-hhlesen2016-1-150x100.jpg?resize=525%2C300&ssl=1 1.5x, https:\/\/i0.wp.com\/blog.sub.uni-hamburg.de\/wp-content\/uploads\/2016\/10\/pf-hhlesen2016-1-150x100.jpg?resize=700%2C400&ssl=1 2x, https:\/\/i0.wp.com\/blog.sub.uni-hamburg.de\/wp-content\/uploads\/2016\/10\/pf-hhlesen2016-1-150x100.jpg?resize=1050%2C600&ssl=1 3x, https:\/\/i0.wp.com\/blog.sub.uni-hamburg.de\/wp-content\/uploads\/2016\/10\/pf-hhlesen2016-1-150x100.jpg?resize=1400%2C800&ssl=1 4x"},"classes":[]},{"id":31530,"url":"https:\/\/blog.sub.uni-hamburg.de\/?p=31530","url_meta":{"origin":15844,"position":1},"title":"Shortlist HamburgLesen 2021","author":"Markus Trapp","date":"08-07-21","format":false,"excerpt":"Im Herbst ist es wieder soweit: Zum nunmehr neunten Mal vergibt die Staats- und Universit\u00e4tsbibliothek ihren Buchpreis HamburgLesen an ein Buch der aktuellen \"Jahresproduktion\", das sich in herausragender Weise mit dem Thema Hamburg befasst. Der Buchpreis HamburgLesen steht unter der Schirmherrschaft der Senatorin f\u00fcr Wissenschaft, Forschung, Gleichstellung und Bezirke, Katharina\u2026","rel":"","context":"In &quot;Aktuelles&quot;","block_context":{"text":"Aktuelles","link":"https:\/\/blog.sub.uni-hamburg.de\/?cat=1"},"img":{"alt_text":"","src":"https:\/\/i0.wp.com\/blog.sub.uni-hamburg.de\/wp-content\/uploads\/2021\/07\/shortlist2021mitlogo.jpg?resize=350%2C200&ssl=1","width":350,"height":200,"srcset":"https:\/\/i0.wp.com\/blog.sub.uni-hamburg.de\/wp-content\/uploads\/2021\/07\/shortlist2021mitlogo.jpg?resize=350%2C200&ssl=1 1x, https:\/\/i0.wp.com\/blog.sub.uni-hamburg.de\/wp-content\/uploads\/2021\/07\/shortlist2021mitlogo.jpg?resize=525%2C300&ssl=1 1.5x"},"classes":[]},{"id":29689,"url":"https:\/\/blog.sub.uni-hamburg.de\/?p=29689","url_meta":{"origin":15844,"position":2},"title":"Shortlist HamburgLesen 2020","author":"Markus Trapp","date":"07-08-20","format":false,"excerpt":"Im Herbst ist es wieder soweit: Zum nunmehr achten Mal vergibt die Staats- und Universit\u00e4tsbibliothek ihren Buchpreis HamburgLesen an ein Buch der aktuellen \"Jahresproduktion\", das sich in herausragender Weise mit dem Thema Hamburg befasst. Im Rennen um den mit 5.000 \u20ac dotierten Buchpreis, der am Freitag, den 23. Oktober 2020\u2026","rel":"","context":"In &quot;Aktuelles&quot;","block_context":{"text":"Aktuelles","link":"https:\/\/blog.sub.uni-hamburg.de\/?cat=1"},"img":{"alt_text":"","src":"https:\/\/i0.wp.com\/blog.sub.uni-hamburg.de\/wp-content\/uploads\/2020\/07\/shortlist2020.jpg?resize=350%2C200&ssl=1","width":350,"height":200,"srcset":"https:\/\/i0.wp.com\/blog.sub.uni-hamburg.de\/wp-content\/uploads\/2020\/07\/shortlist2020.jpg?resize=350%2C200&ssl=1 1x, https:\/\/i0.wp.com\/blog.sub.uni-hamburg.de\/wp-content\/uploads\/2020\/07\/shortlist2020.jpg?resize=525%2C300&ssl=1 1.5x"},"classes":[]},{"id":18504,"url":"https:\/\/blog.sub.uni-hamburg.de\/?p=18504","url_meta":{"origin":15844,"position":3},"title":"Preisverleihung HamburgLesen 2015 (30.10.)","author":"MG","date":"07-10-15","format":false,"excerpt":"Die Shortlist des Buchpreises der Staats- und Universit\u00e4tsbibliothek Hamburg ist bekannt - der Tag der Verk\u00fcndung des Preistr\u00e4gers r\u00fcckt n\u00e4her! Heute k\u00f6nnen wir ein wenig den Vorhang zur Preisverleihung - im historischen Lichthof der Stabi - l\u00fcften. Hamburgs Zweite B\u00fcrgermeisterin, Katharina Fegebank,\u00a0wird als Schirmherrin von HamburgLesen 2015 die Preisverleihung mit\u2026","rel":"","context":"In &quot;Ausstellungen und Veranstaltungen&quot;","block_context":{"text":"Ausstellungen und Veranstaltungen","link":"https:\/\/blog.sub.uni-hamburg.de\/?cat=9"},"img":{"alt_text":"","src":"https:\/\/i0.wp.com\/blog.sub.uni-hamburg.de\/wp-content\/uploads\/2015\/10\/HL-2015-terminhinweis.jpg?resize=350%2C200&ssl=1","width":350,"height":200},"classes":[]},{"id":39077,"url":"https:\/\/blog.sub.uni-hamburg.de\/?p=39077","url_meta":{"origin":15844,"position":4},"title":"Buchpreisverleihung: HamburgLesen 2024 (15.11.)","author":"Markus Trapp","date":"01-11-24","format":false,"excerpt":"Freitag, 15.11., 17 Uhr, Lichthof. Auch in diesem Jahr verleiht die Staats- und Universit\u00e4tsbibliothek den Preis f\u00fcr ein Buch, das sich in herausragender Weise mit dem Thema Hamburg befasst. HamburgLesen kn\u00fcpft damit an eine Tradition des Hauses an: Seit \u00fcber 540 Jahren sammelt die Bibliothek alle Schriften, die \u00fcber Hamburg\u2026","rel":"","context":"In &quot;Ausstellungen und Veranstaltungen&quot;","block_context":{"text":"Ausstellungen und Veranstaltungen","link":"https:\/\/blog.sub.uni-hamburg.de\/?cat=9"},"img":{"alt_text":"Shortlist HamburgLesen 2024","src":"https:\/\/i0.wp.com\/blog.sub.uni-hamburg.de\/wp-content\/uploads\/2024\/07\/shortlist2024mitlogo.jpg?resize=350%2C200&ssl=1","width":350,"height":200,"srcset":"https:\/\/i0.wp.com\/blog.sub.uni-hamburg.de\/wp-content\/uploads\/2024\/07\/shortlist2024mitlogo.jpg?resize=350%2C200&ssl=1 1x, https:\/\/i0.wp.com\/blog.sub.uni-hamburg.de\/wp-content\/uploads\/2024\/07\/shortlist2024mitlogo.jpg?resize=525%2C300&ssl=1 1.5x"},"classes":[]},{"id":41072,"url":"https:\/\/blog.sub.uni-hamburg.de\/?p=41072","url_meta":{"origin":15844,"position":5},"title":"Buchpreisverleihung: HamburgLesen 2025","author":"Markus Trapp","date":"24-10-25","format":false,"excerpt":"Freitag, 14.11., 17 Uhr, Lichthof. Seit 2013 zeichnet die Staats- und Universit\u00e4tsbibliothek j\u00e4hrlich ein Buch aus, das sich in herausragender Weise mit dem Thema Hamburg befasst. HamburgLesen kn\u00fcpft damit an eine Tradition des Hauses an: Seit mehr als 540 Jahren sammelt die Bibliothek alle Schriften, die \u00fcber Hamburg ver\u00f6ffentlicht werden.\u2026","rel":"","context":"In &quot;Ausstellungen und Veranstaltungen&quot;","block_context":{"text":"Ausstellungen und Veranstaltungen","link":"https:\/\/blog.sub.uni-hamburg.de\/?cat=9"},"img":{"alt_text":"","src":"https:\/\/i0.wp.com\/blog.sub.uni-hamburg.de\/wp-content\/uploads\/2025\/10\/einladung-hhlesen-2025-kl.jpg?resize=350%2C200&ssl=1","width":350,"height":200,"srcset":"https:\/\/i0.wp.com\/blog.sub.uni-hamburg.de\/wp-content\/uploads\/2025\/10\/einladung-hhlesen-2025-kl.jpg?resize=350%2C200&ssl=1 1x, https:\/\/i0.wp.com\/blog.sub.uni-hamburg.de\/wp-content\/uploads\/2025\/10\/einladung-hhlesen-2025-kl.jpg?resize=525%2C300&ssl=1 1.5x"},"classes":[]}],"jetpack_sharing_enabled":true,"_links":{"self":[{"href":"https:\/\/blog.sub.uni-hamburg.de\/index.php?rest_route=\/wp\/v2\/posts\/15844","targetHints":{"allow":["GET"]}}],"collection":[{"href":"https:\/\/blog.sub.uni-hamburg.de\/index.php?rest_route=\/wp\/v2\/posts"}],"about":[{"href":"https:\/\/blog.sub.uni-hamburg.de\/index.php?rest_route=\/wp\/v2\/types\/post"}],"author":[{"embeddable":true,"href":"https:\/\/blog.sub.uni-hamburg.de\/index.php?rest_route=\/wp\/v2\/users\/19"}],"replies":[{"embeddable":true,"href":"https:\/\/blog.sub.uni-hamburg.de\/index.php?rest_route=%2Fwp%2Fv2%2Fcomments&post=15844"}],"version-history":[{"count":14,"href":"https:\/\/blog.sub.uni-hamburg.de\/index.php?rest_route=\/wp\/v2\/posts\/15844\/revisions"}],"predecessor-version":[{"id":16311,"href":"https:\/\/blog.sub.uni-hamburg.de\/index.php?rest_route=\/wp\/v2\/posts\/15844\/revisions\/16311"}],"wp:attachment":[{"href":"https:\/\/blog.sub.uni-hamburg.de\/index.php?rest_route=%2Fwp%2Fv2%2Fmedia&parent=15844"}],"wp:term":[{"taxonomy":"category","embeddable":true,"href":"https:\/\/blog.sub.uni-hamburg.de\/index.php?rest_route=%2Fwp%2Fv2%2Fcategories&post=15844"},{"taxonomy":"post_tag","embeddable":true,"href":"https:\/\/blog.sub.uni-hamburg.de\/index.php?rest_route=%2Fwp%2Fv2%2Ftags&post=15844"}],"curies":[{"name":"wp","href":"https:\/\/api.w.org\/{rel}","templated":true}]}}