{"id":15826,"date":"2014-09-17T14:47:24","date_gmt":"2014-09-17T12:47:24","guid":{"rendered":"http:\/\/blog.sub.uni-hamburg.de\/?p=15826"},"modified":"2014-09-25T09:12:30","modified_gmt":"2014-09-25T07:12:30","slug":"chorkonzert-feuer-liebe-weisheit-24-9","status":"publish","type":"post","link":"https:\/\/blog.sub.uni-hamburg.de\/?p=15826","title":{"rendered":"Chorkonzert: Feuer &#8211; Liebe &#8211; Weisheit (24.9.)"},"content":{"rendered":"<p><a href=\"http:\/\/www.hamburger-konservatorium.de\/?ws=1200\"><img loading=\"lazy\" decoding=\"async\" style=\"float: right; padding-right: 0px; margin-left: 25px; margin-bottom: 25px;\" src=\"https:\/\/blog.sub.uni-hamburg.de\/wp-content\/uploads\/2014\/09\/hamburger-konservatorium.jpg\" alt=\"hamburger-konservatorium\" width=\"350\" height=\"236\" \/><\/a> Der <a href=\"http:\/\/www.hamburger-konservatorium.de\/?ws=1200\">Chor des Hamburger Konservatoriums<\/a> f\u00fchrt am 24.\u00a0September im Lichthof der Staatsbibliothek ein Konzert auf.<\/p>\n<p>Madrigale, Chansons und Lieder f\u00fcr Chor a cappella; Fantasien und T\u00e4nze f\u00fcr Gitarre von Monteverdi,<br \/>\nDowland, Lauridsen, Hindemith, Kukuck u.a.<\/p>\n<p><a href=\"http:\/\/de.wikipedia.org\/wiki\/Claudio_Monteverdi\">Claudio Monteverdi<\/a>, der Komponist an der Wende zwischen Renaissance und Barock, forderte: \u201e<em>Das Wort ist die Herrin der Harmonie, nicht ihr Diener<\/em>\u201c.<\/p>\n<p><a href=\"https:\/\/blog.sub.uni-hamburg.de\/wp-content\/uploads\/2014\/09\/almut-stuemke-gr.jpg\"><img loading=\"lazy\" decoding=\"async\" style=\"float: left; padding-left: 0px; margin-right: 34px; margin-bottom: 35px;\" title=\"Leitung des Chors: Almut St\u00fcmke\" src=\"https:\/\/blog.sub.uni-hamburg.de\/wp-content\/uploads\/2014\/09\/almut-stuemke.jpg\" alt=\"Leitung des Chors: Almut St\u00fcmke\" width=\"200\" height=\"300\" \/><\/a> \u201e<em>Zu modern<\/em>\u201c, beschwerte sich ein traditionsorientierter Kritiker 1601. In seinen Madrigalb\u00fcchern verewigte Monteverdi Texte von Dichtern seiner Zeit, die das ganze Spektrum von verzehrender, hingebungsvoller Liebe bis zu Trennungsschmerz und Todessehnsucht beschreiben, und der Komponist l\u00e4sst die menschliche Stimme dieses musikalisch in allen Facetten darstellen.<\/p>\n<p>Diese Werke faszinierten auch den US-amerikanische Komponisten und Kompositionsprofessor Morten Lauridsen: Unter dem Eindruck von Monteverdis Madrigalen schuf er die \u201eFire Song\u201c: alte Texte, neue Chorkl\u00e4nge &#8211; und Gef\u00fchle, die doch in jeder Generation wiederkehren.<\/p>\n<p>Gregor Macht, Gitarre &#8211; Chor des Hamburger Konservatoriums, Leitung: Almut St\u00fcmke<\/p>\n<p><strong>Mittwoch, 24. September 2014, 20 Uhr<br \/>\nEintritt: 15\/10 EUR (Abendkasse)<br \/>\nLichthof im Altbau, Eingang E.-Siemers-Allee\/Ecke Grindelallee<\/strong><\/p>\n","protected":false},"excerpt":{"rendered":"<p>Der Chor des Hamburger Konservatoriums f\u00fchrt am 24.\u00a0September im Lichthof der Staatsbibliothek ein Konzert auf. Madrigale, Chansons und Lieder f\u00fcr Chor a cappella; Fantasien und T\u00e4nze f\u00fcr Gitarre von Monteverdi, Dowland, Lauridsen, Hindemith, Kukuck u.a. Claudio Monteverdi, der Komponist an der Wende zwischen Renaissance und Barock, forderte: \u201eDas Wort ist die Herrin der Harmonie, nicht [&hellip;]<\/p>\n","protected":false},"author":19,"featured_media":0,"comment_status":"open","ping_status":"open","sticky":false,"template":"","format":"standard","meta":{"jetpack_post_was_ever_published":false,"_jetpack_newsletter_access":"","_jetpack_dont_email_post_to_subs":false,"_jetpack_newsletter_tier_id":0,"_jetpack_memberships_contains_paywalled_content":false,"_jetpack_memberships_contains_paid_content":false,"footnotes":"","jetpack_publicize_message":"","jetpack_publicize_feature_enabled":true,"jetpack_social_post_already_shared":false,"jetpack_social_options":{"image_generator_settings":{"template":"highway","default_image_id":0,"font":"","enabled":false},"version":2}},"categories":[9,17],"tags":[],"class_list":["post-15826","post","type-post","status-publish","format-standard","hentry","category-ausstellungen","category-hamburg"],"views":3061,"jetpack_publicize_connections":[],"jetpack_featured_media_url":"","jetpack_shortlink":"https:\/\/wp.me\/p7hfNR-47g","jetpack-related-posts":[{"id":17967,"url":"https:\/\/blog.sub.uni-hamburg.de\/?p=17967","url_meta":{"origin":15826,"position":0},"title":"Lichthof-Konzert: Von Liebe, Lust und Leidenschaft (15.7.)","author":"Markus Trapp","date":"25-06-15","format":false,"excerpt":"Von Liebe, Lust und Leidenschaft - Eine musikalische Reise durch Europa Ein Programm voller Liebe in all ihren unterschiedlichen Facetten erwartet Sie beim Sommerkonzert des Alumni-Chors der Universit\u00e4t Hamburg. Was f\u00fchlen Verliebte? Welche Pr\u00fcfungen m\u00fcssen Paare bestehen? Wie geht es nach der Heirat weiter? Wie schmerzvoll kann unerwiderte Liebe und\u2026","rel":"","context":"In &quot;Ausstellungen und Veranstaltungen&quot;","block_context":{"text":"Ausstellungen und Veranstaltungen","link":"https:\/\/blog.sub.uni-hamburg.de\/?cat=9"},"img":{"alt_text":"","src":"https:\/\/i0.wp.com\/blog.sub.uni-hamburg.de\/wp-content\/uploads\/2015\/06\/Alumni-Chor.jpg?resize=350%2C200&ssl=1","width":350,"height":200,"srcset":"https:\/\/i0.wp.com\/blog.sub.uni-hamburg.de\/wp-content\/uploads\/2015\/06\/Alumni-Chor.jpg?resize=350%2C200&ssl=1 1x, https:\/\/i0.wp.com\/blog.sub.uni-hamburg.de\/wp-content\/uploads\/2015\/06\/Alumni-Chor.jpg?resize=525%2C300&ssl=1 1.5x"},"classes":[]},{"id":25134,"url":"https:\/\/blog.sub.uni-hamburg.de\/?p=25134","url_meta":{"origin":15826,"position":1},"title":"Alumni-Chor Universit\u00e4t Hamburg: Love &#038; Spirit (29.6.)","author":"Markus Trapp","date":"14-06-18","format":false,"excerpt":"Alte Madrigale und neue Motetten \u2013 Musik aus Renaissance und Gegenwart. \u201eLasst uns singen, unseren Kummer vergessen\u201c, hei\u00dft es im historischen Tanzlied Tourdion. Von Weltlichem wie Liebe, Freude, Tr\u00e4nen, geh\u00f6rnten Ehem\u00e4nnern oder gutem Wein erz\u00e4hlen die Madrigale aus der Renaissance, u.a. von Lasso, Tomkins und Monteverdi. In seinem Sommerkonzert 2018\u2026","rel":"","context":"In &quot;Ausstellungen und Veranstaltungen&quot;","block_context":{"text":"Ausstellungen und Veranstaltungen","link":"https:\/\/blog.sub.uni-hamburg.de\/?cat=9"},"img":{"alt_text":"","src":"https:\/\/i0.wp.com\/blog.sub.uni-hamburg.de\/wp-content\/uploads\/2018\/06\/DEE819D3-C5AC-48D3-9746-98A840729C0B-e1528990052753.jpeg?resize=350%2C200&ssl=1","width":350,"height":200,"srcset":"https:\/\/i0.wp.com\/blog.sub.uni-hamburg.de\/wp-content\/uploads\/2018\/06\/DEE819D3-C5AC-48D3-9746-98A840729C0B-e1528990052753.jpeg?resize=350%2C200&ssl=1 1x, https:\/\/i0.wp.com\/blog.sub.uni-hamburg.de\/wp-content\/uploads\/2018\/06\/DEE819D3-C5AC-48D3-9746-98A840729C0B-e1528990052753.jpeg?resize=525%2C300&ssl=1 1.5x"},"classes":[]},{"id":12554,"url":"https:\/\/blog.sub.uni-hamburg.de\/?p=12554","url_meta":{"origin":15826,"position":2},"title":"Selle-Konzert \u2013 Ensemble Metamorfosi (5.9.)","author":"Markus Trapp","date":"20-08-13","format":false,"excerpt":"Thomas Selle (1599\u20131663): Kleine geistliche Concerti & amour\u00f6sische Liedlein Konzert zum 350. Todesjahr des Hamburger Kirchenmusikdirektors Bevor Thomas Selle als Musikdirektor der Hamburger Hauptkirchen die h\u00f6chste und bedeutendste Stelle Norddeutschlands \u00fcbernahm, hatte er im Alter von 25 bis 35 Jahren kleinere Stellen im Dithmarscher Raum inne, in Heide, Wesselburen und\u2026","rel":"","context":"In &quot;Ausstellungen und Veranstaltungen&quot;","block_context":{"text":"Ausstellungen und Veranstaltungen","link":"https:\/\/blog.sub.uni-hamburg.de\/?cat=9"},"img":{"alt_text":"","src":"https:\/\/i0.wp.com\/blog.sub.uni-hamburg.de\/wp-content\/uploads\/2013\/08\/Konzert-Selle.jpg?resize=350%2C200&ssl=1","width":350,"height":200},"classes":[]},{"id":42493,"url":"https:\/\/blog.sub.uni-hamburg.de\/?p=42493","url_meta":{"origin":15826,"position":3},"title":"Chorkonzert: \u201eWake Me Up, Spring!\u201c (9.5.)","author":"Markus Trapp","date":"28-04-26","format":false,"excerpt":"Samstag, 9.5., 19 Uhr, Lichthof. Der preisgekr\u00f6nte Hamburger Chor HOME begeistert unter der Leitung von Vera Langer und Ram\u00f3n Lazzaroni mit seinem ganz eigenen, warmen Sound und pr\u00e4sentiert Ausz\u00fcge aus dem neuen Programm \u201eElements\u201c. Flankiert wird der Abend von Local Vocal aus Aarhus \u2013 D\u00e4nemarks Pop-A-Cappella-Export mit \u00fcber 8 Millionen\u2026","rel":"","context":"In &quot;Ausstellungen und Veranstaltungen&quot;","block_context":{"text":"Ausstellungen und Veranstaltungen","link":"https:\/\/blog.sub.uni-hamburg.de\/?cat=9"},"img":{"alt_text":"","src":"https:\/\/i0.wp.com\/blog.sub.uni-hamburg.de\/wp-content\/uploads\/2026\/04\/260227_Wake_Me_UP-1920w-kl.jpg?resize=350%2C200&ssl=1","width":350,"height":200,"srcset":"https:\/\/i0.wp.com\/blog.sub.uni-hamburg.de\/wp-content\/uploads\/2026\/04\/260227_Wake_Me_UP-1920w-kl.jpg?resize=350%2C200&ssl=1 1x, https:\/\/i0.wp.com\/blog.sub.uni-hamburg.de\/wp-content\/uploads\/2026\/04\/260227_Wake_Me_UP-1920w-kl.jpg?resize=525%2C300&ssl=1 1.5x, https:\/\/i0.wp.com\/blog.sub.uni-hamburg.de\/wp-content\/uploads\/2026\/04\/260227_Wake_Me_UP-1920w-kl.jpg?resize=700%2C400&ssl=1 2x"},"classes":[]},{"id":25078,"url":"https:\/\/blog.sub.uni-hamburg.de\/?p=25078","url_meta":{"origin":15826,"position":4},"title":"Konzert UKE-Studierendenchor (15.6.)","author":"Markus Trapp","date":"01-06-18","format":false,"excerpt":"Bereits das dritte Mal gestalten der Studierendenchor des Universit\u00e4tsklinikums Hamburg-Eppendorf und das Saxophon-Quintett QWAIN ein gemeinsames Konzert! Die Bandbesetzung mit Sopran-, Alt-, Tenor- sowie Baritonsaxophon bietet ein seltenes Klangerlebnis und hat h\u00f6renswerte und farbenfrohe St\u00fccke aus dem Bereich Swing, Pop, Musical und Klassik zusammengestellt. Der Studierendenchor umfasst mittlerweile knapp 30\u2026","rel":"","context":"In &quot;Ausstellungen und Veranstaltungen&quot;","block_context":{"text":"Ausstellungen und Veranstaltungen","link":"https:\/\/blog.sub.uni-hamburg.de\/?cat=9"},"img":{"alt_text":"UKE-Studierendenchor","src":"https:\/\/i0.wp.com\/blog.sub.uni-hamburg.de\/wp-content\/uploads\/2018\/06\/18-06-15-ukestudierendenchor-flyer.jpg?resize=350%2C200&ssl=1","width":350,"height":200,"srcset":"https:\/\/i0.wp.com\/blog.sub.uni-hamburg.de\/wp-content\/uploads\/2018\/06\/18-06-15-ukestudierendenchor-flyer.jpg?resize=350%2C200&ssl=1 1x, https:\/\/i0.wp.com\/blog.sub.uni-hamburg.de\/wp-content\/uploads\/2018\/06\/18-06-15-ukestudierendenchor-flyer.jpg?resize=525%2C300&ssl=1 1.5x"},"classes":[]},{"id":17951,"url":"https:\/\/blog.sub.uni-hamburg.de\/?p=17951","url_meta":{"origin":15826,"position":5},"title":"Chorkonzert der Hamburger Singakademie (11.7.)","author":"Markus Trapp","date":"23-06-15","format":false,"excerpt":"Odi et amo - Lichthof-Konzert mit Werken von Hans Leo Hassler (1564-1612), Johann Steffen (1560-1616), Orlando di Lasso (1532-1594) und Carl Orff (1895-1982) Mitwirkende: Olga Chuminkova, Klavier\/Cembalo, und Ruprecht Bassarak, Cello, unter der Leitung von J\u00f6rg Mall. \u201cOdi et amo\u201d \u2013 Hier verzehrt sich ein Liebhaber vor Sehnsucht nach seinem\u2026","rel":"","context":"In &quot;Ausstellungen und Veranstaltungen&quot;","block_context":{"text":"Ausstellungen und Veranstaltungen","link":"https:\/\/blog.sub.uni-hamburg.de\/?cat=9"},"img":{"alt_text":"Singakademie-Konzert-Juli","src":"https:\/\/i0.wp.com\/blog.sub.uni-hamburg.de\/wp-content\/uploads\/2015\/06\/Singakademie-Konzert-Juli.jpg?resize=350%2C200&ssl=1","width":350,"height":200,"srcset":"https:\/\/i0.wp.com\/blog.sub.uni-hamburg.de\/wp-content\/uploads\/2015\/06\/Singakademie-Konzert-Juli.jpg?resize=350%2C200&ssl=1 1x, https:\/\/i0.wp.com\/blog.sub.uni-hamburg.de\/wp-content\/uploads\/2015\/06\/Singakademie-Konzert-Juli.jpg?resize=525%2C300&ssl=1 1.5x"},"classes":[]}],"jetpack_sharing_enabled":true,"_links":{"self":[{"href":"https:\/\/blog.sub.uni-hamburg.de\/index.php?rest_route=\/wp\/v2\/posts\/15826","targetHints":{"allow":["GET"]}}],"collection":[{"href":"https:\/\/blog.sub.uni-hamburg.de\/index.php?rest_route=\/wp\/v2\/posts"}],"about":[{"href":"https:\/\/blog.sub.uni-hamburg.de\/index.php?rest_route=\/wp\/v2\/types\/post"}],"author":[{"embeddable":true,"href":"https:\/\/blog.sub.uni-hamburg.de\/index.php?rest_route=\/wp\/v2\/users\/19"}],"replies":[{"embeddable":true,"href":"https:\/\/blog.sub.uni-hamburg.de\/index.php?rest_route=%2Fwp%2Fv2%2Fcomments&post=15826"}],"version-history":[{"count":10,"href":"https:\/\/blog.sub.uni-hamburg.de\/index.php?rest_route=\/wp\/v2\/posts\/15826\/revisions"}],"predecessor-version":[{"id":15959,"href":"https:\/\/blog.sub.uni-hamburg.de\/index.php?rest_route=\/wp\/v2\/posts\/15826\/revisions\/15959"}],"wp:attachment":[{"href":"https:\/\/blog.sub.uni-hamburg.de\/index.php?rest_route=%2Fwp%2Fv2%2Fmedia&parent=15826"}],"wp:term":[{"taxonomy":"category","embeddable":true,"href":"https:\/\/blog.sub.uni-hamburg.de\/index.php?rest_route=%2Fwp%2Fv2%2Fcategories&post=15826"},{"taxonomy":"post_tag","embeddable":true,"href":"https:\/\/blog.sub.uni-hamburg.de\/index.php?rest_route=%2Fwp%2Fv2%2Ftags&post=15826"}],"curies":[{"name":"wp","href":"https:\/\/api.w.org\/{rel}","templated":true}]}}