{"id":15650,"date":"2014-08-19T15:42:35","date_gmt":"2014-08-19T13:42:35","guid":{"rendered":"http:\/\/blog.sub.uni-hamburg.de\/?p=15650"},"modified":"2014-09-01T10:06:17","modified_gmt":"2014-09-01T08:06:17","slug":"wie-gross-ist-europa-die-eu-die-tuerkei-und-die-zaehen-beitrittsverhandlungen-27-8","status":"publish","type":"post","link":"https:\/\/blog.sub.uni-hamburg.de\/?p=15650","title":{"rendered":"Wie gro\u00df ist Europa? Die EU, die T\u00fcrkei und die z\u00e4hen Beitrittsverhandlungen (27.8.)"},"content":{"rendered":"<p><img loading=\"lazy\" decoding=\"async\" data-attachment-id=\"15664\" data-permalink=\"https:\/\/blog.sub.uni-hamburg.de\/?attachment_id=15664\" data-orig-file=\"https:\/\/blog.sub.uni-hamburg.de\/wp-content\/uploads\/2014\/08\/14-B\u00f6ll-Istanbul-Stadtteile.jpg\" data-orig-size=\"515,599\" data-comments-opened=\"1\" data-image-meta=\"{&quot;aperture&quot;:&quot;0&quot;,&quot;credit&quot;:&quot;&quot;,&quot;camera&quot;:&quot;&quot;,&quot;caption&quot;:&quot;&quot;,&quot;created_timestamp&quot;:&quot;0&quot;,&quot;copyright&quot;:&quot;&quot;,&quot;focal_length&quot;:&quot;0&quot;,&quot;iso&quot;:&quot;0&quot;,&quot;shutter_speed&quot;:&quot;0&quot;,&quot;title&quot;:&quot;&quot;}\" data-image-title=\"Istanbul-Stadtteile\" data-image-description=\"\" data-image-caption=\"\" data-large-file=\"https:\/\/blog.sub.uni-hamburg.de\/wp-content\/uploads\/2014\/08\/14-B\u00f6ll-Istanbul-Stadtteile.jpg\" class=\"alignright size-medium wp-image-15664\" src=\"https:\/\/blog.sub.uni-hamburg.de\/wp-content\/uploads\/2014\/08\/14-B\u00f6ll-Istanbul-Stadtteile-257x300.jpg\" alt=\"Istanbul-Stadtteile\" title=\"Istanbul-Stadtteile\" width=\"257\" height=\"300\" srcset=\"https:\/\/blog.sub.uni-hamburg.de\/wp-content\/uploads\/2014\/08\/14-B\u00f6ll-Istanbul-Stadtteile-257x300.jpg 257w, https:\/\/blog.sub.uni-hamburg.de\/wp-content\/uploads\/2014\/08\/14-B\u00f6ll-Istanbul-Stadtteile-128x150.jpg 128w, https:\/\/blog.sub.uni-hamburg.de\/wp-content\/uploads\/2014\/08\/14-B\u00f6ll-Istanbul-Stadtteile.jpg 515w\" sizes=\"auto, (max-width: 257px) 100vw, 257px\" \/><strong>Mittwoch, 27.8.2014, 18 Uhr, Vortragsraum der Stabi<\/strong><\/p>\n<p>In der Europ\u00e4ischen Union leben mehr als 700 Millionen Menschen in 28 Staaten. Derzeit finden mit sechs weiteren L\u00e4ndern offizielle Beitrittsverhandlungen statt, darunter mit der T\u00fcrkei auch ein muslimisches Land mit einer Bev\u00f6lkerung von ca. 74 Millionen. Offiziell wird seit 2005 verhandelt, doch die bisherigen Ergebnisse sind sp\u00e4rlich, die Gespr\u00e4che immer wieder von Unterbrechungen gepr\u00e4gt.<\/p>\n<p>Worum geht es bei den Verhandlungen eigentlich genau, welches sind die immer noch strittigen Punkte? Ist ein muslimisches Land dieser Gr\u00f6\u00dfe als Mitgliedsstaat der Europ\u00e4ischen, christlich gepr\u00e4gten Union \u00fcberhaupt denkbar? Wie ist die Stimmung in der T\u00fcrkei, wo sich Ministerpr\u00e4sident Erdogan im August zum Pr\u00e4sidenten hat w\u00e4hlen lassen? Wie beeinflussen m\u00f6gliche Beitrittsverhandlungen die innenpolitischen Entwicklungen seit den Gezi-Protesten? Und was hat Europa mehr in die Waagschale geworfen, als ein z\u00f6gerliches \u201eJa, aber \u2026\u201c? \u00dcber diese und weitere Fragen diskutieren wir mit unseren G\u00e4sten.<\/p>\n<p><strong>Manuel Sarrazin <\/strong> (MdB, Die Gr\u00fcnen, Europapolitischer Sprecher der Bundestagsfraktion)<br \/>\n<strong>Dr. Ya\u015far Ayd\u0131n <\/strong> (Stiftung Wissenschaft und Politik)<br \/>\n<strong>Nebahat G\u00fccl\u00fc <\/strong> (Vorsitzende T\u00fcrkische Gemeinde Hamburg und Umgebung)<br \/>\n<strong>Moderation:<\/strong> Andreas Hieronymus (iMiR Institut f\u00fcr Migrations- und Rassismusforschung)<\/p>\n<p>Vortragsraum der Staats- und Universit\u00e4tsbibliothek Hamburg Carl von Ossietzky, Von-Melle-Park 3<br \/>\n<strong>Eintritt frei<br \/>\n<\/strong>Eine Veranstaltung von <em>umdenken <\/em>Heinrich-B\u00f6ll-Stiftung Hamburg e.V.<strong> &#8211; <\/strong><a href=\"http:\/\/www.umdenken-boell.de\">www.umdenken-boell.de<\/a> &#8211; undiMiR, Institut f\u00fcr Migrations- und Rassismusforschung <a href=\"http:\/\/platform.imir.de\/\">platform.imir.de<\/a>, gef\u00f6rdert von der Landeszentrale f\u00fcr politische Bildung Hamburg.<\/p>\n<p><em>Abbildung, Quelle: <a href=\"http:\/\/de.wikipedia.org\/wiki\/Istanbul#mediaviewer\/Datei:Istanbul-Stadtteile.jpg\">Wikipedia<\/a><\/em><\/p>\n<p>&nbsp;<\/p>\n","protected":false},"excerpt":{"rendered":"<p>Mittwoch, 27.8.2014, 18 Uhr, Vortragsraum der Stabi In der Europ\u00e4ischen Union leben mehr als 700 Millionen Menschen in 28 Staaten. Derzeit finden mit sechs weiteren L\u00e4ndern offizielle Beitrittsverhandlungen statt, darunter mit der T\u00fcrkei auch ein muslimisches Land mit einer Bev\u00f6lkerung von ca. 74 Millionen. Offiziell wird seit 2005 verhandelt, doch die bisherigen Ergebnisse sind sp\u00e4rlich, [&hellip;]<\/p>\n","protected":false},"author":5,"featured_media":0,"comment_status":"open","ping_status":"open","sticky":false,"template":"","format":"standard","meta":{"jetpack_post_was_ever_published":false,"_jetpack_newsletter_access":"","_jetpack_dont_email_post_to_subs":false,"_jetpack_newsletter_tier_id":0,"_jetpack_memberships_contains_paywalled_content":false,"_jetpack_memberships_contains_paid_content":false,"footnotes":"","jetpack_publicize_message":"","jetpack_publicize_feature_enabled":true,"jetpack_social_post_already_shared":false,"jetpack_social_options":{"image_generator_settings":{"template":"highway","default_image_id":0,"font":"","enabled":false},"version":2}},"categories":[9],"tags":[],"class_list":["post-15650","post","type-post","status-publish","format-standard","hentry","category-ausstellungen"],"views":6339,"jetpack_publicize_connections":[],"jetpack_featured_media_url":"","jetpack_shortlink":"https:\/\/wp.me\/p7hfNR-44q","jetpack-related-posts":[{"id":8089,"url":"https:\/\/blog.sub.uni-hamburg.de\/?p=8089","url_meta":{"origin":15650,"position":0},"title":"Der Zypernkonflikt und seine europ\u00e4ische Dimension (11.6.)","author":"Markus Trapp","date":"29-05-12","format":false,"excerpt":"Die turnusm\u00e4\u00dfige \u00dcbernahme der EU-Ratspr\u00e4sidentschaft durch Zypern zum 1.7. dieses Jahres hat auch die Diskussion um den Inselkonflikt und seine Auswirkungen auf die EU-Beitrittsverhandlungen der T\u00fcrkei wieder entflammt. So drohte Ankara mit dem Aussetzen der Verhandlungen, L\u00f6sungen f\u00fcr den Konflikt um die geteilte Mittelmeerinsel scheinen gleichzeitig in weite Ferne ger\u00fcckt\u2026","rel":"","context":"In &quot;Ausstellungen und Veranstaltungen&quot;","block_context":{"text":"Ausstellungen und Veranstaltungen","link":"https:\/\/blog.sub.uni-hamburg.de\/?cat=9"},"img":{"alt_text":"Heinrich-B\u00f6ll-Stiftung","src":"https:\/\/i0.wp.com\/blog.sub.uni-hamburg.de\/wp-content\/uploads\/2011\/02\/umdenken_Logo.jpg?resize=350%2C200&ssl=1","width":350,"height":200},"classes":[]},{"id":12013,"url":"https:\/\/blog.sub.uni-hamburg.de\/?p=12013","url_meta":{"origin":15650,"position":1},"title":"Portugal &#8211; im Angesicht der Krise (11.6.)","author":"Markus Trapp","date":"03-06-13","format":false,"excerpt":"Lange Zeit hat Portugal von seinem Eintritt in die EU 1986 profitiert und galt mit einem Wirtschaftswachstum von \u00fcber 3 % und niedriger Arbeitslosigkeit als Musterbeispiel f\u00fcr andere potenzielle Beitrittsl\u00e4nder. Ab 2005 und versch\u00e4rft durch die Finanz- und Wirtschaftskrise zeichnet sich jedoch ein anderes wirtschaftliches und gesellschaftspolitisches Bild ab: Portugal\u2026","rel":"","context":"In &quot;Ausstellungen und Veranstaltungen&quot;","block_context":{"text":"Ausstellungen und Veranstaltungen","link":"https:\/\/blog.sub.uni-hamburg.de\/?cat=9"},"img":{"alt_text":"Heinrich-B\u00f6ll-Stiftung","src":"https:\/\/i0.wp.com\/blog.sub.uni-hamburg.de\/wp-content\/uploads\/2011\/02\/umdenken_Logo.jpg?resize=350%2C200&ssl=1","width":350,"height":200},"classes":[]},{"id":4080,"url":"https:\/\/blog.sub.uni-hamburg.de\/?p=4080","url_meta":{"origin":15650,"position":2},"title":"Bulgarien und Rum\u00e4nien &#8211; Vier Jahre in der EU (18.1.)","author":"MG","date":"04-01-11","format":false,"excerpt":"Bulgarien und Rum\u00e4nien-Vier Jahre in der EU Wirtschaftliche Entwicklung, Freiheit, Rechtsstaat Dienstag, 18. Januar 2011, 19.00 Uhr, Vortragsraum Bulgarien und Rum\u00e4nien als die j\u00fcngsten Mitglieder der EU waren in die Gemeinschaft aufgenommen worden, obwohl sie damals noch etliche Defizite hinsichtlich der EU-Standards aufwiesen. Im Sommer 2008 hatte die Europ\u00e4ische Union\u2026","rel":"","context":"In &quot;Ausstellungen und Veranstaltungen&quot;","block_context":{"text":"Ausstellungen und Veranstaltungen","link":"https:\/\/blog.sub.uni-hamburg.de\/?cat=9"},"img":{"alt_text":"","src":"","width":0,"height":0},"classes":[]},{"id":22731,"url":"https:\/\/blog.sub.uni-hamburg.de\/?p=22731","url_meta":{"origin":15650,"position":3},"title":"Die neue Lust auf Europa (22.5.)","author":"Markus Trapp","date":"11-05-17","format":false,"excerpt":"Wie weiter in turbulenten Zeiten? Eine Veranstaltung von umdenken Heinrich-B\u00f6ll-Stiftung Hamburg e.V. Europa ist in der Krise, dar\u00fcber sind sich alle einig. Brexit, T\u00fcrkei-Referendum, starke rechtspopulistische Bewegungen in den meisten L\u00e4ndern. Dies alles sind Symptome der Krise. Und trotzdem \u2013 oder vielleicht gerade deshalb \u2013 gehen Sonntag f\u00fcr Sonntag tausende\u2026","rel":"","context":"In &quot;Ausstellungen und Veranstaltungen&quot;","block_context":{"text":"Ausstellungen und Veranstaltungen","link":"https:\/\/blog.sub.uni-hamburg.de\/?cat=9"},"img":{"alt_text":"","src":"https:\/\/i0.wp.com\/blog.sub.uni-hamburg.de\/wp-content\/uploads\/2017\/05\/boell-europa-052017.jpg?resize=350%2C200&ssl=1","width":350,"height":200,"srcset":"https:\/\/i0.wp.com\/blog.sub.uni-hamburg.de\/wp-content\/uploads\/2017\/05\/boell-europa-052017.jpg?resize=350%2C200&ssl=1 1x, https:\/\/i0.wp.com\/blog.sub.uni-hamburg.de\/wp-content\/uploads\/2017\/05\/boell-europa-052017.jpg?resize=525%2C300&ssl=1 1.5x"},"classes":[]},{"id":11828,"url":"https:\/\/blog.sub.uni-hamburg.de\/?p=11828","url_meta":{"origin":15650,"position":4},"title":"B\u00f6ll-Stiftung: Vorzeigeland Polen: Wachstum, Wohlstand, EU-Integration? (27.5.)","author":"Markus Trapp","date":"13-05-13","format":false,"excerpt":"Die B\u00f6ll-Stiftung l\u00e4dt ein zu Teil I ihrer Veranstaltungsreihe \u201eEuropas Krisen \u2013 Europas Chancen?\u201c Vorzeigeland Polen: Wachstum, Wohlstand, EU-Integration? Mo, 27.5.13 18 bis 20 Uhr Staats- und Universit\u00e4tsbibliothek Hamburg, Vortragssaal (1. Stock) Eintritt frei. In den letzten zwei Jahrzehnten hat Polen nicht nur einen politischen, sondern vor allem einen wirtschaftlichen\u2026","rel":"","context":"In &quot;Ausstellungen und Veranstaltungen&quot;","block_context":{"text":"Ausstellungen und Veranstaltungen","link":"https:\/\/blog.sub.uni-hamburg.de\/?cat=9"},"img":{"alt_text":"","src":"https:\/\/i0.wp.com\/blog.sub.uni-hamburg.de\/wp-content\/uploads\/2013\/05\/warschau-boellst-052013.jpg?resize=350%2C200&ssl=1","width":350,"height":200},"classes":[]},{"id":34622,"url":"https:\/\/blog.sub.uni-hamburg.de\/?p=34622","url_meta":{"origin":15650,"position":5},"title":"Buchvorstellung: Die letzten Byzantiner von Mirko Heinemann (8.11.)","author":"Markus Trapp","date":"25-10-22","format":false,"excerpt":"Dienstag, 8.11., 18.30 Uhr, Vortragsraum. Das Osmanische Reich im Ersten Weltkrieg: Am Abend des 9. August 1917 schie\u00dfen Kriegsschiffe des verfeindeten Russlands die Kleinstadt Ordu an der Schwarzmeerk\u00fcste in Brand. Da die christlichen Minderheiten des Reichs verd\u00e4chtigt werden, den Kriegsgegner insgeheim zu unterst\u00fctzen, f\u00fcrchten die ortsans\u00e4ssigen Griechen die Rache ihrer\u2026","rel":"","context":"In &quot;Ausstellungen und Veranstaltungen&quot;","block_context":{"text":"Ausstellungen und Veranstaltungen","link":"https:\/\/blog.sub.uni-hamburg.de\/?cat=9"},"img":{"alt_text":"Die letzten Byzantiner","src":"https:\/\/i0.wp.com\/blog.sub.uni-hamburg.de\/wp-content\/uploads\/2022\/10\/Die-letzten-Byzantiner.jpg?resize=350%2C200&ssl=1","width":350,"height":200},"classes":[]}],"jetpack_sharing_enabled":true,"_links":{"self":[{"href":"https:\/\/blog.sub.uni-hamburg.de\/index.php?rest_route=\/wp\/v2\/posts\/15650","targetHints":{"allow":["GET"]}}],"collection":[{"href":"https:\/\/blog.sub.uni-hamburg.de\/index.php?rest_route=\/wp\/v2\/posts"}],"about":[{"href":"https:\/\/blog.sub.uni-hamburg.de\/index.php?rest_route=\/wp\/v2\/types\/post"}],"author":[{"embeddable":true,"href":"https:\/\/blog.sub.uni-hamburg.de\/index.php?rest_route=\/wp\/v2\/users\/5"}],"replies":[{"embeddable":true,"href":"https:\/\/blog.sub.uni-hamburg.de\/index.php?rest_route=%2Fwp%2Fv2%2Fcomments&post=15650"}],"version-history":[{"count":9,"href":"https:\/\/blog.sub.uni-hamburg.de\/index.php?rest_route=\/wp\/v2\/posts\/15650\/revisions"}],"predecessor-version":[{"id":15672,"href":"https:\/\/blog.sub.uni-hamburg.de\/index.php?rest_route=\/wp\/v2\/posts\/15650\/revisions\/15672"}],"wp:attachment":[{"href":"https:\/\/blog.sub.uni-hamburg.de\/index.php?rest_route=%2Fwp%2Fv2%2Fmedia&parent=15650"}],"wp:term":[{"taxonomy":"category","embeddable":true,"href":"https:\/\/blog.sub.uni-hamburg.de\/index.php?rest_route=%2Fwp%2Fv2%2Fcategories&post=15650"},{"taxonomy":"post_tag","embeddable":true,"href":"https:\/\/blog.sub.uni-hamburg.de\/index.php?rest_route=%2Fwp%2Fv2%2Ftags&post=15650"}],"curies":[{"name":"wp","href":"https:\/\/api.w.org\/{rel}","templated":true}]}}