{"id":15161,"date":"2014-07-16T15:03:56","date_gmt":"2014-07-16T13:03:56","guid":{"rendered":"http:\/\/blog.sub.uni-hamburg.de\/?p=15161"},"modified":"2014-08-25T10:41:16","modified_gmt":"2014-08-25T08:41:16","slug":"fuehrungen-durch-die-ausstellung-manier-mythos-und-moral","status":"publish","type":"post","link":"https:\/\/blog.sub.uni-hamburg.de\/?p=15161","title":{"rendered":"F\u00fchrungen durch die Ausstellung \u201eManier, Mythos und Moral\u201c (13. + 22.8.)"},"content":{"rendered":"<p>Zu unserer <a href=\"https:\/\/blog.sub.uni-hamburg.de\/?p=15008\">Ausstellung<\/a> zur Niederl\u00e4ndischen Druckgraphik um 1600 aus der Staats- und Universit\u00e4tsbibliothek Hamburg (bis 24. August 2014) bieten wir zwei F\u00fchrungen an:<\/p>\n<p><strong>Mittwoch, 13. August 2014, 17 Uhr<br \/>\nFreitag, 22. August 2014, 16 Uhr<\/strong><\/p>\n<p><a href=\"https:\/\/blog.sub.uni-hamburg.de\/wp-content\/uploads\/2014\/07\/kupferstich-vitr-gr.jpg\"><img loading=\"lazy\" decoding=\"async\" src=\"https:\/\/blog.sub.uni-hamburg.de\/wp-content\/uploads\/2014\/07\/kupferstich-vitr.jpg\" alt=\"Ausstellung 'Manier, Mythos und Moral'\" title=\"Ausstellung 'Manier, Mythos und Moral'\" width=\"550\" height=\"413\" style=\"float: right; padding-right:0px; margin-left:25px; margin-bottom:25px;\"  \/><\/a><\/p>\n<p>Durch die Ausstellung f\u00fchren Studierende des Kunstgeschichtlichen Seminars der Universit\u00e4t Hamburg. Sie sind herzlich eingeladen, sich die bis dato verborgenen Sch\u00e4tze von den Expertinnen und Experten, die an dem Ausstellungsprojekt beteiligt waren, zeigen zu lassen. Dauer der F\u00fchrungen: ca. 1 Stunde.<\/p>\n<p>Treffpunkt: Ausstellungsraum<\/p>\n","protected":false},"excerpt":{"rendered":"<p>Zu unserer Ausstellung zur Niederl\u00e4ndischen Druckgraphik um 1600 aus der Staats- und Universit\u00e4tsbibliothek Hamburg (bis 24. August 2014) bieten wir zwei F\u00fchrungen an: Mittwoch, 13. August 2014, 17 Uhr Freitag, 22. August 2014, 16 Uhr Durch die Ausstellung f\u00fchren Studierende des Kunstgeschichtlichen Seminars der Universit\u00e4t Hamburg. Sie sind herzlich eingeladen, sich die bis dato verborgenen [&hellip;]<\/p>\n","protected":false},"author":19,"featured_media":0,"comment_status":"open","ping_status":"open","sticky":false,"template":"","format":"standard","meta":{"jetpack_post_was_ever_published":false,"_jetpack_newsletter_access":"","_jetpack_dont_email_post_to_subs":false,"_jetpack_newsletter_tier_id":0,"_jetpack_memberships_contains_paywalled_content":false,"_jetpack_memberships_contains_paid_content":false,"footnotes":"","jetpack_publicize_message":"","jetpack_publicize_feature_enabled":true,"jetpack_social_post_already_shared":false,"jetpack_social_options":{"image_generator_settings":{"template":"highway","default_image_id":0,"font":"","enabled":false},"version":2}},"categories":[9],"tags":[],"class_list":["post-15161","post","type-post","status-publish","format-standard","hentry","category-ausstellungen"],"views":3673,"jetpack_publicize_connections":[],"jetpack_featured_media_url":"","jetpack_shortlink":"https:\/\/wp.me\/p7hfNR-3Wx","jetpack-related-posts":[{"id":40573,"url":"https:\/\/blog.sub.uni-hamburg.de\/?p=40573","url_meta":{"origin":15161,"position":0},"title":"Ausstellung: Papyri \u2013 Ostraka \u2013 Wachstafeln. Schriftkultur im griechisch-r\u00f6mischen \u00c4gypten (6.8.-28.9.)","author":"Markus Trapp","date":"16-07-25","format":false,"excerpt":"6. August bis 28. September, Ausstellungsraum. Entdecken Sie die faszinierende Welt der Schriftkultur im griechisch-r\u00f6mischen \u00c4gypten! Die Ausstellung \u201ePapyri \u2013 Ostraka \u2013 Wachstafeln\u201c zeigt, wie Menschen vor zwei Jahrtausenden ihren Alltag dokumentierten \u2013 von amtlichen Schreiben, privaten Dokumenten und literarischen Texten auf Papyrus, \u00fcber pers\u00f6nliche Notizen auf Ostraka bis zu\u2026","rel":"","context":"In &quot;Ausstellungen und Veranstaltungen&quot;","block_context":{"text":"Ausstellungen und Veranstaltungen","link":"https:\/\/blog.sub.uni-hamburg.de\/?cat=9"},"img":{"alt_text":"","src":"https:\/\/i0.wp.com\/blog.sub.uni-hamburg.de\/wp-content\/uploads\/2025\/07\/Plakat_Papyrus_StabiHH.jpg?resize=350%2C200&ssl=1","width":350,"height":200},"classes":[]},{"id":16227,"url":"https:\/\/blog.sub.uni-hamburg.de\/?p=16227","url_meta":{"origin":15161,"position":1},"title":"Osmanen in Hamburg (6.11. \u2013 4.1.)","author":"Markus Trapp","date":"20-10-14","format":false,"excerpt":"Osmanen in Hamburg \u2013 eine Beziehungsgeschichte zur Zeit des Ersten Weltkrieges Nach ersten Kontakten seit dem 16. Jahrhundert intensivierte sich der Austausch Hamburgs mit dem Osmanischen Reich im 19. Jahrhundert, in dem erstmals offizielle Beziehungen aufgenommen wurden. 1839 schlossen die Hansest\u00e4dte einen \u201eFreundschafts-, Handels- und Schiffahrts-Vertrag\u201c mit dem Osmanischen Reich.\u2026","rel":"","context":"In &quot;Ausstellungen und Veranstaltungen&quot;","block_context":{"text":"Ausstellungen und Veranstaltungen","link":"https:\/\/blog.sub.uni-hamburg.de\/?cat=9"},"img":{"alt_text":"","src":"https:\/\/i0.wp.com\/blog.sub.uni-hamburg.de\/wp-content\/uploads\/2014\/10\/osmanen-fuehrung.jpg?resize=350%2C200&ssl=1","width":350,"height":200},"classes":[]},{"id":39731,"url":"https:\/\/blog.sub.uni-hamburg.de\/?p=39731","url_meta":{"origin":15161,"position":2},"title":"Cr\u00f3nicas de Indias in Originalausgaben der Linga-Bibliothek und ihre postkolonialen Lekt\u00fcren im FID Romanistik (11.-16.3.)","author":"Markus Trapp","date":"24-02-25","format":false,"excerpt":"11. M\u00e4rz bis 16. M\u00e4rz, Ausstellungsraum. Die Linga-Bibliothek f\u00fcr Lateinamerika-Forschung pr\u00e4sentiert anl\u00e4sslich des 24. Deutschen Hispanistiktags, der unter dem Motto \u201eTransfer und Hybridisierung\u201c parallel an der Universit\u00e4t Hamburg stattfindet, einige ihrer Sch\u00e4tze aus dem 16. Jahrhundert. Die ausgestellten Chroniken zeigen zeitgen\u00f6ssische Blicke der verschiedenen Beteiligten auf die \u201eBegegnung zweier Welten\u201c.\u2026","rel":"","context":"In &quot;Ausstellungen und Veranstaltungen&quot;","block_context":{"text":"Ausstellungen und Veranstaltungen","link":"https:\/\/blog.sub.uni-hamburg.de\/?cat=9"},"img":{"alt_text":"Plakat der Ausstellung 'Cr\u00f3nicas de Indias - Originale und Kontexte'","src":"https:\/\/i0.wp.com\/blog.sub.uni-hamburg.de\/wp-content\/uploads\/2025\/02\/cronicas-poster.jpg?resize=350%2C200&ssl=1","width":350,"height":200},"classes":[]},{"id":15797,"url":"https:\/\/blog.sub.uni-hamburg.de\/?p=15797","url_meta":{"origin":15161,"position":3},"title":"Tora \u2013 Talmud \u2013 Siddur. Hebr\u00e4ische Handschriften der Staatsbibliothek (18.9.-26.10.)","author":"Markus Trapp","date":"01-09-14","format":false,"excerpt":"Erstmals wird in einer Ausstellung die umfangreiche und bedeutende Sammlung hebr\u00e4ischer Handschriften in Hamburg der \u00d6ffentlichkeit vorgestellt. Mit ungef\u00e4hr 550 Manuskripten geh\u00f6rt sie zu den gro\u00dfen Sammlungen weltweit. Dieser Reichtum verdankt sich der Sammelleidenschaft gro\u00dfer Gelehrter wie Conrad von Uffenbach, Christian Theophil Unger, Joachim Morgenweg und vor allem des Hamburger\u2026","rel":"","context":"In &quot;Ausstellungen und Veranstaltungen&quot;","block_context":{"text":"Ausstellungen und Veranstaltungen","link":"https:\/\/blog.sub.uni-hamburg.de\/?cat=9"},"img":{"alt_text":"","src":"https:\/\/i0.wp.com\/blog.sub.uni-hamburg.de\/wp-content\/uploads\/2014\/09\/hebraica-fuehrung.jpg?resize=350%2C200&ssl=1","width":350,"height":200,"srcset":"https:\/\/i0.wp.com\/blog.sub.uni-hamburg.de\/wp-content\/uploads\/2014\/09\/hebraica-fuehrung.jpg?resize=350%2C200&ssl=1 1x, https:\/\/i0.wp.com\/blog.sub.uni-hamburg.de\/wp-content\/uploads\/2014\/09\/hebraica-fuehrung.jpg?resize=525%2C300&ssl=1 1.5x"},"classes":[]},{"id":15008,"url":"https:\/\/blog.sub.uni-hamburg.de\/?p=15008","url_meta":{"origin":15161,"position":4},"title":"Kupferstichausstellung: Manier, Mythos und Moral \u2013 Niederl\u00e4ndische Druckgraphik um 1600 (4.7.-24.8.)","author":"Markus Trapp","date":"19-06-14","format":false,"excerpt":"Manier, Mythos und Moral \u2013 Niederl\u00e4ndische Druckgraphik um 1600 aus der Staats- und Universit\u00e4tsbibliothek Hamburg Die manieristische Druckgraphik in der Kupferstichsammlung der Staats- und Universit\u00e4tsbibliothek Hamburg ist ein verborgener Schatz. Die ca. 2.000 Bl\u00e4tter stammen aus Hamburger Privatsammlungen des 18. Jahrhunderts, die vornehmlich niederl\u00e4ndische Kunstwerke enthielten: Graphiken namhafter niederl\u00e4ndischer K\u00fcnstler,\u2026","rel":"","context":"In &quot;Ausstellungen und Veranstaltungen&quot;","block_context":{"text":"Ausstellungen und Veranstaltungen","link":"https:\/\/blog.sub.uni-hamburg.de\/?cat=9"},"img":{"alt_text":"","src":"https:\/\/i0.wp.com\/blog.sub.uni-hamburg.de\/wp-content\/uploads\/2014\/06\/kupferstich-ausstraum.jpg?resize=350%2C200&ssl=1","width":350,"height":200,"srcset":"https:\/\/i0.wp.com\/blog.sub.uni-hamburg.de\/wp-content\/uploads\/2014\/06\/kupferstich-ausstraum.jpg?resize=350%2C200&ssl=1 1x, https:\/\/i0.wp.com\/blog.sub.uni-hamburg.de\/wp-content\/uploads\/2014\/06\/kupferstich-ausstraum.jpg?resize=525%2C300&ssl=1 1.5x"},"classes":[]},{"id":13869,"url":"https:\/\/blog.sub.uni-hamburg.de\/?p=13869","url_meta":{"origin":15161,"position":5},"title":"Ausstellung zum 300. Jubil\u00e4um von Carl Philipp Emanuel Bach (11.3.-27.4.)","author":"Markus Trapp","date":"20-02-14","format":false,"excerpt":"\u201eF\u00fcr Kenner und Liebhaber\u201c - Carl Philipp Emanuel Bach in Hamburg Von 1768 bis zu seinem Tod am 14. Dezember 1788 war Carl Philipp Emanuel Bach st\u00e4dtischer Kantor und Musikdirektor der Haupt- und Nebenkirchen in Hamburg, setzte aber auch dar\u00fcber hinaus dem Hamburger Musikleben als Komponist, Konzertveranstalter und Interpret eigener\u2026","rel":"","context":"In &quot;Ausstellungen und Veranstaltungen&quot;","block_context":{"text":"Ausstellungen und Veranstaltungen","link":"https:\/\/blog.sub.uni-hamburg.de\/?cat=9"},"img":{"alt_text":"Ausstellung zum 300. Jubil\u00e4um von Carl Philipp Emanuel Bach (11.3.-27.4.)","src":"https:\/\/i0.wp.com\/blog.sub.uni-hamburg.de\/wp-content\/uploads\/2014\/02\/Bach-Plakat.jpg?resize=350%2C200&ssl=1","width":350,"height":200},"classes":[]}],"jetpack_sharing_enabled":true,"_links":{"self":[{"href":"https:\/\/blog.sub.uni-hamburg.de\/index.php?rest_route=\/wp\/v2\/posts\/15161","targetHints":{"allow":["GET"]}}],"collection":[{"href":"https:\/\/blog.sub.uni-hamburg.de\/index.php?rest_route=\/wp\/v2\/posts"}],"about":[{"href":"https:\/\/blog.sub.uni-hamburg.de\/index.php?rest_route=\/wp\/v2\/types\/post"}],"author":[{"embeddable":true,"href":"https:\/\/blog.sub.uni-hamburg.de\/index.php?rest_route=\/wp\/v2\/users\/19"}],"replies":[{"embeddable":true,"href":"https:\/\/blog.sub.uni-hamburg.de\/index.php?rest_route=%2Fwp%2Fv2%2Fcomments&post=15161"}],"version-history":[{"count":3,"href":"https:\/\/blog.sub.uni-hamburg.de\/index.php?rest_route=\/wp\/v2\/posts\/15161\/revisions"}],"predecessor-version":[{"id":15167,"href":"https:\/\/blog.sub.uni-hamburg.de\/index.php?rest_route=\/wp\/v2\/posts\/15161\/revisions\/15167"}],"wp:attachment":[{"href":"https:\/\/blog.sub.uni-hamburg.de\/index.php?rest_route=%2Fwp%2Fv2%2Fmedia&parent=15161"}],"wp:term":[{"taxonomy":"category","embeddable":true,"href":"https:\/\/blog.sub.uni-hamburg.de\/index.php?rest_route=%2Fwp%2Fv2%2Fcategories&post=15161"},{"taxonomy":"post_tag","embeddable":true,"href":"https:\/\/blog.sub.uni-hamburg.de\/index.php?rest_route=%2Fwp%2Fv2%2Ftags&post=15161"}],"curies":[{"name":"wp","href":"https:\/\/api.w.org\/{rel}","templated":true}]}}