{"id":15147,"date":"2014-07-14T13:18:49","date_gmt":"2014-07-14T11:18:49","guid":{"rendered":"http:\/\/blog.sub.uni-hamburg.de\/?p=15147"},"modified":"2022-08-24T15:17:22","modified_gmt":"2022-08-24T13:17:22","slug":"hamburgs-bruecken","status":"publish","type":"post","link":"https:\/\/blog.sub.uni-hamburg.de\/?p=15147","title":{"rendered":"Hamburgs Br\u00fccken"},"content":{"rendered":"<p><a href=\"https:\/\/blog.sub.uni-hamburg.de\/wp-content\/uploads\/2014\/07\/bruecken-hhlesesaal.jpg\"><img loading=\"lazy\" decoding=\"async\" src=\"https:\/\/blog.sub.uni-hamburg.de\/wp-content\/uploads\/2014\/07\/bruecken-hhlesesaal-kl.jpg\" alt=\"'Hamburgs Br\u00fccken' im Hamburg-Lesesaal\" title=\"'Hamburgs Br\u00fccken' im Hamburg-Lesesaal\" width=\"350\" height=\"263\" style=\"float: left; padding-left:0px; margin-right:25px; margin-bottom:25px;\"  \/><\/a><\/p>\n<p>Dass Hamburg unheimlich viele Br\u00fccken hat, d\u00fcrfte hinl\u00e4nglich bekannt sein. Auf <a href=\"http:\/\/www.hamburg.de\/info\/3277402\/hamburg-in-zahlen\/\">2.500<\/a> sch\u00e4tzt man ihre Zahl. Im Hamburg-Lesesaal (in der 2. Etage der Stabi) bietet sich Br\u00fccken-Interessierten einiges an Literatur zum Thema. Aus k\u00fcnstlerischer, architektonischer, historischer oder st\u00e4dtebaulicher Sicht kann dort nach Belieben recherchiert werden (siehe <a href=\" https:\/\/kataloge.uni-hamburg.de\/DB=1\/SET=4\/TTL=1\/CMD?ACT=SRCHA&#038;IKT=5025&#038;SRT=YOP&#038;TRM=HH+2575*\">Signatur HH 2575<\/a>).<br \/>\n<!--more--><\/p>\n<div style=\"float: right; padding-right:0px; margin-left:25px;\"> <div id=\"attachment_15153\" style=\"width: 360px\" class=\"wp-caption alignnone\"><a href=\"http:\/\/www.hamburgsbruecken.de\/holzmuehlenbruecke\/comment-page-1\/\"><img loading=\"lazy\" decoding=\"async\" aria-describedby=\"caption-attachment-15153\" src=\"https:\/\/blog.sub.uni-hamburg.de\/wp-content\/uploads\/2014\/07\/holzmuehlenbruecke.jpg\" alt=\"Holzm\u00fchlenbr\u00fccke\" title=\"Holzm\u00fchlenbr\u00fccke\" width=\"350\" height=\"526\" \/><\/a><p id=\"caption-attachment-15153\" class=\"wp-caption-text\">Foto: Sabine Sternberg, Hamburgs Br\u00fccken; hier: <a href=\"http:\/\/www.hamburgsbruecken.de\/holzmuehlenbruecke\/comment-page-1\/\">Holzm\u00fchlenbr\u00fccke<\/a><\/p><\/div> <\/div>\n<p> In diesem Blogartikel m\u00f6chten wir Sie aber auf eine zus\u00e4tzliche Wissensquelle hinweisen, die aktueller und anschaulicher kaum sein kann. In ihrem Weblog \u00ab<a href=\"http:\/\/www.hamburgsbruecken.de\/\">Hamburgs Br\u00fccken<\/a>\u00bb hat es sich Sabine Sternberg zur Aufgabe gemacht, Hamburgs Br\u00fccken vorzustellen.<\/p>\n<p>Wie Sabine Sternberg, die auf Twitter unter dem Namen <a href=\"https:\/\/twitter.com\/kurzundknapp\">@kurzundknapp<\/a> unterwegs ist, auf die Idee gekommen ist, Hamburgs Br\u00fccken zu portr\u00e4tieren, und wie sie diese Mammutaufgabe in ihren Alltag integriert, beschreibt sie ausf\u00fchrlich im Kommentarbereich ihrer <a href=\"http:\/\/www.hamburgsbruecken.de\/eine-seite\/\">\u00ab\u00dcber mich\u00bb-Seite<\/a>:<\/p>\n<blockquote><p>Ich wollte regelm\u00e4\u00dfig bloggen und es sollte etwas mit Hamburg zu tun haben. Und wie schrieb ich in meinem ersten Post zu Beginn dieses Projekts?<\/p>\n<p>\u201cHamburg ist das \u201cTor zur Welt\u201d und Br\u00fccken verbinden. Verbinden Menschen, Herzen, \u00fcberqueren Seen, Kan\u00e4le, Meere, B\u00e4che, Stra\u00dfen und gerade Br\u00fccken sind es, die mich immer wieder inspirieren. <\/p><\/blockquote>\n<p><a href=\"http:\/\/www.hamburgsbruecken.de\/uebersichtskarte\/\"><img loading=\"lazy\" decoding=\"async\" src=\"https:\/\/blog.sub.uni-hamburg.de\/wp-content\/uploads\/2014\/07\/hhbruecken-karte.jpg\" alt=\"\u00dcbersichtskarte Hamburgs Br\u00fccken\" title=\"\u00dcbersichtskarte Hamburgs Br\u00fccken\" width=\"350\" height=\"308\" style=\"float: left; padding-left:0px; margin-right:25px; margin-bottom:25px;\" \/><\/a>  Wie man sich die bisher schon beschriebenen Br\u00fccken erschlie\u00dfen kann? Daf\u00fcr bieten sich mehrere Wege an: Es gibt eine kontinuierlich aktualisierte <a href=\"http:\/\/www.hamburgsbruecken.de\/uebersichtskarte\/\">\u00dcbersichtskarte<\/a> und eine <a href=\"http:\/\/www.hamburgsbruecken.de\/a-z\/\">alphabetische \u00dcbersicht<\/a>, zus\u00e4tzlich eine Aufteilung nach Br\u00fccken-Kategorien (Anleger, Bahn-, Fahrrad-, Fu\u00dfg\u00e4nger- oder Stra\u00dfenbr\u00fccke\u2026) und in der rechten Spalte des Blogs finden Sie eine Verschlagwortung nach Stadtteilen. <\/p>\n<p>Um \u00fcber die neuesten Br\u00fccken informiert zu werden, einfach das Blog in die eigenen Lesezeichen \u00fcbernehmen, der Autorin auf <a href=\"https:\/\/twitter.com\/kurzundknapp\">Twitter<\/a> folgen oder den <a href=\"http:\/\/www.hamburgsbruecken.de\/feed\/\">RSS-Feed des Blogs<\/a> abonnieren.<\/p>\n","protected":false},"excerpt":{"rendered":"<p>Dass Hamburg unheimlich viele Br\u00fccken hat, d\u00fcrfte hinl\u00e4nglich bekannt sein. Auf 2.500 sch\u00e4tzt man ihre Zahl. Im Hamburg-Lesesaal (in der 2. Etage der Stabi) bietet sich Br\u00fccken-Interessierten einiges an Literatur zum Thema. Aus k\u00fcnstlerischer, architektonischer, historischer oder st\u00e4dtebaulicher Sicht kann dort nach Belieben recherchiert werden (siehe Signatur HH 2575).<\/p>\n","protected":false},"author":19,"featured_media":0,"comment_status":"open","ping_status":"open","sticky":false,"template":"","format":"standard","meta":{"jetpack_post_was_ever_published":false,"_jetpack_newsletter_access":"","_jetpack_dont_email_post_to_subs":false,"_jetpack_newsletter_tier_id":0,"_jetpack_memberships_contains_paywalled_content":false,"_jetpack_memberships_contains_paid_content":false,"footnotes":"","jetpack_publicize_message":"","jetpack_publicize_feature_enabled":true,"jetpack_social_post_already_shared":false,"jetpack_social_options":{"image_generator_settings":{"template":"highway","default_image_id":0,"font":"","enabled":false},"version":2}},"categories":[1,17],"tags":[29],"class_list":["post-15147","post","type-post","status-publish","format-standard","hentry","category-1","category-hamburg","tag-hamburg-2"],"views":5890,"jetpack_publicize_connections":[],"jetpack_featured_media_url":"","jetpack_shortlink":"https:\/\/wp.me\/p7hfNR-3Wj","jetpack-related-posts":[{"id":31101,"url":"https:\/\/blog.sub.uni-hamburg.de\/?p=31101","url_meta":{"origin":15147,"position":0},"title":"\u201eGrete Berges &#8211; Aber in Hamburg, da bin ich zu Hause\u2026\u201c (22.4.)","author":"Markus Trapp","date":"19-04-21","format":false,"excerpt":"Donnerstag, 22. April 2021, 19 Uhr im Livestream. Die Schriftstellerin Grete Berges (1895-1957) stand 1933 am Beginn ihrer Karriere. Als J\u00fcdin verfolgt, gelang ihr 1936 mit Hilfe von Selma Lagerl\u00f6f die Flucht nach Schweden. Dort wurde sie eine erfolgreiche \u00dcbersetzerin und Literaturagentin. Nach dem Krieg musste sie einen z\u00e4hen Kampf\u2026","rel":"","context":"In &quot;Ausstellungen und Veranstaltungen&quot;","block_context":{"text":"Ausstellungen und Veranstaltungen","link":"https:\/\/blog.sub.uni-hamburg.de\/?cat=9"},"img":{"alt_text":"","src":"https:\/\/i0.wp.com\/blog.sub.uni-hamburg.de\/wp-content\/uploads\/2021\/04\/RZBerges-Grete-kl.jpg?resize=350%2C200&ssl=1","width":350,"height":200},"classes":[]},{"id":13614,"url":"https:\/\/blog.sub.uni-hamburg.de\/?p=13614","url_meta":{"origin":15147,"position":1},"title":"Max Sauerlandt \u2013 ein deutscher Museumsmann der Moderne (19.3.)","author":"Markus Trapp","date":"03-03-14","format":false,"excerpt":"Dr. R\u00fcdiger Joppien und Renate Werren: Max Sauerlandt \u2013 ein deutscher Museumsmann der Moderne im Spiegel seiner Taschenkalender (1912 bis 1933) Der legend\u00e4re Museumsdirektor und Verfechter expressionistischer Kunst Max Sauerlandt f\u00fchrte von 1912 bis 1933 einen Taschenkalender, in dem er pr\u00e4zise \u00fcber 2000 Gespr\u00e4chspartner notierte. Die Transkription wurde k\u00fcrzlich nach\u2026","rel":"","context":"In &quot;Ausstellungen und Veranstaltungen&quot;","block_context":{"text":"Ausstellungen und Veranstaltungen","link":"https:\/\/blog.sub.uni-hamburg.de\/?cat=9"},"img":{"alt_text":" Max Sauerlandt","src":"https:\/\/i0.wp.com\/blog.sub.uni-hamburg.de\/wp-content\/uploads\/2014\/01\/max-sauerlandt.jpg?resize=350%2C200&ssl=1","width":350,"height":200},"classes":[]},{"id":17254,"url":"https:\/\/blog.sub.uni-hamburg.de\/?p=17254","url_meta":{"origin":15147,"position":2},"title":"\u201cWillkommen an Bord!\u201d: Veranstaltungsreihe der Universit\u00e4t Hamburg (21.-28.2.)","author":"HS","date":"19-02-15","format":false,"excerpt":"Die Hamburger Hochschulen zeigen Flagge: Im Rahmen der Kampagne \u201cHeimathafen Wissenschaft\u201d setzen die wissenschaftlichen Einrichtungen bereits durch gro\u00dfformatige Banner und \u201cErfolgskurs\u201d-Plakate in der Stadt ein Zeichen. Nun haben alle Interessierten die Gelegenheit, sich bei zahlreichen Veranstaltungen \u00fcber das breite Forschungs- und Themenspektrum an der Universit\u00e4t Hamburg zu informieren. Im Februar\u2026","rel":"","context":"In &quot;Aktuelles&quot;","block_context":{"text":"Aktuelles","link":"https:\/\/blog.sub.uni-hamburg.de\/?cat=1"},"img":{"alt_text":"","src":"https:\/\/i0.wp.com\/blog.sub.uni-hamburg.de\/wp-content\/uploads\/2015\/02\/willkommen-an-bord.png?resize=350%2C200&ssl=1","width":350,"height":200,"srcset":"https:\/\/i0.wp.com\/blog.sub.uni-hamburg.de\/wp-content\/uploads\/2015\/02\/willkommen-an-bord.png?resize=350%2C200&ssl=1 1x, https:\/\/i0.wp.com\/blog.sub.uni-hamburg.de\/wp-content\/uploads\/2015\/02\/willkommen-an-bord.png?resize=525%2C300&ssl=1 1.5x, https:\/\/i0.wp.com\/blog.sub.uni-hamburg.de\/wp-content\/uploads\/2015\/02\/willkommen-an-bord.png?resize=700%2C400&ssl=1 2x"},"classes":[]},{"id":8183,"url":"https:\/\/blog.sub.uni-hamburg.de\/?p=8183","url_meta":{"origin":15147,"position":3},"title":"Printed in Germany. Werner Lansburgh als Exilautor. (29.6.)","author":"Markus Trapp","date":"11-06-12","format":false,"excerpt":"Ein Abend zum 100. Geburtstag des Autors von Dear Doosie Lesung: Stephan Benson Gespr\u00e4ch mit: Karin Lansburgh und Prof. Dr. Esther Kilchmann Moderation: Prof. Dr. Doerte Bischoff, Claudia R\u00f6ser Zeit: Freitag, 29.06.2012, 19 Uhr Ort: Vortragsraum (1. Etage) Seine im Exil lebensnotwendigen Sprachwechsel macht Werner Lansburgh 1977 in Dear Doosie\u2026","rel":"","context":"In &quot;Ausstellungen und Veranstaltungen&quot;","block_context":{"text":"Ausstellungen und Veranstaltungen","link":"https:\/\/blog.sub.uni-hamburg.de\/?cat=9"},"img":{"alt_text":"Werner Lansburgh: Dear Doosie","src":"https:\/\/i0.wp.com\/blog.sub.uni-hamburg.de\/wp-content\/uploads\/2012\/06\/deardoosie.jpg?resize=350%2C200&ssl=1","width":350,"height":200},"classes":[]},{"id":1593,"url":"https:\/\/blog.sub.uni-hamburg.de\/?p=1593","url_meta":{"origin":15147,"position":4},"title":"Modenschau \u201eReng\u00e9 Mezopotamya \u2013 Die Farben Mesopotamiens\u201c (26. und 27.2.10)","author":"BP","date":"09-02-10","format":false,"excerpt":"Die Modenschau am 26. und 27. Februar folgt dem Konzept der kurdischen Modedesignerin Inci Hakbilen, die seit Jahren mit ihrem Team eine Br\u00fccke zwischen dem Zweistromland und Europa schl\u00e4gt, um die alten Traditionen und Motive in der hiesigen modernen Gesellschaft neu zu vermitteln \u2013 f\u00fcr einen besseren Dialog und einen\u2026","rel":"","context":"In &quot;Ausstellungen und Veranstaltungen&quot;","block_context":{"text":"Ausstellungen und Veranstaltungen","link":"https:\/\/blog.sub.uni-hamburg.de\/?cat=9"},"img":{"alt_text":"","src":"https:\/\/i0.wp.com\/blog.sub.uni-hamburg.de\/wp-content\/uploads\/2010\/02\/_MG_7519.jpg?resize=350%2C200&ssl=1","width":350,"height":200,"srcset":"https:\/\/i0.wp.com\/blog.sub.uni-hamburg.de\/wp-content\/uploads\/2010\/02\/_MG_7519.jpg?resize=350%2C200&ssl=1 1x, https:\/\/i0.wp.com\/blog.sub.uni-hamburg.de\/wp-content\/uploads\/2010\/02\/_MG_7519.jpg?resize=525%2C300&ssl=1 1.5x, https:\/\/i0.wp.com\/blog.sub.uni-hamburg.de\/wp-content\/uploads\/2010\/02\/_MG_7519.jpg?resize=700%2C400&ssl=1 2x, https:\/\/i0.wp.com\/blog.sub.uni-hamburg.de\/wp-content\/uploads\/2010\/02\/_MG_7519.jpg?resize=1050%2C600&ssl=1 3x"},"classes":[]},{"id":1600,"url":"https:\/\/blog.sub.uni-hamburg.de\/?p=1600","url_meta":{"origin":15147,"position":5},"title":"Peter Striebeck mit Wolfgang  Borchert an Bord (28. 2.)","author":"BP","date":"12-02-10","format":false,"excerpt":"Literarische Schiffsreise mit Wolfgang Borchert auf der HADAG-F\u00e4hre, welche seinen Namen tr\u00e4gt. Die Texte liest Peter Striebeck. Abfahrt: 28. Februar, 15.00 Uhr St. Pauli Landungsbr\u00fccken, Br\u00fccke 1-2. Die \"Wolfgang Borchert\" liegt eine halbe Stunde vor Abfahrt bereit. Fahrpreis \u20ac 20, erm\u00e4\u00dfigt \u20ac 15. Reservierung unter: pr@sub.uni-hamburg.de, 040-42838-5857 \u00dcberweisung des Fahrpreises\u2026","rel":"","context":"In &quot;Ausstellungen und Veranstaltungen&quot;","block_context":{"text":"Ausstellungen und Veranstaltungen","link":"https:\/\/blog.sub.uni-hamburg.de\/?cat=9"},"img":{"alt_text":"","src":"https:\/\/i0.wp.com\/blog.sub.uni-hamburg.de\/wp-content\/uploads\/2010\/02\/borchert.jpg?resize=350%2C200&ssl=1","width":350,"height":200},"classes":[]}],"jetpack_sharing_enabled":true,"_links":{"self":[{"href":"https:\/\/blog.sub.uni-hamburg.de\/index.php?rest_route=\/wp\/v2\/posts\/15147","targetHints":{"allow":["GET"]}}],"collection":[{"href":"https:\/\/blog.sub.uni-hamburg.de\/index.php?rest_route=\/wp\/v2\/posts"}],"about":[{"href":"https:\/\/blog.sub.uni-hamburg.de\/index.php?rest_route=\/wp\/v2\/types\/post"}],"author":[{"embeddable":true,"href":"https:\/\/blog.sub.uni-hamburg.de\/index.php?rest_route=\/wp\/v2\/users\/19"}],"replies":[{"embeddable":true,"href":"https:\/\/blog.sub.uni-hamburg.de\/index.php?rest_route=%2Fwp%2Fv2%2Fcomments&post=15147"}],"version-history":[{"count":9,"href":"https:\/\/blog.sub.uni-hamburg.de\/index.php?rest_route=\/wp\/v2\/posts\/15147\/revisions"}],"predecessor-version":[{"id":15160,"href":"https:\/\/blog.sub.uni-hamburg.de\/index.php?rest_route=\/wp\/v2\/posts\/15147\/revisions\/15160"}],"wp:attachment":[{"href":"https:\/\/blog.sub.uni-hamburg.de\/index.php?rest_route=%2Fwp%2Fv2%2Fmedia&parent=15147"}],"wp:term":[{"taxonomy":"category","embeddable":true,"href":"https:\/\/blog.sub.uni-hamburg.de\/index.php?rest_route=%2Fwp%2Fv2%2Fcategories&post=15147"},{"taxonomy":"post_tag","embeddable":true,"href":"https:\/\/blog.sub.uni-hamburg.de\/index.php?rest_route=%2Fwp%2Fv2%2Ftags&post=15147"}],"curies":[{"name":"wp","href":"https:\/\/api.w.org\/{rel}","templated":true}]}}