{"id":15127,"date":"2014-07-10T09:11:01","date_gmt":"2014-07-10T07:11:01","guid":{"rendered":"http:\/\/blog.sub.uni-hamburg.de\/?p=15127"},"modified":"2014-07-25T10:34:38","modified_gmt":"2014-07-25T08:34:38","slug":"schliessfaecher-mit-wissenschaftler-namen","status":"publish","type":"post","link":"https:\/\/blog.sub.uni-hamburg.de\/?p=15127","title":{"rendered":"Neue Schlie\u00dff\u00e4cher mit Wissenschaftler-Namen"},"content":{"rendered":"<p><a href=\"https:\/\/blog.sub.uni-hamburg.de\/wp-content\/uploads\/2014\/07\/schliessf-wiss-collage-gr.jpg\"><img loading=\"lazy\" decoding=\"async\" src=\"https:\/\/blog.sub.uni-hamburg.de\/wp-content\/uploads\/2014\/07\/schliessf-wiss-collage.jpg\" alt=\"schliessf-wiss-collage\" width=\"550\" height=\"430\" style=\"float: none;\" \/><\/a><\/p>\n<p>\u00abHab ich meine Sachen bei Kant, Spock oder Mitscherlich gelassen?\u00bb, k\u00f6nnten in Zukunft Fragen unserer Nutzer sein, die ihre Utensilien in den neuen Schlie\u00dff\u00e4chern vor dem Vortragsraum in der 1. Etage verstaut haben. <\/p>\n<p>Die 76 neuen Schlie\u00dff\u00e4cher sind jetzt mit den Namen der Wissenschaftler versehen, die wir inspiriert durch die Vielzahl der Vorschl\u00e4ge der Stabi-Nutzer <a href=\"https:\/\/blog.sub.uni-hamburg.de\/?p=14581\">ausgew\u00e4hlt<\/a> hatten. \u00dcbrigens: wer seine Siebensachen lieber in Schlie\u00dff\u00e4chern mit M\u00fcnzeinwurf verstaut, findet nach wie vor solche in der 2. Etage.<br \/>\n<!--more--><\/p>\n<p><a href=\"https:\/\/blog.sub.uni-hamburg.de\/wp-content\/uploads\/2014\/07\/schliessf-wiss-lasch-gr.jpg\"><img loading=\"lazy\" decoding=\"async\" src=\"https:\/\/blog.sub.uni-hamburg.de\/wp-content\/uploads\/2014\/07\/schliessf-wiss-lasch.jpg\" alt=\"schliessf-wiss-lasch\" width=\"550\" height=\"733\" style=\"float: none;\" \/><\/a><\/p>\n","protected":false},"excerpt":{"rendered":"<p>\u00abHab ich meine Sachen bei Kant, Spock oder Mitscherlich gelassen?\u00bb, k\u00f6nnten in Zukunft Fragen unserer Nutzer sein, die ihre Utensilien in den neuen Schlie\u00dff\u00e4chern vor dem Vortragsraum in der 1. Etage verstaut haben. Die 76 neuen Schlie\u00dff\u00e4cher sind jetzt mit den Namen der Wissenschaftler versehen, die wir inspiriert durch die Vielzahl der Vorschl\u00e4ge der Stabi-Nutzer [&hellip;]<\/p>\n","protected":false},"author":19,"featured_media":0,"comment_status":"open","ping_status":"open","sticky":false,"template":"","format":"standard","meta":{"jetpack_post_was_ever_published":false,"_jetpack_newsletter_access":"","_jetpack_dont_email_post_to_subs":false,"_jetpack_newsletter_tier_id":0,"_jetpack_memberships_contains_paywalled_content":false,"_jetpack_memberships_contains_paid_content":false,"footnotes":"","jetpack_publicize_message":"","jetpack_publicize_feature_enabled":true,"jetpack_social_post_already_shared":false,"jetpack_social_options":{"image_generator_settings":{"template":"highway","default_image_id":0,"font":"","enabled":false},"version":2}},"categories":[1,10],"tags":[],"class_list":["post-15127","post","type-post","status-publish","format-standard","hentry","category-1","category-baustelle-stabi"],"views":7571,"jetpack_publicize_connections":[],"jetpack_featured_media_url":"","jetpack_shortlink":"https:\/\/wp.me\/p7hfNR-3VZ","jetpack-related-posts":[{"id":14015,"url":"https:\/\/blog.sub.uni-hamburg.de\/?p=14015","url_meta":{"origin":15127,"position":0},"title":"Auf der Suche nach neuen Schlie\u00dffach-Namen: Wissenschaftlerinnen und Wissenschaftler","author":"Markus Trapp","date":"12-03-14","format":false,"excerpt":"2012 haben wir die Leserinnen und Leser des Stabi-Blogs um Namensvorschl\u00e4ge f\u00fcr die neuen Schlie\u00dff\u00e4cher im Informationszentrum gebeten. Eine Aktion, die sehr gut ankam, und auf die wir jetzt wieder zur\u00fcckkommen m\u00f6chten. Es wird neue Schlie\u00dff\u00e4cher vor dem Vortragsraum in der 1. Etage geben. Und wieder m\u00f6chten wir uns gerne\u2026","rel":"","context":"In &quot;Aktuelles&quot;","block_context":{"text":"Aktuelles","link":"https:\/\/blog.sub.uni-hamburg.de\/?cat=1"},"img":{"alt_text":"","src":"https:\/\/i0.wp.com\/blog.sub.uni-hamburg.de\/wp-content\/uploads\/2014\/03\/schliessfaecher-iz.jpg?resize=350%2C200&ssl=1","width":350,"height":200},"classes":[]},{"id":8423,"url":"https:\/\/blog.sub.uni-hamburg.de\/?p=8423","url_meta":{"origin":15127,"position":1},"title":"Gesucht: Literarische Figuren f\u00fcr die neuen Stabi-Schlie\u00dff\u00e4cher","author":"Markus Trapp","date":"03-07-12","format":false,"excerpt":"Vor drei Jahren haben wir die Benennung der Schlie\u00dff\u00e4cher in der Stabi von Zahlen auf wesentlich leichter merkbare St\u00e4dte-, Schriftsteller- (s. Abbildung unten rechts), Pflanzen- oder Tiernamen umgestellt. Ein Wechsel, der auch von vielen Stabi-Nutzerinnen und -Nutzern begr\u00fc\u00dft wurde. In K\u00fcrze wird es auch neue Schlie\u00dff\u00e4cher in der 1. Etage\u2026","rel":"","context":"In &quot;Baustelle Stabi&quot;","block_context":{"text":"Baustelle Stabi","link":"https:\/\/blog.sub.uni-hamburg.de\/?cat=10"},"img":{"alt_text":"Ihre Vorschl\u00e4ge: Literarische Figuren f\u00fcr die neuen Stabi-Schlie\u00dff\u00e4cher","src":"https:\/\/i0.wp.com\/blog.sub.uni-hamburg.de\/wp-content\/uploads\/2012\/07\/schliessfaecher-litfig.jpg?resize=350%2C200&ssl=1","width":350,"height":200,"srcset":"https:\/\/i0.wp.com\/blog.sub.uni-hamburg.de\/wp-content\/uploads\/2012\/07\/schliessfaecher-litfig.jpg?resize=350%2C200&ssl=1 1x, https:\/\/i0.wp.com\/blog.sub.uni-hamburg.de\/wp-content\/uploads\/2012\/07\/schliessfaecher-litfig.jpg?resize=525%2C300&ssl=1 1.5x"},"classes":[]},{"id":14581,"url":"https:\/\/blog.sub.uni-hamburg.de\/?p=14581","url_meta":{"origin":15127,"position":2},"title":"76 WissenschaftlerInnen f\u00fcr die neuen Schlie\u00dff\u00e4cher ausgew\u00e4hlt","author":"Markus Trapp","date":"22-05-14","format":false,"excerpt":"Wir waren wieder mal auf der Suche nach neuen Schlie\u00dffach-Namen. Dieses Mal haben wir Sie gebeten, uns Wissenschaftlerinnen und Wissenschaftler f\u00fcr die im Sommer neu einzubauenden Schlie\u00dff\u00e4cher vor dem Vortragsraum in der 1. Etage zu nennen. Und die Teilnahme war \u2013 wie schon im August 2012, als uns 465 Literarischen\u2026","rel":"","context":"In &quot;Aktuelles&quot;","block_context":{"text":"Aktuelles","link":"https:\/\/blog.sub.uni-hamburg.de\/?cat=1"},"img":{"alt_text":"","src":"https:\/\/i0.wp.com\/blog.sub.uni-hamburg.de\/wp-content\/uploads\/2014\/05\/Wissenschaftler-Auswahl1.jpg?resize=350%2C200&ssl=1","width":350,"height":200,"srcset":"https:\/\/i0.wp.com\/blog.sub.uni-hamburg.de\/wp-content\/uploads\/2014\/05\/Wissenschaftler-Auswahl1.jpg?resize=350%2C200&ssl=1 1x, https:\/\/i0.wp.com\/blog.sub.uni-hamburg.de\/wp-content\/uploads\/2014\/05\/Wissenschaftler-Auswahl1.jpg?resize=525%2C300&ssl=1 1.5x"},"classes":[]},{"id":1375,"url":"https:\/\/blog.sub.uni-hamburg.de\/?p=1375","url_meta":{"origin":15127,"position":3},"title":"Was haben Afghanistan, Chicago, Rabelais, ein Tausendf\u00fc\u00dfler und eine Zypresse gemeinsam?","author":"MG","date":"18-09-09","format":false,"excerpt":"Ich finde mein Schlie\u00dffach nicht mehr!?! Monatelang haben die Hausmeister der Stabi Benutzern geholfen, ihre Habseligkeiten aus den neuen Schlie\u00dff\u00e4chern im Erdgeschoss zu holen - weil sich die Nummern so schlecht merken lie\u00dfen. Jetzt hat die Stabi Abhilfe geschaffen. Alle 552 Schlie\u00dff\u00e4cher erhielten einen Namen: L\u00e4nder von Afghanistan bis Vietnam,\u2026","rel":"","context":"In &quot;Aktuelles&quot;","block_context":{"text":"Aktuelles","link":"https:\/\/blog.sub.uni-hamburg.de\/?cat=1"},"img":{"alt_text":"","src":"","width":0,"height":0},"classes":[]},{"id":8710,"url":"https:\/\/blog.sub.uni-hamburg.de\/?p=8710","url_meta":{"origin":15127,"position":4},"title":"Literarische Figuren f\u00fcr die Schlie\u00dff\u00e4cher ausgew\u00e4hlt","author":"Markus Trapp","date":"09-08-12","format":false,"excerpt":"Im vergangenen Monat haben wir Sie gefragt, welche Literarische Figuren Sie sich auf den Schlie\u00dff\u00e4chern im neu gestalteten Informationszentrum vorstellen k\u00f6nnten. Von der gro\u00dfen Resonanz waren wir positiv \u00fcberrascht. Es war f\u00fcr alle an der Aktion Teilnehmenden interessant zu sehen, was da so an literarischen Gestalten nominiert wurde. Am Ende\u2026","rel":"","context":"In &quot;Aktuelles&quot;","block_context":{"text":"Aktuelles","link":"https:\/\/blog.sub.uni-hamburg.de\/?cat=1"},"img":{"alt_text":"Wortwolke der 70 meistgenannten Literarischen Figuren","src":"https:\/\/i0.wp.com\/blog.sub.uni-hamburg.de\/wp-content\/uploads\/2012\/08\/litfig-70.jpg?resize=350%2C200&ssl=1","width":350,"height":200},"classes":[]},{"id":1589,"url":"https:\/\/blog.sub.uni-hamburg.de\/?p=1589","url_meta":{"origin":15127,"position":5},"title":"WiWi-Bibliothek: 16.2. geschlossen, Bauarbeiten gehen weiter","author":"AC","date":"08-02-10","format":false,"excerpt":"Am Dienstag, den 16. Februar 2010 bleibt die Fachbibliothek Wirtschaftswissenschaften geschlossen. Am 15.Februar schlie\u00dft die Bibliothek um 20 Uhr. Die Umgestaltungsma\u00dfnahmen im 1. Bauabschnitt der Fachbibliothek Wirtschaftswissenschaften sind nahezu beendet. Nach dem Umzug in den fertigen 1. Teil der Bibliothek, werden Ihnen - \u00fcber 200 Arbeitspl\u00e4tze - OPAC-Ger\u00e4te (Online-Kataloge) mit\u2026","rel":"","context":"In &quot;Aktuelles&quot;","block_context":{"text":"Aktuelles","link":"https:\/\/blog.sub.uni-hamburg.de\/?cat=1"},"img":{"alt_text":"","src":"","width":0,"height":0},"classes":[]}],"jetpack_sharing_enabled":true,"_links":{"self":[{"href":"https:\/\/blog.sub.uni-hamburg.de\/index.php?rest_route=\/wp\/v2\/posts\/15127","targetHints":{"allow":["GET"]}}],"collection":[{"href":"https:\/\/blog.sub.uni-hamburg.de\/index.php?rest_route=\/wp\/v2\/posts"}],"about":[{"href":"https:\/\/blog.sub.uni-hamburg.de\/index.php?rest_route=\/wp\/v2\/types\/post"}],"author":[{"embeddable":true,"href":"https:\/\/blog.sub.uni-hamburg.de\/index.php?rest_route=\/wp\/v2\/users\/19"}],"replies":[{"embeddable":true,"href":"https:\/\/blog.sub.uni-hamburg.de\/index.php?rest_route=%2Fwp%2Fv2%2Fcomments&post=15127"}],"version-history":[{"count":8,"href":"https:\/\/blog.sub.uni-hamburg.de\/index.php?rest_route=\/wp\/v2\/posts\/15127\/revisions"}],"predecessor-version":[{"id":15139,"href":"https:\/\/blog.sub.uni-hamburg.de\/index.php?rest_route=\/wp\/v2\/posts\/15127\/revisions\/15139"}],"wp:attachment":[{"href":"https:\/\/blog.sub.uni-hamburg.de\/index.php?rest_route=%2Fwp%2Fv2%2Fmedia&parent=15127"}],"wp:term":[{"taxonomy":"category","embeddable":true,"href":"https:\/\/blog.sub.uni-hamburg.de\/index.php?rest_route=%2Fwp%2Fv2%2Fcategories&post=15127"},{"taxonomy":"post_tag","embeddable":true,"href":"https:\/\/blog.sub.uni-hamburg.de\/index.php?rest_route=%2Fwp%2Fv2%2Ftags&post=15127"}],"curies":[{"name":"wp","href":"https:\/\/api.w.org\/{rel}","templated":true}]}}