{"id":15023,"date":"2014-06-23T10:44:57","date_gmt":"2014-06-23T08:44:57","guid":{"rendered":"http:\/\/blog.sub.uni-hamburg.de\/?p=15023"},"modified":"2014-07-07T14:58:28","modified_gmt":"2014-07-07T12:58:28","slug":"indigenitaet-tourismus-und-globalisierung-in-mexiko-3-7","status":"publish","type":"post","link":"https:\/\/blog.sub.uni-hamburg.de\/?p=15023","title":{"rendered":"Indigenit\u00e4t, Tourismus und Globalisierung in Mexiko (3.7.)"},"content":{"rendered":"<p><a href=\"https:\/\/blog.sub.uni-hamburg.de\/wp-content\/uploads\/2014\/06\/St-Catarina-Lacha-gr.jpg\"><img loading=\"lazy\" decoding=\"async\" src=\"https:\/\/blog.sub.uni-hamburg.de\/wp-content\/uploads\/2014\/06\/St-Catarina-Lacha.jpg\" alt=\"St. Catarina Lacha\" title=\"St. Catarina Lacha\" width=\"550\" height=\"309\" style=\"float: none;\" \/><\/a><\/p>\n<p><a href=\"http:\/\/www.ethnologie.uni-muenchen.de\/personen\/professorinnen\/duerr\/index.html\">Prof. Dr. Eveline D\u00fcrr<\/a>, Institut f\u00fcr Ethnologie, LMU M\u00fcnchen:<br \/>\n<strong>Zur\u00fcck zur Natur? Indigenit\u00e4t, Tourismus und Globalisierung in Mexiko<\/strong><\/p>\n<p>In unz\u00e4hligen Medienberichten wird suggeriert, dass die indigene Bev\u00f6lkerung ein besonderes Verh\u00e4ltnis zur Natur habe, das \u201eanders\u201c &#8211; und h\u00e4ufig besser &#8211; als das der modernen Individuen und Gesellschaften geartet sei. Nicht selten werden Indigene als eine Art urspr\u00fcnglicher Individuen gesehen, die untrennbar mit ihrer nat\u00fcrlichen Umwelt verflochten sind oder sogar mit ihr verschmelzen und somit quasi selbst zu einem Teil der Natur werden. Diese Vorstellungen werden in touristischen Inszenierungen zielgerichtet eingesetzt und spielen auch im gemeindebasierten \u00d6kotourismus eine wichtige Rolle. Der Vortrag zeigt auf, wie sich diese alternative Tourismusform und die damit verkn\u00fcpften Vorstellungen auf das Leben in indigenen mexikanischen Bergd\u00f6rfern auswirkt und dieses ver\u00e4ndert. Im Zuge des \u00d6kotourismus entstehen neue Interaktionsformen mit den Touristen, neue Sichtweisen auf die Natur sowie neue Formen der Selbstrepr\u00e4sentation und des<br \/>\nSelbstverst\u00e4ndnisses der Bergd\u00f6rfer.<\/p>\n<p><strong>Donnerstag, 3. Juli 2014, 18:15 Uhr<br \/>\nOrt: Konferenzraum, 2. Etage, Eintritt frei.<\/strong><br \/>\n<!--more--><\/p>\n<p>Eine Veranstaltung der <a href=\"http:\/\/www.mesoamerika-gesellschaft.de\/\">Mesoamerika-Gesellschaft Hamburg<\/a> in Zusammenarbeit mit der Staats- und Universit\u00e4tsbibliothek Hamburg und der <a href=\"http:\/\/www.sub.uni-hamburg.de\/bibliotheken\/sammlungen\/linga-bibliothek.html\">Linga-Bibliothek<\/a> f\u00fcr Lateinamerika-Forschung im Rahmen der Ringvorlesung \u00ab<a href=\"http:\/\/www.aww.uni-hamburg.de\/EinfuehrungMesoamerika.html\">Indigene Kulturen im Spiegel von Arch\u00e4ologie, Geschichte und Ethnographie<\/a>\u00bb (April \u2013 Juli 2014):<\/p>\n<p><a href=\"https:\/\/blog.sub.uni-hamburg.de\/wp-content\/uploads\/2014\/06\/St-Catarina-Lacha-gr.jpg\"><img loading=\"lazy\" decoding=\"async\" src=\"https:\/\/blog.sub.uni-hamburg.de\/wp-content\/uploads\/2014\/06\/St-Catarina-Lacha-det.jpg\" alt=\"St. Catarina Lacha\" title=\"St. Catarina Lacha\" width=\"200\" height=\"181\" style=\"float: right; padding-right:0px; margin-left:25px; margin-bottom:25px;\"  \/><\/a> <\/p>\n<blockquote><p>In der Vorlesungsreihe, die sich ausdr\u00fccklich an eine breite \u00d6ffentlichkeit mit begrenztem Vorwissen richtet, m\u00f6chten wir die geographischen und symbolischen R\u00e4ume, in denen diese Kontakte zu verorten sind, n\u00e4her betrachten. Wir spannen dabei einen zeitlichen Bogen von den vorspanischen Kulturen \u00fcber die Kolonialzeit bis hin zu den heutigen allt\u00e4glichen Begegnungen zwischen Indigenen und Touristen.<\/p>\n<p>Kulturen wie die Maya oder Azteken faszinieren uns gerade aufgrund ihrer eigenst\u00e4ndigen Entwicklung und ihrer markanten Unterschiede zur europ\u00e4ischen Geschichte. Dabei wird aber leicht \u00fcbersehen, dass auch der Kulturraum Mesoamerikas stark durch den Austausch zwischen benachbarten Gruppen gepr\u00e4gt war, sei es in Form von Handel, politischen Allianzen und Kriegen oder in der \u00dcbernahme fremder Gottheiten. Gleichsam kann nicht genug betont werden, dass die Ankunft der Europ\u00e4er keinesfalls das Ende aller indigenen Kulturen markiert, sondern vielmehr den Auftakt f\u00fcr neue Austauschprozesse, die sowohl Amerika als auch Europa nachhaltig gepr\u00e4gt haben.<\/p><\/blockquote>\n","protected":false},"excerpt":{"rendered":"<p>Prof. Dr. Eveline D\u00fcrr, Institut f\u00fcr Ethnologie, LMU M\u00fcnchen: Zur\u00fcck zur Natur? Indigenit\u00e4t, Tourismus und Globalisierung in Mexiko In unz\u00e4hligen Medienberichten wird suggeriert, dass die indigene Bev\u00f6lkerung ein besonderes Verh\u00e4ltnis zur Natur habe, das \u201eanders\u201c &#8211; und h\u00e4ufig besser &#8211; als das der modernen Individuen und Gesellschaften geartet sei. Nicht selten werden Indigene als eine [&hellip;]<\/p>\n","protected":false},"author":19,"featured_media":0,"comment_status":"open","ping_status":"open","sticky":false,"template":"","format":"standard","meta":{"jetpack_post_was_ever_published":false,"_jetpack_newsletter_access":"","_jetpack_dont_email_post_to_subs":false,"_jetpack_newsletter_tier_id":0,"_jetpack_memberships_contains_paywalled_content":false,"_jetpack_memberships_contains_paid_content":false,"footnotes":"","jetpack_publicize_message":"","jetpack_publicize_feature_enabled":true,"jetpack_social_post_already_shared":false,"jetpack_social_options":{"image_generator_settings":{"template":"highway","default_image_id":0,"font":"","enabled":false},"version":2}},"categories":[9],"tags":[],"class_list":["post-15023","post","type-post","status-publish","format-standard","hentry","category-ausstellungen"],"views":3956,"jetpack_publicize_connections":[],"jetpack_featured_media_url":"","jetpack_shortlink":"https:\/\/wp.me\/p7hfNR-3Uj","jetpack-related-posts":[{"id":13484,"url":"https:\/\/blog.sub.uni-hamburg.de\/?p=13484","url_meta":{"origin":15023,"position":0},"title":"Ringvorlesung Mesoamerika \u2013 Von Bergg\u00f6ttern und Genmais (23.1.)","author":"Markus Trapp","date":"08-01-14","format":false,"excerpt":"Dr. Lars Fr\u00fchsorge (Universit\u00e4t Hamburg): Von Bergg\u00f6ttern und Genmais - Indigene Lebenswelten heute Update \u2013 Vortrag zum Nachschauen auf Lecture2go: Die Kontinuit\u00e4t indianischer Kulturen nach Ankunft der Europ\u00e4er ist eines der zentralen Themen der Mesoamerikanistik. So hat sich etwa der alte Ritualkalender in einigen entlegenen Gemeinden bis heute erhalten. Allerdings\u2026","rel":"","context":"In &quot;Ausstellungen und Veranstaltungen&quot;","block_context":{"text":"Ausstellungen und Veranstaltungen","link":"https:\/\/blog.sub.uni-hamburg.de\/?cat=9"},"img":{"alt_text":"","src":"https:\/\/i0.wp.com\/blog.sub.uni-hamburg.de\/wp-content\/uploads\/2014\/01\/14-Meso-Fruehsorge-1c.jpg?resize=350%2C200&ssl=1","width":350,"height":200,"srcset":"https:\/\/i0.wp.com\/blog.sub.uni-hamburg.de\/wp-content\/uploads\/2014\/01\/14-Meso-Fruehsorge-1c.jpg?resize=350%2C200&ssl=1 1x, https:\/\/i0.wp.com\/blog.sub.uni-hamburg.de\/wp-content\/uploads\/2014\/01\/14-Meso-Fruehsorge-1c.jpg?resize=525%2C300&ssl=1 1.5x"},"classes":[]},{"id":19362,"url":"https:\/\/blog.sub.uni-hamburg.de\/?p=19362","url_meta":{"origin":15023,"position":1},"title":"Interkulturelle Universit\u00e4ten in Mexiko (10.2.)","author":"Markus Trapp","date":"14-01-16","format":false,"excerpt":"\u00a0 DIESER VORTRAG WURDE VOM VERANSTALTER LEIDER ABGESAGT! Interkulturelle Universit\u00e4ten in Mexiko: Versuch einer ersten Bilanz nach zehn Jahren Vortrag von Gunther Dietz Ein Bildungsangebot f\u00fcr indigene Regionen Mexikos, das im vergangenen Jahrzehnt ganz neu geschaffen worden ist, sind die sogenannten \u201einterkulturellen Universit\u00e4ten\u201c. Diese neu gegr\u00fcndeten Hochschulen liegen in indigenen\u2026","rel":"","context":"In &quot;Ausstellungen und Veranstaltungen&quot;","block_context":{"text":"Ausstellungen und Veranstaltungen","link":"https:\/\/blog.sub.uni-hamburg.de\/?cat=9"},"img":{"alt_text":"","src":"https:\/\/i0.wp.com\/blog.sub.uni-hamburg.de\/wp-content\/uploads\/2016\/01\/uvmx.jpg?resize=350%2C200&ssl=1","width":350,"height":200},"classes":[]},{"id":17376,"url":"https:\/\/blog.sub.uni-hamburg.de\/?p=17376","url_meta":{"origin":15023,"position":2},"title":"Indigene Christianisierung und Criollismo in Neuspanien (15.4.)","author":"Markus Trapp","date":"23-03-15","format":false,"excerpt":"Update: Der Vortrag wurde aufgezeichnet und kann auf Lecture2Go nachgeschaut werden (Dauer: 1 h 12 min.). Was wissen wir eigentlich \u00fcber Mesoamerika? Und woher stammt unser Wissen? Diesen Fragen geht die Mesoamerika-Gesellschaft bereits im vierten Semester in Folge im Rahmen ihrer in der Stabi gehaltenen Ringvorlesung \u00abDie Quellen des Wissens\u2026","rel":"","context":"In &quot;Ausstellungen und Veranstaltungen&quot;","block_context":{"text":"Ausstellungen und Veranstaltungen","link":"https:\/\/blog.sub.uni-hamburg.de\/?cat=9"},"img":{"alt_text":"Lienzo de Tlaxcala, Lam. III.: Taufe des Senats. Faksimile aus der \uf732. H\u00e4lfte des \uf731\uf738. Jahrhunderts, urspr\u00fcnglich ca. \uf731\uf735\uf735\uf730 - \uf731\uf735\uf736\uf734. Foto: C.Br\u00fcckner","src":"https:\/\/i0.wp.com\/blog.sub.uni-hamburg.de\/wp-content\/uploads\/2015\/03\/Mesos-Lienzo_de_Tlaxcal.jpg?resize=350%2C200&ssl=1","width":350,"height":200},"classes":[]},{"id":14497,"url":"https:\/\/blog.sub.uni-hamburg.de\/?p=14497","url_meta":{"origin":15023,"position":3},"title":"Eine indianische Utopie im Licht der Wirklichkeit (22.5.)","author":"Markus Trapp","date":"08-05-14","format":false,"excerpt":"Armin Hinz, Universit\u00e4t Hamburg: Das Versprechen des Kreuzes von Noh Cah Santa Cruz: Eine indianische Utopie im Licht der Wirklichkeit. Donnerstag, 22. Mai 2014, 18.15 h Ort: Vortragsraum, 1. Et., Eintritt frei. Unweit des Tourismuszentrums Canc\u00fan auf der mexikanischen Halbinsel Yukatan siedeln die Anh\u00e4nger eines als beseelt angesehenen Kreuzes. Der\u2026","rel":"","context":"In &quot;Ausstellungen und Veranstaltungen&quot;","block_context":{"text":"Ausstellungen und Veranstaltungen","link":"https:\/\/blog.sub.uni-hamburg.de\/?cat=9"},"img":{"alt_text":"","src":"https:\/\/i0.wp.com\/blog.sub.uni-hamburg.de\/wp-content\/uploads\/2014\/05\/Maya-Haus-in-Quintana.jpg?resize=350%2C200&ssl=1","width":350,"height":200},"classes":[]},{"id":11594,"url":"https:\/\/blog.sub.uni-hamburg.de\/?p=11594","url_meta":{"origin":15023,"position":4},"title":"Carlos Linga: Zwischen Hamburg und Mexiko, Macht und Mesoamerikanistik (25.4.)","author":"Markus Trapp","date":"11-04-13","format":false,"excerpt":"Donnerstag, 25. April 2013, 18.15 Uhr Dr. Wiebke von Deylen: Zwischen Hamburg und Mexiko, Macht und Mesoamerikanistik. Der Kaufmann Carlos Linga und die Linga-Bibliothek f\u00fcr Lateinamerika-Forschung Wie kam ein junger Kaufmannsgehilfe aus einer Ottensener Arbeiterfamilie Ende des 19.Jahrhunderts nach Mexiko und wurde zum Freund eines sp\u00e4teren Pr\u00e4sidenten? In welcher Weise\u2026","rel":"","context":"In &quot;Ausstellungen und Veranstaltungen&quot;","block_context":{"text":"Ausstellungen und Veranstaltungen","link":"https:\/\/blog.sub.uni-hamburg.de\/?cat=9"},"img":{"alt_text":"","src":"https:\/\/i0.wp.com\/blog.sub.uni-hamburg.de\/wp-content\/uploads\/2013\/04\/linga-mesoamerika-04-2013.jpg?resize=350%2C200&ssl=1","width":350,"height":200,"srcset":"https:\/\/i0.wp.com\/blog.sub.uni-hamburg.de\/wp-content\/uploads\/2013\/04\/linga-mesoamerika-04-2013.jpg?resize=350%2C200&ssl=1 1x, https:\/\/i0.wp.com\/blog.sub.uni-hamburg.de\/wp-content\/uploads\/2013\/04\/linga-mesoamerika-04-2013.jpg?resize=525%2C300&ssl=1 1.5x"},"classes":[]},{"id":17490,"url":"https:\/\/blog.sub.uni-hamburg.de\/?p=17490","url_meta":{"origin":15023,"position":5},"title":"Ringvorlesung Mesoamerika: Rigoberta Mench\u00fa (30.4.) +++ entf\u00e4llt! +++","author":"Markus Trapp","date":"10-04-15","format":false,"excerpt":"Prof. Dr. Ulrich M\u00fccke (Hamburg): Rigoberta Mench\u00fa. Macht der Wahrheit. Wahrheit der Macht Rigoberta Mench\u00fa Tum ist eine der bekanntesten Personen Guatemalas. Die indigene Friedensaktivistin erlebte im guatemaltekischen B\u00fcrgerkrieg die grausamen Menschenrechtsverletzungen hautnah in ihrer eigenen Familie. Als Gegnerin des Regimes unterst\u00fctzte sie seit den sp\u00e4ten 1970er Jahren die Unterdr\u00fcckten.\u2026","rel":"","context":"In &quot;Ausstellungen und Veranstaltungen&quot;","block_context":{"text":"Ausstellungen und Veranstaltungen","link":"https:\/\/blog.sub.uni-hamburg.de\/?cat=9"},"img":{"alt_text":"Rigoberta Mench\u00fa","src":"https:\/\/i0.wp.com\/blog.sub.uni-hamburg.de\/wp-content\/uploads\/2015\/04\/Rigoberta_Menchu_2009.jpg?resize=350%2C200&ssl=1","width":350,"height":200},"classes":[]}],"jetpack_sharing_enabled":true,"_links":{"self":[{"href":"https:\/\/blog.sub.uni-hamburg.de\/index.php?rest_route=\/wp\/v2\/posts\/15023","targetHints":{"allow":["GET"]}}],"collection":[{"href":"https:\/\/blog.sub.uni-hamburg.de\/index.php?rest_route=\/wp\/v2\/posts"}],"about":[{"href":"https:\/\/blog.sub.uni-hamburg.de\/index.php?rest_route=\/wp\/v2\/types\/post"}],"author":[{"embeddable":true,"href":"https:\/\/blog.sub.uni-hamburg.de\/index.php?rest_route=\/wp\/v2\/users\/19"}],"replies":[{"embeddable":true,"href":"https:\/\/blog.sub.uni-hamburg.de\/index.php?rest_route=%2Fwp%2Fv2%2Fcomments&post=15023"}],"version-history":[{"count":2,"href":"https:\/\/blog.sub.uni-hamburg.de\/index.php?rest_route=\/wp\/v2\/posts\/15023\/revisions"}],"predecessor-version":[{"id":15028,"href":"https:\/\/blog.sub.uni-hamburg.de\/index.php?rest_route=\/wp\/v2\/posts\/15023\/revisions\/15028"}],"wp:attachment":[{"href":"https:\/\/blog.sub.uni-hamburg.de\/index.php?rest_route=%2Fwp%2Fv2%2Fmedia&parent=15023"}],"wp:term":[{"taxonomy":"category","embeddable":true,"href":"https:\/\/blog.sub.uni-hamburg.de\/index.php?rest_route=%2Fwp%2Fv2%2Fcategories&post=15023"},{"taxonomy":"post_tag","embeddable":true,"href":"https:\/\/blog.sub.uni-hamburg.de\/index.php?rest_route=%2Fwp%2Fv2%2Ftags&post=15023"}],"curies":[{"name":"wp","href":"https:\/\/api.w.org\/{rel}","templated":true}]}}