{"id":14979,"date":"2014-06-12T16:14:54","date_gmt":"2014-06-12T14:14:54","guid":{"rendered":"http:\/\/blog.sub.uni-hamburg.de\/?p=14979"},"modified":"2014-06-23T09:57:33","modified_gmt":"2014-06-23T07:57:33","slug":"uxul-campeche-geschichte-archaeologie-und-gegenwart-eines-klassischen-maya-zentrums-19-6","status":"publish","type":"post","link":"https:\/\/blog.sub.uni-hamburg.de\/?p=14979","title":{"rendered":"Uxul, Campeche &#8211; Geschichte, Arch\u00e4ologie &#038; Gegenwart eines klass. Maya-Zentrums (19.6.)"},"content":{"rendered":"<p><img loading=\"lazy\" decoding=\"async\" src=\"https:\/\/blog.sub.uni-hamburg.de\/wp-content\/uploads\/2014\/06\/Uxul.jpg\" alt=\"Uxul\" width=\"300\" height=\"400\" style=\"float: right; padding-right:0px; margin-left:25px; margin-bottom:10px;\" \/> <strong><a href=\"http:\/\/www.iae.uni-bonn.de\/abteilung\/mitarbeiterinnen\/projekte-1\/delvendahl\">Dr. Kai Delvendahl<\/a> (Universit\u00e4t Bonn):<br \/>\nUxul, Campeche &#8211; Geschichte, Arch\u00e4ologie und Gegenwart eines klassischen Maya-Zentrums<\/strong><\/p>\n<p>Das Arch\u00e4ologische Projekt Uxul der Universit\u00e4t Bonn wurde 2009 zusammen mit dem mexikanischen Denkmalamt als Grabungsprojekt zu &#8220;Expansion und Zerfall hegemonialer Herrschaft im Mayagebiet&#8221; gestartet. Hauptaugenmerk liegt auf der 1934 entdeckten arch\u00e4ologischen St\u00e4tte Uxul im mexikanischen Bundestaat Campeche. Aus den Transformationsprozessen Ende der Pr\u00e4klassik ging Uxul unbeschadet hervor, wurde zun\u00e4chst Zentrum einer unabh\u00e4ngigen politischen Einheit, jedoch in der sp\u00e4ten Klassik in den Regionalstaat von Calakmul eingegliedert. Die letzte Inschrift datiert auf 705 n. Chr. und deutet ein fr\u00fches Ende der K\u00f6nigsdynastie an. Das Auseinanderfallen h\u00f6fischer Kultur sowie die Aufgabe der Siedlung durch die Wohnbev\u00f6lkerung in Uxul werfen ein neues Licht auf den \u201eMaya-Kollaps\u201c, ein Kerngebiet der Maya-Arch\u00e4ologie. Inwieweit ber\u00fchrten die Ver\u00e4nderungen der politischen Strukturen bestimmte Gruppen bzw. die gesamte Gesellschaft?<\/p>\n<p><strong>Donnerstag, 19. Juni 2014, 18.15 Uhr<br \/>\nOrt: Vortragsraum, 1. Etage, Eintritt frei.<\/strong><br \/>\n<!--more--><\/p>\n<p>Eine Veranstaltung der <a href=\"http:\/\/www.mesoamerika-gesellschaft.de\/\">Mesoamerika-Gesellschaft Hamburg<\/a> in Zusammenarbeit mit der Staats- und Universit\u00e4tsbibliothek Hamburg und der <a href=\"http:\/\/www.sub.uni-hamburg.de\/bibliotheken\/sammlungen\/linga-bibliothek.html\">Linga-Bibliothek<\/a> f\u00fcr Lateinamerika-Forschung im Rahmen der Ringvorlesung \u00ab<a href=\"http:\/\/www.aww.uni-hamburg.de\/EinfuehrungMesoamerika.html\">Indigene Kulturen im Spiegel von Arch\u00e4ologie, Geschichte und Ethnographie<\/a>\u00bb (April \u2013 Juli 2014):<\/p>\n<blockquote><p>In der Vorlesungsreihe, die sich ausdr\u00fccklich an eine breite \u00d6ffentlichkeit mit begrenztem Vorwissen richtet, m\u00f6chten wir die geographischen und symbolischen R\u00e4ume, in denen diese Kontakte zu verorten sind, n\u00e4her betrachten. Wir spannen dabei einen zeitlichen Bogen von den vorspanischen Kulturen \u00fcber die Kolonialzeit bis hin zu den heutigen allt\u00e4glichen Begegnungen zwischen Indigenen und Touristen.<\/p>\n<p>Kulturen wie die Maya oder Azteken faszinieren uns gerade aufgrund ihrer eigenst\u00e4ndigen Entwicklung und ihrer markanten Unterschiede zur europ\u00e4ischen Geschichte. Dabei wird aber leicht \u00fcbersehen, dass auch der Kulturraum Mesoamerikas stark durch den Austausch zwischen benachbarten Gruppen gepr\u00e4gt war, sei es in Form von Handel, politischen Allianzen und Kriegen oder in der \u00dcbernahme fremder Gottheiten. Gleichsam kann nicht genug betont werden, dass die Ankunft der Europ\u00e4er keinesfalls das Ende aller indigenen Kulturen markiert, sondern vielmehr den Auftakt f\u00fcr neue Austauschprozesse, die sowohl Amerika als auch Europa nachhaltig gepr\u00e4gt haben.<\/p><\/blockquote>\n","protected":false},"excerpt":{"rendered":"<p>Dr. Kai Delvendahl (Universit\u00e4t Bonn): Uxul, Campeche &#8211; Geschichte, Arch\u00e4ologie und Gegenwart eines klassischen Maya-Zentrums Das Arch\u00e4ologische Projekt Uxul der Universit\u00e4t Bonn wurde 2009 zusammen mit dem mexikanischen Denkmalamt als Grabungsprojekt zu &#8220;Expansion und Zerfall hegemonialer Herrschaft im Mayagebiet&#8221; gestartet. Hauptaugenmerk liegt auf der 1934 entdeckten arch\u00e4ologischen St\u00e4tte Uxul im mexikanischen Bundestaat Campeche. Aus den [&hellip;]<\/p>\n","protected":false},"author":19,"featured_media":0,"comment_status":"open","ping_status":"open","sticky":false,"template":"","format":"standard","meta":{"jetpack_post_was_ever_published":false,"_jetpack_newsletter_access":"","_jetpack_dont_email_post_to_subs":false,"_jetpack_newsletter_tier_id":0,"_jetpack_memberships_contains_paywalled_content":false,"_jetpack_memberships_contains_paid_content":false,"footnotes":"","jetpack_publicize_message":"","jetpack_publicize_feature_enabled":true,"jetpack_social_post_already_shared":false,"jetpack_social_options":{"image_generator_settings":{"template":"highway","default_image_id":0,"font":"","enabled":false},"version":2}},"categories":[9],"tags":[],"class_list":["post-14979","post","type-post","status-publish","format-standard","hentry","category-ausstellungen"],"views":4783,"jetpack_publicize_connections":[],"jetpack_featured_media_url":"","jetpack_shortlink":"https:\/\/wp.me\/p7hfNR-3TB","jetpack-related-posts":[{"id":16121,"url":"https:\/\/blog.sub.uni-hamburg.de\/?p=16121","url_meta":{"origin":14979,"position":0},"title":"Der Kollaps der Klassischen Maya (30.10.)","author":"Markus Trapp","date":"13-10-14","format":false,"excerpt":"Eine gute Nachricht f\u00fcr alle Interessenten der Kultur und Geschichte Mesoamerikas: Auch im Wintersemester werden die sehr beliebten Veranstaltungen der Ringvorlesung Mesoamerika fortgef\u00fchrt. Den Auftakt bildet am Donnerstag, den 30. Oktober 2014, um 18:15 Uhr der Vortrag Der Kollaps der Klassischen Maya \u2013 Zusammenbruch der politischen Institutionen statt Klimawandel und\u2026","rel":"","context":"In &quot;Ausstellungen und Veranstaltungen&quot;","block_context":{"text":"Ausstellungen und Veranstaltungen","link":"https:\/\/blog.sub.uni-hamburg.de\/?cat=9"},"img":{"alt_text":"Palast in Palenque, Chiapas, Mexiko","src":"https:\/\/i0.wp.com\/blog.sub.uni-hamburg.de\/wp-content\/uploads\/2014\/10\/palenque-chiapas-det.jpg?resize=350%2C200&ssl=1","width":350,"height":200},"classes":[]},{"id":20156,"url":"https:\/\/blog.sub.uni-hamburg.de\/?p=20156","url_meta":{"origin":14979,"position":1},"title":"Scanning Uxul (26.5.)","author":"Markus Trapp","date":"19-05-16","format":false,"excerpt":"Chance Coughenour (Universit\u00e4t Stuttgart) and Dr. Kai Delvendahl (Universit\u00e4t Bonn): Scanning Uxul \u2013 Terrestrial Remote Sensing in Archaeology and Epigraphic Research. Donnerstag, 26. Mai 2016, 18.15 Uhr Ort: Vortragsraum, 1. Etage, Eintritt frei. It is essential to take advantage of emerging technology in academic research, especially when it improves our\u2026","rel":"","context":"In &quot;Ausstellungen und Veranstaltungen&quot;","block_context":{"text":"Ausstellungen und Veranstaltungen","link":"https:\/\/blog.sub.uni-hamburg.de\/?cat=9"},"img":{"alt_text":"","src":"https:\/\/i0.wp.com\/blog.sub.uni-hamburg.de\/wp-content\/uploads\/2016\/05\/scanning-uxul.jpg?resize=350%2C200&ssl=1","width":350,"height":200},"classes":[]},{"id":14497,"url":"https:\/\/blog.sub.uni-hamburg.de\/?p=14497","url_meta":{"origin":14979,"position":2},"title":"Eine indianische Utopie im Licht der Wirklichkeit (22.5.)","author":"Markus Trapp","date":"08-05-14","format":false,"excerpt":"Armin Hinz, Universit\u00e4t Hamburg: Das Versprechen des Kreuzes von Noh Cah Santa Cruz: Eine indianische Utopie im Licht der Wirklichkeit. Donnerstag, 22. Mai 2014, 18.15 h Ort: Vortragsraum, 1. Et., Eintritt frei. Unweit des Tourismuszentrums Canc\u00fan auf der mexikanischen Halbinsel Yukatan siedeln die Anh\u00e4nger eines als beseelt angesehenen Kreuzes. Der\u2026","rel":"","context":"In &quot;Ausstellungen und Veranstaltungen&quot;","block_context":{"text":"Ausstellungen und Veranstaltungen","link":"https:\/\/blog.sub.uni-hamburg.de\/?cat=9"},"img":{"alt_text":"","src":"https:\/\/i0.wp.com\/blog.sub.uni-hamburg.de\/wp-content\/uploads\/2014\/05\/Maya-Haus-in-Quintana.jpg?resize=350%2C200&ssl=1","width":350,"height":200},"classes":[]},{"id":16451,"url":"https:\/\/blog.sub.uni-hamburg.de\/?p=16451","url_meta":{"origin":14979,"position":3},"title":"Die Maya-Inschriften in Nordwestyukatan (27.11.)","author":"Markus Trapp","date":"10-11-14","format":false,"excerpt":"Vortrag von Dr. Daniel Gra\u00f1a-Behrens: Die Maya-Inschriften in Nordwestyukatan - Einf\u00fchrung und Aktuelles aus der Forschung Die Erforschung der Maya-Inschriften hat in den letzten 30 Jahren tiefe Einblicke in Kultur und Schrift der klassischen Maya (300 bis 1000 n. Chr.) erlaubt. Abseits des Interesses an den unz\u00e4hligen Schriftzeugnissen aus dem\u2026","rel":"","context":"In &quot;Ausstellungen und Veranstaltungen&quot;","block_context":{"text":"Ausstellungen und Veranstaltungen","link":"https:\/\/blog.sub.uni-hamburg.de\/?cat=9"},"img":{"alt_text":"","src":"https:\/\/i0.wp.com\/blog.sub.uni-hamburg.de\/wp-content\/uploads\/2014\/11\/meso-11-2014-ChichenItza.jpg?resize=350%2C200&ssl=1","width":350,"height":200},"classes":[]},{"id":20289,"url":"https:\/\/blog.sub.uni-hamburg.de\/?p=20289","url_meta":{"origin":14979,"position":4},"title":"Honduras-Tag: Herrschaft und indigene V\u00f6lker von Cop\u00e1n bis in die Gegenwart (2.7.)","author":"Markus Trapp","date":"13-06-16","format":false,"excerpt":"Die Mesoamerika-Gesellschaft Hamburg e.V. veranstaltet einen Hondurastag in der Stabi. Sonnabend, 2. Juli 2016, 13-18 Uhr Ort: Vortragsraum, 1. Etage, Eintritt frei. Programm Er\u00f6ffnung, Begr\u00fc\u00dfung, Einf\u00fchrung: Christian Br\u00fcckner und Gerrit H\u00f6llmann, Vorsitzende der Mesoamerika-Gesellschaft Hamburg e. V. Vortr\u00e4ge: Herrschaftslegitimation in Cop\u00e1n in der Maya-Klassik Vortrag von Dirk Tiemann In der\u2026","rel":"","context":"In &quot;Ausstellungen und Veranstaltungen&quot;","block_context":{"text":"Ausstellungen und Veranstaltungen","link":"https:\/\/blog.sub.uni-hamburg.de\/?cat=9"},"img":{"alt_text":"","src":"https:\/\/i0.wp.com\/blog.sub.uni-hamburg.de\/wp-content\/uploads\/2016\/06\/hondurastag02072016.jpg?resize=350%2C200&ssl=1","width":350,"height":200,"srcset":"https:\/\/i0.wp.com\/blog.sub.uni-hamburg.de\/wp-content\/uploads\/2016\/06\/hondurastag02072016.jpg?resize=350%2C200&ssl=1 1x, https:\/\/i0.wp.com\/blog.sub.uni-hamburg.de\/wp-content\/uploads\/2016\/06\/hondurastag02072016.jpg?resize=525%2C300&ssl=1 1.5x"},"classes":[]},{"id":13644,"url":"https:\/\/blog.sub.uni-hamburg.de\/?p=13644","url_meta":{"origin":14979,"position":5},"title":"Medizin der Maya (6.2.)","author":"MG","date":"27-01-14","format":false,"excerpt":"Vortrag der Mesoamerika-Gesellschaft Hamburg Donnerstag, 6. Februar 2014, 18.15 Uhr Prof. Dr. Ortwin Smailus, Annette Kern (Universit\u00e4t Hamburg): Colliding Worlds? Maya und europ\u00e4ische Medizin in Yukatan Prallten im medizinischen Bereich wirklich zwei Denkwelten aufeinander, oder gab es doch mehr Parallelen zwischen Alter und Neuer Welt, als es den Anschein hat?\u2026","rel":"","context":"In &quot;Ausstellungen und Veranstaltungen&quot;","block_context":{"text":"Ausstellungen und Veranstaltungen","link":"https:\/\/blog.sub.uni-hamburg.de\/?cat=9"},"img":{"alt_text":"","src":"https:\/\/i0.wp.com\/blog.sub.uni-hamburg.de\/wp-content\/uploads\/2014\/01\/maya-medizin.jpg?resize=350%2C200&ssl=1","width":350,"height":200},"classes":[]}],"jetpack_sharing_enabled":true,"_links":{"self":[{"href":"https:\/\/blog.sub.uni-hamburg.de\/index.php?rest_route=\/wp\/v2\/posts\/14979","targetHints":{"allow":["GET"]}}],"collection":[{"href":"https:\/\/blog.sub.uni-hamburg.de\/index.php?rest_route=\/wp\/v2\/posts"}],"about":[{"href":"https:\/\/blog.sub.uni-hamburg.de\/index.php?rest_route=\/wp\/v2\/types\/post"}],"author":[{"embeddable":true,"href":"https:\/\/blog.sub.uni-hamburg.de\/index.php?rest_route=\/wp\/v2\/users\/19"}],"replies":[{"embeddable":true,"href":"https:\/\/blog.sub.uni-hamburg.de\/index.php?rest_route=%2Fwp%2Fv2%2Fcomments&post=14979"}],"version-history":[{"count":4,"href":"https:\/\/blog.sub.uni-hamburg.de\/index.php?rest_route=\/wp\/v2\/posts\/14979\/revisions"}],"predecessor-version":[{"id":14985,"href":"https:\/\/blog.sub.uni-hamburg.de\/index.php?rest_route=\/wp\/v2\/posts\/14979\/revisions\/14985"}],"wp:attachment":[{"href":"https:\/\/blog.sub.uni-hamburg.de\/index.php?rest_route=%2Fwp%2Fv2%2Fmedia&parent=14979"}],"wp:term":[{"taxonomy":"category","embeddable":true,"href":"https:\/\/blog.sub.uni-hamburg.de\/index.php?rest_route=%2Fwp%2Fv2%2Fcategories&post=14979"},{"taxonomy":"post_tag","embeddable":true,"href":"https:\/\/blog.sub.uni-hamburg.de\/index.php?rest_route=%2Fwp%2Fv2%2Ftags&post=14979"}],"curies":[{"name":"wp","href":"https:\/\/api.w.org\/{rel}","templated":true}]}}