{"id":14362,"date":"2014-04-24T15:40:16","date_gmt":"2014-04-24T13:40:16","guid":{"rendered":"http:\/\/blog.sub.uni-hamburg.de\/?p=14362"},"modified":"2014-05-05T17:53:41","modified_gmt":"2014-05-05T15:53:41","slug":"gottfried-benn-symposium-3-5","status":"publish","type":"post","link":"https:\/\/blog.sub.uni-hamburg.de\/?p=14362","title":{"rendered":"Gottfried Benn Symposium (3.5.)"},"content":{"rendered":"<p><a href=\"https:\/\/blog.sub.uni-hamburg.de\/wp-content\/uploads\/2014\/04\/14-Benn-Mai-gr.jpg\"><img loading=\"lazy\" decoding=\"async\" src=\"https:\/\/blog.sub.uni-hamburg.de\/wp-content\/uploads\/2014\/04\/14-Benn-Mai.jpg\" alt=\"14-Benn-Mai\" width=\"350\" height=\"286\" style=\"float: left; padding-left:0px; margin-right:25px; margin-bottom:25px;\" \/><\/a> Vor 100 Jahren schiffte sich der junge Mediziner Dr. Gottfried Benn in Hamburg f\u00fcr eine \u00dcberseepassage nach New York ein. Sp\u00e4ter war die Hansestadt Ort f\u00fcr Lesungen des Dichters und Zwischenstation f\u00fcr Besuche bei seiner Tochter Nele, die in Kopenhagen bei Pflegeeltern aufwuchs. <\/p>\n<p>Diesen pers\u00f6nlichen Beziehungen Benns zu Norddeutschland und D\u00e4nemark sp\u00fcren zwei Vortr\u00e4ge nach: Prof. Dr. Hermann Korte gibt einen \u00dcberblick \u00fcber \u201e<em>Benns Norden<\/em>\u201d, Hans-J\u00fcrgen Blenskens nimmt die Zuh\u00f6rer in \u201e<em>Gottfried Benn und das Haus Pyrola<\/em>\u201d auf einen D\u00e4nemark-Urlaub Benns mit. Der thematische Strau\u00df wird aufgef\u00e4chert im Vortrag von Dr. Peter Lingens zu \u201e<em>Blumen- und Pflanzen-Worten in den Gedichten Gottfried Benns<\/em>\u201c.<br \/>\n<!--more--><\/p>\n<p>Bei der Veranstaltung wird die Ehrenmitgliedschaft der Benn-Gesellschaft an den Enkel des Dichters, Herrn Vilhelm Tops\u00f8e aus D\u00e4nemark, verliehen.<\/p>\n<p>Moderation: Prof. Dr. M\u00fcller, Hamburg, und Prof. Dr. Korte, Siegen<\/p>\n<p><a href=\"http:\/\/www.gottfriedbenn.de\/\"><img loading=\"lazy\" decoding=\"async\" src=\"https:\/\/blog.sub.uni-hamburg.de\/wp-content\/uploads\/2014\/04\/gbennges.jpg\" alt=\"Gottfried Benn-Gesellschaft e.V.\" title=\"Gottfried Benn-Gesellschaft e.V.\" width=\"350\" height=\"69\" style=\"float: right; padding-right:0px; margin-left:25px; margin-bottom:5px;\"  \/><\/a> Eine Veranstaltung der <a href=\"http:\/\/www.gottfriedbenn.de\/\">Gottfried Benn-Gesellschaft e.V.<\/a> mit freundlicher Unterst\u00fctzung der ALG, Berlin. Organisation: Prof. Dr. Brieler, Hamburg.<\/p>\n<p><strong>Sonnabend, 3. Mai 2014, 10-14 Uhr<br \/>\nOrt: Vortragsraum, 1. Etage, Eintritt frei.<\/strong><\/p>\n","protected":false},"excerpt":{"rendered":"<p>Vor 100 Jahren schiffte sich der junge Mediziner Dr. Gottfried Benn in Hamburg f\u00fcr eine \u00dcberseepassage nach New York ein. Sp\u00e4ter war die Hansestadt Ort f\u00fcr Lesungen des Dichters und Zwischenstation f\u00fcr Besuche bei seiner Tochter Nele, die in Kopenhagen bei Pflegeeltern aufwuchs. Diesen pers\u00f6nlichen Beziehungen Benns zu Norddeutschland und D\u00e4nemark sp\u00fcren zwei Vortr\u00e4ge nach: [&hellip;]<\/p>\n","protected":false},"author":19,"featured_media":0,"comment_status":"open","ping_status":"open","sticky":false,"template":"","format":"standard","meta":{"jetpack_post_was_ever_published":false,"_jetpack_newsletter_access":"","_jetpack_dont_email_post_to_subs":false,"_jetpack_newsletter_tier_id":0,"_jetpack_memberships_contains_paywalled_content":false,"_jetpack_memberships_contains_paid_content":false,"footnotes":"","jetpack_publicize_message":"","jetpack_publicize_feature_enabled":true,"jetpack_social_post_already_shared":false,"jetpack_social_options":{"image_generator_settings":{"template":"highway","default_image_id":0,"font":"","enabled":false},"version":2}},"categories":[9],"tags":[],"class_list":["post-14362","post","type-post","status-publish","format-standard","hentry","category-ausstellungen"],"views":6414,"jetpack_publicize_connections":[],"jetpack_featured_media_url":"","jetpack_shortlink":"https:\/\/wp.me\/p7hfNR-3JE","jetpack-related-posts":[{"id":40151,"url":"https:\/\/blog.sub.uni-hamburg.de\/?p=40151","url_meta":{"origin":14362,"position":0},"title":"Tagung: Gottfried-Benn Gesellschaft (2.5.)","author":"Markus Trapp","date":"23-04-25","format":false,"excerpt":"Freitag, 2. Mai, 18 Uhr, Vortragsraum. Die Jahrestagung der Gottfried-Benn Gesellschaft findet dieses Jahr in Hamburg statt und beginnt mit einer nachgestellten Lesung des Dichters vom Dezember 1954 durch den Schauspieler Charles Brauer. Begleitet wird die Lesung von Dr. Christiane Baur und Prof. Sigurd Brieler, der auch die wissenschaftliche Leitung\u2026","rel":"","context":"In &quot;Ausstellungen und Veranstaltungen&quot;","block_context":{"text":"Ausstellungen und Veranstaltungen","link":"https:\/\/blog.sub.uni-hamburg.de\/?cat=9"},"img":{"alt_text":"Gottfried Benn, Copyright: Sigurd Brieler","src":"https:\/\/i0.wp.com\/blog.sub.uni-hamburg.de\/wp-content\/uploads\/2025\/04\/Gottfried-Benn-Copyright-Sigurd-Brieler.jpg?resize=350%2C200&ssl=1","width":350,"height":200},"classes":[]},{"id":14660,"url":"https:\/\/blog.sub.uni-hamburg.de\/?p=14660","url_meta":{"origin":14362,"position":1},"title":"Nach dem Arabischen Fr\u00fchling \u2013 Wege aus der wirtschaftlichen Misere (12.6.)","author":"Markus Trapp","date":"03-06-14","format":false,"excerpt":"Diskussion mit Dr. Abdelmajid Layadi, Generalsekret\u00e4r der EMA, und Dr. Maximilian Benner, Universit\u00e4t Heidelberg. Moderation: Simon Kremer (NDR). Die Umbr\u00fcche in Nordafrika seit 2011 haben einen historischen Wandel eingeleitet. Dennoch blieben die Hoffnungen besonders der jungen Generation nach besseren Lebensumst\u00e4nden bislang weitgehend unerf\u00fcllt. Neben einer neuen politischen Ordnung suchen die\u2026","rel":"","context":"In &quot;Ausstellungen und Veranstaltungen&quot;","block_context":{"text":"Ausstellungen und Veranstaltungen","link":"https:\/\/blog.sub.uni-hamburg.de\/?cat=9"},"img":{"alt_text":"Konrad-Adenauer-Stiftung e.V.","src":"https:\/\/i0.wp.com\/blog.sub.uni-hamburg.de\/wp-content\/uploads\/2014\/03\/kas.png?resize=350%2C200&ssl=1","width":350,"height":200},"classes":[]},{"id":35119,"url":"https:\/\/blog.sub.uni-hamburg.de\/?p=35119","url_meta":{"origin":14362,"position":2},"title":"Vortrag: Bibelspuren im mittelalterlichen Nordelbingen: Vom Evangeliar des Hamburger Domes bis zur Bibliothek des Bordesholmer Stiftes (6.2.)","author":"Markus Trapp","date":"23-01-23","format":false,"excerpt":"Montag, 6.2.2023, 17 Uhr, Konferenzraum (2. Etage). Der Benediktinerm\u00f6nch und \u201eApostel des Nordens\u201c Ansgar erhielt um 835 von Ludwig dem Frommen f\u00fcr seine Missionsstation n\u00f6rdlich der Elbe eine aufw\u00e4ndig ausgestattete Bibel, die wenige Jahre sp\u00e4ter unterging. Der Hamburger Dom bekam um 1100 von dem Gaugrafen Gottfried ein Evangeliar geschenkt, mit\u2026","rel":"","context":"In &quot;Ausstellungen und Veranstaltungen&quot;","block_context":{"text":"Ausstellungen und Veranstaltungen","link":"https:\/\/blog.sub.uni-hamburg.de\/?cat=9"},"img":{"alt_text":"Vorderdeckel des Einbandes des Gottfried Evangeliars aus dem Hamburger Dom","src":"https:\/\/i0.wp.com\/blog.sub.uni-hamburg.de\/wp-content\/uploads\/2023\/01\/Vorderdeckel-des-Einbandes-des-Gottfried-Evangeliars-aus-dem-Hamburger-Dom.jpg?resize=350%2C200&ssl=1","width":350,"height":200},"classes":[]},{"id":471,"url":"https:\/\/blog.sub.uni-hamburg.de\/?p=471","url_meta":{"origin":14362,"position":3},"title":"Ausstellung &#8220;Homosexuellen-Verfolgung&#8221;: F\u00fchrungen","author":"MG","date":"02-03-07","format":false,"excerpt":"Die Er\u00f6ffnung der Ausstellung \"Homosexuellen-Verfolgung in Hamburg\" am 1. M\u00e4rz hatte so viele G\u00e4ste, dass der Vortragssaal sie nicht alle fassen konnte - und die Medien haben breit berichtet. Aufgrund dieser enormen Resonanz bieten wir jetzt 3 F\u00fchrungen durch die Ausstellung im Informationszentrum der Stabi (1. Stock) an: So., 11.\u2026","rel":"","context":"In &quot;Ausstellungen und Veranstaltungen&quot;","block_context":{"text":"Ausstellungen und Veranstaltungen","link":"https:\/\/blog.sub.uni-hamburg.de\/?cat=9"},"img":{"alt_text":"","src":"","width":0,"height":0},"classes":[]},{"id":3445,"url":"https:\/\/blog.sub.uni-hamburg.de\/?p=3445","url_meta":{"origin":14362,"position":4},"title":"Die Hamburger Grafen \u2013 ein unterschlagenes Kapitel der Reichsgeschichte? \u00dcberlegungen zum 900. Todestag Graf Gottfrieds von Hamburg (2.11.2010)","author":"BP","date":"26-10-10","format":false,"excerpt":"Als eines von drei B\u00fcchern der einstigen Hamburger Domkirche St. Marien, das die Zeiten \u00fcberdauerte, verdient der Codex in scrinio 93 der Hamburger Staats- und Universit\u00e4tsbibliothek besondere Beachtung. Sein sp\u00e4tantikes Elfenbeinrelief, das die Vorderseite des Einbands ebenso ziert wie in vergoldeten Silberdraht eingelassene Halbedelsteine und farbiges Glas, erregte wiederholt das\u2026","rel":"","context":"In &quot;Ausstellungen und Veranstaltungen&quot;","block_context":{"text":"Ausstellungen und Veranstaltungen","link":"https:\/\/blog.sub.uni-hamburg.de\/?cat=9"},"img":{"alt_text":"","src":"https:\/\/i0.wp.com\/blog.sub.uni-hamburg.de\/wp-content\/uploads\/2007\/05\/Elfenbeinevangeliar.jpg?resize=350%2C200&ssl=1","width":350,"height":200},"classes":[]},{"id":34309,"url":"https:\/\/blog.sub.uni-hamburg.de\/?p=34309","url_meta":{"origin":14362,"position":5},"title":"Vortrag: Ein Nerzmantel f\u00fcr den Zauberer. Thomas Mann und der DDR-Verlagsriese Aufbau (18.10.)","author":"Markus Trapp","date":"28-09-22","format":false,"excerpt":"Dienstag, 18.10., 19 Uhr, Vortragsraum. Thomas Manns enge Verbindung zu \u201eseinem\u201c Verleger Gottfried Bermann Fischer ist legend\u00e4r. In den letzten Jahren vor seinem Tod musste aber auch Bermann z\u00e4hneknirschend zustimmen, dass sich sein Starautor einen zweiten deutschsprachigen Verlag w\u00fcnschte: Den Ost-Berliner Aufbau-Verlag, in den Augen des Zauberers \u201eder eigentliche Staatsverlag\u201c\u2026","rel":"","context":"In &quot;Ausstellungen und Veranstaltungen&quot;","block_context":{"text":"Ausstellungen und Veranstaltungen","link":"https:\/\/blog.sub.uni-hamburg.de\/?cat=9"},"img":{"alt_text":"Thomas Mann","src":"https:\/\/i0.wp.com\/blog.sub.uni-hamburg.de\/wp-content\/uploads\/2022\/09\/Thomas_Mann_Aufbau.jpg?resize=350%2C200&ssl=1","width":350,"height":200},"classes":[]}],"jetpack_sharing_enabled":true,"_links":{"self":[{"href":"https:\/\/blog.sub.uni-hamburg.de\/index.php?rest_route=\/wp\/v2\/posts\/14362","targetHints":{"allow":["GET"]}}],"collection":[{"href":"https:\/\/blog.sub.uni-hamburg.de\/index.php?rest_route=\/wp\/v2\/posts"}],"about":[{"href":"https:\/\/blog.sub.uni-hamburg.de\/index.php?rest_route=\/wp\/v2\/types\/post"}],"author":[{"embeddable":true,"href":"https:\/\/blog.sub.uni-hamburg.de\/index.php?rest_route=\/wp\/v2\/users\/19"}],"replies":[{"embeddable":true,"href":"https:\/\/blog.sub.uni-hamburg.de\/index.php?rest_route=%2Fwp%2Fv2%2Fcomments&post=14362"}],"version-history":[{"count":6,"href":"https:\/\/blog.sub.uni-hamburg.de\/index.php?rest_route=\/wp\/v2\/posts\/14362\/revisions"}],"predecessor-version":[{"id":14371,"href":"https:\/\/blog.sub.uni-hamburg.de\/index.php?rest_route=\/wp\/v2\/posts\/14362\/revisions\/14371"}],"wp:attachment":[{"href":"https:\/\/blog.sub.uni-hamburg.de\/index.php?rest_route=%2Fwp%2Fv2%2Fmedia&parent=14362"}],"wp:term":[{"taxonomy":"category","embeddable":true,"href":"https:\/\/blog.sub.uni-hamburg.de\/index.php?rest_route=%2Fwp%2Fv2%2Fcategories&post=14362"},{"taxonomy":"post_tag","embeddable":true,"href":"https:\/\/blog.sub.uni-hamburg.de\/index.php?rest_route=%2Fwp%2Fv2%2Ftags&post=14362"}],"curies":[{"name":"wp","href":"https:\/\/api.w.org\/{rel}","templated":true}]}}