{"id":14015,"date":"2014-03-12T16:10:50","date_gmt":"2014-03-12T15:10:50","guid":{"rendered":"http:\/\/blog.sub.uni-hamburg.de\/?p=14015"},"modified":"2022-08-24T15:38:41","modified_gmt":"2022-08-24T13:38:41","slug":"auf-der-suche-nach-neuen-schliessfach-namen-wissenschaftlerinnen-und-wissenschaftler","status":"publish","type":"post","link":"https:\/\/blog.sub.uni-hamburg.de\/?p=14015","title":{"rendered":"Auf der Suche nach neuen Schlie\u00dffach-Namen: Wissenschaftlerinnen und Wissenschaftler"},"content":{"rendered":"<p><a href=\"https:\/\/blog.sub.uni-hamburg.de\/?p=8423\"><img loading=\"lazy\" decoding=\"async\" data-attachment-id=\"14018\" data-permalink=\"https:\/\/blog.sub.uni-hamburg.de\/?attachment_id=14018\" data-orig-file=\"https:\/\/blog.sub.uni-hamburg.de\/wp-content\/uploads\/2014\/03\/schliessfaecher-iz.jpg\" data-orig-size=\"350,233\" data-comments-opened=\"1\" data-image-meta=\"{&quot;aperture&quot;:&quot;0&quot;,&quot;credit&quot;:&quot;&quot;,&quot;camera&quot;:&quot;&quot;,&quot;caption&quot;:&quot;&quot;,&quot;created_timestamp&quot;:&quot;0&quot;,&quot;copyright&quot;:&quot;&quot;,&quot;focal_length&quot;:&quot;0&quot;,&quot;iso&quot;:&quot;0&quot;,&quot;shutter_speed&quot;:&quot;0&quot;,&quot;title&quot;:&quot;&quot;}\" data-image-title=\"schliessfaecher-iz\" data-image-description=\"\" data-image-caption=\"\" data-large-file=\"https:\/\/blog.sub.uni-hamburg.de\/wp-content\/uploads\/2014\/03\/schliessfaecher-iz.jpg\" src=\"https:\/\/blog.sub.uni-hamburg.de\/wp-content\/uploads\/2014\/03\/schliessfaecher-iz.jpg\" alt=\"Schlie\u00dff\u00e4cher im Informationszentrum\" title=\"Schlie\u00dff\u00e4cher im Informationszentrum\" width=\"350\" height=\"233\" class=\"alignright size-full wp-image-14018\" srcset=\"https:\/\/blog.sub.uni-hamburg.de\/wp-content\/uploads\/2014\/03\/schliessfaecher-iz.jpg 350w, https:\/\/blog.sub.uni-hamburg.de\/wp-content\/uploads\/2014\/03\/schliessfaecher-iz-300x199.jpg 300w\" sizes=\"auto, (max-width: 350px) 100vw, 350px\" \/><\/a> 2012 haben wir die Leserinnen und Leser des Stabi-Blogs um Namensvorschl\u00e4ge f\u00fcr die neuen <a href=\"https:\/\/blog.sub.uni-hamburg.de\/?p=8423\">Schlie\u00dff\u00e4cher im Informationszentrum<\/a> gebeten. Eine Aktion, die <a href=\"https:\/\/blog.sub.uni-hamburg.de\/?p=8710\">sehr gut ankam<\/a>, und auf die wir jetzt wieder zur\u00fcckkommen m\u00f6chten. <\/p>\n<p>Es wird neue Schlie\u00dff\u00e4cher vor dem Vortragsraum in der 1. Etage geben. Und wieder m\u00f6chten wir uns gerne von Ihnen bei der Namensgebung der Schlie\u00dff\u00e4cher inspirieren lassen. Dieses Mal suchen wir <a href=\"http:\/\/de.wikipedia.org\/wiki\/Frauen_in_der_Wissenschaft#Listen_bekannter_Wissenschaftlerinnen\">Wissenschaftlerinnen<\/a> und Wissenschaftler.<\/p>\n<p><img loading=\"lazy\" decoding=\"async\" src=\"https:\/\/blog.sub.uni-hamburg.de\/wp-content\/uploads\/2014\/03\/schliessfaecher-wiss.jpg\" alt=\"Schlie\u00dffach-Namen: Wissenschaftlerinnen und Wissenschaftler\" title=\"Schlie\u00dffach-Namen: Wissenschaftlerinnen und Wissenschaftler\" width=\"350\" height=\"367\" style=\"float: left; padding-left:0px; margin-right:25px; margin-bottom:25px;\" \/> Welche Namen k\u00f6nnten Sie sich auf den 76 neuen Schlie\u00dff\u00e4chern vorstellen? M\u00f6chten Sie in Zukunft Ihre Sachen in Schlie\u00dff\u00e4chern von WissenschaftlerInnen wie \u2013 beispielhaft in der Collage abgebildet \u2013 Hannah Arendt, Aristoteles, oder Marie Curie verstauen?<\/p>\n<p>Wir freuen uns \u00fcber Ihre <strong>Vorschl\u00e4ge bis zum Mittwoch, den 30. April 2014<\/strong> vorzugsweise hier als Kommentar im Blog oder per E- Mail an trapp -at- sub.uni-hamburg.de. Gerne lassen wir uns von Ihren Nominierungen wissenschaftlicher Personen inspirieren. Mehrfachnennungen sind ausdr\u00fccklich erw\u00fcnscht, also ruhig auch bereits gemachte Vorschl\u00e4ge in den Kommentaren best\u00e4rken, wenn diese Ihnen zusagen.<\/p>\n","protected":false},"excerpt":{"rendered":"<p>2012 haben wir die Leserinnen und Leser des Stabi-Blogs um Namensvorschl\u00e4ge f\u00fcr die neuen Schlie\u00dff\u00e4cher im Informationszentrum gebeten. Eine Aktion, die sehr gut ankam, und auf die wir jetzt wieder zur\u00fcckkommen m\u00f6chten. Es wird neue Schlie\u00dff\u00e4cher vor dem Vortragsraum in der 1. Etage geben. Und wieder m\u00f6chten wir uns gerne von Ihnen bei der Namensgebung [&hellip;]<\/p>\n","protected":false},"author":19,"featured_media":0,"comment_status":"open","ping_status":"open","sticky":false,"template":"","format":"standard","meta":{"jetpack_post_was_ever_published":false,"_jetpack_newsletter_access":"","_jetpack_dont_email_post_to_subs":false,"_jetpack_newsletter_tier_id":0,"_jetpack_memberships_contains_paywalled_content":false,"_jetpack_memberships_contains_paid_content":false,"footnotes":"","jetpack_publicize_message":"","jetpack_publicize_feature_enabled":true,"jetpack_social_post_already_shared":false,"jetpack_social_options":{"image_generator_settings":{"template":"highway","default_image_id":0,"font":"","enabled":false},"version":2}},"categories":[1,10],"tags":[],"class_list":["post-14015","post","type-post","status-publish","format-standard","hentry","category-1","category-baustelle-stabi"],"views":23277,"jetpack_publicize_connections":[],"jetpack_featured_media_url":"","jetpack_shortlink":"https:\/\/wp.me\/p7hfNR-3E3","jetpack-related-posts":[{"id":14581,"url":"https:\/\/blog.sub.uni-hamburg.de\/?p=14581","url_meta":{"origin":14015,"position":0},"title":"76 WissenschaftlerInnen f\u00fcr die neuen Schlie\u00dff\u00e4cher ausgew\u00e4hlt","author":"Markus Trapp","date":"22-05-14","format":false,"excerpt":"Wir waren wieder mal auf der Suche nach neuen Schlie\u00dffach-Namen. Dieses Mal haben wir Sie gebeten, uns Wissenschaftlerinnen und Wissenschaftler f\u00fcr die im Sommer neu einzubauenden Schlie\u00dff\u00e4cher vor dem Vortragsraum in der 1. Etage zu nennen. Und die Teilnahme war \u2013 wie schon im August 2012, als uns 465 Literarischen\u2026","rel":"","context":"In &quot;Aktuelles&quot;","block_context":{"text":"Aktuelles","link":"https:\/\/blog.sub.uni-hamburg.de\/?cat=1"},"img":{"alt_text":"","src":"https:\/\/i0.wp.com\/blog.sub.uni-hamburg.de\/wp-content\/uploads\/2014\/05\/Wissenschaftler-Auswahl1.jpg?resize=350%2C200&ssl=1","width":350,"height":200,"srcset":"https:\/\/i0.wp.com\/blog.sub.uni-hamburg.de\/wp-content\/uploads\/2014\/05\/Wissenschaftler-Auswahl1.jpg?resize=350%2C200&ssl=1 1x, https:\/\/i0.wp.com\/blog.sub.uni-hamburg.de\/wp-content\/uploads\/2014\/05\/Wissenschaftler-Auswahl1.jpg?resize=525%2C300&ssl=1 1.5x"},"classes":[]},{"id":15127,"url":"https:\/\/blog.sub.uni-hamburg.de\/?p=15127","url_meta":{"origin":14015,"position":1},"title":"Neue Schlie\u00dff\u00e4cher mit Wissenschaftler-Namen","author":"Markus Trapp","date":"10-07-14","format":false,"excerpt":"\u00abHab ich meine Sachen bei Kant, Spock oder Mitscherlich gelassen?\u00bb, k\u00f6nnten in Zukunft Fragen unserer Nutzer sein, die ihre Utensilien in den neuen Schlie\u00dff\u00e4chern vor dem Vortragsraum in der 1. Etage verstaut haben. Die 76 neuen Schlie\u00dff\u00e4cher sind jetzt mit den Namen der Wissenschaftler versehen, die wir inspiriert durch die\u2026","rel":"","context":"In &quot;Aktuelles&quot;","block_context":{"text":"Aktuelles","link":"https:\/\/blog.sub.uni-hamburg.de\/?cat=1"},"img":{"alt_text":"","src":"https:\/\/i0.wp.com\/blog.sub.uni-hamburg.de\/wp-content\/uploads\/2014\/07\/schliessf-wiss-collage.jpg?resize=350%2C200&ssl=1","width":350,"height":200,"srcset":"https:\/\/i0.wp.com\/blog.sub.uni-hamburg.de\/wp-content\/uploads\/2014\/07\/schliessf-wiss-collage.jpg?resize=350%2C200&ssl=1 1x, https:\/\/i0.wp.com\/blog.sub.uni-hamburg.de\/wp-content\/uploads\/2014\/07\/schliessf-wiss-collage.jpg?resize=525%2C300&ssl=1 1.5x"},"classes":[]},{"id":8423,"url":"https:\/\/blog.sub.uni-hamburg.de\/?p=8423","url_meta":{"origin":14015,"position":2},"title":"Gesucht: Literarische Figuren f\u00fcr die neuen Stabi-Schlie\u00dff\u00e4cher","author":"Markus Trapp","date":"03-07-12","format":false,"excerpt":"Vor drei Jahren haben wir die Benennung der Schlie\u00dff\u00e4cher in der Stabi von Zahlen auf wesentlich leichter merkbare St\u00e4dte-, Schriftsteller- (s. Abbildung unten rechts), Pflanzen- oder Tiernamen umgestellt. Ein Wechsel, der auch von vielen Stabi-Nutzerinnen und -Nutzern begr\u00fc\u00dft wurde. In K\u00fcrze wird es auch neue Schlie\u00dff\u00e4cher in der 1. Etage\u2026","rel":"","context":"In &quot;Baustelle Stabi&quot;","block_context":{"text":"Baustelle Stabi","link":"https:\/\/blog.sub.uni-hamburg.de\/?cat=10"},"img":{"alt_text":"Ihre Vorschl\u00e4ge: Literarische Figuren f\u00fcr die neuen Stabi-Schlie\u00dff\u00e4cher","src":"https:\/\/i0.wp.com\/blog.sub.uni-hamburg.de\/wp-content\/uploads\/2012\/07\/schliessfaecher-litfig.jpg?resize=350%2C200&ssl=1","width":350,"height":200,"srcset":"https:\/\/i0.wp.com\/blog.sub.uni-hamburg.de\/wp-content\/uploads\/2012\/07\/schliessfaecher-litfig.jpg?resize=350%2C200&ssl=1 1x, https:\/\/i0.wp.com\/blog.sub.uni-hamburg.de\/wp-content\/uploads\/2012\/07\/schliessfaecher-litfig.jpg?resize=525%2C300&ssl=1 1.5x"},"classes":[]},{"id":1375,"url":"https:\/\/blog.sub.uni-hamburg.de\/?p=1375","url_meta":{"origin":14015,"position":3},"title":"Was haben Afghanistan, Chicago, Rabelais, ein Tausendf\u00fc\u00dfler und eine Zypresse gemeinsam?","author":"MG","date":"18-09-09","format":false,"excerpt":"Ich finde mein Schlie\u00dffach nicht mehr!?! Monatelang haben die Hausmeister der Stabi Benutzern geholfen, ihre Habseligkeiten aus den neuen Schlie\u00dff\u00e4chern im Erdgeschoss zu holen - weil sich die Nummern so schlecht merken lie\u00dfen. Jetzt hat die Stabi Abhilfe geschaffen. Alle 552 Schlie\u00dff\u00e4cher erhielten einen Namen: L\u00e4nder von Afghanistan bis Vietnam,\u2026","rel":"","context":"In &quot;Aktuelles&quot;","block_context":{"text":"Aktuelles","link":"https:\/\/blog.sub.uni-hamburg.de\/?cat=1"},"img":{"alt_text":"","src":"","width":0,"height":0},"classes":[]},{"id":1589,"url":"https:\/\/blog.sub.uni-hamburg.de\/?p=1589","url_meta":{"origin":14015,"position":4},"title":"WiWi-Bibliothek: 16.2. geschlossen, Bauarbeiten gehen weiter","author":"AC","date":"08-02-10","format":false,"excerpt":"Am Dienstag, den 16. Februar 2010 bleibt die Fachbibliothek Wirtschaftswissenschaften geschlossen. Am 15.Februar schlie\u00dft die Bibliothek um 20 Uhr. Die Umgestaltungsma\u00dfnahmen im 1. Bauabschnitt der Fachbibliothek Wirtschaftswissenschaften sind nahezu beendet. Nach dem Umzug in den fertigen 1. Teil der Bibliothek, werden Ihnen - \u00fcber 200 Arbeitspl\u00e4tze - OPAC-Ger\u00e4te (Online-Kataloge) mit\u2026","rel":"","context":"In &quot;Aktuelles&quot;","block_context":{"text":"Aktuelles","link":"https:\/\/blog.sub.uni-hamburg.de\/?cat=1"},"img":{"alt_text":"","src":"","width":0,"height":0},"classes":[]},{"id":8710,"url":"https:\/\/blog.sub.uni-hamburg.de\/?p=8710","url_meta":{"origin":14015,"position":5},"title":"Literarische Figuren f\u00fcr die Schlie\u00dff\u00e4cher ausgew\u00e4hlt","author":"Markus Trapp","date":"09-08-12","format":false,"excerpt":"Im vergangenen Monat haben wir Sie gefragt, welche Literarische Figuren Sie sich auf den Schlie\u00dff\u00e4chern im neu gestalteten Informationszentrum vorstellen k\u00f6nnten. Von der gro\u00dfen Resonanz waren wir positiv \u00fcberrascht. Es war f\u00fcr alle an der Aktion Teilnehmenden interessant zu sehen, was da so an literarischen Gestalten nominiert wurde. Am Ende\u2026","rel":"","context":"In &quot;Aktuelles&quot;","block_context":{"text":"Aktuelles","link":"https:\/\/blog.sub.uni-hamburg.de\/?cat=1"},"img":{"alt_text":"Wortwolke der 70 meistgenannten Literarischen Figuren","src":"https:\/\/i0.wp.com\/blog.sub.uni-hamburg.de\/wp-content\/uploads\/2012\/08\/litfig-70.jpg?resize=350%2C200&ssl=1","width":350,"height":200},"classes":[]}],"jetpack_sharing_enabled":true,"_links":{"self":[{"href":"https:\/\/blog.sub.uni-hamburg.de\/index.php?rest_route=\/wp\/v2\/posts\/14015","targetHints":{"allow":["GET"]}}],"collection":[{"href":"https:\/\/blog.sub.uni-hamburg.de\/index.php?rest_route=\/wp\/v2\/posts"}],"about":[{"href":"https:\/\/blog.sub.uni-hamburg.de\/index.php?rest_route=\/wp\/v2\/types\/post"}],"author":[{"embeddable":true,"href":"https:\/\/blog.sub.uni-hamburg.de\/index.php?rest_route=\/wp\/v2\/users\/19"}],"replies":[{"embeddable":true,"href":"https:\/\/blog.sub.uni-hamburg.de\/index.php?rest_route=%2Fwp%2Fv2%2Fcomments&post=14015"}],"version-history":[{"count":8,"href":"https:\/\/blog.sub.uni-hamburg.de\/index.php?rest_route=\/wp\/v2\/posts\/14015\/revisions"}],"predecessor-version":[{"id":14587,"href":"https:\/\/blog.sub.uni-hamburg.de\/index.php?rest_route=\/wp\/v2\/posts\/14015\/revisions\/14587"}],"wp:attachment":[{"href":"https:\/\/blog.sub.uni-hamburg.de\/index.php?rest_route=%2Fwp%2Fv2%2Fmedia&parent=14015"}],"wp:term":[{"taxonomy":"category","embeddable":true,"href":"https:\/\/blog.sub.uni-hamburg.de\/index.php?rest_route=%2Fwp%2Fv2%2Fcategories&post=14015"},{"taxonomy":"post_tag","embeddable":true,"href":"https:\/\/blog.sub.uni-hamburg.de\/index.php?rest_route=%2Fwp%2Fv2%2Ftags&post=14015"}],"curies":[{"name":"wp","href":"https:\/\/api.w.org\/{rel}","templated":true}]}}