{"id":13935,"date":"2014-03-03T16:05:43","date_gmt":"2014-03-03T15:05:43","guid":{"rendered":"http:\/\/blog.sub.uni-hamburg.de\/?p=13935"},"modified":"2014-03-23T23:34:38","modified_gmt":"2014-03-23T22:34:38","slug":"famelab-hamburg-22-3","status":"publish","type":"post","link":"https:\/\/blog.sub.uni-hamburg.de\/?p=13935","title":{"rendered":"FameLab &#8211; Hamburg (22.3.)"},"content":{"rendered":"<p><a href=\"http:\/\/www.famelab-germany.de\/index.htm\"><img loading=\"lazy\" decoding=\"async\" src=\"https:\/\/blog.sub.uni-hamburg.de\/wp-content\/uploads\/2014\/03\/famelab-2014.jpg\" alt=\"Famelab 2014\" title=\"Famelab 2014\" width=\"350\" height=\"250\" style=\"float: right; padding-right:0px; margin-left:25px; margin-bottom:25px;\"  \/><\/a> Unter dem Motto &#8220;Talking Science&#8221; findet der internationale Wettbewerb der Wissenschaftskommunikation <a href=\"http:\/\/www.famelab-germany.de\/index.htm\">FameLab<\/a> zum vierten Mal in Hamburg statt. Die Kandidatinnen und Kandidaten haben jeweils drei Minuten Zeit, Jury und Publikum mit einer unterhaltsamen Pr\u00e4sentation ihres Forschungsthemas zu \u00fcberzeugen. <\/p>\n<p>Die Erst- und Zweitplatzierten erhalten eine Siegerpr\u00e4mie, nehmen an einem zweit\u00e4gigen Medien- und Kommunikationstraining in Berlin teil und reisen zum Deutschlandfinale am 10. Mai 2014. Der\/die Deutschlandsieger\/in reist weiter zum internationalen Finale nach Cheltenham, England.<\/p>\n<p>Anmeldungen f\u00fcr Kandidatinnen und Kandidaten auf der B\u00fchne sowie Reservierungen f\u00fcr<br \/>\nBesucherinnen und Besucher unter Tel. (040) 42838-7592 oder E-Mail <a href=\"mailto:gaby.gahnstroem@uni-hamburg.de\">gaby.gahnstroem@uni-hamburg.de<\/a>. N\u00e4here Informationen auf der Website des Veranstalters.<\/p>\n<p><strong>Sonnabend, 22. M\u00e4rz 2014, 18 Uhr<br \/>\nEintritt: 6 EUR, erm\u00e4\u00dfigt 3 EUR.<\/strong><br \/>\nOrt: Lichthof im Altbau, Eingang Edmund-Siemers-Allee \/ Ecke Grindelallee<\/p>\n<p>Um einen Eindruck davon zu bekommen, wie so eine FameLab-Kurzpr\u00e4sentation aussieht, sehen Sie hier den Vortrag des Vorjahresgewinners, der uns auf der FameLab-B\u00fchne des Lichthofes im Altbau der Stabi im Vorjahr alle sehr begeistert &#8211; und verdient den Hamburger Vorentscheid gewonnen &#8211; hat: <a href=\"http:\/\/twitter.com\/emtiu\">Michael B\u00fcker<\/a> (Uni Hamburg, <a href=\"http:\/\/www.physnet.uni-hamburg.de\/forschung\/arbeitsgruppen\/cms\/index.html\">Institut f\u00fcr Teilchenphysik<\/a>) mit der Aufforderung: \u00abImmer die Neutrinos im Auge behalten!\u00bb:<\/p>\n<p><span class=\"embed-youtube\" style=\"text-align:center; display: block;\"><iframe loading=\"lazy\" class=\"youtube-player\" width=\"640\" height=\"360\" src=\"https:\/\/www.youtube.com\/embed\/6yyUfXd3QQ4?version=3&#038;rel=1&#038;showsearch=0&#038;showinfo=1&#038;iv_load_policy=1&#038;fs=1&#038;hl=de-DE-formal&#038;autohide=2&#038;wmode=transparent\" allowfullscreen=\"true\" style=\"border:0;\" sandbox=\"allow-scripts allow-same-origin allow-popups allow-presentation allow-popups-to-escape-sandbox\"><\/iframe><\/span><\/p>\n","protected":false},"excerpt":{"rendered":"<p>Unter dem Motto &#8220;Talking Science&#8221; findet der internationale Wettbewerb der Wissenschaftskommunikation FameLab zum vierten Mal in Hamburg statt. Die Kandidatinnen und Kandidaten haben jeweils drei Minuten Zeit, Jury und Publikum mit einer unterhaltsamen Pr\u00e4sentation ihres Forschungsthemas zu \u00fcberzeugen. Die Erst- und Zweitplatzierten erhalten eine Siegerpr\u00e4mie, nehmen an einem zweit\u00e4gigen Medien- und Kommunikationstraining in Berlin teil [&hellip;]<\/p>\n","protected":false},"author":19,"featured_media":0,"comment_status":"open","ping_status":"open","sticky":false,"template":"","format":"standard","meta":{"jetpack_post_was_ever_published":false,"_jetpack_newsletter_access":"","_jetpack_dont_email_post_to_subs":false,"_jetpack_newsletter_tier_id":0,"_jetpack_memberships_contains_paywalled_content":false,"_jetpack_memberships_contains_paid_content":false,"footnotes":"","jetpack_publicize_message":"","jetpack_publicize_feature_enabled":true,"jetpack_social_post_already_shared":false,"jetpack_social_options":{"image_generator_settings":{"template":"highway","default_image_id":0,"font":"","enabled":false},"version":2}},"categories":[9,17],"tags":[],"class_list":["post-13935","post","type-post","status-publish","format-standard","hentry","category-ausstellungen","category-hamburg"],"views":7496,"jetpack_publicize_connections":[],"jetpack_featured_media_url":"","jetpack_shortlink":"https:\/\/wp.me\/p7hfNR-3CL","jetpack-related-posts":[{"id":11154,"url":"https:\/\/blog.sub.uni-hamburg.de\/?p=11154","url_meta":{"origin":13935,"position":0},"title":"Wettbewerb der Wissenschaftskommunikation: FameLab Hamburg 2013 (9.3.)","author":"Markus Trapp","date":"21-02-13","format":false,"excerpt":"Unter dem Motto \u201eTalking Science\u201c findet der internationale Wettbewerb der Wissenschaftskommunikation, FameLab, zum dritten Mal in Deutschland statt. Einer der Regionalentscheide in sieben Bundesl\u00e4ndern wird auch wieder in Hamburg ausgerichtet. Jeder Teilnehmer hat drei Minuten Zeit, Jury und Publikum mit einer unterhaltsamen Pr\u00e4sentation seiner Forschung zu \u00fcberzeugen. Die Erst- und\u2026","rel":"","context":"In &quot;Ausstellungen und Veranstaltungen&quot;","block_context":{"text":"Ausstellungen und Veranstaltungen","link":"https:\/\/blog.sub.uni-hamburg.de\/?cat=9"},"img":{"alt_text":"","src":"https:\/\/i0.wp.com\/blog.sub.uni-hamburg.de\/wp-content\/uploads\/2013\/02\/Famelab_Plakat_HH_2013.jpg?resize=350%2C200&ssl=1","width":350,"height":200},"classes":[]},{"id":23246,"url":"https:\/\/blog.sub.uni-hamburg.de\/?p=23246","url_meta":{"origin":13935,"position":1},"title":"Welches Europa wollen wir? Die Zukunft der EU im Zeichen der Bundestagswahl (11.9.)","author":"Markus Trapp","date":"28-08-17","format":false,"excerpt":"Die Europa-Union Hamburg e. V. l\u00e4dt zu folgender Diskussionsveranstaltung in den Lichthof der Stabi ein: Die Bundestagswahl im September 2017 ist nicht nur eines der wichtigsten politischen Ereignisse in Deutschland, sondern sie wird auch im europ\u00e4ischen Ausland, ja sogar weltweit, aufmerksam verfolgt. Denn ihr Ausgang hat signifikante und richtungsweisende Auswirkungen\u2026","rel":"","context":"In &quot;Ausstellungen und Veranstaltungen&quot;","block_context":{"text":"Ausstellungen und Veranstaltungen","link":"https:\/\/blog.sub.uni-hamburg.de\/?cat=9"},"img":{"alt_text":"","src":"https:\/\/i0.wp.com\/blog.sub.uni-hamburg.de\/wp-content\/uploads\/2017\/08\/europaunion-btw.jpg?resize=350%2C200&ssl=1","width":350,"height":200,"srcset":"https:\/\/i0.wp.com\/blog.sub.uni-hamburg.de\/wp-content\/uploads\/2017\/08\/europaunion-btw.jpg?resize=350%2C200&ssl=1 1x, https:\/\/i0.wp.com\/blog.sub.uni-hamburg.de\/wp-content\/uploads\/2017\/08\/europaunion-btw.jpg?resize=525%2C300&ssl=1 1.5x"},"classes":[]},{"id":19509,"url":"https:\/\/blog.sub.uni-hamburg.de\/?p=19509","url_meta":{"origin":13935,"position":2},"title":"Lesung &#8220;Du bist das Volk&#8221; mit Uwe Kn\u00fcpfer (9.2.)","author":"Markus Trapp","date":"03-02-16","format":false,"excerpt":"Dienstag, 9. Februar | 19.00 Uhr Vortragsraum, 1. Etage Was m\u00fcssen Kandidatinnen und Kandidaten mitbringen? Wie werden Anf\u00e4nger schnell wahrgenommen? Wie reagieren sie auf die \u00fcblichen Stammtisch- Vorw\u00fcrfe? Wie stecken sie fiese politische Angriffe weg? Warum k\u00f6nnen Journalisten niemals ihre Freunde werden? Was macht Politiker unsterblich? Die Jusos Hamburg laden\u2026","rel":"","context":"In &quot;Ausstellungen und Veranstaltungen&quot;","block_context":{"text":"Ausstellungen und Veranstaltungen","link":"https:\/\/blog.sub.uni-hamburg.de\/?cat=9"},"img":{"alt_text":"","src":"https:\/\/i0.wp.com\/blog.sub.uni-hamburg.de\/wp-content\/uploads\/2016\/02\/VA-Buchlesung-kl.jpg?resize=350%2C200&ssl=1","width":350,"height":200,"srcset":"https:\/\/i0.wp.com\/blog.sub.uni-hamburg.de\/wp-content\/uploads\/2016\/02\/VA-Buchlesung-kl.jpg?resize=350%2C200&ssl=1 1x, https:\/\/i0.wp.com\/blog.sub.uni-hamburg.de\/wp-content\/uploads\/2016\/02\/VA-Buchlesung-kl.jpg?resize=525%2C300&ssl=1 1.5x"},"classes":[]},{"id":5664,"url":"https:\/\/blog.sub.uni-hamburg.de\/?p=5664","url_meta":{"origin":13935,"position":3},"title":"Jahrestagung der Musikbibliotheken (13.-16.9.)","author":"Markus Trapp","date":"23-08-11","format":false,"excerpt":"Dienstag, 13. September, bis Freitag, 16. September 2011: Jahrestagung der Internationalen Vereinigung der Musikbibliotheken, Musikarchive und Dokumentationszentren (AIBM), Gruppe Bundesrepublik Deutschland Im Mittelpunkt der Tagung, die rund 150 Bibliothekarinnen und Bibliothekare aus Musikeinrichtungen in Deutschland und den angrenzenden L\u00e4ndern besuchen, stehen Vortr\u00e4ge zur zeitgem\u00e4\u00dfen, nutzerorientierten Entwicklung von Katalogen und anderen\u2026","rel":"","context":"In &quot;Ausstellungen und Veranstaltungen&quot;","block_context":{"text":"Ausstellungen und Veranstaltungen","link":"https:\/\/blog.sub.uni-hamburg.de\/?cat=9"},"img":{"alt_text":"","src":"https:\/\/i0.wp.com\/blog.sub.uni-hamburg.de\/wp-content\/uploads\/2011\/08\/aibm2011.jpg?resize=350%2C200&ssl=1","width":350,"height":200},"classes":[]},{"id":19736,"url":"https:\/\/blog.sub.uni-hamburg.de\/?p=19736","url_meta":{"origin":13935,"position":4},"title":"US-Vorwahlen 2016 \u2013 Ablauf und Kandidaten (22.3.)","author":"Markus Trapp","date":"11-03-16","format":false,"excerpt":"Primaries (Vorwahlen), parteiinterne Verfahren zur Kandidatenaufstellung, wurden ab Anfang des 20. Jh. in den USA eingef\u00fchrt, um Transparenz in Parteien zu f\u00f6rdern. Es gibt auch Bundesstaaten, die stattdessen Caucuses (Parteitage) durchf\u00fchren. Unter \u201eVorwahlen\u201c fasst man Primaries und Caucuses. Sie werden mit der alle vier Jahre stattfindenden Pr\u00e4sidentschaftswahl sehr beachtet und\u2026","rel":"","context":"In &quot;Ausstellungen und Veranstaltungen&quot;","block_context":{"text":"Ausstellungen und Veranstaltungen","link":"https:\/\/blog.sub.uni-hamburg.de\/?cat=9"},"img":{"alt_text":"US-Vorwahlen 2016","src":"https:\/\/i0.wp.com\/blog.sub.uni-hamburg.de\/wp-content\/uploads\/2016\/03\/us-vorwahlen.jpg?resize=350%2C200&ssl=1","width":350,"height":200,"srcset":"https:\/\/i0.wp.com\/blog.sub.uni-hamburg.de\/wp-content\/uploads\/2016\/03\/us-vorwahlen.jpg?resize=350%2C200&ssl=1 1x, https:\/\/i0.wp.com\/blog.sub.uni-hamburg.de\/wp-content\/uploads\/2016\/03\/us-vorwahlen.jpg?resize=525%2C300&ssl=1 1.5x"},"classes":[]},{"id":13965,"url":"https:\/\/blog.sub.uni-hamburg.de\/?p=13965","url_meta":{"origin":13935,"position":5},"title":"Tag der offenen T\u00fcr im Hamburger Staatsarchiv (8.3.)","author":"Markus Trapp","date":"05-03-14","format":false,"excerpt":"Anl\u00e4sslich des Tages der Archive \u00f6ffnet das Staatsarchiv in Wandsbek am kommenden Samstag, den 8. M\u00e4rz, von 10 bis 17 Uhr seine T\u00fcren: Der Tag der Archive findet dieses Jahr zeitgleich mit dem Internationalen Frauentag statt. Daher haben die Deutschen Archive diesen Tag deutschlandweit unter das Motto: \"Frauen - M\u00e4nner\u2026","rel":"","context":"In &quot;Ausstellungen und Veranstaltungen&quot;","block_context":{"text":"Ausstellungen und Veranstaltungen","link":"https:\/\/blog.sub.uni-hamburg.de\/?cat=9"},"img":{"alt_text":"","src":"https:\/\/i0.wp.com\/blog.sub.uni-hamburg.de\/wp-content\/uploads\/2014\/03\/staatsarchiv-wandsbek.jpg?resize=350%2C200&ssl=1","width":350,"height":200},"classes":[]}],"jetpack_sharing_enabled":true,"_links":{"self":[{"href":"https:\/\/blog.sub.uni-hamburg.de\/index.php?rest_route=\/wp\/v2\/posts\/13935","targetHints":{"allow":["GET"]}}],"collection":[{"href":"https:\/\/blog.sub.uni-hamburg.de\/index.php?rest_route=\/wp\/v2\/posts"}],"about":[{"href":"https:\/\/blog.sub.uni-hamburg.de\/index.php?rest_route=\/wp\/v2\/types\/post"}],"author":[{"embeddable":true,"href":"https:\/\/blog.sub.uni-hamburg.de\/index.php?rest_route=\/wp\/v2\/users\/19"}],"replies":[{"embeddable":true,"href":"https:\/\/blog.sub.uni-hamburg.de\/index.php?rest_route=%2Fwp%2Fv2%2Fcomments&post=13935"}],"version-history":[{"count":8,"href":"https:\/\/blog.sub.uni-hamburg.de\/index.php?rest_route=\/wp\/v2\/posts\/13935\/revisions"}],"predecessor-version":[{"id":13944,"href":"https:\/\/blog.sub.uni-hamburg.de\/index.php?rest_route=\/wp\/v2\/posts\/13935\/revisions\/13944"}],"wp:attachment":[{"href":"https:\/\/blog.sub.uni-hamburg.de\/index.php?rest_route=%2Fwp%2Fv2%2Fmedia&parent=13935"}],"wp:term":[{"taxonomy":"category","embeddable":true,"href":"https:\/\/blog.sub.uni-hamburg.de\/index.php?rest_route=%2Fwp%2Fv2%2Fcategories&post=13935"},{"taxonomy":"post_tag","embeddable":true,"href":"https:\/\/blog.sub.uni-hamburg.de\/index.php?rest_route=%2Fwp%2Fv2%2Ftags&post=13935"}],"curies":[{"name":"wp","href":"https:\/\/api.w.org\/{rel}","templated":true}]}}