{"id":13776,"date":"2014-02-06T14:19:30","date_gmt":"2014-02-06T13:19:30","guid":{"rendered":"http:\/\/blog.sub.uni-hamburg.de\/?p=13776"},"modified":"2014-04-15T08:54:23","modified_gmt":"2014-04-15T06:54:23","slug":"gibt-es-neues-von-jungius-zu-lernen","status":"publish","type":"post","link":"https:\/\/blog.sub.uni-hamburg.de\/?p=13776","title":{"rendered":"Gibt es Neues von Jungius zu lernen?"},"content":{"rendered":"<p><a href=\"https:\/\/blog.sub.uni-hamburg.de\/wp-content\/uploads\/2014\/02\/Jungius-Disputationes-Ethicae-mittel.jpg\"> <img loading=\"lazy\" decoding=\"async\" data-attachment-id=\"13777\" data-permalink=\"https:\/\/blog.sub.uni-hamburg.de\/?attachment_id=13777\" data-orig-file=\"https:\/\/blog.sub.uni-hamburg.de\/wp-content\/uploads\/2014\/02\/Jungius-disputationes-klein.jpg\" data-orig-size=\"550,152\" data-comments-opened=\"1\" data-image-meta=\"{&quot;aperture&quot;:&quot;0&quot;,&quot;credit&quot;:&quot;&quot;,&quot;camera&quot;:&quot;&quot;,&quot;caption&quot;:&quot;&quot;,&quot;created_timestamp&quot;:&quot;0&quot;,&quot;copyright&quot;:&quot;&quot;,&quot;focal_length&quot;:&quot;0&quot;,&quot;iso&quot;:&quot;0&quot;,&quot;shutter_speed&quot;:&quot;0&quot;,&quot;title&quot;:&quot;&quot;}\" data-image-title=\"Jungius-disputationes-klein\" data-image-description=\"\" data-image-caption=\"\" data-large-file=\"https:\/\/blog.sub.uni-hamburg.de\/wp-content\/uploads\/2014\/02\/Jungius-disputationes-klein.jpg\" class=\"alignright size-full wp-image-13777\" style=\"float: none;\" title=\"Disputationes Ethicae\" alt=\"Disputationes Ethicae\" src=\"https:\/\/blog.sub.uni-hamburg.de\/wp-content\/uploads\/2014\/02\/Jungius-disputationes-klein.jpg\" width=\"550\" height=\"152\" srcset=\"https:\/\/blog.sub.uni-hamburg.de\/wp-content\/uploads\/2014\/02\/Jungius-disputationes-klein.jpg 550w, https:\/\/blog.sub.uni-hamburg.de\/wp-content\/uploads\/2014\/02\/Jungius-disputationes-klein-300x82.jpg 300w\" sizes=\"auto, (max-width: 550px) 100vw, 550px\" \/><\/a><\/p>\n<p>Wer war Joachim Jungius noch gleich? Der 1587 in L\u00fcbeck geborene Gelehrte war fast drei\u00dfig Jahre lang, von 1629 bis zu seinem Tod 1657, Rektor des Akademischen Gymnasiums in Hamburg. In dieser Zeit durchliefen sehr viele junge Menschen diese Schule und Jungius\u2019 Unterricht. Manche von ihnen wurden sp\u00e4ter selbst wissenschaftlich t\u00e4tig (<a title=\"https:\/\/blog.sub.uni-hamburg.de\/?p=12979\" href=\"https:\/\/blog.sub.uni-hamburg.de\/?p=12979\">https:\/\/blog.sub.uni-hamburg.de\/?p=12979<\/a>) und entdeckten z.\u00a0B. Kometen, von anderen wei\u00df man fast gar nichts (<a title=\"https:\/\/blog.sub.uni-hamburg.de\/?p=13628\" href=\"https:\/\/blog.sub.uni-hamburg.de\/?p=13628\">https:\/\/blog.sub.uni-hamburg.de\/?p=13628<\/a>).<\/p>\n<p>Eine (bisher noch zu wenig) umstrittene Forschungsfrage ist, ob in Jungius\u2019 hinterlassenen \u00fcber 40000 Zetteln in der Stabi noch etwas Neues zu entdecken ist. Einen Einblick und eine Art \u00dcbersicht dar\u00fcber haben wir in der Ausstellung der Doktor und sein Zettelkasten (<a title=\"https:\/\/blog.sub.uni-hamburg.de\/?p=8736\" href=\"https:\/\/blog.sub.uni-hamburg.de\/?p=8736\">https:\/\/blog.sub.uni-hamburg.de\/?p=8736<\/a>) gegeben. Also, was glauben Sie: Gibt es noch Neues von Jungius zu lernen?<\/p>\n<p>\u201eNein\u201c? \u2013 Sie stimmen mit zweien der gr\u00f6\u00dften Jungius-Kenner, Emil Wohlwill (1835\u20131912) und Christoph Meinel, \u00fcberein. Jungius hatte einigen seiner Sch\u00fcler, allen voran Martin Vogelius (1634\u20131675) und Johannes Vagetius (1633\u20131691), aufgetragen, aus seinem Nachlass \u201eWerke\u201c zu ver\u00f6ffentlichen. Sie m\u00fcssen doch am besten gewusst haben, was sich dazu eignet! Aber Vagetius brachte zum Schluss schon einfache Zettelsammlungen unter den Titeln \u201eMineralia\u201c und \u201eGermania Superior\u201c heraus. Weil sich nichts Passendes mehr fand?<\/p>\n<p>\u201eJa\u201c? \u2013 Sie haben wahrscheinlich meinen Vortrag geh\u00f6rt, den ich auf Einladung des Vereins der Freunde und F\u00f6rderer des Fachbereichs Physik an der Universit\u00e4t Hamburg gehalten habe. Was spricht daf\u00fcr? 1. Vagetius und Vogelius selbst haben weitere Werke zur Ver\u00f6ffentlichung vorgeschlagen, zu denen sie selbst sich nicht berufen f\u00fchlten. 2. Jungius hatte weitere Vorarbeiten an andere Sch\u00fcler gegeben, so z.\u00a0B. seine Bewegungslehre an Heinrich Siver (1626\u20131692). 3. Einige Themen von Jungius sind kaum oder von bisher nicht beachteten Kollegen bearbeitet worden, so die Kometen vielleicht von Stanislaus Lubiniezky (1623\u20131675).<\/p>\n<p>Zu den nie ver\u00f6ffentlichten Werken von Jungius geh\u00f6ren:<\/p>\n<ul>\n<li>Exercitationes Physicae (\u201ePhysikalische \u00dcbungen\u201c)<\/li>\n<li>Praelectiones de anima (\u201eVorlesungen \u00fcber die Psyche\u201c)<\/li>\n<li>Disputationes Ethicae (\u201eStreitgespr\u00e4che zur Ethik\u201c) (s. Abb.)<\/li>\n<li>Theses Physicae Iacchaeo et Burgersdicio et aliis oppositae (\u201eGegen Jack, Burgersdijk und andere gerichtete physikalische Thesen\u201c)<\/li>\n<\/ul>\n<p>Kurzum: Es gibt noch Einiges zu entdecken; die Digitalisierung des Nachlasses in der Stabi weiter zu verfolgen lohnt sich.<\/p>\n","protected":false},"excerpt":{"rendered":"<p>Wer war Joachim Jungius noch gleich? Der 1587 in L\u00fcbeck geborene Gelehrte war fast drei\u00dfig Jahre lang, von 1629 bis zu seinem Tod 1657, Rektor des Akademischen Gymnasiums in Hamburg. In dieser Zeit durchliefen sehr viele junge Menschen diese Schule und Jungius\u2019 Unterricht. Manche von ihnen wurden sp\u00e4ter selbst wissenschaftlich t\u00e4tig (https:\/\/blog.sub.uni-hamburg.de\/?p=12979) und entdeckten z.\u00a0B. [&hellip;]<\/p>\n","protected":false},"author":5,"featured_media":0,"comment_status":"open","ping_status":"open","sticky":false,"template":"","format":"standard","meta":{"jetpack_post_was_ever_published":false,"_jetpack_newsletter_access":"","_jetpack_dont_email_post_to_subs":false,"_jetpack_newsletter_tier_id":0,"_jetpack_memberships_contains_paywalled_content":false,"_jetpack_memberships_contains_paid_content":false,"footnotes":"","jetpack_publicize_message":"","jetpack_publicize_feature_enabled":true,"jetpack_social_post_already_shared":false,"jetpack_social_options":{"image_generator_settings":{"template":"highway","default_image_id":0,"font":"","enabled":false},"version":2}},"categories":[1,17],"tags":[29],"class_list":["post-13776","post","type-post","status-publish","format-standard","hentry","category-1","category-hamburg","tag-hamburg-2"],"views":9027,"jetpack_publicize_connections":[],"jetpack_featured_media_url":"","jetpack_shortlink":"https:\/\/wp.me\/p7hfNR-3Ac","jetpack-related-posts":[{"id":19300,"url":"https:\/\/blog.sub.uni-hamburg.de\/?p=19300","url_meta":{"origin":13776,"position":0},"title":"Forschungsdaten aus dem 17. Jahrhundert jetzt im Netz &#8211; Nachlass Jungius","author":"MG","date":"06-01-16","format":false,"excerpt":"Staatsbibliothek hat den Nachlass des\u00a0 Hamburger Gelehrten Joachim Jungius digitalisiert Die Staats- und Universit\u00e4tsbibliothek Hamburg hat den Nachlass von Joachim Jungius (1587\u20131657) komplett digitalisiert. Die Sammlung von fast 50.000 Zetteln spiegelt einen typischen Gelehrtenalltag des fr\u00fchen 17. Jahrhunderts wider. Sie ist ab sofort online durchsuch- und direkt einsehbar. Das wissenschaftlich\u2026","rel":"","context":"In &quot;Open Access&quot;","block_context":{"text":"Open Access","link":"https:\/\/blog.sub.uni-hamburg.de\/?cat=20"},"img":{"alt_text":"Jungius' Selbstportrait","src":"https:\/\/i0.wp.com\/blog.sub.uni-hamburg.de\/wp-content\/uploads\/2016\/01\/12-jungius-njj_pe-detail_hq_klein-297x300.jpg?resize=350%2C200&ssl=1","width":350,"height":200},"classes":[]},{"id":8736,"url":"https:\/\/blog.sub.uni-hamburg.de\/?p=8736","url_meta":{"origin":13776,"position":1},"title":"Ausstellung Joachim Jungius: Der Zettelkasten des Doktors (6.9.-28.10.)","author":"Markus Trapp","date":"21-08-12","format":false,"excerpt":"Die Stabi pr\u00e4sentiert zum 425. Geburts- und 355. Todestag des gro\u00dfen Hamburger Gelehrten Joachim JungiusJoachim Jungius: geboren am 22. Oktober 1587, gestorben am 23. September 1657) eine Ausstellung aus seinem wissenschaftlichen Nachlass, der im Bestand der Bibliothek ist. Die Ausstellung steht im Zusammenhang mit dem von der DFG gef\u00f6rderten Projekt,\u2026","rel":"","context":"In &quot;Ausstellungen und Veranstaltungen&quot;","block_context":{"text":"Ausstellungen und Veranstaltungen","link":"https:\/\/blog.sub.uni-hamburg.de\/?cat=9"},"img":{"alt_text":"Jungius: Schemata Geometriae Empiricae - Zeichnungen zum Festungsbau","src":"https:\/\/i0.wp.com\/blog.sub.uni-hamburg.de\/wp-content\/uploads\/2012\/08\/jungius-festungsbau-zei.jpg?resize=350%2C200&ssl=1","width":350,"height":200,"srcset":"https:\/\/i0.wp.com\/blog.sub.uni-hamburg.de\/wp-content\/uploads\/2012\/08\/jungius-festungsbau-zei.jpg?resize=350%2C200&ssl=1 1x, https:\/\/i0.wp.com\/blog.sub.uni-hamburg.de\/wp-content\/uploads\/2012\/08\/jungius-festungsbau-zei.jpg?resize=525%2C300&ssl=1 1.5x"},"classes":[]},{"id":13415,"url":"https:\/\/blog.sub.uni-hamburg.de\/?p=13415","url_meta":{"origin":13776,"position":2},"title":"Wer war Joachim Jungius? (Kolloquiumsvortrag 30.1.)","author":"Markus Trapp","date":"17-12-13","format":false,"excerpt":"Wer war Joachim Jungius? Das war der mit dem Ausspruch \u00abDer Komet ist der Affe unter den Planeten\u00bb. Wir haben die Frage auch schon im Vorjahr in der Stabi-Ausstellung \u00abJoachim Jungius: Der Zettelkasten des Doktors\u00bb zu beantworten versucht. Die Frage ist gleichzeitig auch der Titel des Kolloquiumsvortrages unseres Kollegen Eike\u2026","rel":"","context":"In &quot;Ausstellungen und Veranstaltungen&quot;","block_context":{"text":"Ausstellungen und Veranstaltungen","link":"https:\/\/blog.sub.uni-hamburg.de\/?cat=9"},"img":{"alt_text":"","src":"https:\/\/i0.wp.com\/blog.sub.uni-hamburg.de\/wp-content\/uploads\/2013\/12\/jungius-botanica.jpg?resize=350%2C200&ssl=1","width":350,"height":200,"srcset":"https:\/\/i0.wp.com\/blog.sub.uni-hamburg.de\/wp-content\/uploads\/2013\/12\/jungius-botanica.jpg?resize=350%2C200&ssl=1 1x, https:\/\/i0.wp.com\/blog.sub.uni-hamburg.de\/wp-content\/uploads\/2013\/12\/jungius-botanica.jpg?resize=525%2C300&ssl=1 1.5x"},"classes":[]},{"id":13628,"url":"https:\/\/blog.sub.uni-hamburg.de\/?p=13628","url_meta":{"origin":13776,"position":3},"title":"Kleine Entdeckungen im Jungius-Nachlass","author":"Redaktion","date":"23-01-14","format":false,"excerpt":"Von Eike Harden Die \u201egro\u00dfen\u201c Entdeckungen erfordern neben Gl\u00fcck viel Forschungsaufwand, schon um sie abzusichern, \u201ekleine\u201c Entdeckungen sind mit Gl\u00fcck alleine zu haben. Joachim Jungius hat f\u00fcr seine eigenen Notizen oft altes Papier benutzt, das bereits (oft von anderen) beschrieben war. Diese \u201eMakulaturen\u201c sind ein interessanter Mehrwert des laufenden Digitalisierungsprojekts,\u2026","rel":"","context":"In &quot;Sch\u00e4tze der Stabi&quot;","block_context":{"text":"Sch\u00e4tze der Stabi","link":"https:\/\/blog.sub.uni-hamburg.de\/?cat=13"},"img":{"alt_text":"","src":"https:\/\/i0.wp.com\/blog.sub.uni-hamburg.de\/wp-content\/uploads\/2014\/01\/westhoff-brief.jpg?resize=350%2C200&ssl=1","width":350,"height":200,"srcset":"https:\/\/i0.wp.com\/blog.sub.uni-hamburg.de\/wp-content\/uploads\/2014\/01\/westhoff-brief.jpg?resize=350%2C200&ssl=1 1x, https:\/\/i0.wp.com\/blog.sub.uni-hamburg.de\/wp-content\/uploads\/2014\/01\/westhoff-brief.jpg?resize=525%2C300&ssl=1 1.5x"},"classes":[]},{"id":12979,"url":"https:\/\/blog.sub.uni-hamburg.de\/?p=12979","url_meta":{"origin":13776,"position":4},"title":"Jungius: \u201eDer Komet ist der Affe unter den Planeten\u201c","author":"Redaktion","date":"23-10-13","format":false,"excerpt":"Kometen \u00fcber der Alster im Theatrum Cometicum (1667) von Stanislaus Lubiniezky von Eike Harden Von etwa November bis Januar wird der Komet ISON am Himmel zu sehen sein \u2013 teilweise mit blo\u00dfem Auge! Das Hamburger Abendblatt versteigt sich sogar zu der Behauptung, der Komet \"Ison\" k\u00f6nnte zum Weihnachtsstern werden. Der\u2026","rel":"","context":"In &quot;Aktuelles&quot;","block_context":{"text":"Aktuelles","link":"https:\/\/blog.sub.uni-hamburg.de\/?cat=1"},"img":{"alt_text":"","src":"https:\/\/i0.wp.com\/blog.sub.uni-hamburg.de\/wp-content\/uploads\/2013\/10\/TheatrumCometicum3.jpg?resize=350%2C200&ssl=1","width":350,"height":200,"srcset":"https:\/\/i0.wp.com\/blog.sub.uni-hamburg.de\/wp-content\/uploads\/2013\/10\/TheatrumCometicum3.jpg?resize=350%2C200&ssl=1 1x, https:\/\/i0.wp.com\/blog.sub.uni-hamburg.de\/wp-content\/uploads\/2013\/10\/TheatrumCometicum3.jpg?resize=525%2C300&ssl=1 1.5x"},"classes":[]},{"id":9585,"url":"https:\/\/blog.sub.uni-hamburg.de\/?p=9585","url_meta":{"origin":13776,"position":5},"title":"Open Access an der Stabi III: Digitalisierungsaktivit\u00e4ten","author":"Isabella Meinecke","date":"26-10-12","format":false,"excerpt":"Immer mehr nicht-kommerzielle Einrichtungen und kleine Verlage engagieren sich daf\u00fcr, ihre bisherigen Ver\u00f6ffentlichungen im Dienste der Wissenschaft und Bildung frei im Internet zur Verf\u00fcgung zu stellen. Wissenschaftliche Bibliotheken engagieren sich hier seit mehreren Jahren vor allem im Bereich der urheberrechtsfreien Werke \u2013 aber auch in Kooperationen mit Verlagen. Sie haben\u2026","rel":"","context":"In &quot;Aktuelles&quot;","block_context":{"text":"Aktuelles","link":"https:\/\/blog.sub.uni-hamburg.de\/?cat=1"},"img":{"alt_text":"","src":"https:\/\/i0.wp.com\/blog.sub.uni-hamburg.de\/wp-content\/uploads\/2012\/10\/120x2403.jpg?resize=350%2C200&ssl=1","width":350,"height":200},"classes":[]}],"jetpack_sharing_enabled":true,"_links":{"self":[{"href":"https:\/\/blog.sub.uni-hamburg.de\/index.php?rest_route=\/wp\/v2\/posts\/13776","targetHints":{"allow":["GET"]}}],"collection":[{"href":"https:\/\/blog.sub.uni-hamburg.de\/index.php?rest_route=\/wp\/v2\/posts"}],"about":[{"href":"https:\/\/blog.sub.uni-hamburg.de\/index.php?rest_route=\/wp\/v2\/types\/post"}],"author":[{"embeddable":true,"href":"https:\/\/blog.sub.uni-hamburg.de\/index.php?rest_route=\/wp\/v2\/users\/5"}],"replies":[{"embeddable":true,"href":"https:\/\/blog.sub.uni-hamburg.de\/index.php?rest_route=%2Fwp%2Fv2%2Fcomments&post=13776"}],"version-history":[{"count":9,"href":"https:\/\/blog.sub.uni-hamburg.de\/index.php?rest_route=\/wp\/v2\/posts\/13776\/revisions"}],"predecessor-version":[{"id":13789,"href":"https:\/\/blog.sub.uni-hamburg.de\/index.php?rest_route=\/wp\/v2\/posts\/13776\/revisions\/13789"}],"wp:attachment":[{"href":"https:\/\/blog.sub.uni-hamburg.de\/index.php?rest_route=%2Fwp%2Fv2%2Fmedia&parent=13776"}],"wp:term":[{"taxonomy":"category","embeddable":true,"href":"https:\/\/blog.sub.uni-hamburg.de\/index.php?rest_route=%2Fwp%2Fv2%2Fcategories&post=13776"},{"taxonomy":"post_tag","embeddable":true,"href":"https:\/\/blog.sub.uni-hamburg.de\/index.php?rest_route=%2Fwp%2Fv2%2Ftags&post=13776"}],"curies":[{"name":"wp","href":"https:\/\/api.w.org\/{rel}","templated":true}]}}