{"id":13510,"date":"2014-01-08T14:16:42","date_gmt":"2014-01-08T13:16:42","guid":{"rendered":"http:\/\/blog.sub.uni-hamburg.de\/?p=13510"},"modified":"2014-01-23T12:54:00","modified_gmt":"2014-01-23T11:54:00","slug":"vertiefungsangebot-social-media-fuer-die-recherche-22-1","status":"publish","type":"post","link":"https:\/\/blog.sub.uni-hamburg.de\/?p=13510","title":{"rendered":"Vertiefungsangebot Social Media f\u00fcr die Recherche (22.1.)"},"content":{"rendered":"<p>Zu den neuen Schulungsangeboten, die wir Ihnen bei unserer <a href=\"https:\/\/blog.sub.uni-hamburg.de\/?p=13242\">Help-Desk-Aktion<\/a> im Dezember im Foyer der Stabi vorgestellt haben, geh\u00f6rt auch das am Mittwoch, denn 22. Januar stattfindende Vertiefungsangebot<\/p>\n<p><strong>Social Media f\u00fcr die Recherche:<\/strong><\/p>\n<p><a href=\"https:\/\/twitter.com\/StabiHH\"><img loading=\"lazy\" decoding=\"async\" src=\"https:\/\/blog.sub.uni-hamburg.de\/wp-content\/uploads\/2014\/01\/soc-media.jpg\" alt=\"Vertiefungsangebot Social Media f\u00fcr die Recherche\" title=\"Vertiefungsangebot Social Media f\u00fcr die Recherche\" width=\"350\" height=\"265\" style=\"float: right; padding-right:0px; margin-left:25px; margin-bottom:25px;\" \/><\/a> Finden \u2013 Bewerten \u2013 Festhalten \u2013 Auf dem Laufenden bleiben: Sie erfahren, wie soziale Netzwerke in die pers\u00f6nliche Suche mit eingebunden werden k\u00f6nnen. Fachblogs, Social Bookmarking-Dienste, Slideshare etc. unterst\u00fctzen die wissenschaftliche Recherche im Internet und die individuelle Wissensorganisation. Via RSS oder pers\u00f6nliche Netzwerke (z.B. Twitter, Facebook) sind die aktuellsten Informationen schnell bei der Hand. Ein erster Schulungstermin steht schon fest: <strong>Mittwoch, 22. Januar 2014, von 16:15-17:45 im Vortragsraum der Stabi (1. Etage).<\/strong><\/p>\n<p>Wir freuen uns \u00fcber Ihre Teilnahme. Bitte melden Sie sich bei Interesse an. Dies ist der Link zur <a href=\"https:\/\/sub-hh.doodle.com\/wnktdegez2cdu2au\">Online-Anmeldung<\/a>.<\/p>\n","protected":false},"excerpt":{"rendered":"<p>Zu den neuen Schulungsangeboten, die wir Ihnen bei unserer Help-Desk-Aktion im Dezember im Foyer der Stabi vorgestellt haben, geh\u00f6rt auch das am Mittwoch, denn 22. Januar stattfindende Vertiefungsangebot Social Media f\u00fcr die Recherche: Finden \u2013 Bewerten \u2013 Festhalten \u2013 Auf dem Laufenden bleiben: Sie erfahren, wie soziale Netzwerke in die pers\u00f6nliche Suche mit eingebunden werden [&hellip;]<\/p>\n","protected":false},"author":19,"featured_media":0,"comment_status":"open","ping_status":"open","sticky":false,"template":"","format":"standard","meta":{"jetpack_post_was_ever_published":false,"_jetpack_newsletter_access":"","_jetpack_dont_email_post_to_subs":false,"_jetpack_newsletter_tier_id":0,"_jetpack_memberships_contains_paywalled_content":false,"_jetpack_memberships_contains_paid_content":false,"footnotes":"","jetpack_publicize_message":"","jetpack_publicize_feature_enabled":true,"jetpack_social_post_already_shared":false,"jetpack_social_options":{"image_generator_settings":{"template":"highway","default_image_id":0,"font":"","enabled":false},"version":2}},"categories":[9],"tags":[],"class_list":["post-13510","post","type-post","status-publish","format-standard","hentry","category-ausstellungen"],"views":4148,"jetpack_publicize_connections":[],"jetpack_featured_media_url":"","jetpack_shortlink":"https:\/\/wp.me\/p7hfNR-3vU","jetpack-related-posts":[{"id":17713,"url":"https:\/\/blog.sub.uni-hamburg.de\/?p=17713","url_meta":{"origin":13510,"position":0},"title":"Social Media f\u00fcr die Recherche (19.5.)","author":"Markus Trapp","date":"04-05-15","format":false,"excerpt":"Im Mai findet f\u00fcr Angeh\u00f6rige der Universit\u00e4t Hamburg wieder die Veranstaltung \u00abSocial Media f\u00fcr die Recherche\u00bb statt. Was zeigen wir in diesem Vertiefungsangebot der Stabi? Finden \u2013 Bewerten \u2013 Festhalten \u2013 Auf dem Laufenden bleiben: Sie erfahren, wie soziale Netzwerke in die pers\u00f6nliche Suche mit eingebunden werden k\u00f6nnen. Fachblogs, Social\u2026","rel":"","context":"In &quot;Ausstellungen und Veranstaltungen&quot;","block_context":{"text":"Ausstellungen und Veranstaltungen","link":"https:\/\/blog.sub.uni-hamburg.de\/?cat=9"},"img":{"alt_text":"","src":"https:\/\/i0.wp.com\/blog.sub.uni-hamburg.de\/wp-content\/uploads\/2015\/05\/socmedrecherche.jpg?resize=350%2C200&ssl=1","width":350,"height":200,"srcset":"https:\/\/i0.wp.com\/blog.sub.uni-hamburg.de\/wp-content\/uploads\/2015\/05\/socmedrecherche.jpg?resize=350%2C200&ssl=1 1x, https:\/\/i0.wp.com\/blog.sub.uni-hamburg.de\/wp-content\/uploads\/2015\/05\/socmedrecherche.jpg?resize=525%2C300&ssl=1 1.5x"},"classes":[]},{"id":18965,"url":"https:\/\/blog.sub.uni-hamburg.de\/?p=18965","url_meta":{"origin":13510,"position":1},"title":"Social Media f\u00fcr die Recherche (26.11.)","author":"Markus Trapp","date":"10-11-15","format":false,"excerpt":"F\u00fcr\u00a0Angeh\u00f6rige der Universit\u00e4t Hamburg findet auch diesen Monat wieder die Veranstaltung \u00abSocial Media f\u00fcr die Recherche\u00bb statt. Was zeigen wir in diesem Vertiefungsangebot der Stabi? Finden \u2013 Bewerten \u2013 Festhalten \u2013 Auf dem Laufenden bleiben: Sie erfahren, wie soziale Netzwerke in die pers\u00f6nliche Suche mit eingebunden werden k\u00f6nnen. Fachblogs, Social\u2026","rel":"","context":"In &quot;Ausstellungen und Veranstaltungen&quot;","block_context":{"text":"Ausstellungen und Veranstaltungen","link":"https:\/\/blog.sub.uni-hamburg.de\/?cat=9"},"img":{"alt_text":"","src":"https:\/\/i0.wp.com\/blog.sub.uni-hamburg.de\/wp-content\/uploads\/2015\/11\/socmed-recherche-11-2015.jpg?resize=350%2C200&ssl=1","width":350,"height":200,"srcset":"https:\/\/i0.wp.com\/blog.sub.uni-hamburg.de\/wp-content\/uploads\/2015\/11\/socmed-recherche-11-2015.jpg?resize=350%2C200&ssl=1 1x, https:\/\/i0.wp.com\/blog.sub.uni-hamburg.de\/wp-content\/uploads\/2015\/11\/socmed-recherche-11-2015.jpg?resize=525%2C300&ssl=1 1.5x"},"classes":[]},{"id":19863,"url":"https:\/\/blog.sub.uni-hamburg.de\/?p=19863","url_meta":{"origin":13510,"position":2},"title":"Social Media f\u00fcr die Recherche (14.4.)","author":"Markus Trapp","date":"02-04-16","format":false,"excerpt":"Finden \u2013 Bewerten \u2013 Festhalten \u2013 Auf dem Laufenden bleiben. F\u00fcr Angeh\u00f6rige der Universit\u00e4t Hamburg findet auch diesen Monat wieder die Veranstaltung \u00abSocial Media f\u00fcr die Recherche\u00bb statt. Was zeigen wir in diesem Vertiefungsangebot der Stabi? Sie erfahren, wie soziale Netzwerke in die pers\u00f6nliche Suche mit eingebunden werden k\u00f6nnen. Fachblogs,\u2026","rel":"","context":"In &quot;Aktuelles&quot;","block_context":{"text":"Aktuelles","link":"https:\/\/blog.sub.uni-hamburg.de\/?cat=1"},"img":{"alt_text":"","src":"https:\/\/i0.wp.com\/blog.sub.uni-hamburg.de\/wp-content\/uploads\/2016\/04\/socmed-recherche-450.jpg?resize=350%2C200&ssl=1","width":350,"height":200},"classes":[]},{"id":13242,"url":"https:\/\/blog.sub.uni-hamburg.de\/?p=13242","url_meta":{"origin":13510,"position":3},"title":"Help-Desk im Foyer (4.12.)","author":"Markus Trapp","date":"03-12-13","format":false,"excerpt":"Am Mittwoch, den 4. Dezember 2013 bieten wir im Foyer der Stabi f\u00fcr Angeh\u00f6rige der Universit\u00e4t Hamburg ein Help-Desk an. Kolleginnen und Kollegen der Stabi stellen von 13 - 17 Uhr die verschiedenen Schulungen vor, die sie ab Januar 2014 anbieten. Kommen Sie doch am Mittwoch-Nachmittag einfach mal vorbei und\u2026","rel":"","context":"In &quot;Aktuelles&quot;","block_context":{"text":"Aktuelles","link":"https:\/\/blog.sub.uni-hamburg.de\/?cat=1"},"img":{"alt_text":"","src":"https:\/\/i0.wp.com\/blog.sub.uni-hamburg.de\/wp-content\/uploads\/2013\/11\/wordle-Recheche2-0.jpg?resize=350%2C200&ssl=1","width":350,"height":200},"classes":[]},{"id":1020,"url":"https:\/\/blog.sub.uni-hamburg.de\/?p=1020","url_meta":{"origin":13510,"position":4},"title":"Social Media f\u00fcr die Recherche (11.6.)","author":"Markus Trapp","date":"02-06-14","format":false,"excerpt":"Ist Social Media nicht blo\u00df ein unterhaltsamer Zeitvertreib? Sind Blogs, Facebook und Twitter nicht nur zum Vernetzen mit Kommilitonen, Kollegen und Freunden da? Oder kann man Soziale Netzwerke etwa auch zur wissenschaftlichen Arbeit nutzen? Was bringt mir Social Media bei der Recherche in Studium und Wissenschaft, und wie stelle ich\u2026","rel":"","context":"In &quot;Ausstellungen und Veranstaltungen&quot;","block_context":{"text":"Ausstellungen und Veranstaltungen","link":"https:\/\/blog.sub.uni-hamburg.de\/?cat=9"},"img":{"alt_text":"Auch die Stabi ist in Social media unterwegs - Screenshot unseres Twitterkanals @StabiHH","src":"https:\/\/i0.wp.com\/blog.sub.uni-hamburg.de\/wp-content\/uploads\/2014\/06\/stabitwitter062014.jpg?resize=350%2C200&ssl=1","width":350,"height":200,"srcset":"https:\/\/i0.wp.com\/blog.sub.uni-hamburg.de\/wp-content\/uploads\/2014\/06\/stabitwitter062014.jpg?resize=350%2C200&ssl=1 1x, https:\/\/i0.wp.com\/blog.sub.uni-hamburg.de\/wp-content\/uploads\/2014\/06\/stabitwitter062014.jpg?resize=525%2C300&ssl=1 1.5x"},"classes":[]},{"id":13497,"url":"https:\/\/blog.sub.uni-hamburg.de\/?p=13497","url_meta":{"origin":13510,"position":5},"title":"Vertiefungsangebot wissenschaftliches Publizieren (15.1.)","author":"Markus Trapp","date":"08-01-14","format":false,"excerpt":"Bei unserer Help-Desk-Aktion im Dezember haben wir Ihnen ja die neuen Schulungsangebote im Foyer der Stabi vorgestellt, die wir ab sofort anbieten. Den Auftakt macht am 15. Januar das Vertiefungsangebot Strategien wissenschaftlichen Publizierens: Die Ver\u00f6ffentlichung wissenschaftlicher Ergebnisse ist wesentlicher Bestandteil akademischer T\u00e4tigkeit und essenziell f\u00fcr die eigene Karriere. Motivation, Zielbestimmung\u2026","rel":"","context":"In &quot;Ausstellungen und Veranstaltungen&quot;","block_context":{"text":"Ausstellungen und Veranstaltungen","link":"https:\/\/blog.sub.uni-hamburg.de\/?cat=9"},"img":{"alt_text":"Strategien wissenschaftlichen Publizierens","src":"https:\/\/i0.wp.com\/blog.sub.uni-hamburg.de\/wp-content\/uploads\/2014\/01\/elektron-publ.jpg?resize=350%2C200&ssl=1","width":350,"height":200},"classes":[]}],"jetpack_sharing_enabled":true,"_links":{"self":[{"href":"https:\/\/blog.sub.uni-hamburg.de\/index.php?rest_route=\/wp\/v2\/posts\/13510","targetHints":{"allow":["GET"]}}],"collection":[{"href":"https:\/\/blog.sub.uni-hamburg.de\/index.php?rest_route=\/wp\/v2\/posts"}],"about":[{"href":"https:\/\/blog.sub.uni-hamburg.de\/index.php?rest_route=\/wp\/v2\/types\/post"}],"author":[{"embeddable":true,"href":"https:\/\/blog.sub.uni-hamburg.de\/index.php?rest_route=\/wp\/v2\/users\/19"}],"replies":[{"embeddable":true,"href":"https:\/\/blog.sub.uni-hamburg.de\/index.php?rest_route=%2Fwp%2Fv2%2Fcomments&post=13510"}],"version-history":[{"count":2,"href":"https:\/\/blog.sub.uni-hamburg.de\/index.php?rest_route=\/wp\/v2\/posts\/13510\/revisions"}],"predecessor-version":[{"id":13513,"href":"https:\/\/blog.sub.uni-hamburg.de\/index.php?rest_route=\/wp\/v2\/posts\/13510\/revisions\/13513"}],"wp:attachment":[{"href":"https:\/\/blog.sub.uni-hamburg.de\/index.php?rest_route=%2Fwp%2Fv2%2Fmedia&parent=13510"}],"wp:term":[{"taxonomy":"category","embeddable":true,"href":"https:\/\/blog.sub.uni-hamburg.de\/index.php?rest_route=%2Fwp%2Fv2%2Fcategories&post=13510"},{"taxonomy":"post_tag","embeddable":true,"href":"https:\/\/blog.sub.uni-hamburg.de\/index.php?rest_route=%2Fwp%2Fv2%2Ftags&post=13510"}],"curies":[{"name":"wp","href":"https:\/\/api.w.org\/{rel}","templated":true}]}}