{"id":13484,"date":"2014-01-08T09:35:49","date_gmt":"2014-01-08T08:35:49","guid":{"rendered":"http:\/\/blog.sub.uni-hamburg.de\/?p=13484"},"modified":"2014-02-05T11:18:32","modified_gmt":"2014-02-05T10:18:32","slug":"ringvorlesung-mesoamerika-von-berggoettern-und-genmais-23-1","status":"publish","type":"post","link":"https:\/\/blog.sub.uni-hamburg.de\/?p=13484","title":{"rendered":"Ringvorlesung Mesoamerika \u2013 Von Bergg\u00f6ttern und Genmais (23.1.)"},"content":{"rendered":"<p><strong><a href=\"http:\/\/uni-hamburg.academia.edu\/LarsFruehsorge\">Dr. Lars Fr\u00fchsorge<\/a> (Universit\u00e4t Hamburg):<br \/>\nVon Bergg\u00f6ttern und Genmais &#8211; Indigene Lebenswelten heute<\/strong><\/p>\n<p><a href=\"https:\/\/blog.sub.uni-hamburg.de\/wp-content\/uploads\/2014\/01\/14-Meso-Fruehsorge-1c.jpg\"><img loading=\"lazy\" decoding=\"async\" src=\"https:\/\/blog.sub.uni-hamburg.de\/wp-content\/uploads\/2014\/01\/14-Meso-Fruehsorge-1c.jpg\" alt=\"Ringvorlesung Mesoamerika \u2013 Von Bergg\u00f6ttern und Genmais\" title=\"Ringvorlesung Mesoamerika \u2013 Von Bergg\u00f6ttern und Genmais\"  width=\"550\" height=\"413\" style=\"float: none;\" \/><\/a><\/p>\n<p>Update \u2013 Vortrag zum Nachschauen auf <a href=\"http:\/\/lecture2go.uni-hamburg.de\/veranstaltungen\/-\/v\/15879\">Lecture2go<\/a>:<\/p>\n<p><iframe src='http:\/\/lecture2go.uni-hamburg.de\/liferay-jedi-theme\/javascript\/strobe\/embed.html?src=http:\/\/fms.rrz.uni-hamburg.de\/vod\/_definst_\/mp4:7l2gl2go039\/avws1321_fruehsorge_2014-01-23_18-15.mp4\/manifest.f4m&#038;poster=http:\/\/lecture2go.uni-hamburg.de\/images\/avws1321_fruehsorge_2014-01-23_18-15.jpg' class='strobemediaplayback-video-player' type='text\/html' width='600' height='300'> <\/iframe><\/p>\n<p>Die Kontinuit\u00e4t indianischer Kulturen nach Ankunft der Europ\u00e4er ist eines der zentralen Themen der Mesoamerikanistik. So hat sich etwa der alte Ritualkalender in einigen entlegenen Gemeinden bis heute erhalten. Allerdings wurden auch Wissensbest\u00e4nde aus Europa \u00fcbernommen, wie etwa die Vermischung christlicher und vorchristlicher Elemente im Weltbild vieler indigener Gemeinden beweist. Diese Gratwanderung zwischen dem Erhalt von Traditionen und der Anpassung an unsere globalisierte Welt offenbart sich auch in anderen Bereichen wie der Arbeitsmigration in die USA, der \u00d6ffnung f\u00fcr den Tourismus oder der Auseinandersetzung mit transnationalen Konzernen. In den letzten Jahren ist eine regelrechte Renaissance der vorspanischen Kulturen zu beobachten. Indigene Intellektuelle setzen sich verst\u00e4rkt mit ihren kulturellen Wurzeln auseinander. Sie fordern eine Teilhabe an der Verwaltung der Ruinenst\u00e4tten ihrer Ahnen und eine Ber\u00fccksichtigung ihrer Perspektiven in der wissenschaftlichen Geschichtsschreibung. Diese neuen Anspr\u00fcche stellen gleicherma\u00dfen eine Herausforderung und eine Chance dar, die die Mesoamerikanistik revolutionieren k\u00f6nnte.<\/p>\n<p><!--more--><\/p>\n<p><a href=\"https:\/\/blog.sub.uni-hamburg.de\/wp-content\/uploads\/2014\/01\/14-Mesos-Fruehsorge-12-2.jpg\"><img loading=\"lazy\" decoding=\"async\" src=\"https:\/\/blog.sub.uni-hamburg.de\/wp-content\/uploads\/2014\/01\/14-Mesos-Fruehsorge-12-2.jpg\" alt=\"Ringvorlesung Mesoamerika \u2013 Von Bergg\u00f6ttern und Genmais\" title=\"Ringvorlesung Mesoamerika \u2013 Von Bergg\u00f6ttern und Genmais\" width=\"550\" height=\"367\" style=\"float: none;\" \/><\/a><\/p>\n<p>Eine Veranstaltung der <a href=\"http:\/\/www.mesoamerika-gesellschaft.de\/\">Mesoamerika-Gesellschaft Hamburg<\/a> in Zusammenarbeit mit der Staats- und Universit\u00e4tsbibliothek Hamburg und der <a href=\"http:\/\/www.sub.uni-hamburg.de\/bibliotheken\/sammlungen\/linga-bibliothek.html\">Linga-Bibliothek<\/a> f\u00fcr Lateinamerika-Forschung im Rahmen der Ringvorlesung \u00ab<a href=\"http:\/\/www.aww.uni-hamburg.de\/Mesoamerikanistik.html\">Indigene Kulturen im Spiegel von Arch\u00e4ologie, Geschichte und Ethnographie<\/a>\u00bb (Oktober 2013 \u2013 Februar 2014):<\/p>\n<blockquote><p>Diese Vorlesungsreihe, die sich auch ausdr\u00fccklich an eine breite \u00d6ffentlichkeit ohne Vorkenntnisse richtet, wird einen thematischen Bogen von der voreurop\u00e4ischen Zeit \u00fcber die spanische Eroberung und die Kolonialzeit bis hin zu den heutigen Erben jener alten Zivilisationen spannen. Anhand von arch\u00e4ologischen Befunden, Schriftquellen, Zeugnissen materieller und geistiger Kultur und ethnographischen Beobachtungen werden die Entwicklungen und Ver\u00e4nderungen in diesem Kulturraum nachvollziehbar. Es wird sowohl einf\u00fchrendes Wissen \u00fcber die jeweiligen Themen vermittelt als auch Einblicke in aktuelle Forschungsprojekte gegeben.<\/p><\/blockquote>\n<p><strong>Donnerstag, 23. Januar 2014, 18.15 Uhr<br \/>\nOrt: Vortragsraum, 1. Etage, Eintritt frei.<\/strong><\/p>\n","protected":false},"excerpt":{"rendered":"<p>Dr. Lars Fr\u00fchsorge (Universit\u00e4t Hamburg): Von Bergg\u00f6ttern und Genmais &#8211; Indigene Lebenswelten heute Update \u2013 Vortrag zum Nachschauen auf Lecture2go: Die Kontinuit\u00e4t indianischer Kulturen nach Ankunft der Europ\u00e4er ist eines der zentralen Themen der Mesoamerikanistik. So hat sich etwa der alte Ritualkalender in einigen entlegenen Gemeinden bis heute erhalten. Allerdings wurden auch Wissensbest\u00e4nde aus Europa [&hellip;]<\/p>\n","protected":false},"author":19,"featured_media":0,"comment_status":"open","ping_status":"open","sticky":false,"template":"","format":"standard","meta":{"jetpack_post_was_ever_published":false,"_jetpack_newsletter_access":"","_jetpack_dont_email_post_to_subs":false,"_jetpack_newsletter_tier_id":0,"_jetpack_memberships_contains_paywalled_content":false,"_jetpack_memberships_contains_paid_content":false,"footnotes":"","jetpack_publicize_message":"","jetpack_publicize_feature_enabled":true,"jetpack_social_post_already_shared":false,"jetpack_social_options":{"image_generator_settings":{"template":"highway","default_image_id":0,"font":"","enabled":false},"version":2}},"categories":[9],"tags":[],"class_list":["post-13484","post","type-post","status-publish","format-standard","hentry","category-ausstellungen"],"views":4449,"jetpack_publicize_connections":[],"jetpack_featured_media_url":"","jetpack_shortlink":"https:\/\/wp.me\/p7hfNR-3vu","jetpack-related-posts":[{"id":11943,"url":"https:\/\/blog.sub.uni-hamburg.de\/?p=11943","url_meta":{"origin":13484,"position":0},"title":"Hamburger Klopstock-Ausgabe: Geistliche Lieder","author":"Markus Trapp","date":"27-05-13","format":false,"excerpt":"Seit 1962 wird an der Staats- und Universit\u00e4tsbibliothek Hamburg die Hamburger Klopstock-Ausgabe erarbeitet, die im Verlag Walter de Gruyter erscheint. Der neue, im Mai herausgekommene Apparat-Band zu den \u201eGeistlichen Liedern\u201c erg\u00e4nzt nun den bereits 2010 vorgelegten Textband. Klopstock betrachtete die Dichtung geistlicher Lieder (neben der des \u201eMessias\u201c) als seinen zweiten\u2026","rel":"","context":"In &quot;Aktuelles&quot;","block_context":{"text":"Aktuelles","link":"https:\/\/blog.sub.uni-hamburg.de\/?cat=1"},"img":{"alt_text":"Hamburger Klopstock-Ausgabe Werke III 2. Geistliche Lieder: Apparat","src":"https:\/\/i0.wp.com\/blog.sub.uni-hamburg.de\/wp-content\/uploads\/2013\/05\/klopstock-BildWerkeIII2.jpg?resize=350%2C200&ssl=1","width":350,"height":200},"classes":[]},{"id":14956,"url":"https:\/\/blog.sub.uni-hamburg.de\/?p=14956","url_meta":{"origin":13484,"position":1},"title":"Neue Spurensuche im Bergedorf-Blog: Bergedorf 1914","author":"Markus Trapp","date":"10-06-14","format":false,"excerpt":"Erinnern Sie sich noch an das Bergedorf-Blog, das wir Ihnen zu seinem Start im Vorjahr vorgestellt haben? Die \u00abHistorischen Betrachtungen anhand von Quellen der SUB Hamburg\u00bb erfreuen sich nicht nur bei Bergedorfern gro\u00dfer Beliebtheit. Auf NDR 90,3 wurde das Blog damals mit den Worten pr\u00e4sentiert: \"Mit uralten Photos, Karten und\u2026","rel":"","context":"In &quot;E-Medien&quot;","block_context":{"text":"E-Medien","link":"https:\/\/blog.sub.uni-hamburg.de\/?cat=11"},"img":{"alt_text":"","src":"https:\/\/i0.wp.com\/blog.sub.uni-hamburg.de\/wp-content\/uploads\/2014\/06\/bergedorf1914.jpg?resize=350%2C200&ssl=1","width":350,"height":200},"classes":[]},{"id":14362,"url":"https:\/\/blog.sub.uni-hamburg.de\/?p=14362","url_meta":{"origin":13484,"position":2},"title":"Gottfried Benn Symposium (3.5.)","author":"Markus Trapp","date":"24-04-14","format":false,"excerpt":"Vor 100 Jahren schiffte sich der junge Mediziner Dr. Gottfried Benn in Hamburg f\u00fcr eine \u00dcberseepassage nach New York ein. Sp\u00e4ter war die Hansestadt Ort f\u00fcr Lesungen des Dichters und Zwischenstation f\u00fcr Besuche bei seiner Tochter Nele, die in Kopenhagen bei Pflegeeltern aufwuchs. Diesen pers\u00f6nlichen Beziehungen Benns zu Norddeutschland und\u2026","rel":"","context":"In &quot;Ausstellungen und Veranstaltungen&quot;","block_context":{"text":"Ausstellungen und Veranstaltungen","link":"https:\/\/blog.sub.uni-hamburg.de\/?cat=9"},"img":{"alt_text":"","src":"https:\/\/i0.wp.com\/blog.sub.uni-hamburg.de\/wp-content\/uploads\/2014\/04\/14-Benn-Mai.jpg?resize=350%2C200&ssl=1","width":350,"height":200},"classes":[]},{"id":40151,"url":"https:\/\/blog.sub.uni-hamburg.de\/?p=40151","url_meta":{"origin":13484,"position":3},"title":"Tagung: Gottfried-Benn Gesellschaft (2.5.)","author":"Markus Trapp","date":"23-04-25","format":false,"excerpt":"Freitag, 2. Mai, 18 Uhr, Vortragsraum. Die Jahrestagung der Gottfried-Benn Gesellschaft findet dieses Jahr in Hamburg statt und beginnt mit einer nachgestellten Lesung des Dichters vom Dezember 1954 durch den Schauspieler Charles Brauer. Begleitet wird die Lesung von Dr. Christiane Baur und Prof. Sigurd Brieler, der auch die wissenschaftliche Leitung\u2026","rel":"","context":"In &quot;Ausstellungen und Veranstaltungen&quot;","block_context":{"text":"Ausstellungen und Veranstaltungen","link":"https:\/\/blog.sub.uni-hamburg.de\/?cat=9"},"img":{"alt_text":"Gottfried Benn, Copyright: Sigurd Brieler","src":"https:\/\/i0.wp.com\/blog.sub.uni-hamburg.de\/wp-content\/uploads\/2025\/04\/Gottfried-Benn-Copyright-Sigurd-Brieler.jpg?resize=350%2C200&ssl=1","width":350,"height":200},"classes":[]},{"id":471,"url":"https:\/\/blog.sub.uni-hamburg.de\/?p=471","url_meta":{"origin":13484,"position":4},"title":"Ausstellung &#8220;Homosexuellen-Verfolgung&#8221;: F\u00fchrungen","author":"MG","date":"02-03-07","format":false,"excerpt":"Die Er\u00f6ffnung der Ausstellung \"Homosexuellen-Verfolgung in Hamburg\" am 1. M\u00e4rz hatte so viele G\u00e4ste, dass der Vortragssaal sie nicht alle fassen konnte - und die Medien haben breit berichtet. Aufgrund dieser enormen Resonanz bieten wir jetzt 3 F\u00fchrungen durch die Ausstellung im Informationszentrum der Stabi (1. Stock) an: So., 11.\u2026","rel":"","context":"In &quot;Ausstellungen und Veranstaltungen&quot;","block_context":{"text":"Ausstellungen und Veranstaltungen","link":"https:\/\/blog.sub.uni-hamburg.de\/?cat=9"},"img":{"alt_text":"","src":"","width":0,"height":0},"classes":[]},{"id":21676,"url":"https:\/\/blog.sub.uni-hamburg.de\/?p=21676","url_meta":{"origin":13484,"position":5},"title":"Historischer R\u00fcckblick im Bergedorf-Blog auch in 2017","author":"Markus Trapp","date":"05-12-16","format":false,"excerpt":"Gute Nachrichten f\u00fcr die Leserschaft des Bergedorf-Blogs. Staatsrat a.D. Bernd Reinert wird auch im kommenden Jahr das Blog mit seiner auf Nachrichten der Bergedorfer Zeitung gest\u00fctzten historischen R\u00fcckschau auf die Ereignisse in Bergedorf vor 100 Jahren fortsetzen. Das im Jahr 2013 eingerichtete Blog mit seinen historischen Betrachtungen anhand von Quellen\u2026","rel":"","context":"In &quot;Aktuelles&quot;","block_context":{"text":"Aktuelles","link":"https:\/\/blog.sub.uni-hamburg.de\/?cat=1"},"img":{"alt_text":"","src":"https:\/\/i0.wp.com\/blog.sub.uni-hamburg.de\/wp-content\/uploads\/2016\/12\/bergedorf1917.jpg?resize=350%2C200&ssl=1","width":350,"height":200,"srcset":"https:\/\/i0.wp.com\/blog.sub.uni-hamburg.de\/wp-content\/uploads\/2016\/12\/bergedorf1917.jpg?resize=350%2C200&ssl=1 1x, https:\/\/i0.wp.com\/blog.sub.uni-hamburg.de\/wp-content\/uploads\/2016\/12\/bergedorf1917.jpg?resize=525%2C300&ssl=1 1.5x"},"classes":[]}],"jetpack_sharing_enabled":true,"_links":{"self":[{"href":"https:\/\/blog.sub.uni-hamburg.de\/index.php?rest_route=\/wp\/v2\/posts\/13484","targetHints":{"allow":["GET"]}}],"collection":[{"href":"https:\/\/blog.sub.uni-hamburg.de\/index.php?rest_route=\/wp\/v2\/posts"}],"about":[{"href":"https:\/\/blog.sub.uni-hamburg.de\/index.php?rest_route=\/wp\/v2\/types\/post"}],"author":[{"embeddable":true,"href":"https:\/\/blog.sub.uni-hamburg.de\/index.php?rest_route=\/wp\/v2\/users\/19"}],"replies":[{"embeddable":true,"href":"https:\/\/blog.sub.uni-hamburg.de\/index.php?rest_route=%2Fwp%2Fv2%2Fcomments&post=13484"}],"version-history":[{"count":9,"href":"https:\/\/blog.sub.uni-hamburg.de\/index.php?rest_route=\/wp\/v2\/posts\/13484\/revisions"}],"predecessor-version":[{"id":13770,"href":"https:\/\/blog.sub.uni-hamburg.de\/index.php?rest_route=\/wp\/v2\/posts\/13484\/revisions\/13770"}],"wp:attachment":[{"href":"https:\/\/blog.sub.uni-hamburg.de\/index.php?rest_route=%2Fwp%2Fv2%2Fmedia&parent=13484"}],"wp:term":[{"taxonomy":"category","embeddable":true,"href":"https:\/\/blog.sub.uni-hamburg.de\/index.php?rest_route=%2Fwp%2Fv2%2Fcategories&post=13484"},{"taxonomy":"post_tag","embeddable":true,"href":"https:\/\/blog.sub.uni-hamburg.de\/index.php?rest_route=%2Fwp%2Fv2%2Ftags&post=13484"}],"curies":[{"name":"wp","href":"https:\/\/api.w.org\/{rel}","templated":true}]}}