{"id":13425,"date":"2013-12-18T10:29:16","date_gmt":"2013-12-18T09:29:16","guid":{"rendered":"http:\/\/blog.sub.uni-hamburg.de\/?p=13425"},"modified":"2014-01-14T13:27:38","modified_gmt":"2014-01-14T12:27:38","slug":"kulturelle-entwicklungen-in-mesoamerika-und-dem-andenraum-in-vorspanischer-zeit-9-1","status":"publish","type":"post","link":"https:\/\/blog.sub.uni-hamburg.de\/?p=13425","title":{"rendered":"Kulturelle Entwicklungen in Mesoamerika und dem Andenraum in vorspanischer Zeit (9.1.)"},"content":{"rendered":"<p><a href=\"https:\/\/blog.sub.uni-hamburg.de\/wp-content\/uploads\/2013\/12\/tiiwanaku-kallasasay-gr.jpg\"><img loading=\"lazy\" decoding=\"async\" src=\"https:\/\/blog.sub.uni-hamburg.de\/wp-content\/uploads\/2013\/12\/tiiwanaku-kallasasay.jpg\" alt=\"tiiwanaku-kallasasay\" width=\"550\" height=\"458\" style=\"float: none;\" \/><\/a><br \/>\n<cite>Die Kalasasaya (Aymara: kala = Stein; saya oder sayasta = stehend), der \u201ePlatz der stehenden Steine\u201c, ist der Zentralplatz der antiken Ruinenst\u00e4tte Tiahuanaco in Bolivien (Quelle: <a href=\"http:\/\/de.wikipedia.org\/wiki\/Kalasasaya\">Wikipedia<\/a>).<\/cite><\/p>\n<p><a href=\"http:\/\/www.ethnologie.uni-hamburg.de\/de\/personen\/sabine-lang.html\">Dr. Sabine Lang<\/a> (Universit\u00e4t Hamburg):<br \/>\n<strong>Kulturelle Entwicklungen in Mesoamerika und dem Andenraum in vorspanischer Zeit &#8211; ein Vergleich<\/strong> <\/p>\n<p>Zwischen der kulturellen Entwicklung in Mesoamerika und derjenigen im Andenraum in vorspanischer Zeit gibt es seit fr\u00fchester Zeit historische Parallelen, von denen die nahezu zeitgleiche Herausbildung und Zerst\u00f6rung der Azteken- und Inkareiche nur die j\u00fcngste Erscheinung sind. Vergleichbar sind etwa auch die Ph\u00e4nomene <a href=\"http:\/\/de.wikipedia.org\/wiki\/Wari-Kultur\">Wari<\/a>\/<a href=\"http:\/\/de.wikipedia.org\/wiki\/Tiahuanaco\">Tiwanaku<\/a> und <a href=\"http:\/\/de.wikipedia.org\/wiki\/Teotihuacan\">Teotihuac\u00e1n<\/a>, die sich jeweils in den ersten nachchristlichen Jahrhunderten entfaltet haben. Auch die Forschungsprobleme hinsichtlich beider Kulturr\u00e4ume \u00e4hneln sich. Zugleich existieren jedoch, bedingt unter anderem durch unterschiedliche \u00f6kologische Bedingungen in den beiden Regionen, betr\u00e4chtliche Unterschiede in einzelnen kulturellen Auspr\u00e4gungen. Diese Entwicklungen seit Besiedelung der Amerikas sind Gegenstand des vergleichenden Vortrags und werden anhand von Fallbeispielen vorgestellt.<br \/>\n<!--more--><br \/>\nSehen Sie hierzu auch den kurzen Video-Ausschnitt:<em> A Trip to Tiwanaku Bolivia &#8211; The Mystery of the Akapana Pyramid<\/em>:<br \/>\n<span class=\"embed-youtube\" style=\"text-align:center; display: block;\"><iframe loading=\"lazy\" class=\"youtube-player\" width=\"640\" height=\"360\" src=\"https:\/\/www.youtube.com\/embed\/6GEXx8cIujY?version=3&#038;rel=1&#038;showsearch=0&#038;showinfo=1&#038;iv_load_policy=1&#038;fs=1&#038;hl=de-DE-formal&#038;autohide=2&#038;wmode=transparent\" allowfullscreen=\"true\" style=\"border:0;\" sandbox=\"allow-scripts allow-same-origin allow-popups allow-presentation allow-popups-to-escape-sandbox\"><\/iframe><\/span><\/p>\n<p>Eine Veranstaltung der <a href=\"http:\/\/www.mesoamerika-gesellschaft.de\/\">Mesoamerika-Gesellschaft Hamburg<\/a> in Zusammenarbeit mit der Staats- und Universit\u00e4tsbibliothek Hamburg und der <a href=\"http:\/\/www.sub.uni-hamburg.de\/bibliotheken\/sammlungen\/linga-bibliothek.html\">Linga-Bibliothek<\/a> f\u00fcr Lateinamerika-Forschung im Rahmen der Ringvorlesung \u00ab<a href=\"http:\/\/www.aww.uni-hamburg.de\/Mesoamerikanistik.html\">Indigene Kulturen im Spiegel von Arch\u00e4ologie, Geschichte und Ethnographie<\/a>\u00bb (Oktober 2013 \u2013 Februar 2014):<br \/>\n<!--more--><\/p>\n<p><a href=\"https:\/\/blog.sub.uni-hamburg.de\/wp-content\/uploads\/2013\/12\/tiwanaku-akapana-gr.jpg\"><img loading=\"lazy\" decoding=\"async\" src=\"https:\/\/blog.sub.uni-hamburg.de\/wp-content\/uploads\/2013\/12\/tiwanaku-akapana.jpg\" alt=\"tiwanaku-akapana\" width=\"350\" height=\"252\" style=\"float: right; padding-right:0px; margin-left:25px;\" \/><\/a><\/p>\n<blockquote><p>Diese Vorlesungsreihe, die sich auch ausdr\u00fccklich an eine breite \u00d6ffentlichkeit ohne Vorkenntnisse richtet, wird einen thematischen Bogen von der voreurop\u00e4ischen Zeit \u00fcber die spanische Eroberung und die Kolonialzeit bis hin zu den heutigen Erben jener alten Zivilisationen spannen. Anhand von arch\u00e4ologischen Befunden, Schriftquellen, Zeugnissen materieller und geistiger Kultur und ethnographischen Beobachtungen werden die Entwicklungen und Ver\u00e4nderungen in diesem Kulturraum nachvollziehbar. Es wird sowohl einf\u00fchrendes Wissen \u00fcber die jeweiligen Themen vermittelt als auch Einblicke in aktuelle Forschungsprojekte gegeben.<\/p><\/blockquote>\n<p><strong>Donnerstag, 9. Januar 2014, 18.15 Uhr<br \/>\nOrt: Vortragsraum, 1. Etage, Eintritt frei.<\/strong><\/p>\n","protected":false},"excerpt":{"rendered":"<p>Die Kalasasaya (Aymara: kala = Stein; saya oder sayasta = stehend), der \u201ePlatz der stehenden Steine\u201c, ist der Zentralplatz der antiken Ruinenst\u00e4tte Tiahuanaco in Bolivien (Quelle: Wikipedia). Dr. Sabine Lang (Universit\u00e4t Hamburg): Kulturelle Entwicklungen in Mesoamerika und dem Andenraum in vorspanischer Zeit &#8211; ein Vergleich Zwischen der kulturellen Entwicklung in Mesoamerika und derjenigen im Andenraum [&hellip;]<\/p>\n","protected":false},"author":19,"featured_media":0,"comment_status":"open","ping_status":"open","sticky":false,"template":"","format":"standard","meta":{"jetpack_post_was_ever_published":false,"_jetpack_newsletter_access":"","_jetpack_dont_email_post_to_subs":false,"_jetpack_newsletter_tier_id":0,"_jetpack_memberships_contains_paywalled_content":false,"_jetpack_memberships_contains_paid_content":false,"footnotes":"","jetpack_publicize_message":"","jetpack_publicize_feature_enabled":true,"jetpack_social_post_already_shared":false,"jetpack_social_options":{"image_generator_settings":{"template":"highway","default_image_id":0,"font":"","enabled":false},"version":2}},"categories":[9],"tags":[],"class_list":["post-13425","post","type-post","status-publish","format-standard","hentry","category-ausstellungen"],"views":5004,"jetpack_publicize_connections":[],"jetpack_featured_media_url":"","jetpack_shortlink":"https:\/\/wp.me\/p7hfNR-3ux","jetpack-related-posts":[{"id":17529,"url":"https:\/\/blog.sub.uni-hamburg.de\/?p=17529","url_meta":{"origin":13425,"position":0},"title":"Besiedlung und Migration in Mesoamerika (7.5.)","author":"Markus Trapp","date":"20-04-15","format":false,"excerpt":"Prof. Dr. Viola K\u00f6nig (Berlin): Besiedlung und Migration in Mesoamerika \u2013 Mythos und Modell In Codexb\u00fcchern und Lienzos, die auf vorspanischen und fr\u00fchkolonialen Vorl\u00e4ufern und Quellen beruhen, finden sich zahlreiche und vielf\u00e4ltige Informationen \u00fcber Orte in Mesoamerika. Einige bezeichnen etwa mythische Orte der Herkunft oder Abstammung, wie den sagenhaften Ursprungsort\u2026","rel":"","context":"In &quot;Ausstellungen und Veranstaltungen&quot;","block_context":{"text":"Ausstellungen und Veranstaltungen","link":"https:\/\/blog.sub.uni-hamburg.de\/?cat=9"},"img":{"alt_text":"Darstellung von Chichmoztoc, entnommen der Historia Tolteca Chicimeca, Mitte 16. Jh. \u00a9 Biblioth\u00e8que Nationale de France, \u00a9 Bearbeitung C. Br\u00fcckner","src":"https:\/\/i0.wp.com\/blog.sub.uni-hamburg.de\/wp-content\/uploads\/2015\/04\/15-Mesos-Historia_Tolteca-k.jpg?resize=350%2C200&ssl=1","width":350,"height":200},"classes":[]},{"id":17926,"url":"https:\/\/blog.sub.uni-hamburg.de\/?p=17926","url_meta":{"origin":13425,"position":1},"title":"Entf\u00e4llt: Mesoamerika-Vorlesung: Monotheismus trifft Polytheismus (2.7.)","author":"Markus Trapp","date":"16-06-15","format":false,"excerpt":"Update 1.7.2015: Wie uns die Veranstalter soeben mitteilen, muss der Vortrag leider entfallen! Er soll zu gegebener Zeit nachgeholt werden. Dirk Tiemann, M.A.: Monotheismus trifft Polytheismus \u2013 Die aztekische Religion aus Sicht eines Christenmenschen des 16. Jahrhunderts Nach 1521 ist die bestehende Ordnung in Zentralmexiko zerst\u00f6rt, die etablierten Herrscher wurden\u2026","rel":"","context":"In &quot;Ausstellungen und Veranstaltungen&quot;","block_context":{"text":"Ausstellungen und Veranstaltungen","link":"https:\/\/blog.sub.uni-hamburg.de\/?cat=9"},"img":{"alt_text":"","src":"https:\/\/i0.wp.com\/blog.sub.uni-hamburg.de\/wp-content\/uploads\/2015\/06\/meso-072015.jpg?resize=350%2C200&ssl=1","width":350,"height":200,"srcset":"https:\/\/i0.wp.com\/blog.sub.uni-hamburg.de\/wp-content\/uploads\/2015\/06\/meso-072015.jpg?resize=350%2C200&ssl=1 1x, https:\/\/i0.wp.com\/blog.sub.uni-hamburg.de\/wp-content\/uploads\/2015\/06\/meso-072015.jpg?resize=525%2C300&ssl=1 1.5x"},"classes":[]},{"id":17376,"url":"https:\/\/blog.sub.uni-hamburg.de\/?p=17376","url_meta":{"origin":13425,"position":2},"title":"Indigene Christianisierung und Criollismo in Neuspanien (15.4.)","author":"Markus Trapp","date":"23-03-15","format":false,"excerpt":"Update: Der Vortrag wurde aufgezeichnet und kann auf Lecture2Go nachgeschaut werden (Dauer: 1 h 12 min.). Was wissen wir eigentlich \u00fcber Mesoamerika? Und woher stammt unser Wissen? Diesen Fragen geht die Mesoamerika-Gesellschaft bereits im vierten Semester in Folge im Rahmen ihrer in der Stabi gehaltenen Ringvorlesung \u00abDie Quellen des Wissens\u2026","rel":"","context":"In &quot;Ausstellungen und Veranstaltungen&quot;","block_context":{"text":"Ausstellungen und Veranstaltungen","link":"https:\/\/blog.sub.uni-hamburg.de\/?cat=9"},"img":{"alt_text":"Lienzo de Tlaxcala, Lam. III.: Taufe des Senats. Faksimile aus der \uf732. H\u00e4lfte des \uf731\uf738. Jahrhunderts, urspr\u00fcnglich ca. \uf731\uf735\uf735\uf730 - \uf731\uf735\uf736\uf734. Foto: C.Br\u00fcckner","src":"https:\/\/i0.wp.com\/blog.sub.uni-hamburg.de\/wp-content\/uploads\/2015\/03\/Mesos-Lienzo_de_Tlaxcal.jpg?resize=350%2C200&ssl=1","width":350,"height":200},"classes":[]},{"id":13484,"url":"https:\/\/blog.sub.uni-hamburg.de\/?p=13484","url_meta":{"origin":13425,"position":3},"title":"Ringvorlesung Mesoamerika \u2013 Von Bergg\u00f6ttern und Genmais (23.1.)","author":"Markus Trapp","date":"08-01-14","format":false,"excerpt":"Dr. Lars Fr\u00fchsorge (Universit\u00e4t Hamburg): Von Bergg\u00f6ttern und Genmais - Indigene Lebenswelten heute Update \u2013 Vortrag zum Nachschauen auf Lecture2go: Die Kontinuit\u00e4t indianischer Kulturen nach Ankunft der Europ\u00e4er ist eines der zentralen Themen der Mesoamerikanistik. So hat sich etwa der alte Ritualkalender in einigen entlegenen Gemeinden bis heute erhalten. Allerdings\u2026","rel":"","context":"In &quot;Ausstellungen und Veranstaltungen&quot;","block_context":{"text":"Ausstellungen und Veranstaltungen","link":"https:\/\/blog.sub.uni-hamburg.de\/?cat=9"},"img":{"alt_text":"","src":"https:\/\/i0.wp.com\/blog.sub.uni-hamburg.de\/wp-content\/uploads\/2014\/01\/14-Meso-Fruehsorge-1c.jpg?resize=350%2C200&ssl=1","width":350,"height":200,"srcset":"https:\/\/i0.wp.com\/blog.sub.uni-hamburg.de\/wp-content\/uploads\/2014\/01\/14-Meso-Fruehsorge-1c.jpg?resize=350%2C200&ssl=1 1x, https:\/\/i0.wp.com\/blog.sub.uni-hamburg.de\/wp-content\/uploads\/2014\/01\/14-Meso-Fruehsorge-1c.jpg?resize=525%2C300&ssl=1 1.5x"},"classes":[]},{"id":17738,"url":"https:\/\/blog.sub.uni-hamburg.de\/?p=17738","url_meta":{"origin":13425,"position":4},"title":"Auf den Spuren Eduard Selers (21.5.)","author":"Markus Trapp","date":"08-05-15","format":false,"excerpt":"Dr. Ulrich W\u00f6lfel (Bonn): Auf den Spuren Eduard Selers: Neue arch\u00e4ologische Forschungen zur Region Chacul\u00e1, Guatemala Im Jahre 1896 besuchten Eduard Seler und seine Frau Caecilie Seler-Sachs die Chacul\u00e1-Region im nordwestlichen Hochland Guatemalas. Hier f\u00fchrten sie Ausgrabungen in den St\u00e4tten sowie regionale Erkundungen durch. Anschlie\u00dfend nahezu vergessen, r\u00fcckt diese Gegend\u2026","rel":"","context":"In &quot;Ausstellungen und Veranstaltungen&quot;","block_context":{"text":"Ausstellungen und Veranstaltungen","link":"https:\/\/blog.sub.uni-hamburg.de\/?cat=9"},"img":{"alt_text":"","src":"https:\/\/i0.wp.com\/blog.sub.uni-hamburg.de\/wp-content\/uploads\/2015\/05\/eduardseler-film.jpg?resize=350%2C200&ssl=1","width":350,"height":200,"srcset":"https:\/\/i0.wp.com\/blog.sub.uni-hamburg.de\/wp-content\/uploads\/2015\/05\/eduardseler-film.jpg?resize=350%2C200&ssl=1 1x, https:\/\/i0.wp.com\/blog.sub.uni-hamburg.de\/wp-content\/uploads\/2015\/05\/eduardseler-film.jpg?resize=525%2C300&ssl=1 1.5x"},"classes":[]},{"id":17856,"url":"https:\/\/blog.sub.uni-hamburg.de\/?p=17856","url_meta":{"origin":13425,"position":5},"title":"Das Werden von Friedensstiftern in Guatemala (11.6.)","author":"Markus Trapp","date":"01-06-15","format":false,"excerpt":"Tamara Candela G\u00f3mez de la Torre, M.A. (M\u00fcnster): Das Werden von Friedensstiftern \u2013 Interview-Analysen von religi\u00f6sen Friedensakteuren in Guatemala Im aktuellen Diskurs der Medien und Wissenschaften steht im Allgemeinen zun\u00e4chst die Frage nach der Rolle und Instrumentalisierung von Religion in Kriegen und Konflikten. Das Dissertationsprojekt untersucht in diesem Rahmen die\u2026","rel":"","context":"In &quot;Ausstellungen und Veranstaltungen&quot;","block_context":{"text":"Ausstellungen und Veranstaltungen","link":"https:\/\/blog.sub.uni-hamburg.de\/?cat=9"},"img":{"alt_text":"","src":"https:\/\/i0.wp.com\/blog.sub.uni-hamburg.de\/wp-content\/uploads\/2015\/06\/guatemala-religion.jpg?resize=350%2C200&ssl=1","width":350,"height":200,"srcset":"https:\/\/i0.wp.com\/blog.sub.uni-hamburg.de\/wp-content\/uploads\/2015\/06\/guatemala-religion.jpg?resize=350%2C200&ssl=1 1x, https:\/\/i0.wp.com\/blog.sub.uni-hamburg.de\/wp-content\/uploads\/2015\/06\/guatemala-religion.jpg?resize=525%2C300&ssl=1 1.5x"},"classes":[]}],"jetpack_sharing_enabled":true,"_links":{"self":[{"href":"https:\/\/blog.sub.uni-hamburg.de\/index.php?rest_route=\/wp\/v2\/posts\/13425","targetHints":{"allow":["GET"]}}],"collection":[{"href":"https:\/\/blog.sub.uni-hamburg.de\/index.php?rest_route=\/wp\/v2\/posts"}],"about":[{"href":"https:\/\/blog.sub.uni-hamburg.de\/index.php?rest_route=\/wp\/v2\/types\/post"}],"author":[{"embeddable":true,"href":"https:\/\/blog.sub.uni-hamburg.de\/index.php?rest_route=\/wp\/v2\/users\/19"}],"replies":[{"embeddable":true,"href":"https:\/\/blog.sub.uni-hamburg.de\/index.php?rest_route=%2Fwp%2Fv2%2Fcomments&post=13425"}],"version-history":[{"count":5,"href":"https:\/\/blog.sub.uni-hamburg.de\/index.php?rest_route=\/wp\/v2\/posts\/13425\/revisions"}],"predecessor-version":[{"id":13434,"href":"https:\/\/blog.sub.uni-hamburg.de\/index.php?rest_route=\/wp\/v2\/posts\/13425\/revisions\/13434"}],"wp:attachment":[{"href":"https:\/\/blog.sub.uni-hamburg.de\/index.php?rest_route=%2Fwp%2Fv2%2Fmedia&parent=13425"}],"wp:term":[{"taxonomy":"category","embeddable":true,"href":"https:\/\/blog.sub.uni-hamburg.de\/index.php?rest_route=%2Fwp%2Fv2%2Fcategories&post=13425"},{"taxonomy":"post_tag","embeddable":true,"href":"https:\/\/blog.sub.uni-hamburg.de\/index.php?rest_route=%2Fwp%2Fv2%2Ftags&post=13425"}],"curies":[{"name":"wp","href":"https:\/\/api.w.org\/{rel}","templated":true}]}}