{"id":13218,"date":"2013-11-26T16:13:49","date_gmt":"2013-11-26T15:13:49","guid":{"rendered":"http:\/\/blog.sub.uni-hamburg.de\/?p=13218"},"modified":"2014-01-15T16:57:38","modified_gmt":"2014-01-15T15:57:38","slug":"die-entnazifizierung-an-der-hamburger-universitaet-4-12","status":"publish","type":"post","link":"https:\/\/blog.sub.uni-hamburg.de\/?p=13218","title":{"rendered":"Die Entnazifizierung an der Hamburger Universit\u00e4t (4.12.)"},"content":{"rendered":"<p><strong>Anton F. Guhl (M. A.): Die Entnazifizierung an der Hamburger Universit\u00e4t \u2013 eine Lebenskrise nationalsozialistischer Professoren?<\/strong> <\/p>\n<p><a href=\"https:\/\/blog.sub.uni-hamburg.de\/wp-content\/uploads\/2013\/11\/13-VHG-Dez-guhl-gr.jpg\"><img loading=\"lazy\" decoding=\"async\" src=\"https:\/\/blog.sub.uni-hamburg.de\/wp-content\/uploads\/2013\/11\/13-VHG-Dez-guhl.jpg\" alt=\"Bescheinigung des Area Security Office Hamburg, 1946\" title=\"Bescheinigung des Area Security Office Hamburg, 1946\" width=\"350\" height=\"198\" style=\"float: right; padding-right:0px; padding-top:0px; margin-left:25px; margin-bottom:15px;\"  \/><\/a> Die Entnazifizierung der deutschen Funktionseliten endete mit einer weitgehenden Wiedereingliederung auch exponierter ehemaliger Nationalsozialisten (Stichwort: <a href=\"http:\/\/de.wikipedia.org\/wiki\/Hans_Globke\">Hans Globke<\/a>). Das trifft auch auf die Professoren der Universit\u00e4ten zu. Gleichwohl konnten die Entnazifizierungsma\u00dfnahmen, die bis hin zu mehrj\u00e4hriger Inhaftnahme reichten, individuelle Lebenskrisen darstellen \u2013 zumal die sp\u00e4tere R\u00fcckkehr in Amt und W\u00fcrden nicht abzusehen war. An Beispielen Hamburger Professoren wird der Vortrag dieser Komponente der Entnazifizierung nachgehen. <\/p>\n<p><a href=\"http:\/\/www.vfhg.de\/\"><img loading=\"lazy\" decoding=\"async\" data-attachment-id=\"2011\" data-permalink=\"https:\/\/blog.sub.uni-hamburg.de\/?attachment_id=2011\" data-orig-file=\"https:\/\/blog.sub.uni-hamburg.de\/wp-content\/uploads\/2010\/05\/VHG-Logo.jpg\" data-orig-size=\"145,146\" data-comments-opened=\"1\" data-image-meta=\"{&quot;aperture&quot;:&quot;0&quot;,&quot;credit&quot;:&quot;&quot;,&quot;camera&quot;:&quot;&quot;,&quot;caption&quot;:&quot;&quot;,&quot;created_timestamp&quot;:&quot;0&quot;,&quot;copyright&quot;:&quot;&quot;,&quot;focal_length&quot;:&quot;0&quot;,&quot;iso&quot;:&quot;0&quot;,&quot;shutter_speed&quot;:&quot;0&quot;,&quot;title&quot;:&quot;&quot;}\" data-image-title=\"VHG-Logo\" data-image-description=\"\" data-image-caption=\"\" data-large-file=\"https:\/\/blog.sub.uni-hamburg.de\/wp-content\/uploads\/2010\/05\/VHG-Logo.jpg\" class=\"alignnone size-full wp-image-2011\" title=\"Verein f\u00fcr Hamburgische Geschichte\" src=\"https:\/\/blog.sub.uni-hamburg.de\/wp-content\/uploads\/2010\/05\/VHG-Logo.jpg\" alt=\"Verein f\u00fcr Hamburgische Geschichte\" width=\"145\" height=\"146\" style=\"float: left; padding-left:0px; margin-right:25px; margin-bottom:15px;\"  \/><\/a> <a href=\"http:\/\/www.geschichte.uni-hamburg.de\/forschung\/E-H.html#Guhl\">Anton F. Guhl<\/a> promoviert und lehrt am Historischen Seminar der Universit\u00e4t Hamburg. Seit 2011 ist er Mitglied im Vorstand des VHG. Regelm\u00e4\u00dfige Ver\u00f6ffentlichungen im Weblog <a href=\"http:\/\/netzwerk.hypotheses.org\/author\/antonguhl\">Netz und Werk<\/a> \u2013 Junge Hamburger Geschichtswissenschaft online. <\/p>\n<p>Eine Veranstaltung des <a href=\"http:\/\/www.vfhg.de\/veranstaltungen\/kalender\/icalrepeat.detail\/2013\/12\/04\/84\/48\/anton-guhl-m-a-qdie-entnazifizierung-an-der-hamburger-universitaet-eine-lebenskrise-nationalsozialistischer-professorenq.html\">Vereins f\u00fcr Hamburgische Geschichte<\/a> in Zusammenarbeit mit der Staats- und Universit\u00e4tsbibliothek Hamburg. <\/p>\n<p><strong>Mittwoch, 4. Dezember 2013, 18 Uhr<br \/>\nOrt: Vortragsraum, 1. Etage, Eintritt frei<\/strong><\/p>\n","protected":false},"excerpt":{"rendered":"<p>Anton F. Guhl (M. A.): Die Entnazifizierung an der Hamburger Universit\u00e4t \u2013 eine Lebenskrise nationalsozialistischer Professoren? Die Entnazifizierung der deutschen Funktionseliten endete mit einer weitgehenden Wiedereingliederung auch exponierter ehemaliger Nationalsozialisten (Stichwort: Hans Globke). Das trifft auch auf die Professoren der Universit\u00e4ten zu. Gleichwohl konnten die Entnazifizierungsma\u00dfnahmen, die bis hin zu mehrj\u00e4hriger Inhaftnahme reichten, individuelle Lebenskrisen [&hellip;]<\/p>\n","protected":false},"author":19,"featured_media":0,"comment_status":"open","ping_status":"open","sticky":false,"template":"","format":"standard","meta":{"jetpack_post_was_ever_published":false,"_jetpack_newsletter_access":"","_jetpack_dont_email_post_to_subs":false,"_jetpack_newsletter_tier_id":0,"_jetpack_memberships_contains_paywalled_content":false,"_jetpack_memberships_contains_paid_content":false,"footnotes":"","jetpack_publicize_message":"","jetpack_publicize_feature_enabled":true,"jetpack_social_post_already_shared":false,"jetpack_social_options":{"image_generator_settings":{"template":"highway","default_image_id":0,"font":"","enabled":false},"version":2}},"categories":[9,17],"tags":[],"class_list":["post-13218","post","type-post","status-publish","format-standard","hentry","category-ausstellungen","category-hamburg"],"views":5398,"jetpack_publicize_connections":[],"jetpack_featured_media_url":"","jetpack_shortlink":"https:\/\/wp.me\/p7hfNR-3rc","jetpack-related-posts":[{"id":15707,"url":"https:\/\/blog.sub.uni-hamburg.de\/?p=15707","url_meta":{"origin":13218,"position":0},"title":"GIGA-Veranstaltung zu Andreas Pred\u00f6hl: Vom Nazi-Kollaborateur zum Vordenker der EWG","author":"Markus Trapp","date":"28-08-14","format":false,"excerpt":"Raum, Welt, Wirtschaft \u2013 Andreas Pred\u00f6hl: Vom Nazi-Kollaborateur zum Vordenker der EWG Referenten: Johannes Br\u00f6cker (Universit\u00e4t Kiel) Wolfgang Hein (GIGA) Robert Kappel (GIGA) Dieter L\u00e4pple (HafenCity Universit\u00e4t Hamburg) Moderation: Brigitte Preissl (ZBW) Donnerstag, 11. September 2014, 18:00-19:30 Uhr Neuer Jungfernstieg 21, 20354 Hamburg, Raum 519 Der Hamburger Wissenschaftler und Gr\u00fcndungsdirektor\u2026","rel":"","context":"In &quot;Ausstellungen und Veranstaltungen&quot;","block_context":{"text":"Ausstellungen und Veranstaltungen","link":"https:\/\/blog.sub.uni-hamburg.de\/?cat=9"},"img":{"alt_text":"","src":"https:\/\/i0.wp.com\/blog.sub.uni-hamburg.de\/wp-content\/uploads\/2014\/08\/giga-predoehl.jpg?resize=350%2C200&ssl=1","width":350,"height":200},"classes":[]},{"id":950,"url":"https:\/\/blog.sub.uni-hamburg.de\/?p=950","url_meta":{"origin":13218,"position":1},"title":"Neuerscheinung bei Hamburg University Press &#8211; Pressekonferenz in der Krypta des Michel","author":"Isabella Meinecke","date":"27-05-08","format":false,"excerpt":"Hamburg University Press ist der Verlag der SUB. Alle hier publizierten Titel erscheinen in einer Onlineversion zum kostenfreien Lesen und Herunterladen (so genannter Open Access) sowie in einer hochwertigen Printversion, die direkt beim Verlag oder \u00fcber den Buchhandel erworben werden kann. Der neu erschienene Titel \u201eKirchliche Zeitgeschichte (20. Jahrhundert)\u201c wurde\u2026","rel":"","context":"In &quot;Hamburg University Press&quot;","block_context":{"text":"Hamburg University Press","link":"https:\/\/blog.sub.uni-hamburg.de\/?cat=19"},"img":{"alt_text":"","src":"","width":0,"height":0},"classes":[]},{"id":15917,"url":"https:\/\/blog.sub.uni-hamburg.de\/?p=15917","url_meta":{"origin":13218,"position":2},"title":"Hans-Frankenthal-Preis 2014 (16.10.)","author":"Markus Trapp","date":"06-10-14","format":false,"excerpt":"Die Stiftung Auschwitz-Komitee verleiht den Hans-Frankenthal-Preis 2014 Hans Frankenthal (1926-1999) war Vorstandsmitglied des Auschwitz-Komitees, Mitglied des Zentralrats der Juden, der j\u00fcdischen Gemeinde Hagen und der Vereinigung der Verfolgten des Naziregimes \u2013 Bund der AntifaschistInnen (VVN-BdA). Als Jugendlicher wurde er mit seinem Bruder nach Auschwitz verschleppt, \u00fcberlebte die Lagerhaft und die\u2026","rel":"","context":"In &quot;Ausstellungen und Veranstaltungen&quot;","block_context":{"text":"Ausstellungen und Veranstaltungen","link":"https:\/\/blog.sub.uni-hamburg.de\/?cat=9"},"img":{"alt_text":"Stiftung Auschwitz-Komitee","src":"https:\/\/i0.wp.com\/blog.sub.uni-hamburg.de\/wp-content\/uploads\/2012\/10\/stiftungauschwitz-kom.jpg?resize=350%2C200&ssl=1","width":350,"height":200},"classes":[]},{"id":12846,"url":"https:\/\/blog.sub.uni-hamburg.de\/?p=12846","url_meta":{"origin":13218,"position":3},"title":"Verleihung des Hans-Frankenthal-Preises 2013 (17.10.)","author":"Markus Trapp","date":"07-10-13","format":false,"excerpt":"Die Stiftung Auschwitz-Komitee verleiht den Hans-Frankenthal-Preis 2013 Hans Frankenthal (1926-1999) war langj\u00e4hriges Vorstandsmitglied des Auschwitz-Komitees, Mitglied des Zentralrats der Juden, der j\u00fcdischen Gemeinde Hagen und der Vereinigung der Verfolgten des Naziregimes \u2013 Bund der Antifaschist_innen. Als Jugendlicher wurde er mit seinem Bruder nach Auschwitz verschleppt, \u00fcberlebte die Lagerhaft und die\u2026","rel":"","context":"In &quot;Ausstellungen und Veranstaltungen&quot;","block_context":{"text":"Ausstellungen und Veranstaltungen","link":"https:\/\/blog.sub.uni-hamburg.de\/?cat=9"},"img":{"alt_text":"Stiftung Auschwitz-Komitee","src":"https:\/\/i0.wp.com\/blog.sub.uni-hamburg.de\/wp-content\/uploads\/2012\/10\/stiftungauschwitz-kom.jpg?resize=350%2C200&ssl=1","width":350,"height":200},"classes":[]},{"id":9275,"url":"https:\/\/blog.sub.uni-hamburg.de\/?p=9275","url_meta":{"origin":13218,"position":4},"title":"3. Verleihung des Hans-Frankenthal-Preises (25.10.)","author":"MG","date":"08-10-12","format":false,"excerpt":"Am Donnerstag, 25. Oktober 2012, um 18 Uhr l\u00e4dt die Stiftung Auschwitz-Komitee ein zur Preisverleihung im Lichthof der Bibliothek. Hans Frankenthal (1926-1999), der Namengeber des Preises der Stiftung Auschwitz-Komitee, war viele Jahre Mitglied im Auschwitz-Komitee, zugleich Mitglied des Zentralrats der Juden, der j\u00fcdischen Gemeinde Hagen und der Vereinigung der Verfolgten\u2026","rel":"","context":"In &quot;Ausstellungen und Veranstaltungen&quot;","block_context":{"text":"Ausstellungen und Veranstaltungen","link":"https:\/\/blog.sub.uni-hamburg.de\/?cat=9"},"img":{"alt_text":"Stiftung Auschwitz-Komitee","src":"https:\/\/i0.wp.com\/blog.sub.uni-hamburg.de\/wp-content\/uploads\/2012\/10\/stiftungauschwitz-kom.jpg?resize=350%2C200&ssl=1","width":350,"height":200},"classes":[]},{"id":11576,"url":"https:\/\/blog.sub.uni-hamburg.de\/?p=11576","url_meta":{"origin":13218,"position":5},"title":"Hamburg und das \u201eDritte Reich\u201c. R\u00fcckblick und Ausblick (24.4.)","author":"Markus Trapp","date":"09-04-13","format":false,"excerpt":"Mittwoch, 24. April 2013, 18 Uhr PD Dr. Frank Bajohr: Hamburg und das \u201eDritte Reich\u201c. R\u00fcckblick und Ausblick In den letzten Jahrzehnten ist kaum ein Aspekt nationalsozialistischer Herrschaft in Hamburg unerforscht geblieben. Teilweise haben regionalgeschichtliche Arbeiten \u00fcber Hamburg sogar die NS-Forschung insgesamt paradigmatisch beeinflusst. Der Vortrag bilanziert den Ertrag vergangener\u2026","rel":"","context":"In &quot;Ausstellungen und Veranstaltungen&quot;","block_context":{"text":"Ausstellungen und Veranstaltungen","link":"https:\/\/blog.sub.uni-hamburg.de\/?cat=9"},"img":{"alt_text":"PD Dr. Frank Bajohr","src":"https:\/\/i0.wp.com\/blog.sub.uni-hamburg.de\/wp-content\/uploads\/2013\/04\/13-VHG-Bajohr_0101.jpg?resize=350%2C200&ssl=1","width":350,"height":200},"classes":[]}],"jetpack_sharing_enabled":true,"_links":{"self":[{"href":"https:\/\/blog.sub.uni-hamburg.de\/index.php?rest_route=\/wp\/v2\/posts\/13218","targetHints":{"allow":["GET"]}}],"collection":[{"href":"https:\/\/blog.sub.uni-hamburg.de\/index.php?rest_route=\/wp\/v2\/posts"}],"about":[{"href":"https:\/\/blog.sub.uni-hamburg.de\/index.php?rest_route=\/wp\/v2\/types\/post"}],"author":[{"embeddable":true,"href":"https:\/\/blog.sub.uni-hamburg.de\/index.php?rest_route=\/wp\/v2\/users\/19"}],"replies":[{"embeddable":true,"href":"https:\/\/blog.sub.uni-hamburg.de\/index.php?rest_route=%2Fwp%2Fv2%2Fcomments&post=13218"}],"version-history":[{"count":6,"href":"https:\/\/blog.sub.uni-hamburg.de\/index.php?rest_route=\/wp\/v2\/posts\/13218\/revisions"}],"predecessor-version":[{"id":13228,"href":"https:\/\/blog.sub.uni-hamburg.de\/index.php?rest_route=\/wp\/v2\/posts\/13218\/revisions\/13228"}],"wp:attachment":[{"href":"https:\/\/blog.sub.uni-hamburg.de\/index.php?rest_route=%2Fwp%2Fv2%2Fmedia&parent=13218"}],"wp:term":[{"taxonomy":"category","embeddable":true,"href":"https:\/\/blog.sub.uni-hamburg.de\/index.php?rest_route=%2Fwp%2Fv2%2Fcategories&post=13218"},{"taxonomy":"post_tag","embeddable":true,"href":"https:\/\/blog.sub.uni-hamburg.de\/index.php?rest_route=%2Fwp%2Fv2%2Ftags&post=13218"}],"curies":[{"name":"wp","href":"https:\/\/api.w.org\/{rel}","templated":true}]}}