{"id":13194,"date":"2013-12-20T13:23:23","date_gmt":"2013-12-20T12:23:23","guid":{"rendered":"http:\/\/blog.sub.uni-hamburg.de\/?p=13194"},"modified":"2022-02-17T18:07:44","modified_gmt":"2022-02-17T17:07:44","slug":"exponat-des-monats-dezember-richard-dehmel","status":"publish","type":"post","link":"https:\/\/blog.sub.uni-hamburg.de\/?p=13194","title":{"rendered":"Exponat des Monats Dezember \u2013 Richard Dehmel (verl\u00e4ngert bis 31.1.)"},"content":{"rendered":"<p><a href=\"https:\/\/blog.sub.uni-hamburg.de\/wp-content\/uploads\/2013\/11\/expodesmonats12-2013-gr.jpg\"><img loading=\"lazy\" decoding=\"async\" src=\"https:\/\/blog.sub.uni-hamburg.de\/wp-content\/uploads\/2013\/11\/expodesmonats12-2013.jpg\" alt=\"Richard Dehmel, Zwei Menschen.\" width=\"350\" height=\"440\" style=\"float: right; padding-right:0px; margin-left:20px; margin-bottom:25px;\" \/><\/a><\/p>\n<p><strong>Richard Dehmel, Zwei Menschen. Roman in Romanzen. Berlin 1903. Widmungsexemplar f\u00fcr Ida Dehmel.<br \/>\nSignatur: <a href=\"https:\/\/kataloge.uni-hamburg.de\/DB=1\/XMLPRS=N\/PPN?PPN=195334515\">NL DA Bib : 2000<\/a><\/strong><\/p>\n<p>Der Dichter <a href=\"http:\/\/de.wikipedia.org\/wiki\/Richard_Dehmel\">Richard Dehmel<\/a> (1863-1920) nahm wie kaum ein anderer Autor auch Einfluss auf die Gestaltung von Schriftart, Satzspiegel, Illustrationen, auf Druck und Einband seiner Werke. Umfangreiche Briefwechsel mit Typographen, Druckern, Verlegern und Buchbindern zeugen davon, wie klar Dehmels Vorstellungen vom \u00c4u\u00dferen seiner Werke waren. <\/p>\n<p>Anhand des Buches \u201eZwei Menschen. Roman in Romanzen\u201c l\u00e4sst sich dieser Prozess beispielhaft skizzieren. Der Beginn des Werkes hat dabei \u2013 auch wenn Dehmel heute sonst nicht mehr zu den viel gelesenen Autoren z\u00e4hlt \u2013 immer noch eine gewisse Bekanntheit, da er eine Wiederver\u00f6ffentlichung des Gedichtes aus \u201eWeib und Welt\u201c ist, das Arnold Sch\u00f6nberg seinem Streichsextett \u201eVerkl\u00e4rte Nacht\u201c zugrunde legte.<\/p>\n<p>Anl\u00e4sslich des 150. Geburtstages von Richard Dehmel ist aus dem Dehmel-Archiv nicht nur Ida Dehmels Widmungsexemplar des Werkes ausgestellt, f\u00fcr das Dehmel den Einband selbst entworfen hat, sondern auch etliche Entw\u00fcrfe und Skizzen sowohl zum Text als auch zum Titelblatt und zum Einband.<\/p>\n<p><strong>Zu sehen bis 31. Januar 2014<br \/>\nOrt: Sondervitrine im Ausstellungsraum der Bibliothek im Erdgeschoss, Eintritt frei.<\/strong><\/p>\n<p><a href=\"http:\/\/www.sub.uni-hamburg.de\/bibliotheken\/ausstellungen-und-veranstaltungen\/online-ausstellungen\/exponate-des-monats.html\"><img loading=\"lazy\" decoding=\"async\" style=\"float: right; padding-right: 0px; margin-left: 25px; margin-bottom: 25px;\" title=\"Blogreihe der Sondersammlungen: Exponat des Monats\" alt=\"Sondersammlungen: Exponat des Monats\" src=\"https:\/\/blog.sub.uni-hamburg.de\/wp-content\/uploads\/2010\/12\/exponatdm-120.jpg\" width=\"120\" height=\"120\" \/><\/a><\/p>\n<p>Eine ausf\u00fchrliche Beschreibung des Exponats des Monats Dezember findet sich hier: <a href=\"https:\/\/www.sub.uni-hamburg.de\/index.php?id=1612\">Richard Dehmel, Zwei Menschen. Roman in Romanzen. Berlin 1903. Widmungsexemplar f\u00fcr Ida Dehmel.<\/a>. Die Sondersammlungen zeigen jeden Monat ein originales Sammlungsst\u00fcck im Ausstellungsraum. Auf der Website der Stabi werden sie in einer stetig wachsenden <a href=\"http:\/\/www.sub.uni-hamburg.de\/bibliotheken\/ausstellungen-und-veranstaltungen\/online-ausstellungen\/exponate-des-monats.html\">Online-Ausstellung<\/a> pr\u00e4sentiert.<\/p>\n","protected":false},"excerpt":{"rendered":"<p>Richard Dehmel, Zwei Menschen. Roman in Romanzen. Berlin 1903. Widmungsexemplar f\u00fcr Ida Dehmel. Signatur: NL DA Bib : 2000 Der Dichter Richard Dehmel (1863-1920) nahm wie kaum ein anderer Autor auch Einfluss auf die Gestaltung von Schriftart, Satzspiegel, Illustrationen, auf Druck und Einband seiner Werke. Umfangreiche Briefwechsel mit Typographen, Druckern, Verlegern und Buchbindern zeugen davon, [&hellip;]<\/p>\n","protected":false},"author":19,"featured_media":0,"comment_status":"open","ping_status":"open","sticky":false,"template":"","format":"standard","meta":{"jetpack_post_was_ever_published":false,"_jetpack_newsletter_access":"","_jetpack_dont_email_post_to_subs":false,"_jetpack_newsletter_tier_id":0,"_jetpack_memberships_contains_paywalled_content":false,"_jetpack_memberships_contains_paid_content":false,"footnotes":"","jetpack_publicize_message":"","jetpack_publicize_feature_enabled":true,"jetpack_social_post_already_shared":false,"jetpack_social_options":{"image_generator_settings":{"template":"highway","default_image_id":0,"font":"","enabled":false},"version":2}},"categories":[9,13],"tags":[],"class_list":["post-13194","post","type-post","status-publish","format-standard","hentry","category-ausstellungen","category-das-besondere-buch"],"views":3931,"jetpack_publicize_connections":[],"jetpack_featured_media_url":"","jetpack_shortlink":"https:\/\/wp.me\/p7hfNR-3qO","jetpack-related-posts":[{"id":28435,"url":"https:\/\/blog.sub.uni-hamburg.de\/?p=28435","url_meta":{"origin":13194,"position":0},"title":"Zwei Menschen \u2013 Richard und Ida Dehmel in Hamburg","author":"AKH","date":"20-12-19","format":false,"excerpt":"Wegen der Schlie\u00dfung der Bibliothek ist die Ausstellung seit dem 14.3.2020 geschlossen. Richard und Ida Dehmel waren zu Beginn des 20. Jahrhunderts das strahlende K\u00fcnstlerpaar Hamburgs. Der ber\u00fchmte, von vielen Komponisten vertonte Dichter und die schillernde, sich zunehmend f\u00fcr Frauenrechte einsetzende Muse waren jedoch mehr als die modernen, unkonventionellen Liebenden.\u2026","rel":"","context":"In &quot;Ausstellungen und Veranstaltungen&quot;","block_context":{"text":"Ausstellungen und Veranstaltungen","link":"https:\/\/blog.sub.uni-hamburg.de\/?cat=9"},"img":{"alt_text":"","src":"https:\/\/i0.wp.com\/blog.sub.uni-hamburg.de\/wp-content\/uploads\/2019\/12\/Richard-und-Ida-Dehmel_Web.png?resize=350%2C200&ssl=1","width":350,"height":200,"srcset":"https:\/\/i0.wp.com\/blog.sub.uni-hamburg.de\/wp-content\/uploads\/2019\/12\/Richard-und-Ida-Dehmel_Web.png?resize=350%2C200&ssl=1 1x, https:\/\/i0.wp.com\/blog.sub.uni-hamburg.de\/wp-content\/uploads\/2019\/12\/Richard-und-Ida-Dehmel_Web.png?resize=525%2C300&ssl=1 1.5x"},"classes":[]},{"id":30739,"url":"https:\/\/blog.sub.uni-hamburg.de\/?p=30739","url_meta":{"origin":13194,"position":1},"title":"Zwei B\u00e4nde aus Richard Dehmels Bibliothek als Geschenk","author":"Redaktion","date":"01-02-21","format":false,"excerpt":"Von Mark Emanuel Amtst\u00e4tter. Die Staats- und Universit\u00e4tsbibliothek hat im Dezember 2020 zwei B\u00e4nde aus Richard Dehmels Bibliothek als Geschenk erhalten, erworben von der stellvertretenen Vorsitzenden der Dehmelhaus Stiftung, Frau Dr. Carolin Vogel. Die beiden B\u00e4nde wurden unserer Bibliothek zur Erg\u00e4nzung des Dehmel-Bestandes \u00fcberlassen. Daf\u00fcr danken wir recht herzlich. Es\u2026","rel":"","context":"In &quot;Aktuelles&quot;","block_context":{"text":"Aktuelles","link":"https:\/\/blog.sub.uni-hamburg.de\/?cat=1"},"img":{"alt_text":"","src":"https:\/\/i0.wp.com\/blog.sub.uni-hamburg.de\/wp-content\/uploads\/2021\/02\/dehmel-abb1-kl.jpg?resize=350%2C200&ssl=1","width":350,"height":200,"srcset":"https:\/\/i0.wp.com\/blog.sub.uni-hamburg.de\/wp-content\/uploads\/2021\/02\/dehmel-abb1-kl.jpg?resize=350%2C200&ssl=1 1x, https:\/\/i0.wp.com\/blog.sub.uni-hamburg.de\/wp-content\/uploads\/2021\/02\/dehmel-abb1-kl.jpg?resize=525%2C300&ssl=1 1.5x"},"classes":[]},{"id":27105,"url":"https:\/\/blog.sub.uni-hamburg.de\/?p=27105","url_meta":{"origin":13194,"position":2},"title":"Neu im Stabiverlag: Das Dehmelhaus in Blankenese","author":"Isabella Meinecke","date":"06-05-19","format":false,"excerpt":"Carolin Vogel Das Dehmelhaus in Blankenese K\u00fcnstlerhaus zwischen Erinnern und Vergessen \u201eDem gr\u00f6\u00dften deutschen Dichter wurde eine Villa geschenkt\u201c titelte eine italienische Tageszeitung 1913. Hundert Jahre sp\u00e4ter stand Richard Dehmels Haus vor dem Verfall. Was war passiert? Dieses Buch rekonstruiert die Geschichte eines au\u00dfergew\u00f6hnlichen Ortes und seiner Bewohner. Es erinnert\u2026","rel":"","context":"In &quot;Aktuelles&quot;","block_context":{"text":"Aktuelles","link":"https:\/\/blog.sub.uni-hamburg.de\/?cat=1"},"img":{"alt_text":"","src":"https:\/\/i0.wp.com\/blog.sub.uni-hamburg.de\/wp-content\/uploads\/2019\/05\/Abb_01.jpg?resize=350%2C200&ssl=1","width":350,"height":200,"srcset":"https:\/\/i0.wp.com\/blog.sub.uni-hamburg.de\/wp-content\/uploads\/2019\/05\/Abb_01.jpg?resize=350%2C200&ssl=1 1x, https:\/\/i0.wp.com\/blog.sub.uni-hamburg.de\/wp-content\/uploads\/2019\/05\/Abb_01.jpg?resize=525%2C300&ssl=1 1.5x, https:\/\/i0.wp.com\/blog.sub.uni-hamburg.de\/wp-content\/uploads\/2019\/05\/Abb_01.jpg?resize=700%2C400&ssl=1 2x, https:\/\/i0.wp.com\/blog.sub.uni-hamburg.de\/wp-content\/uploads\/2019\/05\/Abb_01.jpg?resize=1050%2C600&ssl=1 3x, https:\/\/i0.wp.com\/blog.sub.uni-hamburg.de\/wp-content\/uploads\/2019\/05\/Abb_01.jpg?resize=1400%2C800&ssl=1 4x"},"classes":[]},{"id":34265,"url":"https:\/\/blog.sub.uni-hamburg.de\/?p=34265","url_meta":{"origin":13194,"position":3},"title":"Max Liebermann und Richard Dehmel","author":"Markus Trapp","date":"26-09-22","format":false,"excerpt":"Vom 24. September bis 20. November ist im Berliner Max Liebermann Haus die Einraumausstellung \u201eMax Liebermann und Richard Dehmel\u201c zu sehen, die damit tempor\u00e4r Teil der Dauerpr\u00e4sentation \u201eMax Liebermanns Welt\u201c ist. Im Zentrum der Ausstellung steht das ber\u00fchmte Portrait Richard Dehmels von Max Liebermann aus der Hamburger Kunsthalle. Die Staats-\u2026","rel":"","context":"In &quot;Ausstellungen und Veranstaltungen&quot;","block_context":{"text":"Ausstellungen und Veranstaltungen","link":"https:\/\/blog.sub.uni-hamburg.de\/?cat=9"},"img":{"alt_text":"Brief Ida Dehmel an Alice Bensheimer","src":"https:\/\/i0.wp.com\/blog.sub.uni-hamburg.de\/wp-content\/uploads\/2022\/09\/Ida-Dehmel-an-Alice-Bensheimer.jpg?resize=350%2C200&ssl=1","width":350,"height":200,"srcset":"https:\/\/i0.wp.com\/blog.sub.uni-hamburg.de\/wp-content\/uploads\/2022\/09\/Ida-Dehmel-an-Alice-Bensheimer.jpg?resize=350%2C200&ssl=1 1x, https:\/\/i0.wp.com\/blog.sub.uni-hamburg.de\/wp-content\/uploads\/2022\/09\/Ida-Dehmel-an-Alice-Bensheimer.jpg?resize=525%2C300&ssl=1 1.5x"},"classes":[]},{"id":38803,"url":"https:\/\/blog.sub.uni-hamburg.de\/?p=38803","url_meta":{"origin":13194,"position":4},"title":"Drei neue B\u00e4nde in der Dehmelbibliothek!","author":"Markus Trapp","date":"01-10-24","format":false,"excerpt":"Das Dehmel-Archiv der Stabi umfasst neben vielen anderen Archivalien auch Richard und Ida Dehmels umfangreiche Bibliothek, die \u00fcber einen Zeitraum von mehreren Jahrzehnten in drei gro\u00dfen Tranchen zu uns ins Haus gekommen ist. Leider hat sich die Bibliothek dennoch nicht vollst\u00e4ndig erhalten und es tauchen immer wieder mal B\u00e4nde auf\u2026","rel":"","context":"In &quot;Hamburg&quot;","block_context":{"text":"Hamburg","link":"https:\/\/blog.sub.uni-hamburg.de\/?cat=17"},"img":{"alt_text":"Stabi-Direktor Robert Zepf mit dem Geschenk der Dehmel-Stifung","src":"https:\/\/i0.wp.com\/blog.sub.uni-hamburg.de\/wp-content\/uploads\/2024\/10\/Gargantua2-kl.jpg?resize=350%2C200&ssl=1","width":350,"height":200},"classes":[]},{"id":27088,"url":"https:\/\/blog.sub.uni-hamburg.de\/?p=27088","url_meta":{"origin":13194,"position":5},"title":"Nachlass von Werner von Melle online","author":"MA","date":"09-05-19","format":false,"excerpt":"Zum Universit\u00e4tsjubil\u00e4um ist der Nachlass von Werner von Melle nun online einsehbar. Der Hamburger Senator und B\u00fcrgermeister Werner von Melle (1853-1937) war eine zentrale Pers\u00f6nlichkeit in der Auspr\u00e4gung und Gestaltung des Hamburger Bildungswesens und war ma\u00dfgeblich an der Gr\u00fcndung der Hamburgischen Universit\u00e4t im Jahr 1919 beteiligt. Testamentarisch hat von Melle\u2026","rel":"","context":"In &quot;E-Medien&quot;","block_context":{"text":"E-Medien","link":"https:\/\/blog.sub.uni-hamburg.de\/?cat=11"},"img":{"alt_text":"","src":"https:\/\/i0.wp.com\/blog.sub.uni-hamburg.de\/wp-content\/uploads\/2019\/04\/werner-von-melle.jpg?resize=350%2C200&ssl=1","width":350,"height":200},"classes":[]}],"jetpack_sharing_enabled":true,"_links":{"self":[{"href":"https:\/\/blog.sub.uni-hamburg.de\/index.php?rest_route=\/wp\/v2\/posts\/13194","targetHints":{"allow":["GET"]}}],"collection":[{"href":"https:\/\/blog.sub.uni-hamburg.de\/index.php?rest_route=\/wp\/v2\/posts"}],"about":[{"href":"https:\/\/blog.sub.uni-hamburg.de\/index.php?rest_route=\/wp\/v2\/types\/post"}],"author":[{"embeddable":true,"href":"https:\/\/blog.sub.uni-hamburg.de\/index.php?rest_route=\/wp\/v2\/users\/19"}],"replies":[{"embeddable":true,"href":"https:\/\/blog.sub.uni-hamburg.de\/index.php?rest_route=%2Fwp%2Fv2%2Fcomments&post=13194"}],"version-history":[{"count":11,"href":"https:\/\/blog.sub.uni-hamburg.de\/index.php?rest_route=\/wp\/v2\/posts\/13194\/revisions"}],"predecessor-version":[{"id":32824,"href":"https:\/\/blog.sub.uni-hamburg.de\/index.php?rest_route=\/wp\/v2\/posts\/13194\/revisions\/32824"}],"wp:attachment":[{"href":"https:\/\/blog.sub.uni-hamburg.de\/index.php?rest_route=%2Fwp%2Fv2%2Fmedia&parent=13194"}],"wp:term":[{"taxonomy":"category","embeddable":true,"href":"https:\/\/blog.sub.uni-hamburg.de\/index.php?rest_route=%2Fwp%2Fv2%2Fcategories&post=13194"},{"taxonomy":"post_tag","embeddable":true,"href":"https:\/\/blog.sub.uni-hamburg.de\/index.php?rest_route=%2Fwp%2Fv2%2Ftags&post=13194"}],"curies":[{"name":"wp","href":"https:\/\/api.w.org\/{rel}","templated":true}]}}