{"id":13064,"date":"2013-11-01T08:15:56","date_gmt":"2013-11-01T07:15:56","guid":{"rendered":"http:\/\/blog.sub.uni-hamburg.de\/?p=13064"},"modified":"2013-11-04T09:46:41","modified_gmt":"2013-11-04T08:46:41","slug":"2-11-stabi-bis-24-uhr-geoeffnet","status":"publish","type":"post","link":"https:\/\/blog.sub.uni-hamburg.de\/?p=13064","title":{"rendered":"2.11.: Stabi bis 24 Uhr ge\u00f6ffnet"},"content":{"rendered":"<p>&nbsp;<\/p>\n<div style=\"width: 171px\" class=\"wp-caption alignright\"><a href=\"https:\/\/blog.sub.uni-hamburg.de\/?p=12896\"><img loading=\"lazy\" decoding=\"async\" class=\" \" alt=\"Logo der Nacht des Wissens 2013\" src=\"https:\/\/blog.sub.uni-hamburg.de\/wp-content\/uploads\/2013\/10\/NDW13-Eule-kl.jpg\" width=\"161\" height=\"161\" \/><\/a><p class=\"wp-caption-text\">Logo der Nacht des Wissens 2013<\/p><\/div>\n<p>Am Sonnabend, 2.11.2013 findet die <a href=\"http:\/\/nachtdeswissens.hamburg.de\/index.php?article_id=100&amp;tid=1031\">5. Nacht des Wissens<\/a> statt. Auch in der Stabi wird von 17-24 Uhr dazu ein <a href=\"https:\/\/blog.sub.uni-hamburg.de\/?p=12896\">spannendes Programm<\/a> angeboten.<\/p>\n<p>Von der l\u00e4ngeren Bibliotheks\u00f6ffnung k\u00f6nnen auch diejenigen profitieren, die nur zum Lernen und Arbeiten zu uns kommen m\u00f6chten: <strong>am 2.11. bleiben Informationszentrum und Leses\u00e4le bis 24 Uhr ge\u00f6ffnet. <\/strong><\/p>\n","protected":false},"excerpt":{"rendered":"<p>&nbsp; Am Sonnabend, 2.11.2013 findet die 5. Nacht des Wissens statt. Auch in der Stabi wird von 17-24 Uhr dazu ein spannendes Programm angeboten. Von der l\u00e4ngeren Bibliotheks\u00f6ffnung k\u00f6nnen auch diejenigen profitieren, die nur zum Lernen und Arbeiten zu uns kommen m\u00f6chten: am 2.11. bleiben Informationszentrum und Leses\u00e4le bis 24 Uhr ge\u00f6ffnet.<\/p>\n","protected":false},"author":6,"featured_media":0,"comment_status":"open","ping_status":"open","sticky":false,"template":"","format":"standard","meta":{"jetpack_post_was_ever_published":false,"_jetpack_newsletter_access":"","_jetpack_dont_email_post_to_subs":false,"_jetpack_newsletter_tier_id":0,"_jetpack_memberships_contains_paywalled_content":false,"_jetpack_memberships_contains_paid_content":false,"footnotes":"","jetpack_publicize_message":"","jetpack_publicize_feature_enabled":true,"jetpack_social_post_already_shared":false,"jetpack_social_options":{"image_generator_settings":{"template":"highway","default_image_id":0,"font":"","enabled":false},"version":2}},"categories":[1],"tags":[],"class_list":["post-13064","post","type-post","status-publish","format-standard","hentry","category-1"],"views":2809,"jetpack_publicize_connections":[],"jetpack_featured_media_url":"","jetpack_shortlink":"https:\/\/wp.me\/p7hfNR-3oI","jetpack-related-posts":[{"id":12896,"url":"https:\/\/blog.sub.uni-hamburg.de\/?p=12896","url_meta":{"origin":13064,"position":0},"title":"Stabi-Programm zur &#8220;Nacht des Wissens&#8221; (2.11.)","author":"MG","date":"14-10-13","format":false,"excerpt":"Zur f\u00fcnften Nacht des Wissens erwarten unsere G\u00e4ste diesmal tiefe Einblicke in unsere Sondersammlungen - und in die Bibliothek des \u00c4rztlichen Vereins - und viele F\u00fchrungen - f\u00fcr Kinder, f\u00fcr Erwachsene hinter die Kulissen, und f\u00fcr Architekturbegeisterte, die einmal wissen m\u00f6chten, auf welche Reise sich die Stabi funktional und \u00e4sthetisch\u2026","rel":"","context":"In &quot;Ausstellungen und Veranstaltungen&quot;","block_context":{"text":"Ausstellungen und Veranstaltungen","link":"https:\/\/blog.sub.uni-hamburg.de\/?cat=9"},"img":{"alt_text":"","src":"https:\/\/i0.wp.com\/blog.sub.uni-hamburg.de\/wp-content\/uploads\/2013\/10\/nachtdeswissens2013gplus.jpg?resize=350%2C200&ssl=1","width":350,"height":200,"srcset":"https:\/\/i0.wp.com\/blog.sub.uni-hamburg.de\/wp-content\/uploads\/2013\/10\/nachtdeswissens2013gplus.jpg?resize=350%2C200&ssl=1 1x, https:\/\/i0.wp.com\/blog.sub.uni-hamburg.de\/wp-content\/uploads\/2013\/10\/nachtdeswissens2013gplus.jpg?resize=525%2C300&ssl=1 1.5x"},"classes":[]},{"id":30231,"url":"https:\/\/blog.sub.uni-hamburg.de\/?p=30231","url_meta":{"origin":13064,"position":1},"title":"Ab 2.11.:  Stabi bleibt ge\u00f6ffnet!","author":"ST","date":"30-10-20","format":false,"excerpt":"Die Stabi bleibt f\u00fcr die Ausleihe und das Lernen vor Ort auch im November ge\u00f6ffnet. Um den Betrieb zu entzerren und die Abholung auch in Randzeiten m\u00f6glich zu machen, bieten wir ab Montag f\u00fcr die Nutzung der 200 Arbeitspl\u00e4tze die \u00d6ffnungszeiten von Mo-Fr 9-24 und Sa-So 10-24 Uhr (mit einer\u2026","rel":"","context":"In &quot;Aktuelles&quot;","block_context":{"text":"Aktuelles","link":"https:\/\/blog.sub.uni-hamburg.de\/?cat=1"},"img":{"alt_text":"","src":"https:\/\/i0.wp.com\/blog.sub.uni-hamburg.de\/wp-content\/uploads\/2020\/10\/StayHome.png?resize=350%2C200&ssl=1","width":350,"height":200,"srcset":"https:\/\/i0.wp.com\/blog.sub.uni-hamburg.de\/wp-content\/uploads\/2020\/10\/StayHome.png?resize=350%2C200&ssl=1 1x, https:\/\/i0.wp.com\/blog.sub.uni-hamburg.de\/wp-content\/uploads\/2020\/10\/StayHome.png?resize=525%2C300&ssl=1 1.5x"},"classes":[]},{"id":18689,"url":"https:\/\/blog.sub.uni-hamburg.de\/?p=18689","url_meta":{"origin":13064,"position":2},"title":"Neue \u00d6ffnungszeiten im Ausleihzentrum ab 2.11.","author":"SH","date":"27-10-15","format":false,"excerpt":"Nachdem sich der Betrieb der neuen Selbstverbucher und des automatischen R\u00fcckgaberegals eingespielt hat, folgt jetzt der letzte Schritt unseres gro\u00dfen RFID-Projektes: Dank der neuen Ger\u00e4te k\u00f6nnen wir die \u00d6ffnungszeiten des ALZ denen des Informationszentrums und der Leses\u00e4le anpassen. Ab dem 2.11.2015 hat das ALZ folgende \u00d6ffnungszeiten: Mo \u2013 Fr 9\u2026","rel":"","context":"In &quot;Aktuelles&quot;","block_context":{"text":"Aktuelles","link":"https:\/\/blog.sub.uni-hamburg.de\/?cat=1"},"img":{"alt_text":"","src":"https:\/\/i0.wp.com\/blog.sub.uni-hamburg.de\/wp-content\/uploads\/2015\/10\/alz-mitternacht.jpg?resize=350%2C200&ssl=1","width":350,"height":200,"srcset":"https:\/\/i0.wp.com\/blog.sub.uni-hamburg.de\/wp-content\/uploads\/2015\/10\/alz-mitternacht.jpg?resize=350%2C200&ssl=1 1x, https:\/\/i0.wp.com\/blog.sub.uni-hamburg.de\/wp-content\/uploads\/2015\/10\/alz-mitternacht.jpg?resize=525%2C300&ssl=1 1.5x"},"classes":[]},{"id":560,"url":"https:\/\/blog.sub.uni-hamburg.de\/?p=560","url_meta":{"origin":13064,"position":3},"title":"Nachts ge\u00f6ffnet: die Stabi bei der &#8220;2. Nacht des Wissens&#8221;","author":"MG","date":"25-05-07","format":false,"excerpt":"Wenn die Stabi am Sonnabend, dem 9. Juni 2007 zur \"2. Nacht des Wissens\", gef\u00f6rdert durch die Nordmetall-Stiftung, f\u00fcr diesen Event ihre Pforten \u00f6ffnet, k\u00f6nnen auch unsere Leser davon profitieren. Die Bibliothek bleibt mit ihren Leses\u00e4len (Ausnahme: Handschriftenlesesaal) bis 24 Uhr ge\u00f6ffnet. F\u00fcr etwaige Kontrollen halten Sie bitte Ihren Leserausweis\u2026","rel":"","context":"In &quot;Aktuelles&quot;","block_context":{"text":"Aktuelles","link":"https:\/\/blog.sub.uni-hamburg.de\/?cat=1"},"img":{"alt_text":"","src":"","width":0,"height":0},"classes":[]},{"id":6160,"url":"https:\/\/blog.sub.uni-hamburg.de\/?p=6160","url_meta":{"origin":13064,"position":4},"title":"Stabi bis Mitternacht ge\u00f6ffnet: zur &#8220;Nacht des Wissens&#8221; am 29. Oktober","author":"MG","date":"21-10-11","format":false,"excerpt":"Am Sonnabend, dem 29. Oktober, bleibt die Staats- und Universit\u00e4tsbibliothek bis 24 Uhr ge\u00f6ffnet! Die Stabi nimmt Teil an der \"Nacht des Wissens 2011\" und bietet neben F\u00fchrungen ein ganzes F\u00fcllhorn von digitalen Hamburg-Angeboten. Schauen Sie selbst und probieren Sie aus. Au\u00dferdem gibt es F\u00fchrungen hinter die Kulissen der Bibliothek.\u2026","rel":"","context":"In &quot;Aktuelles&quot;","block_context":{"text":"Aktuelles","link":"https:\/\/blog.sub.uni-hamburg.de\/?cat=1"},"img":{"alt_text":"","src":"","width":0,"height":0},"classes":[]},{"id":36798,"url":"https:\/\/blog.sub.uni-hamburg.de\/?p=36798","url_meta":{"origin":13064,"position":5},"title":"Podiumsdiskussion: Aufkl\u00e4rung im Hamburger NSU-Komplex? (2.11.)","author":"Markus Trapp","date":"20-10-23","format":false,"excerpt":"Donnerstag, 2.11., 19 Uhr, Vortragsraum. Im Jahr 2000 begann das NSU-Netzwerk seine Mord- und Anschlagsserie, in deren Verlauf er neun migrantische Menschen und eine Polizistin ermordete und 24 Menschen teils lebensgef\u00e4hrlich verletzte. In Hamburg-Altona wurde am 27. Juni 2001 S\u00fcleyman Ta\u015fk\u00f6pr\u00fc in seinem Laden erschossen. Als einziges Tatortland hat Hamburg\u2026","rel":"","context":"In &quot;Ausstellungen und Veranstaltungen&quot;","block_context":{"text":"Ausstellungen und Veranstaltungen","link":"https:\/\/blog.sub.uni-hamburg.de\/?cat=9"},"img":{"alt_text":"","src":"https:\/\/i0.wp.com\/blog.sub.uni-hamburg.de\/wp-content\/uploads\/2023\/10\/HBgR-VA-2-11-Story.jpg?resize=350%2C200&ssl=1","width":350,"height":200},"classes":[]}],"jetpack_sharing_enabled":true,"_links":{"self":[{"href":"https:\/\/blog.sub.uni-hamburg.de\/index.php?rest_route=\/wp\/v2\/posts\/13064","targetHints":{"allow":["GET"]}}],"collection":[{"href":"https:\/\/blog.sub.uni-hamburg.de\/index.php?rest_route=\/wp\/v2\/posts"}],"about":[{"href":"https:\/\/blog.sub.uni-hamburg.de\/index.php?rest_route=\/wp\/v2\/types\/post"}],"author":[{"embeddable":true,"href":"https:\/\/blog.sub.uni-hamburg.de\/index.php?rest_route=\/wp\/v2\/users\/6"}],"replies":[{"embeddable":true,"href":"https:\/\/blog.sub.uni-hamburg.de\/index.php?rest_route=%2Fwp%2Fv2%2Fcomments&post=13064"}],"version-history":[{"count":7,"href":"https:\/\/blog.sub.uni-hamburg.de\/index.php?rest_route=\/wp\/v2\/posts\/13064\/revisions"}],"predecessor-version":[{"id":13071,"href":"https:\/\/blog.sub.uni-hamburg.de\/index.php?rest_route=\/wp\/v2\/posts\/13064\/revisions\/13071"}],"wp:attachment":[{"href":"https:\/\/blog.sub.uni-hamburg.de\/index.php?rest_route=%2Fwp%2Fv2%2Fmedia&parent=13064"}],"wp:term":[{"taxonomy":"category","embeddable":true,"href":"https:\/\/blog.sub.uni-hamburg.de\/index.php?rest_route=%2Fwp%2Fv2%2Fcategories&post=13064"},{"taxonomy":"post_tag","embeddable":true,"href":"https:\/\/blog.sub.uni-hamburg.de\/index.php?rest_route=%2Fwp%2Fv2%2Ftags&post=13064"}],"curies":[{"name":"wp","href":"https:\/\/api.w.org\/{rel}","templated":true}]}}