{"id":13024,"date":"2013-10-24T16:21:04","date_gmt":"2013-10-24T14:21:04","guid":{"rendered":"http:\/\/blog.sub.uni-hamburg.de\/?p=13024"},"modified":"2013-11-13T13:14:17","modified_gmt":"2013-11-13T12:14:17","slug":"die-bibliothek-der-juedischen-gemeinde-12-11","status":"publish","type":"post","link":"https:\/\/blog.sub.uni-hamburg.de\/?p=13024","title":{"rendered":"Die Bibliothek der J\u00fcdischen Gemeinde (12.11.)"},"content":{"rendered":"<p><a href=\"https:\/\/blog.sub.uni-hamburg.de\/wp-content\/uploads\/2013\/10\/jgb-titel-gr.jpg\"><img loading=\"lazy\" decoding=\"async\" style=\"float: left; padding-left: 0px; margin-right: 35px; margin-bottom: 25px;\" title=\"J\u00fcdische Gemeinde Hamburg\" alt=\"J\u00fcdische Gemeinde Hamburg\" src=\"https:\/\/blog.sub.uni-hamburg.de\/wp-content\/uploads\/2013\/10\/jgb-titel.jpg\" width=\"300\" height=\"363\" \/><\/a><\/p>\n<p>Die <a href=\"http:\/\/www.jghh.org\/de\/\">J\u00fcdische Gemeinde Hamburg<\/a> und die Staats- und Universit\u00e4tsbibliothek heben gemeinsam einen Kulturschatz.<\/p>\n<p>Zum feierlichen Start der Kooperation sprechen die Direktorin der Staats- und Universit\u00e4tsbibliothek Hamburg, Prof. Dr. Gabriele Beger, die Zweite B\u00fcrgermeisterin der Freien und Hansestadt Hamburg, Dr. Dorothee Stapelfeldt, und Dr. Ulriche Lohse von der J\u00fcdischen Gemeinde Hamburg. Mit einem Vortrag von Prof. Dr. Thomas Willi \u201eDas Buch im j\u00fcdischen Hamburg\u201c. Musik mit Jakob Neubauer (Bajan) und Eduard Tachalow (Violine).<\/p>\n<p><a href=\"http:\/\/www.jghh.org\/de\/\"><img loading=\"lazy\" decoding=\"async\" style=\"float: right; padding-right: 0px; margin-left: 25px; margin-bottom: 25px;\" title=\"J\u00fcdische Gemeinde Hamburg\" alt=\"J\u00fcdische Gemeinde Hamburg\" src=\"https:\/\/blog.sub.uni-hamburg.de\/wp-content\/uploads\/2013\/10\/jghh-logo.jpg\" width=\"158\" height=\"146\" \/><\/a> <strong>Programm:<\/strong><\/p>\n<ul>\n<li>Musik:<br \/>\nAntonio Vivaldi \u201eLargo e pianissimo sempre\u201c aus dem \u201eFr\u00fchling\u201c<br \/>\nEs spielen Jakob Neubauer (Bajan) und Eduard Tachalow (Violine)<\/li>\n<li>Begr\u00fc\u00dfung:<br \/>\nProf. Dr. Gabriele Beger, Direktorin der Staats- und Universit\u00e4tsbibliothek<br \/>\nHamburg Carl von Ossietzky<\/li>\n<li>Gru\u00dfwort:<br \/>\nDr. Dorothee Stapelfeldt, Zweite B\u00fcrgermeisterin der Freien und<br \/>\nHansestadt Hamburg<\/li>\n<li>Gru\u00dfwort:<br \/>\nDr. Ulrich Lohse, J\u00fcdische Gemeinde Hamburg<\/li>\n<li>Musik:<br \/>\nErnest Bloch \u201eBaal Schem\u201c Teil 2 \u201eNigun\u201c<\/li>\n<li>Festvortrag:<br \/>\nProf. Dr. Thomas Willi \u201eDas Buch im j\u00fcdischen Hamburg\u201c<\/li>\n<li>Musik:<br \/>\nBoris Fomin, Efim Jourist: Tango \u201eDer weite Weg\u201c<\/li>\n<\/ul>\n<p>Ort: <strong>Lichthof im Altbau der Bibliothek<\/strong>, Eingang Edmund-Siemers-Allee \/ Ecke Grindelallee, Eintritt frei<br \/>\n<strong>Dienstag 12. November 2013<\/strong>, 18 Uhr.<\/p>\n","protected":false},"excerpt":{"rendered":"<p>Die J\u00fcdische Gemeinde Hamburg und die Staats- und Universit\u00e4tsbibliothek heben gemeinsam einen Kulturschatz. Zum feierlichen Start der Kooperation sprechen die Direktorin der Staats- und Universit\u00e4tsbibliothek Hamburg, Prof. Dr. Gabriele Beger, die Zweite B\u00fcrgermeisterin der Freien und Hansestadt Hamburg, Dr. Dorothee Stapelfeldt, und Dr. Ulriche Lohse von der J\u00fcdischen Gemeinde Hamburg. Mit einem Vortrag von Prof. [&hellip;]<\/p>\n","protected":false},"author":19,"featured_media":0,"comment_status":"open","ping_status":"open","sticky":false,"template":"","format":"standard","meta":{"jetpack_post_was_ever_published":false,"_jetpack_newsletter_access":"","_jetpack_dont_email_post_to_subs":false,"_jetpack_newsletter_tier_id":0,"_jetpack_memberships_contains_paywalled_content":false,"_jetpack_memberships_contains_paid_content":false,"footnotes":"","jetpack_publicize_message":"","jetpack_publicize_feature_enabled":true,"jetpack_social_post_already_shared":false,"jetpack_social_options":{"image_generator_settings":{"template":"highway","default_image_id":0,"font":"","enabled":false},"version":2}},"categories":[9,17],"tags":[29],"class_list":["post-13024","post","type-post","status-publish","format-standard","hentry","category-ausstellungen","category-hamburg","tag-hamburg-2"],"views":6615,"jetpack_publicize_connections":[],"jetpack_featured_media_url":"","jetpack_shortlink":"https:\/\/wp.me\/p7hfNR-3o4","jetpack-related-posts":[{"id":16631,"url":"https:\/\/blog.sub.uni-hamburg.de\/?p=16631","url_meta":{"origin":13024,"position":0},"title":"ZEIT-Stiftung unterst\u00fctzt Erschlie\u00dfung der J\u00fcdischen Gemeindebibliothek","author":"MG","date":"26-11-14","format":false,"excerpt":"Staatsbibliothek beginnt mit Erschlie\u00dfung der J\u00fcdischen Gemeindebibliothek dank\u00a0 Unterst\u00fctzung der ZEIT-Stiftung und anderer Spender Im November 2013 schloss die Staats- und Universit\u00e4tsbibliothek Hamburg einen Kooperationsvertrag mit der J\u00fcdischen Gemeinde, in dem die Aufbewahrung der Gemeindebibliothek geregelt wurde mit dem Ziel, die Bibliothek wieder \u00f6ffentlich zug\u00e4nglich zu machen. Im Laufe des\u2026","rel":"","context":"In &quot;Aktuelles&quot;","block_context":{"text":"Aktuelles","link":"https:\/\/blog.sub.uni-hamburg.de\/?cat=1"},"img":{"alt_text":"Kommentar zu dem Mischnatraktat Pirqe Awot, Hamburg, 1715","src":"https:\/\/i0.wp.com\/blog.sub.uni-hamburg.de\/wp-content\/uploads\/2014\/11\/13_JGB_Titel-247x300.jpg?resize=350%2C200&ssl=1","width":350,"height":200},"classes":[]},{"id":18600,"url":"https:\/\/blog.sub.uni-hamburg.de\/?p=18600","url_meta":{"origin":13024,"position":1},"title":"Wer B\u00fccher findet, lese darin\u2026 Die Bibliothek der J\u00fcdischen Gemeinde Hamburg (6.11.-3.1.)","author":"Markus Trapp","date":"21-10-15","format":false,"excerpt":"Nach einer leidvollen Geschichte und langer Irrfahrt gelangte die Bibliothek der J\u00fcdischen Gemeinde, gegr\u00fcndet 1909, in die Obhut der Staats- und Universit\u00e4tsbibliothek. Der 2012 geschlossene Depositumsvertrag zwischen der J\u00fcdischen Gemeinde Hamburg und der Staats- und Universit\u00e4tsbibliothek bildet die Grundlage f\u00fcr die Verzeichnung und Restaurierung der J\u00fcdischen Gemeindebibliothek. Es grenzt an\u2026","rel":"","context":"In &quot;Ausstellungen und Veranstaltungen&quot;","block_context":{"text":"Ausstellungen und Veranstaltungen","link":"https:\/\/blog.sub.uni-hamburg.de\/?cat=9"},"img":{"alt_text":"","src":"https:\/\/i0.wp.com\/blog.sub.uni-hamburg.de\/wp-content\/uploads\/2015\/10\/jued-gem-bibl-det.jpg?resize=350%2C200&ssl=1","width":350,"height":200},"classes":[]},{"id":4936,"url":"https:\/\/blog.sub.uni-hamburg.de\/?p=4936","url_meta":{"origin":13024,"position":2},"title":"Ausstellung \u201eDer gute Ort \u2013 400 Jahre J\u00fcdischer Friedhof Altona\u201c (31.5.-17.7.)","author":"Markus Trapp","date":"16-05-11","format":false,"excerpt":"Er\u00f6ffnung der Ausstellung \u201eDer gute Ort \u2013 400 Jahre J\u00fcdischer Friedhof Altona\u201c Dienstag, 31. Mai 2011, 18 Uhr (c.t.) Begr\u00fc\u00dfung: Prof. Dr. Gabriele Beger, Direktorin der Staats- und Universit\u00e4tsbibliothek Gru\u00dfworte: Olaf Scholz, Erster B\u00fcrgermeister der Freien und Hansestadt Hamburg Karin Feingold, J\u00fcdische Gemeinde Hamburg Einf\u00fchrung: Irina von Jagow, Stiftung Denkmalpflege\u2026","rel":"","context":"In &quot;Ausstellungen und Veranstaltungen&quot;","block_context":{"text":"Ausstellungen und Veranstaltungen","link":"https:\/\/blog.sub.uni-hamburg.de\/?cat=9"},"img":{"alt_text":"Der gute Ort \u2013 400 Jahre J\u00fcdischer Friedhof Altona","src":"https:\/\/i0.wp.com\/blog.sub.uni-hamburg.de\/wp-content\/uploads\/2011\/05\/400j-jued-friedhof.jpg?resize=350%2C200&ssl=1","width":350,"height":200},"classes":[]},{"id":39149,"url":"https:\/\/blog.sub.uni-hamburg.de\/?p=39149","url_meta":{"origin":13024,"position":3},"title":"Buchvorstellung und Gespr\u00e4ch: \u201eZeter und Mordio\u201c mit Jens Cornils (26.11.)","author":"Markus Trapp","date":"12-11-24","format":false,"excerpt":"Dienstag, 26.11., 18 Uhr, Vortragsraum. Vor 300 Jahren, am 19. September 1724, verstarb die j\u00fcdische Kauffrau Glikl bas Jehuda Leib \u2013 heute bekannt als Gl\u00fcckel von Hameln \u2013, die 1647 vermutlich in Hamburg geboren wurde. Sie schreibt in sieben B\u00fcchern \u00fcber das Leben in Hamburg und Altona, Gemeindeangelegenheiten, private Begebenheiten\u2026","rel":"","context":"In &quot;Ausstellungen und Veranstaltungen&quot;","block_context":{"text":"Ausstellungen und Veranstaltungen","link":"https:\/\/blog.sub.uni-hamburg.de\/?cat=9"},"img":{"alt_text":"","src":"https:\/\/i0.wp.com\/blog.sub.uni-hamburg.de\/wp-content\/uploads\/2024\/11\/zetermordio.jpg?resize=350%2C200&ssl=1","width":350,"height":200},"classes":[]},{"id":15082,"url":"https:\/\/blog.sub.uni-hamburg.de\/?p=15082","url_meta":{"origin":13024,"position":4},"title":"Die Bibliothek der J\u00fcdischen Gemeinde bekommt Besuch","author":"Markus Trapp","date":"30-06-14","format":false,"excerpt":"Von Maria Kesting Im Rahmen des Besuchsprogramms f\u00fcr j\u00fcdische ehemalige Hamburger B\u00fcrgerinnen und B\u00fcrger haben am Sonntag, dem 22.6.2014, 20 Personen aus den USA, Uruguay, Israel und anderen L\u00e4ndern die Staats- und Universit\u00e4tsbibliothek besucht. Das Besuchsprogramm existiert in Hamburg seit langem. Genau beschrieben und analysiert hat es Lina Nikou in\u2026","rel":"","context":"In &quot;Aktuelles&quot;","block_context":{"text":"Aktuelles","link":"https:\/\/blog.sub.uni-hamburg.de\/?cat=1"},"img":{"alt_text":"Die Bibliothek der J\u00fcdischen Gemeinde bekommt Besuch","src":"https:\/\/i0.wp.com\/blog.sub.uni-hamburg.de\/wp-content\/uploads\/2014\/06\/besbibjuedgem1-kl.jpg?resize=350%2C200&ssl=1","width":350,"height":200},"classes":[]},{"id":25151,"url":"https:\/\/blog.sub.uni-hamburg.de\/?p=25151","url_meta":{"origin":13024,"position":5},"title":"Restitution an die J\u00fcdische Gemeinde Hamburg","author":"Redaktion","date":"25-06-18","format":false,"excerpt":"Von Maria Kesting (SUB Hamburg) und Nadine Kulbe (SLUB Dresden). \u201e\u2026bem\u00fchen wir uns bislang leider vergeblich, die R\u00fcckf\u00fchrung unserer Bibliothek aus Dresden zu erwirken.\u201c So zu lesen in einem Schreiben der J\u00fcdischen Gemeinde Hamburg an die Staats- und Universit\u00e4tsbibliothek Hamburg (SUB) vom 3. Juli 1955. Dass dieses Bem\u00fchen einmal von\u2026","rel":"","context":"In &quot;Aktuelles&quot;","block_context":{"text":"Aktuelles","link":"https:\/\/blog.sub.uni-hamburg.de\/?cat=1"},"img":{"alt_text":"","src":"https:\/\/i0.wp.com\/blog.sub.uni-hamburg.de\/wp-content\/uploads\/2018\/06\/juedgembibhh.jpg?resize=350%2C200&ssl=1","width":350,"height":200},"classes":[]}],"jetpack_sharing_enabled":true,"_links":{"self":[{"href":"https:\/\/blog.sub.uni-hamburg.de\/index.php?rest_route=\/wp\/v2\/posts\/13024","targetHints":{"allow":["GET"]}}],"collection":[{"href":"https:\/\/blog.sub.uni-hamburg.de\/index.php?rest_route=\/wp\/v2\/posts"}],"about":[{"href":"https:\/\/blog.sub.uni-hamburg.de\/index.php?rest_route=\/wp\/v2\/types\/post"}],"author":[{"embeddable":true,"href":"https:\/\/blog.sub.uni-hamburg.de\/index.php?rest_route=\/wp\/v2\/users\/19"}],"replies":[{"embeddable":true,"href":"https:\/\/blog.sub.uni-hamburg.de\/index.php?rest_route=%2Fwp%2Fv2%2Fcomments&post=13024"}],"version-history":[{"count":5,"href":"https:\/\/blog.sub.uni-hamburg.de\/index.php?rest_route=\/wp\/v2\/posts\/13024\/revisions"}],"predecessor-version":[{"id":13150,"href":"https:\/\/blog.sub.uni-hamburg.de\/index.php?rest_route=\/wp\/v2\/posts\/13024\/revisions\/13150"}],"wp:attachment":[{"href":"https:\/\/blog.sub.uni-hamburg.de\/index.php?rest_route=%2Fwp%2Fv2%2Fmedia&parent=13024"}],"wp:term":[{"taxonomy":"category","embeddable":true,"href":"https:\/\/blog.sub.uni-hamburg.de\/index.php?rest_route=%2Fwp%2Fv2%2Fcategories&post=13024"},{"taxonomy":"post_tag","embeddable":true,"href":"https:\/\/blog.sub.uni-hamburg.de\/index.php?rest_route=%2Fwp%2Fv2%2Ftags&post=13024"}],"curies":[{"name":"wp","href":"https:\/\/api.w.org\/{rel}","templated":true}]}}