{"id":12905,"date":"2013-10-14T13:35:57","date_gmt":"2013-10-14T11:35:57","guid":{"rendered":"http:\/\/blog.sub.uni-hamburg.de\/?p=12905"},"modified":"2013-11-22T09:09:47","modified_gmt":"2013-11-22T08:09:47","slug":"die-geschichte-der-mesoamerikanistik-24-10","status":"publish","type":"post","link":"https:\/\/blog.sub.uni-hamburg.de\/?p=12905","title":{"rendered":"Die Geschichte der Mesoamerikanistik (24.10.)"},"content":{"rendered":"<p><strong>Forschungsreisende, fremde Kulturen und wirtschaftliches Interesse: Die Geschichte der Mesoamerikanistik. Ein Vortrag von <a href=\"http:\/\/uni-hamburg.academia.edu\/MoniqueSchuster\">Monique Lorberg M.A.<\/a><\/strong><\/p>\n<p>Update \u2013 Vortrag zum Nachschauen auf <a href=\"http:\/\/lecture2go.uni-hamburg.de\/veranstaltungen\/-\/v\/15481\">Lecture2go<\/a>:<\/p>\n<p><iframe src='http:\/\/lecture2go.uni-hamburg.de\/liferay-jedi-theme\/javascript\/strobe\/embed.html?src=http:\/\/fms.rrz.uni-hamburg.de\/vod\/_definst_\/mp4:7l2gl2go039\/avws1321_lorberg_2013-10-24_18-15.mp4\/manifest.f4m&#038;poster=http:\/\/lecture2go.uni-hamburg.de\/images\/avws1321_lorberg_2013-10-24_18-15.jpg' class='strobemediaplayback-video-player' type='text\/html' width='600' height='300'> <\/iframe><\/p>\n<p><img loading=\"lazy\" decoding=\"async\" src=\"https:\/\/blog.sub.uni-hamburg.de\/wp-content\/uploads\/2013\/10\/guatemala_sw-1.jpg\" alt=\"Markt in Guatemala\" title=\"Markt in Guatemala\" width=\"350\" height=\"237\" style=\"float: right; padding-right:0px; margin-left:25px; margin-bottom:25px;\" \/> Nach dem Vorbild Humboldts entstand im 19. Jh. das Interesse an den mittel- und s\u00fcdamerikanischen Kulturen. Es waren zuerst nur Wissenschaftler, die die ersten Fundst\u00fccke und Menschen mitbrachten und in Museen und V\u00f6lkerschauen ausstellten. Ende des 19. Jhs. begannen auch deutsche Kaufleute nicht nur ihre Handelsbeziehungen mit Mittel- und S\u00fcdamerika und ihren wirtschaftlichen Gewinn im Auge zu haben, sondern auch die dortigen Kulturen, die indigenen Sprachen und arch\u00e4ologischen Funde zu erforschen. Letztendlich entstand die Mesoamerikanistik als Studienfach an einigen deutschen Universit\u00e4ten. Diese Forschungsrichtung bestach von Anfang an durch ihre Vielf\u00e4ltigkeit.<\/p>\n<p>Seitdem die Mesoamerikanistik als eigene Forschungsrichtung besteht, war und ist sie immer wieder verschiedenen politischen und \u00f6konomischen Str\u00f6mungen ausgesetzt. Dieser Vortrag setzt sich kritisch mit der Geschichte der deutschen Mesoamerikanistik auseinander und er\u00f6rtert deren Entwicklung bis zur heutigen Zeit.<\/p>\n<div style=\"float: right; padding-right:0px; margin-left:25px; margin-bottom:0px;\"> <div id=\"attachment_12907\" style=\"width: 160px\" class=\"wp-caption alignleft\"><a href=\"https:\/\/blog.sub.uni-hamburg.de\/wp-content\/uploads\/2013\/10\/franztermer.jpg\"><img loading=\"lazy\" decoding=\"async\" aria-describedby=\"caption-attachment-12907\" data-attachment-id=\"12907\" data-permalink=\"https:\/\/blog.sub.uni-hamburg.de\/?attachment_id=12907\" data-orig-file=\"https:\/\/blog.sub.uni-hamburg.de\/wp-content\/uploads\/2013\/10\/franztermer.jpg\" data-orig-size=\"150,212\" data-comments-opened=\"1\" data-image-meta=\"{&quot;aperture&quot;:&quot;0&quot;,&quot;credit&quot;:&quot;&quot;,&quot;camera&quot;:&quot;&quot;,&quot;caption&quot;:&quot;&quot;,&quot;created_timestamp&quot;:&quot;0&quot;,&quot;copyright&quot;:&quot;&quot;,&quot;focal_length&quot;:&quot;0&quot;,&quot;iso&quot;:&quot;0&quot;,&quot;shutter_speed&quot;:&quot;0&quot;,&quot;title&quot;:&quot;&quot;}\" data-image-title=\"franztermer\" data-image-description=\"&lt;p&gt;Franz Termer (1894 \u2013 1968): Direktor des Hamburgischen Museums f\u00fcr V\u00f6lkerkunde&lt;\/p&gt;\n\" data-image-caption=\"&lt;p&gt;Franz Termer (1894 \u2013 1968): Direktor des Hamburgischen Museums f\u00fcr V\u00f6lkerkunde&lt;\/p&gt;\n\" data-large-file=\"https:\/\/blog.sub.uni-hamburg.de\/wp-content\/uploads\/2013\/10\/franztermer.jpg\" src=\"https:\/\/blog.sub.uni-hamburg.de\/wp-content\/uploads\/2013\/10\/franztermer.jpg\" alt=\"Franz Termer (1894 \u2013 1968): Direktor des Hamburgischen Museums f\u00fcr V\u00f6lkerkunde\" title=\"Franz Termer (1894 \u2013 1968): Direktor des Hamburgischen Museums f\u00fcr V\u00f6lkerkunde\" width=\"150\" height=\"212\" class=\"size-full wp-image-12907\" \/><\/a><p id=\"caption-attachment-12907\" class=\"wp-caption-text\">Franz Termer (1894 \u2013 1968): Direktor des Hamburgischen Museums f\u00fcr V\u00f6lkerkunde. Foto: <a href=\"http:\/\/linga-bibliothek.de\/mesoamerikanistik.htm\">Linga-Bibliothek<\/a><\/p><\/div> <\/div>\n<p> Ein Zitat aus der Arbeit von Monique Lorberg, \u00ab<a href=\"http:\/\/www.academia.edu\/1672139\/Ethnographische_Untersuchungen_unter_wirtschaftlichen_Gesichtspunkten_Die_Forschungen_und_Reisen_Franz_Termers_in_Guatemala\">Ethnographische Untersuchungen unter wirtschaftlichen Gesichtspunkten:Die Forschungen und Reisen Franz Termers in Guatemala<\/a>\u00bb:<\/p>\n<blockquote><p>Franz Termer, der Gr\u00fcnder der Hamburger Mesoamerikanistik und von 1935 bis 1962 Direktor des V\u00f6lkerkundemuseums in Hamburg, unternahm in den 1920er Jahren seine erste fast 3,5 Jahre dauernde Exkursion durch Mittelamerika. In dieser Zeit unternahm er 7 Reisen durch Guatemala. Franz Termer war ein typischer Forscher seiner Zeit. Er hatte zwar das Studium der Geographie absolviert, entdeckte jedoch bald auch sein Interesse f\u00fcr die Altamerikanistik.Somit waren es nicht nur geologische, morphologische, topographische und wirtschaftliche Untersuchungen, die ihn nach Mittelamerika f\u00fchrten.<\/p><\/blockquote>\n<p><strong>Donnerstag, 24. Oktober 2013, 18.15 Uhr<br \/>\nOrt: Vortragsraum, 1. Etage, Eintritt frei<\/strong><\/p>\n<p>Eine Veranstaltung der <a href=\"http:\/\/www.mesoamerika-gesellschaft.de\/\">Mesoamerika-Gesellschaft Hamburg<\/a> in Zusammenarbeit mit der Staats- und Universit\u00e4tsbibliothek Hamburg und der <a href=\"http:\/\/www.sub.uni-hamburg.de\/bibliotheken\/sammlungen\/linga-bibliothek.html\">Linga-Bibliothek<\/a> f\u00fcr Lateinamerika-Forschung im Rahmen der <em>Aktionswoche <a href=\"http:\/\/www.hamburger-bibliotheken.de\/\">Treffpunkt Bibliothek<\/a><\/em>.<\/p>\n","protected":false},"excerpt":{"rendered":"<p>Forschungsreisende, fremde Kulturen und wirtschaftliches Interesse: Die Geschichte der Mesoamerikanistik. Ein Vortrag von Monique Lorberg M.A. Update \u2013 Vortrag zum Nachschauen auf Lecture2go: Nach dem Vorbild Humboldts entstand im 19. Jh. das Interesse an den mittel- und s\u00fcdamerikanischen Kulturen. Es waren zuerst nur Wissenschaftler, die die ersten Fundst\u00fccke und Menschen mitbrachten und in Museen und [&hellip;]<\/p>\n","protected":false},"author":19,"featured_media":0,"comment_status":"open","ping_status":"open","sticky":false,"template":"","format":"standard","meta":{"jetpack_post_was_ever_published":false,"_jetpack_newsletter_access":"","_jetpack_dont_email_post_to_subs":false,"_jetpack_newsletter_tier_id":0,"_jetpack_memberships_contains_paywalled_content":false,"_jetpack_memberships_contains_paid_content":false,"footnotes":"","jetpack_publicize_message":"","jetpack_publicize_feature_enabled":true,"jetpack_social_post_already_shared":false,"jetpack_social_options":{"image_generator_settings":{"template":"highway","default_image_id":0,"font":"","enabled":false},"version":2}},"categories":[9],"tags":[],"class_list":["post-12905","post","type-post","status-publish","format-standard","hentry","category-ausstellungen"],"views":10117,"jetpack_publicize_connections":[],"jetpack_featured_media_url":"","jetpack_shortlink":"https:\/\/wp.me\/p7hfNR-3m9","jetpack-related-posts":[{"id":11594,"url":"https:\/\/blog.sub.uni-hamburg.de\/?p=11594","url_meta":{"origin":12905,"position":0},"title":"Carlos Linga: Zwischen Hamburg und Mexiko, Macht und Mesoamerikanistik (25.4.)","author":"Markus Trapp","date":"11-04-13","format":false,"excerpt":"Donnerstag, 25. April 2013, 18.15 Uhr Dr. Wiebke von Deylen: Zwischen Hamburg und Mexiko, Macht und Mesoamerikanistik. Der Kaufmann Carlos Linga und die Linga-Bibliothek f\u00fcr Lateinamerika-Forschung Wie kam ein junger Kaufmannsgehilfe aus einer Ottensener Arbeiterfamilie Ende des 19.Jahrhunderts nach Mexiko und wurde zum Freund eines sp\u00e4teren Pr\u00e4sidenten? In welcher Weise\u2026","rel":"","context":"In &quot;Ausstellungen und Veranstaltungen&quot;","block_context":{"text":"Ausstellungen und Veranstaltungen","link":"https:\/\/blog.sub.uni-hamburg.de\/?cat=9"},"img":{"alt_text":"","src":"https:\/\/i0.wp.com\/blog.sub.uni-hamburg.de\/wp-content\/uploads\/2013\/04\/linga-mesoamerika-04-2013.jpg?resize=350%2C200&ssl=1","width":350,"height":200,"srcset":"https:\/\/i0.wp.com\/blog.sub.uni-hamburg.de\/wp-content\/uploads\/2013\/04\/linga-mesoamerika-04-2013.jpg?resize=350%2C200&ssl=1 1x, https:\/\/i0.wp.com\/blog.sub.uni-hamburg.de\/wp-content\/uploads\/2013\/04\/linga-mesoamerika-04-2013.jpg?resize=525%2C300&ssl=1 1.5x"},"classes":[]},{"id":17574,"url":"https:\/\/blog.sub.uni-hamburg.de\/?p=17574","url_meta":{"origin":12905,"position":1},"title":"Zeitreise zu den Azteken und Maya (15.5.-28.6.)","author":"Markus Trapp","date":"27-04-15","format":false,"excerpt":"Zeitreise zu den Azteken und Maya \u2013 zum 50. Jubil\u00e4um der Mesoamerikanistik in Hamburg Die von der Mesoamerika-Gesellschaft Hamburg kuratierte Ausstellung widmet sich der Forschung der Mesoamerikanistik, die in diesem Jahr ihr 50 j\u00e4hriges Bestehen an der Universit\u00e4t Hamburg feiert. Gezeigt werden Exponate aus der Linga Bibliothek f\u00fcr Lateinamerika-Forschung (Info),\u2026","rel":"","context":"In &quot;Ausstellungen und Veranstaltungen&quot;","block_context":{"text":"Ausstellungen und Veranstaltungen","link":"https:\/\/blog.sub.uni-hamburg.de\/?cat=9"},"img":{"alt_text":"","src":"https:\/\/i0.wp.com\/blog.sub.uni-hamburg.de\/wp-content\/uploads\/2015\/04\/PL-Christoph_weiditz-2-150x107.jpg?resize=350%2C200&ssl=1","width":350,"height":200,"srcset":"https:\/\/i0.wp.com\/blog.sub.uni-hamburg.de\/wp-content\/uploads\/2015\/04\/PL-Christoph_weiditz-2-150x107.jpg?resize=350%2C200&ssl=1 1x, https:\/\/i0.wp.com\/blog.sub.uni-hamburg.de\/wp-content\/uploads\/2015\/04\/PL-Christoph_weiditz-2-150x107.jpg?resize=525%2C300&ssl=1 1.5x, https:\/\/i0.wp.com\/blog.sub.uni-hamburg.de\/wp-content\/uploads\/2015\/04\/PL-Christoph_weiditz-2-150x107.jpg?resize=700%2C400&ssl=1 2x, https:\/\/i0.wp.com\/blog.sub.uni-hamburg.de\/wp-content\/uploads\/2015\/04\/PL-Christoph_weiditz-2-150x107.jpg?resize=1050%2C600&ssl=1 3x, https:\/\/i0.wp.com\/blog.sub.uni-hamburg.de\/wp-content\/uploads\/2015\/04\/PL-Christoph_weiditz-2-150x107.jpg?resize=1400%2C800&ssl=1 4x"},"classes":[]},{"id":16121,"url":"https:\/\/blog.sub.uni-hamburg.de\/?p=16121","url_meta":{"origin":12905,"position":2},"title":"Der Kollaps der Klassischen Maya (30.10.)","author":"Markus Trapp","date":"13-10-14","format":false,"excerpt":"Eine gute Nachricht f\u00fcr alle Interessenten der Kultur und Geschichte Mesoamerikas: Auch im Wintersemester werden die sehr beliebten Veranstaltungen der Ringvorlesung Mesoamerika fortgef\u00fchrt. Den Auftakt bildet am Donnerstag, den 30. Oktober 2014, um 18:15 Uhr der Vortrag Der Kollaps der Klassischen Maya \u2013 Zusammenbruch der politischen Institutionen statt Klimawandel und\u2026","rel":"","context":"In &quot;Ausstellungen und Veranstaltungen&quot;","block_context":{"text":"Ausstellungen und Veranstaltungen","link":"https:\/\/blog.sub.uni-hamburg.de\/?cat=9"},"img":{"alt_text":"Palast in Palenque, Chiapas, Mexiko","src":"https:\/\/i0.wp.com\/blog.sub.uni-hamburg.de\/wp-content\/uploads\/2014\/10\/palenque-chiapas-det.jpg?resize=350%2C200&ssl=1","width":350,"height":200},"classes":[]},{"id":13484,"url":"https:\/\/blog.sub.uni-hamburg.de\/?p=13484","url_meta":{"origin":12905,"position":3},"title":"Ringvorlesung Mesoamerika \u2013 Von Bergg\u00f6ttern und Genmais (23.1.)","author":"Markus Trapp","date":"08-01-14","format":false,"excerpt":"Dr. Lars Fr\u00fchsorge (Universit\u00e4t Hamburg): Von Bergg\u00f6ttern und Genmais - Indigene Lebenswelten heute Update \u2013 Vortrag zum Nachschauen auf Lecture2go: Die Kontinuit\u00e4t indianischer Kulturen nach Ankunft der Europ\u00e4er ist eines der zentralen Themen der Mesoamerikanistik. So hat sich etwa der alte Ritualkalender in einigen entlegenen Gemeinden bis heute erhalten. Allerdings\u2026","rel":"","context":"In &quot;Ausstellungen und Veranstaltungen&quot;","block_context":{"text":"Ausstellungen und Veranstaltungen","link":"https:\/\/blog.sub.uni-hamburg.de\/?cat=9"},"img":{"alt_text":"","src":"https:\/\/i0.wp.com\/blog.sub.uni-hamburg.de\/wp-content\/uploads\/2014\/01\/14-Meso-Fruehsorge-1c.jpg?resize=350%2C200&ssl=1","width":350,"height":200,"srcset":"https:\/\/i0.wp.com\/blog.sub.uni-hamburg.de\/wp-content\/uploads\/2014\/01\/14-Meso-Fruehsorge-1c.jpg?resize=350%2C200&ssl=1 1x, https:\/\/i0.wp.com\/blog.sub.uni-hamburg.de\/wp-content\/uploads\/2014\/01\/14-Meso-Fruehsorge-1c.jpg?resize=525%2C300&ssl=1 1.5x"},"classes":[]},{"id":16451,"url":"https:\/\/blog.sub.uni-hamburg.de\/?p=16451","url_meta":{"origin":12905,"position":4},"title":"Die Maya-Inschriften in Nordwestyukatan (27.11.)","author":"Markus Trapp","date":"10-11-14","format":false,"excerpt":"Vortrag von Dr. Daniel Gra\u00f1a-Behrens: Die Maya-Inschriften in Nordwestyukatan - Einf\u00fchrung und Aktuelles aus der Forschung Die Erforschung der Maya-Inschriften hat in den letzten 30 Jahren tiefe Einblicke in Kultur und Schrift der klassischen Maya (300 bis 1000 n. Chr.) erlaubt. Abseits des Interesses an den unz\u00e4hligen Schriftzeugnissen aus dem\u2026","rel":"","context":"In &quot;Ausstellungen und Veranstaltungen&quot;","block_context":{"text":"Ausstellungen und Veranstaltungen","link":"https:\/\/blog.sub.uni-hamburg.de\/?cat=9"},"img":{"alt_text":"","src":"https:\/\/i0.wp.com\/blog.sub.uni-hamburg.de\/wp-content\/uploads\/2014\/11\/meso-11-2014-ChichenItza.jpg?resize=350%2C200&ssl=1","width":350,"height":200},"classes":[]},{"id":16280,"url":"https:\/\/blog.sub.uni-hamburg.de\/?p=16280","url_meta":{"origin":12905,"position":5},"title":"Mesoamerika-Vortrag &#8220;Vom Hungern und vom Essen\u2026&#8221; (6.11.)","author":"Markus Trapp","date":"22-10-14","format":false,"excerpt":"Vortrag von Dr. Ute Sch\u00fcren: Vom Hungern und vom Essen: Nahrungsmangel und Konsumwandel im Gefolge der spanischen Eroberung Yucat\u00e1ns Unter dem Begriff des \"Columbian Exchange\"werden vielf\u00e4ltige Prozesse des G\u00fctertausches, aber auch die Verbreitung von verheerenden Sch\u00e4dlingen und Krankheiten zwischen den Kontinenten sowie die Folgen dieser Prozesse nach der Entdeckung Amerikas\u2026","rel":"","context":"In &quot;Ausstellungen und Veranstaltungen&quot;","block_context":{"text":"Ausstellungen und Veranstaltungen","link":"https:\/\/blog.sub.uni-hamburg.de\/?cat=9"},"img":{"alt_text":"","src":"https:\/\/i0.wp.com\/blog.sub.uni-hamburg.de\/wp-content\/uploads\/2014\/10\/Mesos-Nov-Truthuehner.jpg?resize=350%2C200&ssl=1","width":350,"height":200,"srcset":"https:\/\/i0.wp.com\/blog.sub.uni-hamburg.de\/wp-content\/uploads\/2014\/10\/Mesos-Nov-Truthuehner.jpg?resize=350%2C200&ssl=1 1x, https:\/\/i0.wp.com\/blog.sub.uni-hamburg.de\/wp-content\/uploads\/2014\/10\/Mesos-Nov-Truthuehner.jpg?resize=525%2C300&ssl=1 1.5x"},"classes":[]}],"jetpack_sharing_enabled":true,"_links":{"self":[{"href":"https:\/\/blog.sub.uni-hamburg.de\/index.php?rest_route=\/wp\/v2\/posts\/12905","targetHints":{"allow":["GET"]}}],"collection":[{"href":"https:\/\/blog.sub.uni-hamburg.de\/index.php?rest_route=\/wp\/v2\/posts"}],"about":[{"href":"https:\/\/blog.sub.uni-hamburg.de\/index.php?rest_route=\/wp\/v2\/types\/post"}],"author":[{"embeddable":true,"href":"https:\/\/blog.sub.uni-hamburg.de\/index.php?rest_route=\/wp\/v2\/users\/19"}],"replies":[{"embeddable":true,"href":"https:\/\/blog.sub.uni-hamburg.de\/index.php?rest_route=%2Fwp%2Fv2%2Fcomments&post=12905"}],"version-history":[{"count":10,"href":"https:\/\/blog.sub.uni-hamburg.de\/index.php?rest_route=\/wp\/v2\/posts\/12905\/revisions"}],"predecessor-version":[{"id":13188,"href":"https:\/\/blog.sub.uni-hamburg.de\/index.php?rest_route=\/wp\/v2\/posts\/12905\/revisions\/13188"}],"wp:attachment":[{"href":"https:\/\/blog.sub.uni-hamburg.de\/index.php?rest_route=%2Fwp%2Fv2%2Fmedia&parent=12905"}],"wp:term":[{"taxonomy":"category","embeddable":true,"href":"https:\/\/blog.sub.uni-hamburg.de\/index.php?rest_route=%2Fwp%2Fv2%2Fcategories&post=12905"},{"taxonomy":"post_tag","embeddable":true,"href":"https:\/\/blog.sub.uni-hamburg.de\/index.php?rest_route=%2Fwp%2Fv2%2Ftags&post=12905"}],"curies":[{"name":"wp","href":"https:\/\/api.w.org\/{rel}","templated":true}]}}