{"id":12828,"date":"2013-10-04T13:45:13","date_gmt":"2013-10-04T11:45:13","guid":{"rendered":"http:\/\/blog.sub.uni-hamburg.de\/?p=12828"},"modified":"2013-10-11T08:45:36","modified_gmt":"2013-10-11T06:45:36","slug":"hamburger-mozartiana-praesentation-einer-besonderen-schenkung-10-10","status":"publish","type":"post","link":"https:\/\/blog.sub.uni-hamburg.de\/?p=12828","title":{"rendered":"Hamburger Mozartiana &#8211; Pr\u00e4sentation einer besonderen Schenkung (10.10.)"},"content":{"rendered":"<p><a href=\"https:\/\/blog.sub.uni-hamburg.de\/wp-content\/uploads\/2013\/10\/13-Mozartiana-13.jpg\"><img loading=\"lazy\" decoding=\"async\" src=\"https:\/\/blog.sub.uni-hamburg.de\/wp-content\/uploads\/2013\/10\/13-Mozartiana.jpg\" alt=\"Hamburger Mozartiana\" title=\"Hamburger Mozartiana\"  width=\"300\" height=\"463\" style=\"float: right; padding-right:0px; padding-top:3px; margin-left:25px; margin-bottom:25px;\" \/><\/a>Der langj\u00e4hrige Direktor eines Hamburger Musikverlags, J\u00fcrgen K\u00f6chel, zugleich passionierter Mozart-Sammler und Vorsitzender der <a href=\"www.komponistengesellschaften.de\/mozart-gesellschaft-hamburg\"> Hamburger Mozart-Gesellschaft<\/a>, hat einen wesentlichen Teil seiner bedeutenden Mozart-Sammlung, namentlich alle Noten, B\u00fccher, Bilder und Dokumente zum Thema Mozart und Hamburg, darunter zahlreiche Erst- und Fr\u00fchdrucke aus Hamburger Verlagen sowie einige Handschriften, der Staats- und Universit\u00e4tsbibliothek Hamburg zum Geschenk gemacht.<\/p>\n<p>Die Veranstaltung gibt Ihnen die M\u00f6glichkeit, ganz besondere Einblicke in die Sammlung zu erhalten. Die Schenkung erg\u00e4nzt auf willkommene Weise die in der Musiksammlung der Staatsbibliothek bereits vorhandenen Mozartiana. Zusammengenommen entsteht nun ein recht vollst\u00e4ndiges Bild von der Bedeutung, die Hamburg f\u00fcr eine fr\u00fche Verbreitung von Mozarts Kompositionen im Allgemeinen und speziell im Norden hatte. Neben einf\u00fchrenden Worten des Musikreferenten der Staatsbibliothek, Dr. J\u00fcrgen Neubacher, wird J\u00fcrgen K\u00f6chel von seinen Erfahrungen als Mozart-Sammler berichten. Au\u00dferdem erklingen Klavier-Kompositionen Mozarts, vorgetragen von dem aus Riga stammenden Klavierduo Sana Villerusha und Francis Gailus. Erg\u00e4nzend werden einige Kostbarkeiten aus dem Bestand der Schenkung J\u00fcrgen K\u00f6chel gezeigt.<\/p>\n<p><strong>Donnerstag, 10. Oktober 2013, 18 Uhr<br \/>\nOrt: Vortragsraum, 1. Etage, Eintritt frei<\/strong><\/p>\n","protected":false},"excerpt":{"rendered":"<p>Der langj\u00e4hrige Direktor eines Hamburger Musikverlags, J\u00fcrgen K\u00f6chel, zugleich passionierter Mozart-Sammler und Vorsitzender der Hamburger Mozart-Gesellschaft, hat einen wesentlichen Teil seiner bedeutenden Mozart-Sammlung, namentlich alle Noten, B\u00fccher, Bilder und Dokumente zum Thema Mozart und Hamburg, darunter zahlreiche Erst- und Fr\u00fchdrucke aus Hamburger Verlagen sowie einige Handschriften, der Staats- und Universit\u00e4tsbibliothek Hamburg zum Geschenk gemacht. Die [&hellip;]<\/p>\n","protected":false},"author":19,"featured_media":0,"comment_status":"open","ping_status":"open","sticky":false,"template":"","format":"standard","meta":{"jetpack_post_was_ever_published":false,"_jetpack_newsletter_access":"","_jetpack_dont_email_post_to_subs":false,"_jetpack_newsletter_tier_id":0,"_jetpack_memberships_contains_paywalled_content":false,"_jetpack_memberships_contains_paid_content":false,"footnotes":"","jetpack_publicize_message":"","jetpack_publicize_feature_enabled":true,"jetpack_social_post_already_shared":false,"jetpack_social_options":{"image_generator_settings":{"template":"highway","default_image_id":0,"font":"","enabled":false},"version":2}},"categories":[9,17],"tags":[],"class_list":["post-12828","post","type-post","status-publish","format-standard","hentry","category-ausstellungen","category-hamburg"],"views":7517,"jetpack_publicize_connections":[],"jetpack_featured_media_url":"","jetpack_shortlink":"https:\/\/wp.me\/p7hfNR-3kU","jetpack-related-posts":[{"id":17743,"url":"https:\/\/blog.sub.uni-hamburg.de\/?p=17743","url_meta":{"origin":12828,"position":0},"title":"Lichthof-Konzert Bell\u2018arte Salzburg: Mozarts Vorbilder (27.5.)","author":"Markus Trapp","date":"08-05-15","format":false,"excerpt":"Das Konzertprogramm stellt Kompositionen vor, die Wolfgang Amadeus Mozart besonders sch\u00e4tzte und selbst bearbeitete. Den jungen Mozart beeindruckte vor allem die galante Schreibweise der S\u00f6hne Johann Sebastian Bachs. Clavier-Sonaten von Johann Christian Bach arbeitete Mozart zu Konzerten f\u00fcr Cembalo und Streicher um, indem er sie instrumentierte und mit Kadenzen versah.\u2026","rel":"","context":"In &quot;Ausstellungen und Veranstaltungen&quot;","block_context":{"text":"Ausstellungen und Veranstaltungen","link":"https:\/\/blog.sub.uni-hamburg.de\/?cat=9"},"img":{"alt_text":"","src":"https:\/\/i0.wp.com\/blog.sub.uni-hamburg.de\/wp-content\/uploads\/2015\/05\/Plakat-MOZARTs-VORBILDER.jpg?resize=350%2C200&ssl=1","width":350,"height":200},"classes":[]},{"id":62,"url":"https:\/\/blog.sub.uni-hamburg.de\/?p=62","url_meta":{"origin":12828,"position":1},"title":"Mozart und Hamburg","author":"AC","date":"05-01-06","format":false,"excerpt":"2006 ist Mozartjahr - auch bei uns in der Stabi. Unsere Ausstellung zu \"Mozart und Hamburg\" er\u00f6ffnet am 27. Januar und liefert eine Antwort auf die Frage: \"Stammt die Champagner-Arie aus Hamburg?\"","rel":"","context":"In &quot;Ausstellungen und Veranstaltungen&quot;","block_context":{"text":"Ausstellungen und Veranstaltungen","link":"https:\/\/blog.sub.uni-hamburg.de\/?cat=9"},"img":{"alt_text":"","src":"","width":0,"height":0},"classes":[]},{"id":75,"url":"https:\/\/blog.sub.uni-hamburg.de\/?p=75","url_meta":{"origin":12828,"position":2},"title":"Mozart in der Stabi","author":"AC","date":"02-02-06","format":false,"excerpt":"Unsere p\u00fcnktlich zu dessen 250. Geburtstag er\u00f6ffnete Mozart-Ausstellung erfreut sich gro\u00dfer Beliebtheit. Um die Exponate noch besser kennenzulernen, bieten wir ab sofort immer mittwochs um 17 Uhr eine F\u00fchrung durch die Ausstellung an. Au\u00dferdem kann man an unserer Kasse f\u00fcr 12 Euro einen reich bebilderten Katalog erwerben. Was die Presse\u2026","rel":"","context":"In &quot;Ausstellungen und Veranstaltungen&quot;","block_context":{"text":"Ausstellungen und Veranstaltungen","link":"https:\/\/blog.sub.uni-hamburg.de\/?cat=9"},"img":{"alt_text":"","src":"","width":0,"height":0},"classes":[]},{"id":6820,"url":"https:\/\/blog.sub.uni-hamburg.de\/?p=6820","url_meta":{"origin":12828,"position":3},"title":"Neue Aktion: Patenbuch des Monats \u2013 Mozart-Manuskript","author":"Markus Trapp","date":"04-01-12","format":false,"excerpt":"Im Rahmen ihrer Aktion Edlen B\u00fcchern Pate stehen stellt die Stabi ab Januar 2012 unter der Rubrik \u201ePatenbuch des Monats\u201c regelm\u00e4\u00dfig ein interessantes Werk vor, das f\u00fcr seine Restaurierung auf einen Buchpaten wartet. Den Auftakt macht mit dem Mozart-Manuskript f\u00fcr das Schauspielhaus am G\u00e4nsemarkt ein Werk, das stellvertretend f\u00fcr die\u2026","rel":"","context":"In &quot;Sch\u00e4tze der Stabi&quot;","block_context":{"text":"Sch\u00e4tze der Stabi","link":"https:\/\/blog.sub.uni-hamburg.de\/?cat=13"},"img":{"alt_text":"Patenbuch des Monats","src":"https:\/\/i0.wp.com\/blog.sub.uni-hamburg.de\/wp-content\/uploads\/2011\/12\/patenbuch-des-monats-logo.jpg?resize=350%2C200&ssl=1","width":350,"height":200},"classes":[]},{"id":4785,"url":"https:\/\/blog.sub.uni-hamburg.de\/?p=4785","url_meta":{"origin":12828,"position":4},"title":"Pr\u00e4sentation von Lea Singers neuem Roman \u201eDer Opernheld\u201c (18.5.)","author":"Markus Trapp","date":"27-04-11","format":false,"excerpt":"Tiefe Gef\u00fchle, Charme und Witz - Hommage an die Oper und die Liebe Der Schauspieler Axel Milberg liest aus dem neuen Roman \u201eDer Opernheld\u201c von Lea Singer, moderiert von Annemarie Stoltenberg. Zum Roman informiert der Verlag Hoffmann und Campe: Wenn die Liebe zur italienischen Oper so m\u00e4chtig wird, dass nichts\u2026","rel":"","context":"In &quot;Ausstellungen und Veranstaltungen&quot;","block_context":{"text":"Ausstellungen und Veranstaltungen","link":"https:\/\/blog.sub.uni-hamburg.de\/?cat=9"},"img":{"alt_text":"Der Opernheld - Lea Singer","src":"https:\/\/i0.wp.com\/blog.sub.uni-hamburg.de\/wp-content\/uploads\/2011\/04\/opernheld-lichthof.jpg?resize=350%2C200&ssl=1","width":350,"height":200,"srcset":"https:\/\/i0.wp.com\/blog.sub.uni-hamburg.de\/wp-content\/uploads\/2011\/04\/opernheld-lichthof.jpg?resize=350%2C200&ssl=1 1x, https:\/\/i0.wp.com\/blog.sub.uni-hamburg.de\/wp-content\/uploads\/2011\/04\/opernheld-lichthof.jpg?resize=525%2C300&ssl=1 1.5x"},"classes":[]},{"id":15872,"url":"https:\/\/blog.sub.uni-hamburg.de\/?p=15872","url_meta":{"origin":12828,"position":5},"title":"Doppelkonzert \u201eDer Hamburger Bach\u201c (4.10.)","author":"Markus Trapp","date":"11-09-14","format":false,"excerpt":"C.P.E. Bach als \u201eOriginalgenie\u201c seiner Zeit (Teil I) - C.P.E. Bach als Vision\u00e4r der Klassik (Teil II) Im ersten Teil des Konzerts wird die facettenreiche und ausdrucksvolle Seite C. P. E. Bachs mit Kammermusikwerken und Liedern gezeigt. Seine Ausdruckmittel und seine k\u00fcnstlerische Haltung weisen eine N\u00e4he zur Dichtkunst Klopstocks auf.\u2026","rel":"","context":"In &quot;Ausstellungen und Veranstaltungen&quot;","block_context":{"text":"Ausstellungen und Veranstaltungen","link":"https:\/\/blog.sub.uni-hamburg.de\/?cat=9"},"img":{"alt_text":"Doppelkonzert 'Der Hamburger Bach'","src":"https:\/\/i0.wp.com\/blog.sub.uni-hamburg.de\/wp-content\/uploads\/2014\/09\/barock-2014.jpg?resize=350%2C200&ssl=1","width":350,"height":200},"classes":[]}],"jetpack_sharing_enabled":true,"_links":{"self":[{"href":"https:\/\/blog.sub.uni-hamburg.de\/index.php?rest_route=\/wp\/v2\/posts\/12828","targetHints":{"allow":["GET"]}}],"collection":[{"href":"https:\/\/blog.sub.uni-hamburg.de\/index.php?rest_route=\/wp\/v2\/posts"}],"about":[{"href":"https:\/\/blog.sub.uni-hamburg.de\/index.php?rest_route=\/wp\/v2\/types\/post"}],"author":[{"embeddable":true,"href":"https:\/\/blog.sub.uni-hamburg.de\/index.php?rest_route=\/wp\/v2\/users\/19"}],"replies":[{"embeddable":true,"href":"https:\/\/blog.sub.uni-hamburg.de\/index.php?rest_route=%2Fwp%2Fv2%2Fcomments&post=12828"}],"version-history":[{"count":5,"href":"https:\/\/blog.sub.uni-hamburg.de\/index.php?rest_route=\/wp\/v2\/posts\/12828\/revisions"}],"predecessor-version":[{"id":12845,"href":"https:\/\/blog.sub.uni-hamburg.de\/index.php?rest_route=\/wp\/v2\/posts\/12828\/revisions\/12845"}],"wp:attachment":[{"href":"https:\/\/blog.sub.uni-hamburg.de\/index.php?rest_route=%2Fwp%2Fv2%2Fmedia&parent=12828"}],"wp:term":[{"taxonomy":"category","embeddable":true,"href":"https:\/\/blog.sub.uni-hamburg.de\/index.php?rest_route=%2Fwp%2Fv2%2Fcategories&post=12828"},{"taxonomy":"post_tag","embeddable":true,"href":"https:\/\/blog.sub.uni-hamburg.de\/index.php?rest_route=%2Fwp%2Fv2%2Ftags&post=12828"}],"curies":[{"name":"wp","href":"https:\/\/api.w.org\/{rel}","templated":true}]}}