{"id":12655,"date":"2013-09-11T16:21:18","date_gmt":"2013-09-11T14:21:18","guid":{"rendered":"http:\/\/blog.sub.uni-hamburg.de\/?p=12655"},"modified":"2013-12-05T15:32:01","modified_gmt":"2013-12-05T14:32:01","slug":"griechische-handschriften-in-norddeutschen-sammlungen-25-9-1-12","status":"publish","type":"post","link":"https:\/\/blog.sub.uni-hamburg.de\/?p=12655","title":{"rendered":"Griechische Handschriften in norddeutschen Sammlungen (25.9.-1.12.)"},"content":{"rendered":"<p><a href=\"https:\/\/blog.sub.uni-hamburg.de\/wp-content\/uploads\/2013\/09\/Griech-Hsn-Plakat-gr.jpg\"><img loading=\"lazy\" decoding=\"async\" src=\"https:\/\/blog.sub.uni-hamburg.de\/wp-content\/uploads\/2013\/09\/Griech-Hsn-Plakat.jpg\" alt=\"Von Homer bis Aristoteles: Griechische Handschriften in norddeutschen Sammlungen\" title=\"Von Homer bis Aristoteles: Griechische Handschriften in norddeutschen Sammlungen\" width=\"350\" height=\"494\" style=\"float: right; padding-right:0px; margin-left:25px; margin-bottom:25px;\" \/><\/a> <strong>Ausstellung: Von Homer bis Aristoteles: Griechische Handschriften in norddeutschen Sammlungen<\/strong><\/p>\n<p>Anl\u00e4sslich des internationalen Kolloquiums \u201e<a href=\"http:\/\/www.cipg.eu\/2013\">Griechische Handschriften: gestern, heute und morgen<\/a>\u201c bietet die Staats- und Universit\u00e4tsbibliothek einen Blick in ihre Sammlung griechischer Handschriften und auf Exponate aus norddeutschen Bibliotheken. In der Ausstellung werden mehr als 50 Handschriften, Papyri und annotierte Fr\u00fchdrucke pr\u00e4sentiert. <\/p>\n<p>So kommen einige der wichtigsten Beispiele der griechisch-byzantinischen Manuskriptkultur aus norddeutschen Bibliotheksbest\u00e4nden an einem Ort zusammen. Diese Schrifttr\u00e4ger spiegeln die wissenschaftlichen und privaten Interessen ihrer Besitzer wider, deren Wirken entscheidend dazu beitrug, dass die ehemalige Stadtbibliothek zu einem Ort des Forschens wurde. Zu den Exponaten geh\u00f6ren ein Homer-Papyrus aus der Zeit um 200 v. Chr., Manuskripte des 9.-17. Jahrhunderts, darunter illuminierte Evangelien und Miniaturhandschriften, sowie prachtvolle Drucke des 15. und 16. Jahrhunderts.<br \/>\n<!--more--><br \/>\n<a href=\"https:\/\/blog.sub.uni-hamburg.de\/wp-content\/uploads\/2013\/09\/Griech-Hsn-Plakat-gr.jpg\"><img loading=\"lazy\" decoding=\"async\" src=\"https:\/\/blog.sub.uni-hamburg.de\/wp-content\/uploads\/2013\/09\/Griech-Hsn-detail.jpg\" alt=\"Von Homer bis Aristoteles: Griechische Handschriften in norddeutschen Sammlungen\" title=\"Von Homer bis Aristoteles: Griechische Handschriften in norddeutschen Sammlungen\" width=\"400\" height=\"230\" style=\"float: left; padding-left:0px; padding-top:5px; margin-right:35px; margin-bottom:20px;\" \/><\/a>Zur Ausstellung erscheint ein reich bebilderter Katalog, der in Kooperation mit dem Institut f\u00fcr Griechische und Lateinische Philologie erarbeitet wurde.<\/p>\n<p>Ort: Ausstellungsraum, Erdgeschoss, Eintritt frei.<br \/>\nDauer der Ausstellung:<br \/>\n25. September bis 1.\u00a0Dezember 2013<br \/>\n\u00a0<\/p>\n<p><strong>Er\u00f6ffnung der Ausstellung:<\/strong><br \/>\nDienstag, 24. 9. 2013, 19 Uhr<br \/>\nim Lichthof im Altbau der Bibliothek,  Eingang Edmund-Siemers-Allee \/Ecke Grindelallee<\/p>\n<p>Begr\u00fc\u00dfung:<br \/>\n<strong>Prof. Dr. Gabriele Beger<\/strong>, Direktorin der Bibliothek<br \/>\nGru\u00dfwort:<br \/>\n<strong><a href=\"http:\/\/www.uni-hamburg.de\/iaa\/boeger.html\">Prof. Dr. Astrid B\u00f6ger<\/a><\/strong>, Sprecherin des Fachbereichs Sprache, Literatur, Medien II<br \/>\nZur Geschichte der griechischen Handschriften der Staats- und Universit\u00e4tsbibliothek Hamburg:<br \/>\n<strong>Dr. Hans-Walter Stork<\/strong>, Kurator f\u00fcr Handschriften<\/p>\n","protected":false},"excerpt":{"rendered":"<p>Ausstellung: Von Homer bis Aristoteles: Griechische Handschriften in norddeutschen Sammlungen Anl\u00e4sslich des internationalen Kolloquiums \u201eGriechische Handschriften: gestern, heute und morgen\u201c bietet die Staats- und Universit\u00e4tsbibliothek einen Blick in ihre Sammlung griechischer Handschriften und auf Exponate aus norddeutschen Bibliotheken. In der Ausstellung werden mehr als 50 Handschriften, Papyri und annotierte Fr\u00fchdrucke pr\u00e4sentiert. So kommen einige der [&hellip;]<\/p>\n","protected":false},"author":19,"featured_media":0,"comment_status":"open","ping_status":"open","sticky":false,"template":"","format":"standard","meta":{"jetpack_post_was_ever_published":false,"_jetpack_newsletter_access":"","_jetpack_dont_email_post_to_subs":false,"_jetpack_newsletter_tier_id":0,"_jetpack_memberships_contains_paywalled_content":false,"_jetpack_memberships_contains_paid_content":false,"footnotes":"","jetpack_publicize_message":"","jetpack_publicize_feature_enabled":true,"jetpack_social_post_already_shared":false,"jetpack_social_options":{"image_generator_settings":{"template":"highway","default_image_id":0,"font":"","enabled":false},"version":2}},"categories":[9],"tags":[],"class_list":["post-12655","post","type-post","status-publish","format-standard","hentry","category-ausstellungen"],"views":12500,"jetpack_publicize_connections":[],"jetpack_featured_media_url":"","jetpack_shortlink":"https:\/\/wp.me\/p7hfNR-3i7","jetpack-related-posts":[{"id":33562,"url":"https:\/\/blog.sub.uni-hamburg.de\/?p=33562","url_meta":{"origin":12655,"position":0},"title":"Neues Portal f\u00fcr Asiatische und Afrikanische Handschriften &#8211; Qalamos.net","author":"Redaktion","date":"27-06-22","format":false,"excerpt":"Von Dr. Katrin Janz-Wenig. Am 28. Juni 2022 wird ein neues Portal f\u00fcr asiatische und afrikanische Handschriften in Deutschland online gehen: Qalamos.net. Der Neologismus, gebildet aus dem griechischen Wort f\u00fcr Rohrfeder (Kalamos) und dem arabischen Wort f\u00fcr Schilfrohr (Qalam), steht stellvertretend f\u00fcr aufgezeichnete Schriften verschiedener Manuskriptkulturen der \u00f6stlichen Welt. Das\u2026","rel":"","context":"In &quot;Aktuelles&quot;","block_context":{"text":"Aktuelles","link":"https:\/\/blog.sub.uni-hamburg.de\/?cat=1"},"img":{"alt_text":"","src":"https:\/\/i0.wp.com\/blog.sub.uni-hamburg.de\/wp-content\/uploads\/2022\/06\/cod_in_scrin_75v.jpg?resize=350%2C200&ssl=1","width":350,"height":200},"classes":[]},{"id":1745,"url":"https:\/\/blog.sub.uni-hamburg.de\/?p=1745","url_meta":{"origin":12655,"position":1},"title":"Handschriften- und Textforschung heute. Eine Konferenz zur \u00dcberlieferung der griechischen Literatur (21.4.-22.4.)","author":"BP","date":"08-04-10","format":false,"excerpt":"Die dreit\u00e4gige Konferenz, deren erste beide Tagessitzungen in den R\u00e4umen der Staats- und Universit\u00e4tsbibliothek stattfinden, besch\u00e4ftigt sich mit fachwissenschaftlichen Fragen aus dem Kontext der handschriftlichen \u00dcberlieferung griechischer Literatur. Neben Schwerpunkten auf antiken Texten und der Buchproduktion in Byzanz reicht das Spektrum bis zur Rezeption in und nach der Renaissance. Der\u2026","rel":"","context":"In &quot;Ausstellungen und Veranstaltungen&quot;","block_context":{"text":"Ausstellungen und Veranstaltungen","link":"https:\/\/blog.sub.uni-hamburg.de\/?cat=9"},"img":{"alt_text":"","src":"https:\/\/i0.wp.com\/blog.sub.uni-hamburg.de\/wp-content\/uploads\/2010\/04\/teuchos_logo.png?resize=350%2C200&ssl=1","width":350,"height":200},"classes":[]},{"id":15797,"url":"https:\/\/blog.sub.uni-hamburg.de\/?p=15797","url_meta":{"origin":12655,"position":2},"title":"Tora \u2013 Talmud \u2013 Siddur. Hebr\u00e4ische Handschriften der Staatsbibliothek (18.9.-26.10.)","author":"Markus Trapp","date":"01-09-14","format":false,"excerpt":"Erstmals wird in einer Ausstellung die umfangreiche und bedeutende Sammlung hebr\u00e4ischer Handschriften in Hamburg der \u00d6ffentlichkeit vorgestellt. Mit ungef\u00e4hr 550 Manuskripten geh\u00f6rt sie zu den gro\u00dfen Sammlungen weltweit. Dieser Reichtum verdankt sich der Sammelleidenschaft gro\u00dfer Gelehrter wie Conrad von Uffenbach, Christian Theophil Unger, Joachim Morgenweg und vor allem des Hamburger\u2026","rel":"","context":"In &quot;Ausstellungen und Veranstaltungen&quot;","block_context":{"text":"Ausstellungen und Veranstaltungen","link":"https:\/\/blog.sub.uni-hamburg.de\/?cat=9"},"img":{"alt_text":"","src":"https:\/\/i0.wp.com\/blog.sub.uni-hamburg.de\/wp-content\/uploads\/2014\/09\/hebraica-fuehrung.jpg?resize=350%2C200&ssl=1","width":350,"height":200,"srcset":"https:\/\/i0.wp.com\/blog.sub.uni-hamburg.de\/wp-content\/uploads\/2014\/09\/hebraica-fuehrung.jpg?resize=350%2C200&ssl=1 1x, https:\/\/i0.wp.com\/blog.sub.uni-hamburg.de\/wp-content\/uploads\/2014\/09\/hebraica-fuehrung.jpg?resize=525%2C300&ssl=1 1.5x"},"classes":[]},{"id":12569,"url":"https:\/\/blog.sub.uni-hamburg.de\/?p=12569","url_meta":{"origin":12655,"position":3},"title":"Exponat des Monats September: Griechische Drucke aus der Offizin des Henri Estienne","author":"Markus Trapp","date":"09-09-13","format":false,"excerpt":"Im September findet in Hamburg das VIII. Internationale Kolloquium f\u00fcr griechische Pal\u00e4ographie statt. Aus diesem Anlass werden als \u201eExponate des Monats\u201c einige griechische Drucke aus der hoch bedeutsamen Offizin des Heinrich Stephanus des J\u00fcngeren gezeigt, die aus verschiedenen Privat- und Schulbibliotheken Hamburgs stammend mittlerweile zu den Best\u00e4nden der SUB Hamburg\u2026","rel":"","context":"In &quot;Ausstellungen und Veranstaltungen&quot;","block_context":{"text":"Ausstellungen und Veranstaltungen","link":"https:\/\/blog.sub.uni-hamburg.de\/?cat=9"},"img":{"alt_text":"","src":"https:\/\/i0.wp.com\/blog.sub.uni-hamburg.de\/wp-content\/uploads\/2013\/08\/13-Expo-September.jpg?resize=350%2C200&ssl=1","width":350,"height":200},"classes":[]},{"id":572,"url":"https:\/\/blog.sub.uni-hamburg.de\/?p=572","url_meta":{"origin":12655,"position":4},"title":"5000 Jahre Schriftkultur &#8211; Stabi-Vortrag in der SPIEGEL-Kantine","author":"MG","date":"08-06-07","format":false,"excerpt":"Die Staats- und Universit\u00e4tsbibliothek pr\u00e4sentiert: \u201eErlebnis Buch \u2013 5000 Jahre Schriftkultur in der Staats- und Universit\u00e4tsbibliothek\u201c Vortrag von Dr. Hans-Walter Stork, Staats- und Universit\u00e4tsbibliothek Hamburg Montag, 18. Juni 2007, 19 Uhr in der SPIEGEL-Kantine, Einlass ab 18.30, Eintritt frei In der Reihe \u201eNachgedacht\u201c, initiiert von geisteswissenschaftlichen Institutionen in Hamburg aus\u2026","rel":"","context":"In &quot;Ausstellungen und Veranstaltungen&quot;","block_context":{"text":"Ausstellungen und Veranstaltungen","link":"https:\/\/blog.sub.uni-hamburg.de\/?cat=9"},"img":{"alt_text":"nachgedacht. Geisteswissenschaften in Hamburg","src":"https:\/\/i0.wp.com\/blog.sub.uni-hamburg.de\/wp-content\/uploads\/2007\/01\/nachgedacht_button.gif?resize=350%2C200&ssl=1","width":350,"height":200},"classes":[]},{"id":1137,"url":"https:\/\/blog.sub.uni-hamburg.de\/?p=1137","url_meta":{"origin":12655,"position":5},"title":"Neu: Platon und Kant im Volltext","author":"MM","date":"02-12-08","format":false,"excerpt":"Platon im Kontext Plus: griechisch-deutsche Parallelausgabe mit allen \u00dcbersetzungen und Einleitungen Friedrich Schleiermachers. Kant im Kontext III enth\u00e4lt die Werke Kants, seinen Briefwechsel, handschriftlichen Nachlass sowie seine Vorlesungen. Beide Datenbanken werden von der Zentralbibliothek Philosophie, Geschichte und Klassische Philologie campusweit angeboten. Weitere Datenbaken zur Klassischen Philologie und zur Philosophie","rel":"","context":"In &quot;E-Medien&quot;","block_context":{"text":"E-Medien","link":"https:\/\/blog.sub.uni-hamburg.de\/?cat=11"},"img":{"alt_text":"","src":"","width":0,"height":0},"classes":[]}],"jetpack_sharing_enabled":true,"_links":{"self":[{"href":"https:\/\/blog.sub.uni-hamburg.de\/index.php?rest_route=\/wp\/v2\/posts\/12655","targetHints":{"allow":["GET"]}}],"collection":[{"href":"https:\/\/blog.sub.uni-hamburg.de\/index.php?rest_route=\/wp\/v2\/posts"}],"about":[{"href":"https:\/\/blog.sub.uni-hamburg.de\/index.php?rest_route=\/wp\/v2\/types\/post"}],"author":[{"embeddable":true,"href":"https:\/\/blog.sub.uni-hamburg.de\/index.php?rest_route=\/wp\/v2\/users\/19"}],"replies":[{"embeddable":true,"href":"https:\/\/blog.sub.uni-hamburg.de\/index.php?rest_route=%2Fwp%2Fv2%2Fcomments&post=12655"}],"version-history":[{"count":12,"href":"https:\/\/blog.sub.uni-hamburg.de\/index.php?rest_route=\/wp\/v2\/posts\/12655\/revisions"}],"predecessor-version":[{"id":12670,"href":"https:\/\/blog.sub.uni-hamburg.de\/index.php?rest_route=\/wp\/v2\/posts\/12655\/revisions\/12670"}],"wp:attachment":[{"href":"https:\/\/blog.sub.uni-hamburg.de\/index.php?rest_route=%2Fwp%2Fv2%2Fmedia&parent=12655"}],"wp:term":[{"taxonomy":"category","embeddable":true,"href":"https:\/\/blog.sub.uni-hamburg.de\/index.php?rest_route=%2Fwp%2Fv2%2Fcategories&post=12655"},{"taxonomy":"post_tag","embeddable":true,"href":"https:\/\/blog.sub.uni-hamburg.de\/index.php?rest_route=%2Fwp%2Fv2%2Ftags&post=12655"}],"curies":[{"name":"wp","href":"https:\/\/api.w.org\/{rel}","templated":true}]}}