{"id":12517,"date":"2013-08-06T16:44:25","date_gmt":"2013-08-06T14:44:25","guid":{"rendered":"http:\/\/blog.sub.uni-hamburg.de\/?p=12517"},"modified":"2013-08-23T10:05:28","modified_gmt":"2013-08-23T08:05:28","slug":"ungarn-rechtsaussen-in-europa-22-8","status":"publish","type":"post","link":"https:\/\/blog.sub.uni-hamburg.de\/?p=12517","title":{"rendered":"Ungarn auf dem Weg ins Abseits (22.8.)"},"content":{"rendered":"<p><a href=\"http:\/\/www.umdenken-boell.de\/calendar\/VA-viewevt.aspx?evtid=12953\"><img loading=\"lazy\" decoding=\"async\" title=\"Heinrich-B\u00f6ll-Stiftung\" alt=\"Heinrich-B\u00f6ll-Stiftung\" src=\"https:\/\/blog.sub.uni-hamburg.de\/wp-content\/uploads\/2011\/02\/umdenken_Logo.jpg\" width=\"300\" height=\"171\" \/><\/a> Die Heinrich B\u00f6ll-Stiftung setzt ihre dreiteilige Veranstaltungsreihe \u201eEuropas Krisen \u2013 Europas Chancen?\u201c nach <a href=\"https:\/\/blog.sub.uni-hamburg.de\/?p=12013\">Portugal<\/a> und <a href=\"https:\/\/blog.sub.uni-hamburg.de\/?p=11828\">Polen<\/a> mit einem Blick nach Ungarn fort.<\/p>\n<p>Ungarn wird seit 2010 von der rechtskonservativen Regierung der Fidesz-Partei unter Ministerpr\u00e4sident  Viktor Orb\u00e1n gef\u00fchrt.  Die Regierung nutzt ihre Zweidrittelmehrheit f\u00fcr eine autorit\u00e4re Wende: Die Rechte von demokratischen Institutionen, wie dem Verfassungsgericht wurden massiv eingeschr\u00e4nkt,  die Medien staatlicher Kontrolle unterstellt und es wurde sich der wichtigsten kulturellen Institutionen des Landes bem\u00e4chtigt. Die seitens der Regierung nicht konsequent abgelehnte rassistische, antisemitische und Roma-feindliche Partei Jobbik (\u201eDie Besseren\u201d) sorgt dabei daf\u00fcr, dass das  \u00f6ffentliche Leben zunehmend von einer Kultur des Hasses und der Ausgrenzung gepr\u00e4gt ist.<\/p>\n<p><a href=\"http:\/\/commons.wikimedia.org\/wiki\/File:Orsz%C3%A1gh%C3%A1z_%28509._sz%C3%A1m%C3%BA_m%C5%B1eml%C3%A9k%29_47.jpg\"><img loading=\"lazy\" decoding=\"async\" src=\"https:\/\/blog.sub.uni-hamburg.de\/wp-content\/uploads\/2013\/08\/budapest-parlament.jpg\" alt=\"Parlament Budapest\" title=\"Parlament Budapest\" width=\"550\" height=\"344\" style=\"float: none;\" \/><\/a><\/p>\n<p>Mit der EU entfachte die Regierung einen Konflikt, den sie als \u201ewirtschaftlichen Freiheitskrieg\u201d propagiert. Was kann die Europ\u00e4ische Union angesichts dieser Lage f\u00fcr Ungarn tun? Welche Handlungsoptionen hat sie? Und welche M\u00f6glichkeiten hat die demokratische Opposition des Landes, angesichts der bevorstehenden Parlamentswahlen im Fr\u00fchjahr 2014?<br \/>\n<!--more--><br \/>\nDer aus Ungarn stammende Schriftsteller Gy\u00f6rgy Dalos wird einen \u00dcberblick zur aktuellen Lage in seinem Heimatland geben.<\/p>\n<p>Mit dem Gr\u00fcnen Europaabgeordneten Jan Philipp Albrecht diskutieren wir im Anschluss die europ\u00e4ische Dimension des Themas. In diesem Zusammenhang wird auch die Studie \u201eEuropa Rechtsau\u00dfen \u2013 Rechtsextremisten und Rechtspopulisten im Europ\u00e4ischen Parlament\u201c vorgestellt, deren Herausgeber er ist.<\/p>\n<p>Mit<br \/>\n<a href=\"http:\/\/www.janalbrecht.eu\/\">Jan Philipp Albrecht<\/a><br \/>\nMitglied EU- Parlament, B\u00fcndnis 90\/Die Gr\u00fcnen<br \/>\nHerausgeber der Studie \u201eEuropa Rechtsau\u00dfen \u2013 Rechtsextremisten und Rechtspopulisten im Europ\u00e4ischen Parlament\u201c<\/p>\n<p><a href=\"http:\/\/de.wikipedia.org\/wiki\/Gy%C3%B6rgy_Dalos\">Gy\u00f6rgy Dalos<\/a><br \/>\nUngarischer Schriftsteller, Berlin<\/p>\n<p>Moderation: Friederike Wirtz, umdenken Heinrich-B\u00f6ll-Stiftung Hbg. e.V.<\/p>\n<p>Eine Veranstaltung von <a href=\"http:\/\/www.umdenken-boell.de\/calendar\/VA-viewevt.aspx?evtid=12953\">umdenken e.V.<\/a> in Kooperation mit <a href=\"http:\/\/www.infopoint-europa.de\/\">europe direct Info-Point Europa<\/a><br \/>\n<strong>Donnerstag, 22. August, 18 Uhr im Vortragsraum der Stabi. Eintritt frei.<\/strong><\/p>\n<p><cite>Foto: Parlamentsgeb\u00e4ude Budapest. Quelle: Wikipedia <a href=\"http:\/\/commons.wikimedia.org\/wiki\/File:Orsz%C3%A1gh%C3%A1z_%28509._sz%C3%A1m%C3%BA_m%C5%B1eml%C3%A9k%29_47.jpg\">monyesz1<\/a> (<a href=\"http:\/\/creativecommons.org\/licenses\/by-sa\/2.5\/hu\/deed.en\">CC BY-SA 2.5 HU<\/a>)<\/cite><\/p>\n","protected":false},"excerpt":{"rendered":"<p>Die Heinrich B\u00f6ll-Stiftung setzt ihre dreiteilige Veranstaltungsreihe \u201eEuropas Krisen \u2013 Europas Chancen?\u201c nach Portugal und Polen mit einem Blick nach Ungarn fort. Ungarn wird seit 2010 von der rechtskonservativen Regierung der Fidesz-Partei unter Ministerpr\u00e4sident Viktor Orb\u00e1n gef\u00fchrt. Die Regierung nutzt ihre Zweidrittelmehrheit f\u00fcr eine autorit\u00e4re Wende: Die Rechte von demokratischen Institutionen, wie dem Verfassungsgericht wurden [&hellip;]<\/p>\n","protected":false},"author":19,"featured_media":0,"comment_status":"open","ping_status":"open","sticky":false,"template":"","format":"standard","meta":{"jetpack_post_was_ever_published":false,"_jetpack_newsletter_access":"","_jetpack_dont_email_post_to_subs":false,"_jetpack_newsletter_tier_id":0,"_jetpack_memberships_contains_paywalled_content":false,"_jetpack_memberships_contains_paid_content":false,"footnotes":"","jetpack_publicize_message":"","jetpack_publicize_feature_enabled":true,"jetpack_social_post_already_shared":false,"jetpack_social_options":{"image_generator_settings":{"template":"highway","default_image_id":0,"font":"","enabled":false},"version":2}},"categories":[9],"tags":[],"class_list":["post-12517","post","type-post","status-publish","format-standard","hentry","category-ausstellungen"],"views":7092,"jetpack_publicize_connections":[],"jetpack_featured_media_url":"","jetpack_shortlink":"https:\/\/wp.me\/p7hfNR-3fT","jetpack-related-posts":[{"id":21200,"url":"https:\/\/blog.sub.uni-hamburg.de\/?p=21200","url_meta":{"origin":12517,"position":0},"title":"Die Ungarn \u2013 von den Aufst\u00e4ndischen zum Volk der Legitimisten (20.10.)","author":"Markus Trapp","date":"06-10-16","format":false,"excerpt":"Zur Rolle der Zivilgesellschaft im politischen Ungarn 1956 und heute. Manuel Sarrazin, MdB, im Gespr\u00e4ch mit Melani Barlai, Andr\u00e1ssy Universit\u00e4t Budapest. Im Oktober j\u00e4hrt sich der Jahrestag des ungarischen Volksaufstands von 1956 zum 60sten Mal. Der Aufstand der Bev\u00f6lkerung, der blutig niedergeschlagen wurde, war das ausl\u00f6sende Moment f\u00fcr die sp\u00e4tere\u2026","rel":"","context":"In &quot;Ausstellungen und Veranstaltungen&quot;","block_context":{"text":"Ausstellungen und Veranstaltungen","link":"https:\/\/blog.sub.uni-hamburg.de\/?cat=9"},"img":{"alt_text":"","src":"https:\/\/i0.wp.com\/blog.sub.uni-hamburg.de\/wp-content\/uploads\/2016\/10\/Boell-Oktober-melani-barlai.jpg?resize=350%2C200&ssl=1","width":350,"height":200,"srcset":"https:\/\/i0.wp.com\/blog.sub.uni-hamburg.de\/wp-content\/uploads\/2016\/10\/Boell-Oktober-melani-barlai.jpg?resize=350%2C200&ssl=1 1x, https:\/\/i0.wp.com\/blog.sub.uni-hamburg.de\/wp-content\/uploads\/2016\/10\/Boell-Oktober-melani-barlai.jpg?resize=525%2C300&ssl=1 1.5x"},"classes":[]},{"id":25047,"url":"https:\/\/blog.sub.uni-hamburg.de\/?p=25047","url_meta":{"origin":12517,"position":1},"title":"1968 in Osteuropa: Reformen und Gegenbewegungen (13., 20. + 27.6.)","author":"Markus Trapp","date":"31-05-18","format":false,"excerpt":"Das Jahr 1968 war in Osteuropa ein Jahr voller dramatischer Ereignisse, verbunden mit gro\u00dfen politischen Hoffnungen und gro\u00dfen Entt\u00e4uschungen. Doch in Deutschland ist die Erinnerung an 1968 bis heute vor allem durch die Studentenproteste in den westlichen L\u00e4ndern gepr\u00e4gt. Was in den sozialistischen Ostblockstaaten passierte ist, abgesehen von den Ereignissen\u2026","rel":"","context":"In &quot;Ausstellungen und Veranstaltungen&quot;","block_context":{"text":"Ausstellungen und Veranstaltungen","link":"https:\/\/blog.sub.uni-hamburg.de\/?cat=9"},"img":{"alt_text":"","src":"https:\/\/i0.wp.com\/blog.sub.uni-hamburg.de\/wp-content\/uploads\/2018\/05\/18-06-osteuropa_ome1968hamburg.jpg?resize=350%2C200&ssl=1","width":350,"height":200},"classes":[]},{"id":21317,"url":"https:\/\/blog.sub.uni-hamburg.de\/?p=21317","url_meta":{"origin":12517,"position":2},"title":"Die Oktoberrevolution 1917 und der Volksaufstand in Ungarn 1956 (3.11.)","author":"Markus Trapp","date":"17-10-16","format":false,"excerpt":"Donnerstag, 3. November 2016, 14.30 bis 21.30 Uhr Aufruhr gegen das Erbe der Revolution - Die Oktoberrevolution 1917 und der Volksaufstand in Ungarn 1956 Mit Spannung darf erwartet werden, wie Russland den hundertsten Jahrestag der Oktoberrevolution begeht. Und wie erinnert sich Ungarn in diesem Herbst an den Volksaufstand im eigenen\u2026","rel":"","context":"In &quot;Ausstellungen und Veranstaltungen&quot;","block_context":{"text":"Ausstellungen und Veranstaltungen","link":"https:\/\/blog.sub.uni-hamburg.de\/?cat=9"},"img":{"alt_text":"","src":"https:\/\/i0.wp.com\/blog.sub.uni-hamburg.de\/wp-content\/uploads\/2016\/10\/16-LzPolbi-Nov.jpg?resize=350%2C200&ssl=1","width":350,"height":200,"srcset":"https:\/\/i0.wp.com\/blog.sub.uni-hamburg.de\/wp-content\/uploads\/2016\/10\/16-LzPolbi-Nov.jpg?resize=350%2C200&ssl=1 1x, https:\/\/i0.wp.com\/blog.sub.uni-hamburg.de\/wp-content\/uploads\/2016\/10\/16-LzPolbi-Nov.jpg?resize=525%2C300&ssl=1 1.5x"},"classes":[]},{"id":25381,"url":"https:\/\/blog.sub.uni-hamburg.de\/?p=25381","url_meta":{"origin":12517,"position":3},"title":"Demokratiesicherung in Europa (30.8.)","author":"Markus Trapp","date":"31-07-18","format":false,"excerpt":"Empfehlungen f\u00fcr eine gesamteurop\u00e4ische Aufgabe. Freiheitliche Demokratien stehen weltweit unter Druck. Die Europ\u00e4ische Union ist von diesen Entwicklungen nicht ausgenommen, wie man an L\u00e4ndern wie Ungarn und Polen sehen kann. Deren Regierungen betreiben einen Staatsumbau, der die Unabh\u00e4ngigkeit von Verfassungsgerichtsbarkeit, Justiz und Medien beschr\u00e4nken soll. Demokratieabbau in einem Mitgliedstaat der\u2026","rel":"","context":"In &quot;Ausstellungen und Veranstaltungen&quot;","block_context":{"text":"Ausstellungen und Veranstaltungen","link":"https:\/\/blog.sub.uni-hamburg.de\/?cat=9"},"img":{"alt_text":"","src":"https:\/\/i0.wp.com\/blog.sub.uni-hamburg.de\/wp-content\/uploads\/2018\/07\/18-08-23-boell-demo2-photo.jpg?resize=350%2C200&ssl=1","width":350,"height":200,"srcset":"https:\/\/i0.wp.com\/blog.sub.uni-hamburg.de\/wp-content\/uploads\/2018\/07\/18-08-23-boell-demo2-photo.jpg?resize=350%2C200&ssl=1 1x, https:\/\/i0.wp.com\/blog.sub.uni-hamburg.de\/wp-content\/uploads\/2018\/07\/18-08-23-boell-demo2-photo.jpg?resize=525%2C300&ssl=1 1.5x"},"classes":[]},{"id":15550,"url":"https:\/\/blog.sub.uni-hamburg.de\/?p=15550","url_meta":{"origin":12517,"position":4},"title":"Fotos und Zeitungsseiten des 1. Weltkriegs: September 1914","author":"Markus Trapp","date":"29-08-14","format":false,"excerpt":"Als Erg\u00e4nzung zur Stabi-App \"Weltbrand 1914\" stellen wir beginnend mit dem Monat Juli 1914 sukzessive eine Bildergalerie mit Fotos aus den ersten Kriegsmonaten ins Netz. Sie zeigt zus\u00e4tzlich zu dem \u00fcber die App zug\u00e4nglichen Material weitere Abbildungen aus der \"Illustrierten Rundschau\", der t\u00e4glichen Beilage des Hamburger Fremdenblatts. So werden Sie\u2026","rel":"","context":"In &quot;E-Medien&quot;","block_context":{"text":"E-Medien","link":"https:\/\/blog.sub.uni-hamburg.de\/?cat=11"},"img":{"alt_text":"","src":"https:\/\/i0.wp.com\/blog.sub.uni-hamburg.de\/wp-content\/uploads\/2014\/08\/1914_09_03_1-106x150.jpg?resize=350%2C200&ssl=1","width":350,"height":200,"srcset":"https:\/\/i0.wp.com\/blog.sub.uni-hamburg.de\/wp-content\/uploads\/2014\/08\/1914_09_03_1-106x150.jpg?resize=350%2C200&ssl=1 1x, https:\/\/i0.wp.com\/blog.sub.uni-hamburg.de\/wp-content\/uploads\/2014\/08\/1914_09_03_1-106x150.jpg?resize=525%2C300&ssl=1 1.5x, https:\/\/i0.wp.com\/blog.sub.uni-hamburg.de\/wp-content\/uploads\/2014\/08\/1914_09_03_1-106x150.jpg?resize=700%2C400&ssl=1 2x, https:\/\/i0.wp.com\/blog.sub.uni-hamburg.de\/wp-content\/uploads\/2014\/08\/1914_09_03_1-106x150.jpg?resize=1050%2C600&ssl=1 3x, https:\/\/i0.wp.com\/blog.sub.uni-hamburg.de\/wp-content\/uploads\/2014\/08\/1914_09_03_1-106x150.jpg?resize=1400%2C800&ssl=1 4x"},"classes":[]},{"id":33544,"url":"https:\/\/blog.sub.uni-hamburg.de\/?p=33544","url_meta":{"origin":12517,"position":5},"title":"Film und Gespr\u00e4ch: Liebe Perla (8.7.)","author":"Markus Trapp","date":"17-06-22","format":false,"excerpt":"Freitag, 8.7., 18 Uhr, Vortragsraum, 1. Etage. Perla Ovici (1921-2001) war eine von zehn Geschwistern, von denen sieben kleinw\u00fcchsig waren. Sie wuchs im heutigen Ungarn auf. Die gesamte Familie \u00fcberlebte nach der Deportation nach Auschwitz die grausamen Experimente Joseph Mengeles, die der Lagerarzt an ihnen und anderen \u201eZwergen\u201c, an Zwillingen\u2026","rel":"","context":"In &quot;Ausstellungen und Veranstaltungen&quot;","block_context":{"text":"Ausstellungen und Veranstaltungen","link":"https:\/\/blog.sub.uni-hamburg.de\/?cat=9"},"img":{"alt_text":"Foto: Shahar Rozen","src":"https:\/\/i0.wp.com\/blog.sub.uni-hamburg.de\/wp-content\/uploads\/2022\/06\/Perla-Hanne.jpg?resize=350%2C200&ssl=1","width":350,"height":200},"classes":[]}],"jetpack_sharing_enabled":true,"_links":{"self":[{"href":"https:\/\/blog.sub.uni-hamburg.de\/index.php?rest_route=\/wp\/v2\/posts\/12517","targetHints":{"allow":["GET"]}}],"collection":[{"href":"https:\/\/blog.sub.uni-hamburg.de\/index.php?rest_route=\/wp\/v2\/posts"}],"about":[{"href":"https:\/\/blog.sub.uni-hamburg.de\/index.php?rest_route=\/wp\/v2\/types\/post"}],"author":[{"embeddable":true,"href":"https:\/\/blog.sub.uni-hamburg.de\/index.php?rest_route=\/wp\/v2\/users\/19"}],"replies":[{"embeddable":true,"href":"https:\/\/blog.sub.uni-hamburg.de\/index.php?rest_route=%2Fwp%2Fv2%2Fcomments&post=12517"}],"version-history":[{"count":6,"href":"https:\/\/blog.sub.uni-hamburg.de\/index.php?rest_route=\/wp\/v2\/posts\/12517\/revisions"}],"predecessor-version":[{"id":12566,"href":"https:\/\/blog.sub.uni-hamburg.de\/index.php?rest_route=\/wp\/v2\/posts\/12517\/revisions\/12566"}],"wp:attachment":[{"href":"https:\/\/blog.sub.uni-hamburg.de\/index.php?rest_route=%2Fwp%2Fv2%2Fmedia&parent=12517"}],"wp:term":[{"taxonomy":"category","embeddable":true,"href":"https:\/\/blog.sub.uni-hamburg.de\/index.php?rest_route=%2Fwp%2Fv2%2Fcategories&post=12517"},{"taxonomy":"post_tag","embeddable":true,"href":"https:\/\/blog.sub.uni-hamburg.de\/index.php?rest_route=%2Fwp%2Fv2%2Ftags&post=12517"}],"curies":[{"name":"wp","href":"https:\/\/api.w.org\/{rel}","templated":true}]}}