{"id":12218,"date":"2013-06-25T13:25:35","date_gmt":"2013-06-25T11:25:35","guid":{"rendered":"http:\/\/blog.sub.uni-hamburg.de\/?p=12218"},"modified":"2013-06-28T08:58:45","modified_gmt":"2013-06-28T06:58:45","slug":"teobert-maler-passion-und-schicksal-lebensgeschichte-eines-maya-forschers-27-6","status":"publish","type":"post","link":"https:\/\/blog.sub.uni-hamburg.de\/?p=12218","title":{"rendered":"Teobert Maler &#8211; Passion und Schicksal. Lebensgeschichte  eines Maya-Forschers (27.6.)"},"content":{"rendered":"<p>Meike B\u00f6ge, Universit\u00e4t Hamburg:<br \/>\n<strong>Teobert Maler &#8211; Passion und Schicksal. Lebensgeschichte eines Maya-Forschers<\/strong> <\/p>\n<p><img loading=\"lazy\" decoding=\"async\" data-attachment-id=\"12220\" data-permalink=\"https:\/\/blog.sub.uni-hamburg.de\/?attachment_id=12220\" data-orig-file=\"https:\/\/blog.sub.uni-hamburg.de\/wp-content\/uploads\/2013\/06\/teobert-maler.jpg\" data-orig-size=\"240,355\" data-comments-opened=\"1\" data-image-meta=\"{&quot;aperture&quot;:&quot;0&quot;,&quot;credit&quot;:&quot;&quot;,&quot;camera&quot;:&quot;&quot;,&quot;caption&quot;:&quot;&quot;,&quot;created_timestamp&quot;:&quot;0&quot;,&quot;copyright&quot;:&quot;&quot;,&quot;focal_length&quot;:&quot;0&quot;,&quot;iso&quot;:&quot;0&quot;,&quot;shutter_speed&quot;:&quot;0&quot;,&quot;title&quot;:&quot;&quot;}\" data-image-title=\"Teobert Maler\" data-image-description=\"\" data-image-caption=\"\" data-large-file=\"https:\/\/blog.sub.uni-hamburg.de\/wp-content\/uploads\/2013\/06\/teobert-maler.jpg\" src=\"https:\/\/blog.sub.uni-hamburg.de\/wp-content\/uploads\/2013\/06\/teobert-maler.jpg\" alt=\"Teobert Maler\" title=\"Teobert Maler\"  width=\"240\" height=\"355\" class=\"alignright size-full wp-image-12220\" srcset=\"https:\/\/blog.sub.uni-hamburg.de\/wp-content\/uploads\/2013\/06\/teobert-maler.jpg 240w, https:\/\/blog.sub.uni-hamburg.de\/wp-content\/uploads\/2013\/06\/teobert-maler-202x300.jpg 202w\" sizes=\"auto, (max-width: 240px) 100vw, 240px\" \/> <a href=\"http:\/\/de.wikipedia.org\/wiki\/Teobert_Maler\">Teobert Maler<\/a> wurde 1842 in Rom als Sohn deutscher Eltern geboren. Nach dem Studium der Baukunst und des Ingenieurwesen in Karlsruhe zog es den 23-J\u00e4hrigen nach \u00d6sterreich. Dort nahm er die \u00f6sterreichische Staatsb\u00fcrgerschaft an und ging mit dem Freiwilligenkorps unter Kaiser Maximilian von Habsburg nach Mexiko. Nachdem der Kaiser hingerichtet und die \u00f6sterreichische Intervention beendet wurde, beschloss Maler &#8211; trotz gro\u00dfer Unruhen &#8211;  in seiner neuen Wahlheimat zu bleiben. Fortan widmete er sein Leben der Maya-Forschung. Ihm sind herausragende Fotografien und die Wiederentdeckung zahlreicher Ruinen zu verdanken. Noch heute werden seine Aufzeichnungen und Aufnahmen als Grundlage f\u00fcr Forschungen zur mesoamerikanischen Geschichte genutzt. <\/p>\n<p>Wer war dieser Reisende? Was waren seine Beweggr\u00fcnde seine Heimat zu verlassen?  Was ist sein Verm\u00e4chtnis f\u00fcr die letzten und kommenden Generationen? <\/p>\n<p>Eine Veranstaltung der <a href=\"http:\/\/www.mesoamerika-gesellschaft.de\/index.html\">Mesoamerika-Gesellschaft Hamburg<\/a> in Zusammenarbeit mit der Staats- und Universit\u00e4tsbibliothek Hamburg und der <a href=\"http:\/\/www.sub.uni-hamburg.de\/bibliotheken\/sammlungen\/linga-bibliothek.html\">Linga-Bibliothek<\/a> f\u00fcr Lateinamerika-Forschung. <\/p>\n<p><strong>Donnerstag, 27. Juni 2013, 18.15 Uhr<br \/>\nOrt: Vortragsraum, 1. Etage, Eintritt frei. <\/strong><\/p>\n<p>Weitere Informationen zu Teobert Maler und seiner Arbeit:<\/p>\n<ul>\n<li>National Geographic: \u00ab<a href=\"http:\/\/newswatch.nationalgeographic.com\/2013\/01\/24\/kaxil-kiuic-a-model-for-conservation-in-the-yucatan-peninsula\/\">Kaxil Kiuic: A Model for Conservation in the Yucatan Peninsula<\/a>\u00bb<\/li>\n<li>Terra X: \u00ab<a href=\"http:\/\/www.zdf.de\/Terra-X\/Maya-Pionier-Teobert-Maler-5205754.html\">Maya-Pionier Teobert Maler<\/a> \u2013 Ein deutscher Fotograf auf Spurensuche\u00bb<\/li>\n<li>Dokumentation \u00abTroja ist \u00fcberall &#8211; Der Siegeszug der Arch\u00e4ologie\u00bb <a href=\"http:\/\/www.3sat.de\/page\/?source=\/specials\/150159\/index.html\">Folge 1\/6 Rivalen im Maya-Reich<\/a>:\n<p><span class=\"embed-youtube\" style=\"text-align:center; display: block;\"><iframe loading=\"lazy\" class=\"youtube-player\" width=\"640\" height=\"360\" src=\"https:\/\/www.youtube.com\/embed\/RyI83a1qFAM?version=3&#038;rel=1&#038;showsearch=0&#038;showinfo=1&#038;iv_load_policy=1&#038;fs=1&#038;hl=de-DE-formal&#038;autohide=2&#038;wmode=transparent\" allowfullscreen=\"true\" style=\"border:0;\" sandbox=\"allow-scripts allow-same-origin allow-popups allow-presentation allow-popups-to-escape-sandbox\"><\/iframe><\/span><\/p>\n<blockquote><p>Der Deutsche Teobert Maler (1842 &#8211; 1917) und der Amerikaner Edward Herbert Thompson (1857 &#8211; 1935) waren besessen von dem Wunsch, als Maya-Forscher Geschichte zu schreiben, jeder auf seine Art. In den Regenw\u00e4ldern von Mexiko und Guatemala entwickelte sich ein Wettlauf um Ruhm, Geld und Anerkennung. &#8211; Der Film beschreibt die Rivalit\u00e4t der beiden Forscher und den heutigen Stand der Wissenschaft.<\/p><\/blockquote>\n<\/li>\n<\/ul>\n","protected":false},"excerpt":{"rendered":"<p>Meike B\u00f6ge, Universit\u00e4t Hamburg: Teobert Maler &#8211; Passion und Schicksal. Lebensgeschichte eines Maya-Forschers Teobert Maler wurde 1842 in Rom als Sohn deutscher Eltern geboren. Nach dem Studium der Baukunst und des Ingenieurwesen in Karlsruhe zog es den 23-J\u00e4hrigen nach \u00d6sterreich. Dort nahm er die \u00f6sterreichische Staatsb\u00fcrgerschaft an und ging mit dem Freiwilligenkorps unter Kaiser Maximilian [&hellip;]<\/p>\n","protected":false},"author":19,"featured_media":0,"comment_status":"open","ping_status":"open","sticky":false,"template":"","format":"standard","meta":{"jetpack_post_was_ever_published":false,"_jetpack_newsletter_access":"","_jetpack_dont_email_post_to_subs":false,"_jetpack_newsletter_tier_id":0,"_jetpack_memberships_contains_paywalled_content":false,"_jetpack_memberships_contains_paid_content":false,"footnotes":"","jetpack_publicize_message":"","jetpack_publicize_feature_enabled":true,"jetpack_social_post_already_shared":false,"jetpack_social_options":{"image_generator_settings":{"template":"highway","default_image_id":0,"font":"","enabled":false},"version":2}},"categories":[9],"tags":[],"class_list":["post-12218","post","type-post","status-publish","format-standard","hentry","category-ausstellungen"],"views":8785,"jetpack_publicize_connections":[],"jetpack_featured_media_url":"","jetpack_shortlink":"https:\/\/wp.me\/p7hfNR-3b4","jetpack-related-posts":[{"id":22133,"url":"https:\/\/blog.sub.uni-hamburg.de\/?p=22133","url_meta":{"origin":12218,"position":0},"title":"Teobert Maler \u2013 historische Fotografien Mexikos (9.3.-23.4.)","author":"Markus Trapp","date":"21-02-17","format":false,"excerpt":"Das fotografische Werk Teobert Malers (1842-1917) ist vor allem durch seine spektakul\u00e4ren Aufnahmen der Maya-Ruinen bekannt geworden. Er gilt als einer der bedeutendsten Forschungsfotografen des 19. Jahrhunderts. Kein anderer Forscher hat so viele vorher unbekannte Maya-Ruinen entdeckt und fotografiert. Seine Fotografien sind noch heute wichtige Dokumente f\u00fcr Studien zur Architektur\u2026","rel":"","context":"In &quot;Ausstellungen und Veranstaltungen&quot;","block_context":{"text":"Ausstellungen und Veranstaltungen","link":"https:\/\/blog.sub.uni-hamburg.de\/?cat=9"},"img":{"alt_text":"Pinotepa. Mixteca baja. 1874. Nachlass Teobert Maler IAI","src":"https:\/\/i0.wp.com\/blog.sub.uni-hamburg.de\/wp-content\/uploads\/2017\/02\/1_1-150x111.jpg?resize=350%2C200&ssl=1","width":350,"height":200,"srcset":"https:\/\/i0.wp.com\/blog.sub.uni-hamburg.de\/wp-content\/uploads\/2017\/02\/1_1-150x111.jpg?resize=350%2C200&ssl=1 1x, https:\/\/i0.wp.com\/blog.sub.uni-hamburg.de\/wp-content\/uploads\/2017\/02\/1_1-150x111.jpg?resize=525%2C300&ssl=1 1.5x, https:\/\/i0.wp.com\/blog.sub.uni-hamburg.de\/wp-content\/uploads\/2017\/02\/1_1-150x111.jpg?resize=700%2C400&ssl=1 2x, https:\/\/i0.wp.com\/blog.sub.uni-hamburg.de\/wp-content\/uploads\/2017\/02\/1_1-150x111.jpg?resize=1050%2C600&ssl=1 3x, https:\/\/i0.wp.com\/blog.sub.uni-hamburg.de\/wp-content\/uploads\/2017\/02\/1_1-150x111.jpg?resize=1400%2C800&ssl=1 4x"},"classes":[]},{"id":17574,"url":"https:\/\/blog.sub.uni-hamburg.de\/?p=17574","url_meta":{"origin":12218,"position":1},"title":"Zeitreise zu den Azteken und Maya (15.5.-28.6.)","author":"Markus Trapp","date":"27-04-15","format":false,"excerpt":"Zeitreise zu den Azteken und Maya \u2013 zum 50. Jubil\u00e4um der Mesoamerikanistik in Hamburg Die von der Mesoamerika-Gesellschaft Hamburg kuratierte Ausstellung widmet sich der Forschung der Mesoamerikanistik, die in diesem Jahr ihr 50 j\u00e4hriges Bestehen an der Universit\u00e4t Hamburg feiert. Gezeigt werden Exponate aus der Linga Bibliothek f\u00fcr Lateinamerika-Forschung (Info),\u2026","rel":"","context":"In &quot;Ausstellungen und Veranstaltungen&quot;","block_context":{"text":"Ausstellungen und Veranstaltungen","link":"https:\/\/blog.sub.uni-hamburg.de\/?cat=9"},"img":{"alt_text":"","src":"https:\/\/i0.wp.com\/blog.sub.uni-hamburg.de\/wp-content\/uploads\/2015\/04\/PL-Christoph_weiditz-2-150x107.jpg?resize=350%2C200&ssl=1","width":350,"height":200,"srcset":"https:\/\/i0.wp.com\/blog.sub.uni-hamburg.de\/wp-content\/uploads\/2015\/04\/PL-Christoph_weiditz-2-150x107.jpg?resize=350%2C200&ssl=1 1x, https:\/\/i0.wp.com\/blog.sub.uni-hamburg.de\/wp-content\/uploads\/2015\/04\/PL-Christoph_weiditz-2-150x107.jpg?resize=525%2C300&ssl=1 1.5x, https:\/\/i0.wp.com\/blog.sub.uni-hamburg.de\/wp-content\/uploads\/2015\/04\/PL-Christoph_weiditz-2-150x107.jpg?resize=700%2C400&ssl=1 2x, https:\/\/i0.wp.com\/blog.sub.uni-hamburg.de\/wp-content\/uploads\/2015\/04\/PL-Christoph_weiditz-2-150x107.jpg?resize=1050%2C600&ssl=1 3x, https:\/\/i0.wp.com\/blog.sub.uni-hamburg.de\/wp-content\/uploads\/2015\/04\/PL-Christoph_weiditz-2-150x107.jpg?resize=1400%2C800&ssl=1 4x"},"classes":[]},{"id":26691,"url":"https:\/\/blog.sub.uni-hamburg.de\/?p=26691","url_meta":{"origin":12218,"position":2},"title":"Frohe Ostern? Die Semana Santa im Hochland von Guatemala (18.4.)","author":"Markus Trapp","date":"04-04-19","format":false,"excerpt":"Immer wieder begleitete Andrew Weeks \u00fcber einen Zeitraum von acht Jahren traditionelle T\u00b4zutujil-Maya in Santiago Atitl\u00e1n und verarbeitete insbesondere ihre religi\u00f6se Lebenswirklichkeit in dem Film \"Balancing the Cosmos \u2013 Living Traditions in a Modern Maya City\" von 2010. Protagonist in Weeks beeindruckender Studie ist die Figur des lokalen Heiligen Maxim\u00f3n,\u2026","rel":"","context":"In &quot;Ausstellungen und Veranstaltungen&quot;","block_context":{"text":"Ausstellungen und Veranstaltungen","link":"https:\/\/blog.sub.uni-hamburg.de\/?cat=9"},"img":{"alt_text":"c","src":"https:\/\/i0.wp.com\/blog.sub.uni-hamburg.de\/wp-content\/uploads\/2019\/02\/semana-santa-guatemala.jpg?resize=350%2C200&ssl=1","width":350,"height":200},"classes":[]},{"id":26206,"url":"https:\/\/blog.sub.uni-hamburg.de\/?p=26206","url_meta":{"origin":12218,"position":3},"title":"Die beseelten Kreuze von Yukatan (29.11.)","author":"Markus Trapp","date":"15-11-18","format":false,"excerpt":"Historische und heutige Kreuzschreine der Cruzoob-Maya. Vortrag von Dr. Armin Hinz. Nachdem sich die mayasprachige Landbev\u00f6lkerung 1847 zun\u00e4chst erfolgreich gegen die st\u00e4dtischen wei\u00dfen Eliten erhoben hatte, mussten sich die Aufst\u00e4ndischen drei Jahre sp\u00e4ter in den bewaldeten Osten der mexikanischen Halbinsel Yukatan zur\u00fcckziehen. Dort entstand ein Kult, um ein als beseelt\u2026","rel":"","context":"In &quot;Ausstellungen und Veranstaltungen&quot;","block_context":{"text":"Ausstellungen und Veranstaltungen","link":"https:\/\/blog.sub.uni-hamburg.de\/?cat=9"},"img":{"alt_text":"Xcacal (August 2004)","src":"https:\/\/i0.wp.com\/blog.sub.uni-hamburg.de\/wp-content\/uploads\/2018\/11\/Xcacal-_Aug_2004_Cuartel-01.jpg?resize=350%2C200&ssl=1","width":350,"height":200},"classes":[]},{"id":30238,"url":"https:\/\/blog.sub.uni-hamburg.de\/?p=30238","url_meta":{"origin":12218,"position":4},"title":"Neuerwerbung: Die erste hochdeutsche Bibelausgabe Hamburgs","author":"Markus Trapp","date":"04-11-20","format":false,"excerpt":"B\u00fccher haben ihre eigene Lebensgeschichte und bisweilen lassen sie uns daran sogar teilhaben, so auch im Falle der j\u00fcngsten Neuerwerbung der Sondersammlungen der Stabi: Das Newe Testament, in der \u00dcbersetzung von Martin Luther, gedruckt im Jahr 1597 in Hamburg durch Theodosius Wolder (Sign.: Scrin A\/2043). Bei dem kleinen B\u00fcchlein, das\u2026","rel":"","context":"In &quot;Sch\u00e4tze der Stabi&quot;","block_context":{"text":"Sch\u00e4tze der Stabi","link":"https:\/\/blog.sub.uni-hamburg.de\/?cat=13"},"img":{"alt_text":"","src":"https:\/\/i0.wp.com\/blog.sub.uni-hamburg.de\/wp-content\/uploads\/2020\/11\/bibel2-kl.jpg?resize=350%2C200&ssl=1","width":350,"height":200,"srcset":"https:\/\/i0.wp.com\/blog.sub.uni-hamburg.de\/wp-content\/uploads\/2020\/11\/bibel2-kl.jpg?resize=350%2C200&ssl=1 1x, https:\/\/i0.wp.com\/blog.sub.uni-hamburg.de\/wp-content\/uploads\/2020\/11\/bibel2-kl.jpg?resize=525%2C300&ssl=1 1.5x"},"classes":[]},{"id":28413,"url":"https:\/\/blog.sub.uni-hamburg.de\/?p=28413","url_meta":{"origin":12218,"position":5},"title":"12. Treffen AK Provenienzforschung und Restitution Bibliotheken","author":"Redaktion","date":"29-11-19","format":false,"excerpt":"Von Anneke de Rudder. Hamburg, 27.-29.11.2019. 2014 trafen sich \u00f6sterreichische und deutsche Provenienzforscher*innen aus Bibliotheken zum ersten Mal in Hamburg und gr\u00fcndeten den Arbeitskreis \u201eProvenienzforschung und Restitution Bibliotheken\u201c. Seitdem trifft sich der Kreis regelm\u00e4\u00dfig zum Erfahrungsaustausch \u00fcber die Suche nach B\u00fcchern, die sich zu Unrecht im Besitz \u00f6ffentlicher Bibliotheken befinden.\u2026","rel":"","context":"In &quot;Aktuelles&quot;","block_context":{"text":"Aktuelles","link":"https:\/\/blog.sub.uni-hamburg.de\/?cat=1"},"img":{"alt_text":"","src":"https:\/\/i0.wp.com\/blog.sub.uni-hamburg.de\/wp-content\/uploads\/2019\/11\/ak-provenienzforschung-subhh-2019.jpg?resize=350%2C200&ssl=1","width":350,"height":200,"srcset":"https:\/\/i0.wp.com\/blog.sub.uni-hamburg.de\/wp-content\/uploads\/2019\/11\/ak-provenienzforschung-subhh-2019.jpg?resize=350%2C200&ssl=1 1x, https:\/\/i0.wp.com\/blog.sub.uni-hamburg.de\/wp-content\/uploads\/2019\/11\/ak-provenienzforschung-subhh-2019.jpg?resize=525%2C300&ssl=1 1.5x"},"classes":[]}],"jetpack_sharing_enabled":true,"_links":{"self":[{"href":"https:\/\/blog.sub.uni-hamburg.de\/index.php?rest_route=\/wp\/v2\/posts\/12218","targetHints":{"allow":["GET"]}}],"collection":[{"href":"https:\/\/blog.sub.uni-hamburg.de\/index.php?rest_route=\/wp\/v2\/posts"}],"about":[{"href":"https:\/\/blog.sub.uni-hamburg.de\/index.php?rest_route=\/wp\/v2\/types\/post"}],"author":[{"embeddable":true,"href":"https:\/\/blog.sub.uni-hamburg.de\/index.php?rest_route=\/wp\/v2\/users\/19"}],"replies":[{"embeddable":true,"href":"https:\/\/blog.sub.uni-hamburg.de\/index.php?rest_route=%2Fwp%2Fv2%2Fcomments&post=12218"}],"version-history":[{"count":3,"href":"https:\/\/blog.sub.uni-hamburg.de\/index.php?rest_route=\/wp\/v2\/posts\/12218\/revisions"}],"predecessor-version":[{"id":12246,"href":"https:\/\/blog.sub.uni-hamburg.de\/index.php?rest_route=\/wp\/v2\/posts\/12218\/revisions\/12246"}],"wp:attachment":[{"href":"https:\/\/blog.sub.uni-hamburg.de\/index.php?rest_route=%2Fwp%2Fv2%2Fmedia&parent=12218"}],"wp:term":[{"taxonomy":"category","embeddable":true,"href":"https:\/\/blog.sub.uni-hamburg.de\/index.php?rest_route=%2Fwp%2Fv2%2Fcategories&post=12218"},{"taxonomy":"post_tag","embeddable":true,"href":"https:\/\/blog.sub.uni-hamburg.de\/index.php?rest_route=%2Fwp%2Fv2%2Ftags&post=12218"}],"curies":[{"name":"wp","href":"https:\/\/api.w.org\/{rel}","templated":true}]}}