{"id":12099,"date":"2013-06-11T09:26:12","date_gmt":"2013-06-11T07:26:12","guid":{"rendered":"http:\/\/blog.sub.uni-hamburg.de\/?p=12099"},"modified":"2022-08-24T15:18:53","modified_gmt":"2022-08-24T13:18:53","slug":"einladung-zur-erkundungsreise-bergedorf-blog","status":"publish","type":"post","link":"https:\/\/blog.sub.uni-hamburg.de\/?p=12099","title":{"rendered":"Einladung zur Erkundungsreise \u2013 Bergedorf-Blog"},"content":{"rendered":"<p><a href=\"http:\/\/blogs.sub.uni-hamburg.de\/bergedorf\/\"><img loading=\"lazy\" decoding=\"async\" src=\"https:\/\/blog.sub.uni-hamburg.de\/wp-content\/uploads\/2013\/06\/bergedorf-blog-scr.jpg\" alt=\"Bergedorf-Blog \u2013 Historische Betrachtungen anhand von Quellen der SUB Hamburg\" title=\"Bergedorf-Blog \u2013 Historische Betrachtungen anhand von Quellen der SUB Hamburg\" width=\"550\" height=\"511\" style=\"float: none;\" \/><\/a><\/p>\n<p><em>Von Ulrich Hagenah und Markus Trapp<\/em><\/p>\n<p>Mit der Vorstellung des <a href=\"http:\/\/blogs.sub.uni-hamburg.de\/bergedorf\/\">Bergedorf-Blogs<\/a> m\u00f6chten wir Sie auf eine ganz besondere Erkundungsreise einladen, die nicht nur f\u00fcr die Bewohner Bergedorfs von Interesse ist, sondern allen Hamburgern und G\u00e4sten der Hansestadt die Geschichte der ehemals selbstst\u00e4ndigen Stadt Bergedorf n\u00e4her bringt. Ein Projekt, das aus den Digitalisierungsarbeiten der Stabi sch\u00f6pft, um mit Bildern und historischen Texten Geschichte anschaulich zu machen. Und zum Nachlesen einzuladen. Oder, wie es im Untertitel des Blogs hei\u00dft: \u00abHistorische Betrachtungen anhand von Quellen der SUB Hamburg\u00bb.<\/p>\n<p><a href=\"http:\/\/blogs.sub.uni-hamburg.de\/bergedorf\/?p=134#p\"><img loading=\"lazy\" decoding=\"async\" data-attachment-id=\"12104\" data-permalink=\"https:\/\/blog.sub.uni-hamburg.de\/?attachment_id=12104\" data-orig-file=\"https:\/\/blog.sub.uni-hamburg.de\/wp-content\/uploads\/2013\/06\/gasthofsonne.jpg\" data-orig-size=\"155,202\" data-comments-opened=\"1\" data-image-meta=\"{&quot;aperture&quot;:&quot;0&quot;,&quot;credit&quot;:&quot;&quot;,&quot;camera&quot;:&quot;&quot;,&quot;caption&quot;:&quot;&quot;,&quot;created_timestamp&quot;:&quot;0&quot;,&quot;copyright&quot;:&quot;&quot;,&quot;focal_length&quot;:&quot;0&quot;,&quot;iso&quot;:&quot;0&quot;,&quot;shutter_speed&quot;:&quot;0&quot;,&quot;title&quot;:&quot;&quot;}\" data-image-title=\"Gasthof Sonne &amp;#8211; Anzeige 1904\" data-image-description=\"\" data-image-caption=\"\" data-large-file=\"https:\/\/blog.sub.uni-hamburg.de\/wp-content\/uploads\/2013\/06\/gasthofsonne.jpg\" src=\"https:\/\/blog.sub.uni-hamburg.de\/wp-content\/uploads\/2013\/06\/gasthofsonne.jpg\" alt=\"Gasthof zur Sonne - Anzeige 1904\" title=\"Gasthof zur Sonne - Anzeige 1904\" width=\"155\" height=\"202\" class=\"alignright size-full wp-image-12104\" \/><\/a> Der \u00abGasthof zur Sonne\u00bb in der Bergedorfer Kampstra\u00dfe warb 1904 mit den Vorz\u00fcgen &#8220;Gro\u00dfer, schattiger Garten&#8221; und &#8220;Vorz\u00fcgliches Unterkommen f\u00fcr Automobile &#8211; Gro\u00dfe Stallungen&#8221;. Dies ist nur eines von zahlreichen Fundst\u00fccken, die der Staatsrat der Beh\u00f6rde f\u00fcr Wissenschaft und Forschung a. D. Bernd Reinert bei seinen Recherchen zu Bergedorf in den Best\u00e4nden der Stabi entdeckt und eingeordnet hat. Mit anschaulichem Kartenvergleich dargelegt im Aufsatz \u00ab<a href=\"http:\/\/blogs.sub.uni-hamburg.de\/bergedorf\/?p=134\">Das Villenviertel<\/a>\u00bb. <\/p>\n<p>In bisher 25 Kapiteln wird die Geschichte Bergedorfs anhand historischer Quellen der Stabi und aktuellen Bildern aus Bergedorf \u2013 ganz im Stile eines Vorher-Nachher-Vergleiches dargelegt. Bernd Reinert ist in intensiven Recherchen den historischen Dingen auf den Grund gegangen und hat diese in gut lesbaren Texten anschaulich pr\u00e4sentiert. Zahlreiche Fu\u00dfnoten f\u00fchren die an Details interessierte Leserschaft zu den Digitalisaten oder den B\u00fcchern und Zeitschriften. <\/p>\n<p>Die 25 Stationen Bergedorfer Geschichte sind auch auf zwei historischen Karten aus den Jahren 1875 und 1904 abgebildet, die zugleich den zeitlichen Rahmen setzen. Per Klick auf die dort angebrachten F\u00e4hnchen gelangt man zu den jeweiligen Artikeln.<br \/>\n<!--more--><br \/>\n<a href=\"http:\/\/blogs.sub.uni-hamburg.de\/bergedorf\/?page_id=103\"><img loading=\"lazy\" decoding=\"async\" src=\"https:\/\/blog.sub.uni-hamburg.de\/wp-content\/uploads\/2013\/06\/bergedorf-karte1904.jpg\" alt=\"Karte von Bergedorf 1904, im Blog mit anklickbaren F\u00e4hnchen\" title=\"Karte von Bergedorf 1904, im Blog mit anklickbaren F\u00e4hnchen\" width=\"550\" height=\"463\" style=\"float: none;\" \/><\/a><\/p>\n<p>Dies sind die einzelnen Kapitel im \u00dcberblick:<\/p>\n<ul>\n<li>\n\t\t\t\t<a href=\"http:\/\/blogs.sub.uni-hamburg.de\/bergedorf\/?p=1\" title=\"Der Blickgraben \u2013 vom Stadtgraben zum hygienischen Problem\">Der Blickgraben \u2013 vom Stadtgraben zum hygienischen Problem<\/a>\n\t\t\t\t\t\t<\/li>\n<li>\n\t\t\t\t<a href=\"http:\/\/blogs.sub.uni-hamburg.de\/bergedorf\/?p=182\" title=\"Das Schloss und seine Nutzungen\">Das Schloss und seine Nutzungen<\/a>\n\t\t\t\t\t\t<\/li>\n<li>\n\t\t\t\t<a href=\"http:\/\/blogs.sub.uni-hamburg.de\/bergedorf\/?p=184\" title=\"Das Schloss und der Einzug der Neogotik\">Das Schloss und der Einzug der Neogotik<\/a>\n\t\t\t\t\t\t<\/li>\n<li>\n\t\t\t\t<a href=\"http:\/\/blogs.sub.uni-hamburg.de\/bergedorf\/?p=180\" title=\"Das Schloss und sein Park\">Das Schloss und sein Park<\/a>\n\t\t\t\t\t\t<\/li>\n<li>\n\t\t\t\t<a href=\"http:\/\/blogs.sub.uni-hamburg.de\/bergedorf\/?p=178\" title=\"Die Kirche St. Petri und Pauli\">Die Kirche St. Petri und Pauli<\/a>\n\t\t\t\t\t\t<\/li>\n<li>\n\t\t\t\t<a href=\"http:\/\/blogs.sub.uni-hamburg.de\/bergedorf\/?p=194\" title=\"Die Insel am M\u00fchlendamm (Holstenstra\u00dfe) und der Verkehr\">Die Insel am M\u00fchlendamm (Holstenstra\u00dfe) und der Verkehr<\/a>\n\t\t\t\t\t\t<\/li>\n<li>\n\t\t\t\t<a href=\"http:\/\/blogs.sub.uni-hamburg.de\/bergedorf\/?p=196\" title=\"Das \u201eItalienische Viertel\u201c und Alexis de Chateauneuf\">Das \u201eItalienische Viertel\u201c und Alexis de Chateauneuf<\/a>\n\t\t\t\t\t\t<\/li>\n<li>\n\t\t\t\t<a href=\"http:\/\/blogs.sub.uni-hamburg.de\/bergedorf\/?p=202\" title=\"Das \u201eFrascati\u201c\">Das \u201eFrascati\u201c<\/a>\n\t\t\t\t\t\t<\/li>\n<li>\n\t\t\t\t<a href=\"http:\/\/blogs.sub.uni-hamburg.de\/bergedorf\/?p=200\" title=\"Das \u201ePortici\u201c\">Das \u201ePortici\u201c<\/a>\n\t\t\t\t\t\t<\/li>\n<li>\n\t\t\t\t<a href=\"http:\/\/blogs.sub.uni-hamburg.de\/bergedorf\/?p=198\" title=\"Das \u201eColosseum\u201c\">Das \u201eColosseum\u201c<\/a>\n\t\t\t\t\t\t<\/li>\n<li>\n\t\t\t\t<a href=\"http:\/\/blogs.sub.uni-hamburg.de\/bergedorf\/?p=48\" title=\"Neue Stra\u00dfe \u2013 Die \u201eKeimzelle\u201c der Dr\u00e4gerwerke\">Neue Stra\u00dfe \u2013 Die \u201eKeimzelle\u201c der Dr\u00e4gerwerke<\/a>\n\t\t\t\t\t\t<\/li>\n<li>\n\t\t\t\t<a href=\"http:\/\/blogs.sub.uni-hamburg.de\/bergedorf\/?p=140\" title=\"Das erste Krankenhaus\">Das erste Krankenhaus<\/a>\n\t\t\t\t\t\t<\/li>\n<li>\n\t\t\t\t<a href=\"http:\/\/blogs.sub.uni-hamburg.de\/bergedorf\/?p=30\" title=\"Der Brunnen an der Brunnenstra\u00dfe\">Der Brunnen an der Brunnenstra\u00dfe<\/a>\n\t\t\t\t\t\t<\/li>\n<li>\n\t\t\t\t<a href=\"http:\/\/blogs.sub.uni-hamburg.de\/bergedorf\/?p=158\" title=\"Der Israelitische Begr\u00e4bnisplatz\">Der Israelitische Begr\u00e4bnisplatz<\/a>\n\t\t\t\t\t\t<\/li>\n<li>\n\t\t\t\t<a href=\"http:\/\/blogs.sub.uni-hamburg.de\/bergedorf\/?p=134\" title=\"Das Villenviertel\">Das Villenviertel<\/a>\n\t\t\t\t\t\t<\/li>\n<li>\n\t\t\t\t<a href=\"http:\/\/blogs.sub.uni-hamburg.de\/bergedorf\/?p=57\" title=\"Bellevue \u2013 ein Hotel auf der H\u00f6he\">Bellevue \u2013 ein Hotel auf der H\u00f6he<\/a>\n\t\t\t\t\t\t<\/li>\n<li>\n\t\t\t\t<a href=\"http:\/\/blogs.sub.uni-hamburg.de\/bergedorf\/?p=150\" title=\"Das Schie\u00dfthal\">Das Schie\u00dfthal<\/a>\n\t\t\t\t\t\t<\/li>\n<li>\n\t\t\t\t<a href=\"http:\/\/blogs.sub.uni-hamburg.de\/bergedorf\/?p=161\" title=\"Die Kirche St. Marien\">Die Kirche St. Marien<\/a>\n\t\t\t\t\t\t<\/li>\n<li>\n\t\t\t\t<a href=\"http:\/\/blogs.sub.uni-hamburg.de\/bergedorf\/?p=190\" title=\"Der Prinz von Bergedorf und seine Residenz\">Der Prinz von Bergedorf und seine Residenz<\/a>\n\t\t\t\t\t\t<\/li>\n<li>\n\t\t\t\t<a href=\"http:\/\/blogs.sub.uni-hamburg.de\/bergedorf\/?p=74\" title=\"Friedrich Chrysander\">Friedrich Chrysander<\/a>\n\t\t\t\t\t\t<\/li>\n<li>\n\t\t\t\t<a href=\"http:\/\/blogs.sub.uni-hamburg.de\/bergedorf\/?p=176\" title=\"Bier f\u00fcr die Welt\">Bier f\u00fcr die Welt<\/a>\n\t\t\t\t\t\t<\/li>\n<li>\n\t\t\t\t<a href=\"http:\/\/blogs.sub.uni-hamburg.de\/bergedorf\/?p=192\" title=\"Der Kamp \u2013 Bergedorfs Industriegebiet\">Der Kamp \u2013 Bergedorfs Industriegebiet<\/a>\n\t\t\t\t\t\t<\/li>\n<li>\n\t\t\t\t<a href=\"http:\/\/blogs.sub.uni-hamburg.de\/bergedorf\/?p=173\" title=\"Der neue Hafen am Serrahn\">Der neue Hafen am Serrahn<\/a>\n\t\t\t\t\t\t<\/li>\n<li>\n\t\t\t\t<a href=\"http:\/\/blogs.sub.uni-hamburg.de\/bergedorf\/?p=138\" title=\"Sande \u2013 Bergedorfs engster, aber wenig geliebter Nachbar\">Sande \u2013 Bergedorfs engster, aber wenig geliebter Nachbar<\/a>\n\t\t\t\t\t\t<\/li>\n<li>\n\t\t\t\t<a href=\"http:\/\/blogs.sub.uni-hamburg.de\/bergedorf\/?p=131\" title=\"Das \u201eBergedorfer Eisenwerk\u201c im preu\u00dfischen Sande\">Das \u201eBergedorfer Eisenwerk\u201c im preu\u00dfischen Sande<\/a>\n\t\t\t\t\t\t<\/li>\n<\/ul>\n<p>Starten Sie die Erkundungsreise unter dieser Adresse: <a href=\"http:\/\/blogs.sub.uni-hamburg.de\/bergedorf\/\">blogs.sub.uni-hamburg.de\/bergedorf<\/a>.<\/p>\n","protected":false},"excerpt":{"rendered":"<p>Von Ulrich Hagenah und Markus Trapp Mit der Vorstellung des Bergedorf-Blogs m\u00f6chten wir Sie auf eine ganz besondere Erkundungsreise einladen, die nicht nur f\u00fcr die Bewohner Bergedorfs von Interesse ist, sondern allen Hamburgern und G\u00e4sten der Hansestadt die Geschichte der ehemals selbstst\u00e4ndigen Stadt Bergedorf n\u00e4her bringt. Ein Projekt, das aus den Digitalisierungsarbeiten der Stabi sch\u00f6pft, [&hellip;]<\/p>\n","protected":false},"author":38,"featured_media":0,"comment_status":"open","ping_status":"open","sticky":false,"template":"","format":"standard","meta":{"jetpack_post_was_ever_published":false,"_jetpack_newsletter_access":"","_jetpack_dont_email_post_to_subs":false,"_jetpack_newsletter_tier_id":0,"_jetpack_memberships_contains_paywalled_content":false,"_jetpack_memberships_contains_paid_content":false,"footnotes":"","jetpack_publicize_message":"","jetpack_publicize_feature_enabled":true,"jetpack_social_post_already_shared":false,"jetpack_social_options":{"image_generator_settings":{"template":"highway","default_image_id":0,"font":"","enabled":false},"version":2}},"categories":[1,17],"tags":[29],"class_list":["post-12099","post","type-post","status-publish","format-standard","hentry","category-1","category-hamburg","tag-hamburg-2"],"views":14978,"jetpack_publicize_connections":[],"jetpack_featured_media_url":"","jetpack_shortlink":"https:\/\/wp.me\/p7hfNR-399","jetpack-related-posts":[{"id":32468,"url":"https:\/\/blog.sub.uni-hamburg.de\/?p=32468","url_meta":{"origin":12099,"position":0},"title":"Bergedorf-Blog auch im Jahr 2022","author":"Markus Trapp","date":"04-01-22","format":false,"excerpt":"Gute Nachricht f\u00fcr die Leserschaft des Bergedorf-Blogs: Staatsrat a.D. Bernd Reinert wird auch im gerade gestarteten Jahr 2022 das Blog mit seiner auf Nachrichten der Bergedorfer Zeitung gest\u00fctzten historischen R\u00fcckschau auf die Ereignisse in Bergedorf vor 100 Jahren fortsetzen. Das bereits im Jahr 2013 eingerichtete Blog mit seinen historischen Betrachtungen\u2026","rel":"","context":"In &quot;Aktuelles&quot;","block_context":{"text":"Aktuelles","link":"https:\/\/blog.sub.uni-hamburg.de\/?cat=1"},"img":{"alt_text":"Bergedorf-Blog","src":"https:\/\/i0.wp.com\/blog.sub.uni-hamburg.de\/wp-content\/uploads\/2022\/01\/bergedorf1922-640.jpg?resize=350%2C200&ssl=1","width":350,"height":200,"srcset":"https:\/\/i0.wp.com\/blog.sub.uni-hamburg.de\/wp-content\/uploads\/2022\/01\/bergedorf1922-640.jpg?resize=350%2C200&ssl=1 1x, https:\/\/i0.wp.com\/blog.sub.uni-hamburg.de\/wp-content\/uploads\/2022\/01\/bergedorf1922-640.jpg?resize=525%2C300&ssl=1 1.5x"},"classes":[]},{"id":39826,"url":"https:\/\/blog.sub.uni-hamburg.de\/?p=39826","url_meta":{"origin":12099,"position":1},"title":"Ein besonderes Jubil\u00e4um: 1.000 Artikel im Bergedorf-Blog erschienen","author":"Markus Trapp","date":"10-03-25","format":false,"excerpt":"Das Bergedorf-Blog feiert heute ein ganz besonderes Jubil\u00e4um. Mit dem Artikel \"Ein neuer Stern an Bergedorfs Musikhimmel\" ist der tausendste Blogartikel ver\u00f6ffentlicht worden. In dem von der Staats- und Universit\u00e4tsbibliothek Hamburg betriebenen Blog ver\u00f6ffenlicht Bernd Reinert seit 2013 Artikel, in denen er auf jeweils vor 100 Jahren in der Bergedorfer\u2026","rel":"","context":"In &quot;Aktuelles&quot;","block_context":{"text":"Aktuelles","link":"https:\/\/blog.sub.uni-hamburg.de\/?cat=1"},"img":{"alt_text":"","src":"https:\/\/i0.wp.com\/blog.sub.uni-hamburg.de\/wp-content\/uploads\/2025\/03\/bergedorf1000-kl.jpg?resize=350%2C200&ssl=1","width":350,"height":200,"srcset":"https:\/\/i0.wp.com\/blog.sub.uni-hamburg.de\/wp-content\/uploads\/2025\/03\/bergedorf1000-kl.jpg?resize=350%2C200&ssl=1 1x, https:\/\/i0.wp.com\/blog.sub.uni-hamburg.de\/wp-content\/uploads\/2025\/03\/bergedorf1000-kl.jpg?resize=525%2C300&ssl=1 1.5x"},"classes":[]},{"id":32150,"url":"https:\/\/blog.sub.uni-hamburg.de\/?p=32150","url_meta":{"origin":12099,"position":2},"title":"Deutsches Zeitungsportal der Deutschen Digitalen Bibliothek mit historischen Zeitungen &#8211; auch aus der Stabi","author":"Markus Trapp","date":"28-10-21","format":false,"excerpt":"Die Deutsche Digitale Bibliothek hat mit dem heute gestarteten Deutschen Zeitungsportal einen zentralen Zugang zu historischen Zeitungen von 1671 bis 1950 geschaffen, bei dem mehrere Hamburger Zeitungen aus den digitalisierten Best\u00e4nden der Stabi Hamburg vertreten sind. 247 downloadbare Zeitungen von 1671 bis 1950 aus 9 Bibliotheken, 4,5 Mio Einzelseiten, 84\u2026","rel":"","context":"In &quot;Aktuelles&quot;","block_context":{"text":"Aktuelles","link":"https:\/\/blog.sub.uni-hamburg.de\/?cat=1"},"img":{"alt_text":"Deutsches Zeitungsportal","src":"https:\/\/i0.wp.com\/blog.sub.uni-hamburg.de\/wp-content\/uploads\/2021\/10\/dtzeitungsportal.jpg?resize=350%2C200&ssl=1","width":350,"height":200,"srcset":"https:\/\/i0.wp.com\/blog.sub.uni-hamburg.de\/wp-content\/uploads\/2021\/10\/dtzeitungsportal.jpg?resize=350%2C200&ssl=1 1x, https:\/\/i0.wp.com\/blog.sub.uni-hamburg.de\/wp-content\/uploads\/2021\/10\/dtzeitungsportal.jpg?resize=525%2C300&ssl=1 1.5x"},"classes":[]},{"id":21676,"url":"https:\/\/blog.sub.uni-hamburg.de\/?p=21676","url_meta":{"origin":12099,"position":3},"title":"Historischer R\u00fcckblick im Bergedorf-Blog auch in 2017","author":"Markus Trapp","date":"05-12-16","format":false,"excerpt":"Gute Nachrichten f\u00fcr die Leserschaft des Bergedorf-Blogs. Staatsrat a.D. Bernd Reinert wird auch im kommenden Jahr das Blog mit seiner auf Nachrichten der Bergedorfer Zeitung gest\u00fctzten historischen R\u00fcckschau auf die Ereignisse in Bergedorf vor 100 Jahren fortsetzen. Das im Jahr 2013 eingerichtete Blog mit seinen historischen Betrachtungen anhand von Quellen\u2026","rel":"","context":"In &quot;Aktuelles&quot;","block_context":{"text":"Aktuelles","link":"https:\/\/blog.sub.uni-hamburg.de\/?cat=1"},"img":{"alt_text":"","src":"https:\/\/i0.wp.com\/blog.sub.uni-hamburg.de\/wp-content\/uploads\/2016\/12\/bergedorf1917.jpg?resize=350%2C200&ssl=1","width":350,"height":200,"srcset":"https:\/\/i0.wp.com\/blog.sub.uni-hamburg.de\/wp-content\/uploads\/2016\/12\/bergedorf1917.jpg?resize=350%2C200&ssl=1 1x, https:\/\/i0.wp.com\/blog.sub.uni-hamburg.de\/wp-content\/uploads\/2016\/12\/bergedorf1917.jpg?resize=525%2C300&ssl=1 1.5x"},"classes":[]},{"id":30613,"url":"https:\/\/blog.sub.uni-hamburg.de\/?p=30613","url_meta":{"origin":12099,"position":4},"title":"Historischer R\u00fcckblick im Bergedorf-Blog auch in 2021","author":"Markus Trapp","date":"18-12-20","format":false,"excerpt":"Gute Nachrichten f\u00fcr die Leserschaft des Bergedorf-Blogs. Staatsrat a.D. Bernd Reinert wird auch im kommenden Jahr das Blog mit seiner auf Nachrichten der Bergedorfer Zeitung gest\u00fctzten historischen R\u00fcckschau auf die Ereignisse in Bergedorf vor 100 Jahren fortsetzen. Das bereits im Jahr 2013 eingerichtete Blog mit seinen historischen Betrachtungen anhand von\u2026","rel":"","context":"In &quot;Aktuelles&quot;","block_context":{"text":"Aktuelles","link":"https:\/\/blog.sub.uni-hamburg.de\/?cat=1"},"img":{"alt_text":"Bergedorf-Blog 1921","src":"https:\/\/i0.wp.com\/blog.sub.uni-hamburg.de\/wp-content\/uploads\/2020\/12\/bergedorf1921.jpg?resize=350%2C200&ssl=1","width":350,"height":200,"srcset":"https:\/\/i0.wp.com\/blog.sub.uni-hamburg.de\/wp-content\/uploads\/2020\/12\/bergedorf1921.jpg?resize=350%2C200&ssl=1 1x, https:\/\/i0.wp.com\/blog.sub.uni-hamburg.de\/wp-content\/uploads\/2020\/12\/bergedorf1921.jpg?resize=525%2C300&ssl=1 1.5x"},"classes":[]},{"id":14956,"url":"https:\/\/blog.sub.uni-hamburg.de\/?p=14956","url_meta":{"origin":12099,"position":5},"title":"Neue Spurensuche im Bergedorf-Blog: Bergedorf 1914","author":"Markus Trapp","date":"10-06-14","format":false,"excerpt":"Erinnern Sie sich noch an das Bergedorf-Blog, das wir Ihnen zu seinem Start im Vorjahr vorgestellt haben? Die \u00abHistorischen Betrachtungen anhand von Quellen der SUB Hamburg\u00bb erfreuen sich nicht nur bei Bergedorfern gro\u00dfer Beliebtheit. Auf NDR 90,3 wurde das Blog damals mit den Worten pr\u00e4sentiert: \"Mit uralten Photos, Karten und\u2026","rel":"","context":"In &quot;E-Medien&quot;","block_context":{"text":"E-Medien","link":"https:\/\/blog.sub.uni-hamburg.de\/?cat=11"},"img":{"alt_text":"","src":"https:\/\/i0.wp.com\/blog.sub.uni-hamburg.de\/wp-content\/uploads\/2014\/06\/bergedorf1914.jpg?resize=350%2C200&ssl=1","width":350,"height":200},"classes":[]}],"jetpack_sharing_enabled":true,"_links":{"self":[{"href":"https:\/\/blog.sub.uni-hamburg.de\/index.php?rest_route=\/wp\/v2\/posts\/12099","targetHints":{"allow":["GET"]}}],"collection":[{"href":"https:\/\/blog.sub.uni-hamburg.de\/index.php?rest_route=\/wp\/v2\/posts"}],"about":[{"href":"https:\/\/blog.sub.uni-hamburg.de\/index.php?rest_route=\/wp\/v2\/types\/post"}],"author":[{"embeddable":true,"href":"https:\/\/blog.sub.uni-hamburg.de\/index.php?rest_route=\/wp\/v2\/users\/38"}],"replies":[{"embeddable":true,"href":"https:\/\/blog.sub.uni-hamburg.de\/index.php?rest_route=%2Fwp%2Fv2%2Fcomments&post=12099"}],"version-history":[{"count":17,"href":"https:\/\/blog.sub.uni-hamburg.de\/index.php?rest_route=\/wp\/v2\/posts\/12099\/revisions"}],"predecessor-version":[{"id":33934,"href":"https:\/\/blog.sub.uni-hamburg.de\/index.php?rest_route=\/wp\/v2\/posts\/12099\/revisions\/33934"}],"wp:attachment":[{"href":"https:\/\/blog.sub.uni-hamburg.de\/index.php?rest_route=%2Fwp%2Fv2%2Fmedia&parent=12099"}],"wp:term":[{"taxonomy":"category","embeddable":true,"href":"https:\/\/blog.sub.uni-hamburg.de\/index.php?rest_route=%2Fwp%2Fv2%2Fcategories&post=12099"},{"taxonomy":"post_tag","embeddable":true,"href":"https:\/\/blog.sub.uni-hamburg.de\/index.php?rest_route=%2Fwp%2Fv2%2Ftags&post=12099"}],"curies":[{"name":"wp","href":"https:\/\/api.w.org\/{rel}","templated":true}]}}