{"id":11776,"date":"2013-05-02T15:30:09","date_gmt":"2013-05-02T13:30:09","guid":{"rendered":"http:\/\/blog.sub.uni-hamburg.de\/?p=11776"},"modified":"2013-05-16T13:07:31","modified_gmt":"2013-05-16T11:07:31","slug":"arne-offermanns-die-wissenschaft-mit-dem-leben-verknupfen-hans-wolffheim-15-5","status":"publish","type":"post","link":"https:\/\/blog.sub.uni-hamburg.de\/?p=11776","title":{"rendered":"Arne Offermanns: \u201aDie Wissenschaft mit dem Leben verkn\u00fcpfen\u2018 \u2013 Hans Wolffheim (15.5.)"},"content":{"rendered":"<p><strong>Mittwoch, 15. Mai 2013, 18 Uhr<br \/>\nArne Offermanns: \u201aDie Wissenschaft mit dem Leben verkn\u00fcpfen\u2018<br \/>\n\u2013 Hans Wolffheim, Begr\u00fcnder der Hamburger Exilliteraturforschung <\/strong><\/p>\n<div style=\"float: left; padding-left:0px; margin-right:20px; margin-bottom:0px; margin-top:0px;\"><div id=\"attachment_11777\" style=\"width: 360px\" class=\"wp-caption alignnone\"><img loading=\"lazy\" decoding=\"async\" aria-describedby=\"caption-attachment-11777\" data-attachment-id=\"11777\" data-permalink=\"https:\/\/blog.sub.uni-hamburg.de\/?attachment_id=11777\" data-orig-file=\"https:\/\/blog.sub.uni-hamburg.de\/wp-content\/uploads\/2013\/05\/Ruehmkorf-wolffheim-skizz.jpg\" data-orig-size=\"350,256\" data-comments-opened=\"1\" data-image-meta=\"{&quot;aperture&quot;:&quot;0&quot;,&quot;credit&quot;:&quot;&quot;,&quot;camera&quot;:&quot;&quot;,&quot;caption&quot;:&quot;&quot;,&quot;created_timestamp&quot;:&quot;0&quot;,&quot;copyright&quot;:&quot;&quot;,&quot;focal_length&quot;:&quot;0&quot;,&quot;iso&quot;:&quot;0&quot;,&quot;shutter_speed&quot;:&quot;0&quot;,&quot;title&quot;:&quot;&quot;}\" data-image-title=\"Ruehmkorf-wolffheim-skizz\" data-image-description=\"\" data-image-caption=\"&lt;p&gt;text&lt;\/p&gt;\n\" data-large-file=\"https:\/\/blog.sub.uni-hamburg.de\/wp-content\/uploads\/2013\/05\/Ruehmkorf-wolffheim-skizz.jpg\" src=\"https:\/\/blog.sub.uni-hamburg.de\/wp-content\/uploads\/2013\/05\/Ruehmkorf-wolffheim-skizz.jpg\" alt=\"Skizze von Peter R\u00fchmkorf\" title=\"Skizze von Peter R\u00fchmkorf\" width=\"350\" height=\"256\" class=\"size-full wp-image-11777\" srcset=\"https:\/\/blog.sub.uni-hamburg.de\/wp-content\/uploads\/2013\/05\/Ruehmkorf-wolffheim-skizz.jpg 350w, https:\/\/blog.sub.uni-hamburg.de\/wp-content\/uploads\/2013\/05\/Ruehmkorf-wolffheim-skizz-300x219.jpg 300w\" sizes=\"auto, (max-width: 350px) 100vw, 350px\" \/><p id=\"caption-attachment-11777\" class=\"wp-caption-text\">Skizze von Peter R\u00fchmkorf, \u00a9 Arno-Schmidt-Stiftung<\/p><\/div><\/div>\n<p> Der Literaturwissenschaftler, -kritiker und Autor Hans Wolffheim<footnote>Von November 2012 bis Januar 2013 gab es in der Staatsbibliothek die umfangreiche Ausstellung <a href=\"https:\/\/blog.sub.uni-hamburg.de\/?p=9452\">Hans Wolffheim (1904-1973) \u2013 Hochschullehrer, Literaturkritiker, Autor<\/a>, alle Informationen und das Ausstellungsheft finden Sie unter der angegebenen Adresse.<\/footnote> (1904\u20131973) erhielt bereits 1933 den Doktortitel, konnte aber \u2013 im NS-Staat als \u201eMischling ersten Grades\u201c verfolgt \u2013 erst ab 1945 an der Universit\u00e4t Hamburg arbeiten. <\/p>\n<p>In den 1950er- und 1960er-Jahren setzte er sich an der Schnittstelle von Wissenschaft und \u00d6ffentlichkeit f\u00fcr umstrittene Gegenwarts- und Exilautoren ein, als das einer universit\u00e4ren Karriere noch hinderlich war. Gegen Ende seines ungew\u00f6hnlichen Lebensweges begr\u00fcndete er 1970\/71 die Arbeitsstelle f\u00fcr deutsche Exilliteratur der Universit\u00e4t Hamburg. <\/p>\n<p><a href=\"http:\/\/www.vfhg.de\/\"><img loading=\"lazy\" decoding=\"async\" data-attachment-id=\"2011\" data-permalink=\"https:\/\/blog.sub.uni-hamburg.de\/?attachment_id=2011\" data-orig-file=\"https:\/\/blog.sub.uni-hamburg.de\/wp-content\/uploads\/2010\/05\/VHG-Logo.jpg\" data-orig-size=\"145,146\" data-comments-opened=\"1\" data-image-meta=\"{&quot;aperture&quot;:&quot;0&quot;,&quot;credit&quot;:&quot;&quot;,&quot;camera&quot;:&quot;&quot;,&quot;caption&quot;:&quot;&quot;,&quot;created_timestamp&quot;:&quot;0&quot;,&quot;copyright&quot;:&quot;&quot;,&quot;focal_length&quot;:&quot;0&quot;,&quot;iso&quot;:&quot;0&quot;,&quot;shutter_speed&quot;:&quot;0&quot;,&quot;title&quot;:&quot;&quot;}\" data-image-title=\"VHG-Logo\" data-image-description=\"\" data-image-caption=\"\" data-large-file=\"https:\/\/blog.sub.uni-hamburg.de\/wp-content\/uploads\/2010\/05\/VHG-Logo.jpg\" class=\"alignnone size-full wp-image-2011\" title=\"Verein f\u00fcr Hamburgische Geschichte\" src=\"https:\/\/blog.sub.uni-hamburg.de\/wp-content\/uploads\/2010\/05\/VHG-Logo.jpg\" alt=\"Verein f\u00fcr Hamburgische Geschichte\" width=\"145\" height=\"146\" align=\"right\" \/><\/a>  Arne Offermanns, Germanist und Tr\u00e4ger des <a href=\"http:\/\/www.abendblatt.de\/hamburg\/persoenlich\/article1878295\/Arne-Offermanns-mit-dem-Joseph-Carlebach-Preis-geehrt.html\">Joseph-Carlebach-Preises<\/a> der Universit\u00e4t Hamburg, promoviert zu dem vergessenen Dichter Ernst Lissauer.  <\/p>\n<p>Eine Veranstaltung des <a href=\"http:\/\/www.vfhg.de\/\">Vereins f\u00fcr Hamburgische Geschichte<\/a> in Zusammenarbeit mit der Staats- und Universit\u00e4tsbibliothek Hamburg <\/p>\n<p><strong>Ort: Konferenzraum, 2. Etage, Eintritt frei<\/strong><\/p>\n","protected":false},"excerpt":{"rendered":"<p>Mittwoch, 15. Mai 2013, 18 Uhr Arne Offermanns: \u201aDie Wissenschaft mit dem Leben verkn\u00fcpfen\u2018 \u2013 Hans Wolffheim, Begr\u00fcnder der Hamburger Exilliteraturforschung Der Literaturwissenschaftler, -kritiker und Autor Hans WolffheimVon November 2012 bis Januar 2013 gab es in der Staatsbibliothek die umfangreiche Ausstellung Hans Wolffheim (1904-1973) \u2013 Hochschullehrer, Literaturkritiker, Autor, alle Informationen und das Ausstellungsheft finden Sie [&hellip;]<\/p>\n","protected":false},"author":19,"featured_media":0,"comment_status":"open","ping_status":"open","sticky":false,"template":"","format":"standard","meta":{"jetpack_post_was_ever_published":false,"_jetpack_newsletter_access":"","_jetpack_dont_email_post_to_subs":false,"_jetpack_newsletter_tier_id":0,"_jetpack_memberships_contains_paywalled_content":false,"_jetpack_memberships_contains_paid_content":false,"footnotes":"","jetpack_publicize_message":"","jetpack_publicize_feature_enabled":true,"jetpack_social_post_already_shared":false,"jetpack_social_options":{"image_generator_settings":{"template":"highway","default_image_id":0,"font":"","enabled":false},"version":2}},"categories":[9],"tags":[],"class_list":["post-11776","post","type-post","status-publish","format-standard","hentry","category-ausstellungen"],"views":4824,"jetpack_publicize_connections":[],"jetpack_featured_media_url":"","jetpack_shortlink":"https:\/\/wp.me\/p7hfNR-33W","jetpack-related-posts":[{"id":9452,"url":"https:\/\/blog.sub.uni-hamburg.de\/?p=9452","url_meta":{"origin":11776,"position":0},"title":"Ausstellung Hans Wolffheim (1904-1973) \u2013 Hochschullehrer, Literaturkritiker, Autor (10.11.-6.1.)","author":"Markus Trapp","date":"19-10-12","format":false,"excerpt":"10.11.2012 bis 6.1.2013 \u201eVielleicht sehe ich auch zu tief in die Dinge hinein\u201d Hans Wolffheim (1904-1973) Hochschullehrer, Literaturkritiker, Autor Hans Wolffheim stammt aus j\u00fcdischer Familie in L\u00fcneburg. Sein Vater, Kapit\u00e4n bei der Hamburger Afrika-Linie, wird von den NS-Beh\u00f6rden ins Konzentrationslager verbracht und \u00fcberlebt die Haft nur um wenige Monate. Der\u2026","rel":"","context":"In &quot;Ausstellungen und Veranstaltungen&quot;","block_context":{"text":"Ausstellungen und Veranstaltungen","link":"https:\/\/blog.sub.uni-hamburg.de\/?cat=9"},"img":{"alt_text":"Ausstellung Hans Wolffheim (1904-1973) \u2013 Hochschullehrer, Literaturkritiker, Autor","src":"https:\/\/i0.wp.com\/blog.sub.uni-hamburg.de\/wp-content\/uploads\/2012\/10\/Wolffheim-Ausstellung.jpg?resize=350%2C200&ssl=1","width":350,"height":200},"classes":[]},{"id":10699,"url":"https:\/\/blog.sub.uni-hamburg.de\/?p=10699","url_meta":{"origin":11776,"position":1},"title":"Update: Vortrag Jan Philipp Reemtsma zur Finissage der Wolffheim-Ausstellung (4.1.)","author":"MG","date":"21-12-12","format":false,"excerpt":"Update, 4.1.2013 Prof. Dr. Jan Philipp Reemtsma musste seinen Vortrag heute Abend krankheitsbedingt absagen. Stattdessen wird Dr. Wolfgang Beutin \u00fcber die Forschungsarbeit Hans Wolffheims und Jan Philipp Reemtsmas zu Wieland berichten und mit dem Publikum diskutieren. Anschlie\u00dfend wird er durch die Ausstellung f\u00fchren. Zur Finissage der Ausstellung \u00fcber den Hamburger\u2026","rel":"","context":"In &quot;Aktuelles&quot;","block_context":{"text":"Aktuelles","link":"https:\/\/blog.sub.uni-hamburg.de\/?cat=1"},"img":{"alt_text":"Ausstellung Hans Wolffheim (1904-1973) \u2013 Hochschullehrer, Literaturkritiker, Autor","src":"https:\/\/i0.wp.com\/blog.sub.uni-hamburg.de\/wp-content\/uploads\/2012\/10\/Wolffheim-Ausstellung-kl.jpg?resize=350%2C200&ssl=1","width":350,"height":200},"classes":[]},{"id":39320,"url":"https:\/\/blog.sub.uni-hamburg.de\/?p=39320","url_meta":{"origin":11776,"position":2},"title":"Vortrag: Hans Henny Jahnns \u00c4gypten (17.12.)","author":"Markus Trapp","date":"02-12-24","format":false,"excerpt":"Dienstag, 17.12., 18 Uhr, Vortragsraum. Der auf der gleichnamigen Monographie basierende Vortrag besch\u00e4ftigt sich mit einem noch immer zu wenig erforschten Gebiet der Literaturwissenschaft und der \u00c4gyptologie, n\u00e4mlich der \u00c4gyptenrezeption in literarischen Texten; hier am Beispiel des Werkes von Hans Henny Jahnn. In ihrem Vortrag wird die Autorin Dr. Sylvia\u2026","rel":"","context":"In &quot;Ausstellungen und Veranstaltungen&quot;","block_context":{"text":"Ausstellungen und Veranstaltungen","link":"https:\/\/blog.sub.uni-hamburg.de\/?cat=9"},"img":{"alt_text":"","src":"https:\/\/i0.wp.com\/blog.sub.uni-hamburg.de\/wp-content\/uploads\/2024\/11\/peuckert-jahnn.jpg?resize=350%2C200&ssl=1","width":350,"height":200},"classes":[]},{"id":11741,"url":"https:\/\/blog.sub.uni-hamburg.de\/?p=11741","url_meta":{"origin":11776,"position":3},"title":"\u201eWo man B\u00fccher verbrennt\u2026\u201c Verbrannte B\u00fccher, verbannte und ermordete Autoren Hamburgs (15.5.-28.6.)","author":"Markus Trapp","date":"29-04-13","format":false,"excerpt":"Am 10. Mai j\u00e4hrt sich zum achtzigsten Mal die B\u00fccherverbrennung der Nationalsozialisten. Die von der \u201eDeutschen Studentenschaft\u201c reichsweit organisierte Aktion \u201eWider den undeutschen Geist\u201c gipfelte in der \u00f6ffentlich inszenierten Verbrennung von B\u00fcchern missliebiger Autoren. Die Scheiterhaufen waren Fanale, die die vollkommene Beseitigung jeder demokratischen und freiheitlichen Kultur in Deutschland zum\u2026","rel":"","context":"In &quot;Ausstellungen und Veranstaltungen&quot;","block_context":{"text":"Ausstellungen und Veranstaltungen","link":"https:\/\/blog.sub.uni-hamburg.de\/?cat=9"},"img":{"alt_text":"Wo man B\u00fccher verbrennt\u2026","src":"https:\/\/i0.wp.com\/blog.sub.uni-hamburg.de\/wp-content\/uploads\/2013\/04\/buecherverbrennung.jpg?resize=350%2C200&ssl=1","width":350,"height":200,"srcset":"https:\/\/i0.wp.com\/blog.sub.uni-hamburg.de\/wp-content\/uploads\/2013\/04\/buecherverbrennung.jpg?resize=350%2C200&ssl=1 1x, https:\/\/i0.wp.com\/blog.sub.uni-hamburg.de\/wp-content\/uploads\/2013\/04\/buecherverbrennung.jpg?resize=525%2C300&ssl=1 1.5x"},"classes":[]},{"id":31015,"url":"https:\/\/blog.sub.uni-hamburg.de\/?p=31015","url_meta":{"origin":11776,"position":4},"title":"Vortr\u00e4ge zur Ausstellung &#8220;Wund-Bilder. Walter Raum und Wolfgang Borchert&#8221;","author":"AKH","date":"07-04-21","format":false,"excerpt":"Wie so viele ihrer Generation kehrten Wolfgang Borchert und Walter Raum 1945 aus dem Krieg in ein zerst\u00f6rtes, zerrissenes Deutschland zur\u00fcck. Der Schriftsteller Borchert schuf f\u00fcr diese Generation mit seinem Drama Drau\u00dfen vor der T\u00fcr ein Mahnmal. F\u00fcr sie, die Heimkehrer, lag alles in Tr\u00fcmmern, innerlich wie \u00e4u\u00dferlich. Sie kehrten\u2026","rel":"","context":"In &quot;Ausstellungen und Veranstaltungen&quot;","block_context":{"text":"Ausstellungen und Veranstaltungen","link":"https:\/\/blog.sub.uni-hamburg.de\/?cat=9"},"img":{"alt_text":"","src":"https:\/\/i0.wp.com\/blog.sub.uni-hamburg.de\/wp-content\/uploads\/2021\/04\/Cover_Wund-Bilder.jpg?resize=350%2C200&ssl=1","width":350,"height":200},"classes":[]},{"id":12054,"url":"https:\/\/blog.sub.uni-hamburg.de\/?p=12054","url_meta":{"origin":11776,"position":5},"title":"Vortragsabende zur Ausstellung B\u00fccherverbrennung (28.6.)","author":"Markus Trapp","date":"06-06-13","format":false,"excerpt":"Zur Ausstellung \u201eWo man B\u00fccher verbrennt\u2026\u201c (Verbrannte B\u00fccher, verbannte und ermordete Autoren Hamburgs), die bis zum 28.Juni (Mo bis Fr, 10-18 Uhr) im Lichthof zu sehen ist, gibt es auch eine begleitende Reihe von Vortragsabenden. Im Monat Juni 2013 findet jeden Freitag um 19 Uhr eine die Ausstellung begleitende Veranstaltung\u2026","rel":"","context":"In &quot;Ausstellungen und Veranstaltungen&quot;","block_context":{"text":"Ausstellungen und Veranstaltungen","link":"https:\/\/blog.sub.uni-hamburg.de\/?cat=9"},"img":{"alt_text":"Rahmenprogramm der Ausstellung B\u00fccherverbrennung","src":"https:\/\/i0.wp.com\/blog.sub.uni-hamburg.de\/wp-content\/uploads\/2013\/04\/buecherverbr-det.gif?resize=350%2C200&ssl=1","width":350,"height":200},"classes":[]}],"jetpack_sharing_enabled":true,"_links":{"self":[{"href":"https:\/\/blog.sub.uni-hamburg.de\/index.php?rest_route=\/wp\/v2\/posts\/11776","targetHints":{"allow":["GET"]}}],"collection":[{"href":"https:\/\/blog.sub.uni-hamburg.de\/index.php?rest_route=\/wp\/v2\/posts"}],"about":[{"href":"https:\/\/blog.sub.uni-hamburg.de\/index.php?rest_route=\/wp\/v2\/types\/post"}],"author":[{"embeddable":true,"href":"https:\/\/blog.sub.uni-hamburg.de\/index.php?rest_route=\/wp\/v2\/users\/19"}],"replies":[{"embeddable":true,"href":"https:\/\/blog.sub.uni-hamburg.de\/index.php?rest_route=%2Fwp%2Fv2%2Fcomments&post=11776"}],"version-history":[{"count":13,"href":"https:\/\/blog.sub.uni-hamburg.de\/index.php?rest_route=\/wp\/v2\/posts\/11776\/revisions"}],"predecessor-version":[{"id":11876,"href":"https:\/\/blog.sub.uni-hamburg.de\/index.php?rest_route=\/wp\/v2\/posts\/11776\/revisions\/11876"}],"wp:attachment":[{"href":"https:\/\/blog.sub.uni-hamburg.de\/index.php?rest_route=%2Fwp%2Fv2%2Fmedia&parent=11776"}],"wp:term":[{"taxonomy":"category","embeddable":true,"href":"https:\/\/blog.sub.uni-hamburg.de\/index.php?rest_route=%2Fwp%2Fv2%2Fcategories&post=11776"},{"taxonomy":"post_tag","embeddable":true,"href":"https:\/\/blog.sub.uni-hamburg.de\/index.php?rest_route=%2Fwp%2Fv2%2Ftags&post=11776"}],"curies":[{"name":"wp","href":"https:\/\/api.w.org\/{rel}","templated":true}]}}