{"id":11633,"date":"2013-04-22T13:50:51","date_gmt":"2013-04-22T11:50:51","guid":{"rendered":"http:\/\/blog.sub.uni-hamburg.de\/?p=11633"},"modified":"2013-06-24T13:57:35","modified_gmt":"2013-06-24T11:57:35","slug":"musikvideo-gentleman-deutsche-version-u-a-in-der-stabi-gedreht","status":"publish","type":"post","link":"https:\/\/blog.sub.uni-hamburg.de\/?p=11633","title":{"rendered":"Musikvideo Gentleman (deutsche Version) u.a. in der Stabi gedreht"},"content":{"rendered":"<p><a href=\"http:\/\/youtu.be\/N-dMjamuSNY\"><img loading=\"lazy\" decoding=\"async\" src=\"https:\/\/blog.sub.uni-hamburg.de\/wp-content\/uploads\/2013\/04\/iz-gentleman.jpg\" alt=\"Informationszentrum im Musikvideo Gentleman\" title=\"Informationszentrum im Musikvideo Gentleman\" width=\"550\" height=\"413\" style=\"float: none;\"  \/><\/a><\/p>\n<p>Am gestrigen Sonntag war trotz sch\u00f6nstem Wetter die Stabi wieder einmal sehr gut besucht. Die anwesenden Nutzerinnen und Nutzer im Informationszentrum haben in den Nachmittagsstunden etwas verwundert Dreharbeiten an der Auskunftstheke und an den Kopierern zur Kenntnis genommen. Das Ergebnis ist nun zu sehen: Alex von <a href=\"http:\/\/www.alextv.de\/\">alex.tv<\/a> war hier und hat mit seiner bunten Truppe von der <a href=\"http:\/\/www.diemedienakademie.de\/de\/standorte\/hamburg\">Medienakademie Hamburg<\/a> die deutsche Version von <a href=\"http:\/\/youtu.be\/Vo45RrLhUmE\">Gentleman<\/a> (von Psy) aufgenommen. Gestern Abend erst zu Ende gedreht, jetzt schon online. Hier wurde nicht nur professionell, sondern auch rasch gearbeitet. Viel Spa\u00df:<\/p>\n<p><span class=\"embed-youtube\" style=\"text-align:center; display: block;\"><iframe loading=\"lazy\" class=\"youtube-player\" width=\"640\" height=\"360\" src=\"https:\/\/www.youtube.com\/embed\/N-dMjamuSNY?version=3&#038;rel=1&#038;showsearch=0&#038;showinfo=1&#038;iv_load_policy=1&#038;fs=1&#038;hl=de-DE-formal&#038;autohide=2&#038;wmode=transparent\" allowfullscreen=\"true\" style=\"border:0;\" sandbox=\"allow-scripts allow-same-origin allow-popups allow-presentation allow-popups-to-escape-sandbox\"><\/iframe><\/span><\/p>\n<p>Und hier das <a href=\"http:\/\/youtu.be\/dP3IAb3cpew\">Making of<\/a>.<\/p>\n","protected":false},"excerpt":{"rendered":"<p>Am gestrigen Sonntag war trotz sch\u00f6nstem Wetter die Stabi wieder einmal sehr gut besucht. Die anwesenden Nutzerinnen und Nutzer im Informationszentrum haben in den Nachmittagsstunden etwas verwundert Dreharbeiten an der Auskunftstheke und an den Kopierern zur Kenntnis genommen. Das Ergebnis ist nun zu sehen: Alex von alex.tv war hier und hat mit seiner bunten Truppe [&hellip;]<\/p>\n","protected":false},"author":19,"featured_media":0,"comment_status":"open","ping_status":"open","sticky":false,"template":"","format":"standard","meta":{"jetpack_post_was_ever_published":false,"_jetpack_newsletter_access":"","_jetpack_dont_email_post_to_subs":false,"_jetpack_newsletter_tier_id":0,"_jetpack_memberships_contains_paywalled_content":false,"_jetpack_memberships_contains_paid_content":false,"footnotes":"","jetpack_publicize_message":"","jetpack_publicize_feature_enabled":true,"jetpack_social_post_already_shared":false,"jetpack_social_options":{"image_generator_settings":{"template":"highway","default_image_id":0,"font":"","enabled":false},"version":2}},"categories":[18],"tags":[],"class_list":["post-11633","post","type-post","status-publish","format-standard","hentry","category-aufgelesen"],"views":12051,"jetpack_publicize_connections":[],"jetpack_featured_media_url":"","jetpack_shortlink":"https:\/\/wp.me\/p7hfNR-31D","jetpack-related-posts":[{"id":249,"url":"https:\/\/blog.sub.uni-hamburg.de\/?p=249","url_meta":{"origin":11633,"position":0},"title":"Stabi im Hamburg-Tatort","author":"MG","date":"18-08-06","format":false,"excerpt":"Am kommenden Sonntag (20.8.) wird die Stabi eine Rolle im Hamburger \"Tatort\" spielen (ARD, 20.15), welche, d\u00fcrfen wir nat\u00fcrlich nicht verraten. Die Dreharbeiten dazu haben einige Benutzer sicher im Fr\u00fchjahr miterlebt. K\u00fcrzlich wurde auch f\u00fcr zwei Folgen der ZDF-Krimiserie \"Stubbe\"\u00a0gedreht. Die Dreharbeiten erregten einiges Aufsehen - und hoffentlich keinen Missmut.\u2026","rel":"","context":"In &quot;Aktuelles&quot;","block_context":{"text":"Aktuelles","link":"https:\/\/blog.sub.uni-hamburg.de\/?cat=1"},"img":{"alt_text":"","src":"","width":0,"height":0},"classes":[]},{"id":5481,"url":"https:\/\/blog.sub.uni-hamburg.de\/?p=5481","url_meta":{"origin":11633,"position":1},"title":"NDR-Beitrag zum Bewerberrekord f\u00fcr Studienpl\u00e4tze","author":"Markus Trapp","date":"20-07-11","format":false,"excerpt":"Durch Wegfall der Wehrpflicht und durch die doppelten Abiturjahrg\u00e4nge droht den deutschen Hochschulen ein extremer Anstieg an Bewerbungen auf Studienpl\u00e4tze. Das ist auch in Hamburg nicht anders. Die Uni hat gestern die aktuellen Zahlen gemeldet: An der Universit\u00e4t Hamburg haben sich zum neuen Wintersemester 53.314 Studienbewerber angemeldet. Das sind 16.493\u2026","rel":"","context":"In &quot;Aktuelles&quot;","block_context":{"text":"Aktuelles","link":"https:\/\/blog.sub.uni-hamburg.de\/?cat=1"},"img":{"alt_text":"","src":"https:\/\/i0.wp.com\/blog.sub.uni-hamburg.de\/wp-content\/uploads\/2011\/07\/ndr-dreh-stabi.jpg?resize=350%2C200&ssl=1","width":350,"height":200},"classes":[]},{"id":1405,"url":"https:\/\/blog.sub.uni-hamburg.de\/?p=1405","url_meta":{"origin":11633,"position":2},"title":"Jubil\u00e4umsdreh: Stabi im &#8220;Hamburg Journal&#8221;","author":"MG","date":"14-10-09","format":false,"excerpt":"Gedreht wurde heute allenthalben: im Handschriftenlesesaal, in der Medienwerkstatt, bei der Direktorin, im Magazin, im Hamburg-Lesesaal, in der Leihstelle, im Infozentrum und vor der T\u00fcr: der NDR w\u00fcrdigt das Stabi-Jubil\u00e4um mit einem drei-Minuten-Beitrag im Hamburg-Journal. Und was gibt es zu sehen? Sch\u00e4tze wie das Moller-Florilegium und Beethovens \"Heiligenst\u00e4dter Testament\", die\u2026","rel":"","context":"In &quot;Medienecho&quot;","block_context":{"text":"Medienecho","link":"https:\/\/blog.sub.uni-hamburg.de\/?cat=14"},"img":{"alt_text":"","src":"","width":0,"height":0},"classes":[]},{"id":392,"url":"https:\/\/blog.sub.uni-hamburg.de\/?p=392","url_meta":{"origin":11633,"position":3},"title":"&#8220;Stubbe&#8221; in der Stabi","author":"MG","date":"20-12-06","format":false,"excerpt":"F\u00fcr alle Stabi- und Krimifreunde gibt es im 30. \"Stubbe\"-Fall, ausgestrahlt am 23.12. im ZDF um 20:15 Uhr, eine Szene zu sehen, die vor Monaten schon im Hauptgeb\u00e4ude der Bibliothek gedreht wurde. Wir Bibliothekare und Bibliothekarinnen sind gespannt, ob wieder eine als graue-Maus-Bibliothekarin verkleidete Schauspielerin zu sehen ist (Klischee-Klischee) oder\u2026","rel":"","context":"In &quot;Aktuelles&quot;","block_context":{"text":"Aktuelles","link":"https:\/\/blog.sub.uni-hamburg.de\/?cat=1"},"img":{"alt_text":"","src":"","width":0,"height":0},"classes":[]},{"id":735,"url":"https:\/\/blog.sub.uni-hamburg.de\/?p=735","url_meta":{"origin":11633,"position":4},"title":"Die Stabi &#8211; heimlicher Star im Werbespot","author":"ST","date":"22-10-07","format":false,"excerpt":"Man sitzt im Kino und traut seinen Augen nicht: \"War das nicht eben die S\u00e4gezahnwand in der Stabi???\" Doch dann l\u00e4uft der Hauptfilm an und die eben gestellte Frage ger\u00e4t schnell in Vergessenheit. Aber nur solange, bis man tags drauf in einer TV-Werbepause schon wieder diese Holzwand entdeckt. Kann das\u2026","rel":"","context":"In &quot;Aufgelesen&quot;","block_context":{"text":"Aufgelesen","link":"https:\/\/blog.sub.uni-hamburg.de\/?cat=18"},"img":{"alt_text":"","src":"","width":0,"height":0},"classes":[]},{"id":34216,"url":"https:\/\/blog.sub.uni-hamburg.de\/?p=34216","url_meta":{"origin":11633,"position":5},"title":"Film: Biblioth\u00e9que sac \u00e0 dos. B\u00fccher sind eine bedrohte Art (29.9.)","author":"Markus Trapp","date":"14-09-22","format":false,"excerpt":"Donnerstag, 29.9., 19 Uhr, Vortragsraum. Die Szenen des Films \u201eBiblioth\u00e9que sac \u00e0 dos. B\u00fccher sind eine bedrohte Art\u201c wurden 2021 nach einem Drehbuch der interdisziplin\u00e4ren K\u00fcnstlerin Nele Lipp vom Deutschen Tanzfilminstitut Bremen in einem Wald s\u00fcdlich von Hamburg gedreht. Der Film zeigt sechs Figuren, die mit ihren Rucksack-Bibliotheken einen Fluchtort\u2026","rel":"","context":"In &quot;Ausstellungen und Veranstaltungen&quot;","block_context":{"text":"Ausstellungen und Veranstaltungen","link":"https:\/\/blog.sub.uni-hamburg.de\/?cat=9"},"img":{"alt_text":"","src":"https:\/\/i0.wp.com\/blog.sub.uni-hamburg.de\/wp-content\/uploads\/2022\/09\/Buecher_sind_eine_bedrohte_ArtcKirsten_Tiedemann.jpg?resize=350%2C200&ssl=1","width":350,"height":200,"srcset":"https:\/\/i0.wp.com\/blog.sub.uni-hamburg.de\/wp-content\/uploads\/2022\/09\/Buecher_sind_eine_bedrohte_ArtcKirsten_Tiedemann.jpg?resize=350%2C200&ssl=1 1x, https:\/\/i0.wp.com\/blog.sub.uni-hamburg.de\/wp-content\/uploads\/2022\/09\/Buecher_sind_eine_bedrohte_ArtcKirsten_Tiedemann.jpg?resize=525%2C300&ssl=1 1.5x"},"classes":[]}],"jetpack_sharing_enabled":true,"_links":{"self":[{"href":"https:\/\/blog.sub.uni-hamburg.de\/index.php?rest_route=\/wp\/v2\/posts\/11633","targetHints":{"allow":["GET"]}}],"collection":[{"href":"https:\/\/blog.sub.uni-hamburg.de\/index.php?rest_route=\/wp\/v2\/posts"}],"about":[{"href":"https:\/\/blog.sub.uni-hamburg.de\/index.php?rest_route=\/wp\/v2\/types\/post"}],"author":[{"embeddable":true,"href":"https:\/\/blog.sub.uni-hamburg.de\/index.php?rest_route=\/wp\/v2\/users\/19"}],"replies":[{"embeddable":true,"href":"https:\/\/blog.sub.uni-hamburg.de\/index.php?rest_route=%2Fwp%2Fv2%2Fcomments&post=11633"}],"version-history":[{"count":7,"href":"https:\/\/blog.sub.uni-hamburg.de\/index.php?rest_route=\/wp\/v2\/posts\/11633\/revisions"}],"predecessor-version":[{"id":12214,"href":"https:\/\/blog.sub.uni-hamburg.de\/index.php?rest_route=\/wp\/v2\/posts\/11633\/revisions\/12214"}],"wp:attachment":[{"href":"https:\/\/blog.sub.uni-hamburg.de\/index.php?rest_route=%2Fwp%2Fv2%2Fmedia&parent=11633"}],"wp:term":[{"taxonomy":"category","embeddable":true,"href":"https:\/\/blog.sub.uni-hamburg.de\/index.php?rest_route=%2Fwp%2Fv2%2Fcategories&post=11633"},{"taxonomy":"post_tag","embeddable":true,"href":"https:\/\/blog.sub.uni-hamburg.de\/index.php?rest_route=%2Fwp%2Fv2%2Ftags&post=11633"}],"curies":[{"name":"wp","href":"https:\/\/api.w.org\/{rel}","templated":true}]}}