{"id":11495,"date":"2013-04-24T09:54:05","date_gmt":"2013-04-24T07:54:05","guid":{"rendered":"http:\/\/blog.sub.uni-hamburg.de\/?p=11495"},"modified":"2016-03-10T23:44:52","modified_gmt":"2016-03-10T22:44:52","slug":"nachbetrachtung-zum-konzert-des-barockwerk-hamburg","status":"publish","type":"post","link":"https:\/\/blog.sub.uni-hamburg.de\/?p=11495","title":{"rendered":"Nachbetrachtung zum Konzert des barockwerk hamburg"},"content":{"rendered":"<p><a href=\"https:\/\/plus.google.com\/photos\/106836182823490661364\/albums\/5862181646155271793\"><img loading=\"lazy\" decoding=\"async\" src=\"https:\/\/blog.sub.uni-hamburg.de\/wp-content\/uploads\/2013\/04\/barockwerkhh-2013.jpg\" alt=\"barockwerkhh-2013\" width=\"550\" height=\"352\" style=\"float: none;\" \/><\/a><\/p>\n<p>Vor einem Monat fanden im Lichthof der Stabi wieder zwei Konzertabende des Ensembles <a href=\"http:\/\/www.barockwerk-hamburg.de\/\">barockwerk hamburg<\/a> statt, die unter dem Titel \u00ab<a href=\"https:\/\/blog.sub.uni-hamburg.de\/?p=11229\">Der verlorene und wiedergefundene Amor<\/a>\u00bb Werke von Mattheson und Telemann zur Auff\u00fchrung brachten. Auch wenn eine Betrachtung von Fotos und Videoaufnahmen das Live-Erlebnis nicht ersetzen kann, m\u00f6chten wir Ihnen dennoch in dieser kurzen Nachbetrachtung einen Eindruck davon vermitteln, wie das <em>barockwerk hamburg<\/em> unter der musikalischen Leitung von Ira Hochman den Lichthof der Stabi in einen ganz besonderen Konzertraum verwandelte. Die weiter unten aufgef\u00fchrten Videoausschnitte zeigen, wie es dem Ensemble gelang, das Publikum mit der Wiederauff\u00fchrung des historischen, fast dreihundert Jahre alten Notenmaterials aus den Best\u00e4nden der Bibliothek zu begeistern.<\/p>\n<p><a href=\"https:\/\/blog.sub.uni-hamburg.de\/wp-content\/uploads\/2013\/03\/13-Barockwerk-Programm.pdf\"><img loading=\"lazy\" decoding=\"async\" data-attachment-id=\"11498\" data-permalink=\"https:\/\/blog.sub.uni-hamburg.de\/?attachment_id=11498\" data-orig-file=\"https:\/\/blog.sub.uni-hamburg.de\/wp-content\/uploads\/2013\/04\/barockwerk-progrheft13.jpg\" data-orig-size=\"180,253\" data-comments-opened=\"1\" data-image-meta=\"{&quot;aperture&quot;:&quot;0&quot;,&quot;credit&quot;:&quot;&quot;,&quot;camera&quot;:&quot;&quot;,&quot;caption&quot;:&quot;&quot;,&quot;created_timestamp&quot;:&quot;0&quot;,&quot;copyright&quot;:&quot;&quot;,&quot;focal_length&quot;:&quot;0&quot;,&quot;iso&quot;:&quot;0&quot;,&quot;shutter_speed&quot;:&quot;0&quot;,&quot;title&quot;:&quot;&quot;}\" data-image-title=\"barockwerk-progrheft13\" data-image-description=\"\" data-image-caption=\"\" data-large-file=\"https:\/\/blog.sub.uni-hamburg.de\/wp-content\/uploads\/2013\/04\/barockwerk-progrheft13.jpg\" src=\"https:\/\/blog.sub.uni-hamburg.de\/wp-content\/uploads\/2013\/04\/barockwerk-progrheft13.jpg\" alt=\"Programmheft \u2013 Konzert barockwerk hamburg 25.\/26.3.2013\" title=\"Programmheft \u2013 Konzert barockwerk hamburg 25.\/26.3.2013\"  width=\"180\" height=\"253\" class=\"alignright size-full wp-image-11498\" \/><\/a> Das <a href=\"https:\/\/blog.sub.uni-hamburg.de\/wp-content\/uploads\/2013\/03\/13-Barockwerk-Programm.pdf\">Programmheft des Abends<\/a> (20 Seiten) k\u00f6nnen Sie hier im Format PDF herunterladen. Dort hei\u00dft es in der Einf\u00fchrung:<\/p>\n<blockquote><p><strong>Musikalischer Patriotismus <\/strong><br \/>\nWas  auch  immer  einmal  verloren  ging  \u2013  das  verschwunden  Geglaubte  wiederzufinden, macht gl\u00fccklich. Musiker, die wiederaufgefundene Werke zur ersten Auff\u00fchrung  bringen,  sind  dabei  besonders  neugierig  und  aufgeregt.  Sie  m\u00fcssen  zuerst einmal  das  moderne  Notenmaterial  erstellen.  F\u00fcr  ihr  Vorhaben  gibt  es  keine Referenzpunkte  und  keine  Tonaufnahmen  renommierter  Kollegen,  die  sie  heranziehen k\u00f6nnen. Sie versuchen, den Schl\u00fcssel zu den Werken ganz eigenst\u00e4ndig zu finden  und  f\u00fchlen  sich  verantwortlich  f\u00fcr  eine  Zukunft  dieser  \u201eneuen\u201c  Musik  im heutigen Konzertleben. <\/p><\/blockquote>\n<p>Fotos des Abends, die auch zeigen, wie der Lichthof inszenatorisch im Rahmen des Konzertes eingesetzt wurde, finden Sie in einem kleinen <a href=\"https:\/\/plus.google.com\/photos\/106836182823490661364\/albums\/5862181646155271793\">Fotoalbum auf Google+<\/a>.<\/p>\n<p>Sehen und h\u00f6ren Sie in der Folge einige kurze Videoaufnahmen aus dem Konzert aus der Auff\u00fchrung vom 26.3.2013: Beginnend mit dem Chor \u00abDer Herr hat Gro\u00dfes an uns getan, des sind wir fr\u00f6hlich [Ps. 126,3]\u00bb (im Programmheft S. 6 oben):<\/p>\n<p><iframe loading=\"lazy\" src=\"http:\/\/player.vimeo.com\/video\/62768241\" width=\"500\" height=\"281\" frameborder=\"0\" webkitAllowFullScreen mozallowfullscreen allowFullScreen><\/iframe> <\/p>\n<p><a href=\"http:\/\/vimeo.com\/62768241\">Coro<\/a> from <a href=\"http:\/\/vimeo.com\/stabihh\">Stabi Hamburg<\/a> on <a href=\"http:\/\/vimeo.com\">Vimeo<\/a>.<\/p>\n<p>Jesus-Arie (\u00abSage den verzagten Seelen\u2026\u00bb, im Programmheft S. 7 Mitte):<\/p>\n<p><span class=\"embed-youtube\" style=\"text-align:center; display: block;\"><iframe loading=\"lazy\" class=\"youtube-player\" width=\"640\" height=\"360\" src=\"https:\/\/www.youtube.com\/embed\/CAuO1beokoU?version=3&#038;rel=1&#038;showsearch=0&#038;showinfo=1&#038;iv_load_policy=1&#038;fs=1&#038;hl=de-DE-formal&#038;autohide=2&#038;wmode=transparent\" allowfullscreen=\"true\" style=\"border:0;\" sandbox=\"allow-scripts allow-same-origin allow-popups allow-presentation allow-popups-to-escape-sandbox\"><\/iframe><\/span><\/p>\n<p><span class=\"embed-youtube\" style=\"text-align:center; display: block;\"><iframe loading=\"lazy\" class=\"youtube-player\" width=\"640\" height=\"360\" src=\"https:\/\/www.youtube.com\/embed\/I5VL59LIdM8?version=3&#038;rel=1&#038;showsearch=0&#038;showinfo=1&#038;iv_load_policy=1&#038;fs=1&#038;hl=de-DE-formal&#038;autohide=2&#038;wmode=transparent\" allowfullscreen=\"true\" style=\"border:0;\" sandbox=\"allow-scripts allow-same-origin allow-popups allow-presentation allow-popups-to-escape-sandbox\"><\/iframe><\/span><\/p>\n","protected":false},"excerpt":{"rendered":"<p>Vor einem Monat fanden im Lichthof der Stabi wieder zwei Konzertabende des Ensembles barockwerk hamburg statt, die unter dem Titel \u00abDer verlorene und wiedergefundene Amor\u00bb Werke von Mattheson und Telemann zur Auff\u00fchrung brachten. Auch wenn eine Betrachtung von Fotos und Videoaufnahmen das Live-Erlebnis nicht ersetzen kann, m\u00f6chten wir Ihnen dennoch in dieser kurzen Nachbetrachtung einen [&hellip;]<\/p>\n","protected":false},"author":19,"featured_media":0,"comment_status":"open","ping_status":"open","sticky":false,"template":"","format":"standard","meta":{"jetpack_post_was_ever_published":false,"_jetpack_newsletter_access":"","_jetpack_dont_email_post_to_subs":false,"_jetpack_newsletter_tier_id":0,"_jetpack_memberships_contains_paywalled_content":false,"_jetpack_memberships_contains_paid_content":false,"footnotes":"","jetpack_publicize_message":"","jetpack_publicize_feature_enabled":true,"jetpack_social_post_already_shared":false,"jetpack_social_options":{"image_generator_settings":{"template":"highway","default_image_id":0,"font":"","enabled":false},"version":2}},"categories":[9,13],"tags":[95],"class_list":["post-11495","post","type-post","status-publish","format-standard","hentry","category-ausstellungen","category-das-besondere-buch","tag-barockwerk"],"views":8542,"jetpack_publicize_connections":[],"jetpack_featured_media_url":"","jetpack_shortlink":"https:\/\/wp.me\/p7hfNR-2Zp","jetpack-related-posts":[{"id":24473,"url":"https:\/\/blog.sub.uni-hamburg.de\/?p=24473","url_meta":{"origin":11495,"position":0},"title":"Konzerte von barockwerk hamburg: \u201ePolydorus\u201c (14.\/15.3.)","author":"Markus Trapp","date":"05-03-18","format":false,"excerpt":"\u201ePolydorus\u201c \u2013 Erstwiederauff\u00fchrung einer Barockoper von Carl Heinrich Graun (1704\u20131759) Mittwoch, 14. M\u00e4rz 2018, 19 Uhr und Donnerstag, 15. M\u00e4rz 2018, 19 Uhr. Das f\u00fcr seine au\u00dfergew\u00f6hnlichen Projekte und Programme bekannte Ensemble barockwerk hamburg setzt die Konzertreihe im Lichthof mit der Erstwiederauff\u00fchrung der Oper \u201ePolydorus\u201c von Carl Heinrich Graun fort.\u2026","rel":"","context":"In &quot;Ausstellungen und Veranstaltungen&quot;","block_context":{"text":"Ausstellungen und Veranstaltungen","link":"https:\/\/blog.sub.uni-hamburg.de\/?cat=9"},"img":{"alt_text":"barockwerk hamburg im Lichthof der Stabi","src":"https:\/\/i0.wp.com\/blog.sub.uni-hamburg.de\/wp-content\/uploads\/2018\/03\/barockwerk-Lichthof-glaenzt.jpg?resize=350%2C200&ssl=1","width":350,"height":200,"srcset":"https:\/\/i0.wp.com\/blog.sub.uni-hamburg.de\/wp-content\/uploads\/2018\/03\/barockwerk-Lichthof-glaenzt.jpg?resize=350%2C200&ssl=1 1x, https:\/\/i0.wp.com\/blog.sub.uni-hamburg.de\/wp-content\/uploads\/2018\/03\/barockwerk-Lichthof-glaenzt.jpg?resize=525%2C300&ssl=1 1.5x"},"classes":[]},{"id":35207,"url":"https:\/\/blog.sub.uni-hamburg.de\/?p=35207","url_meta":{"origin":11495,"position":1},"title":"Konzert barockwerk hamburg: Ein Fest f\u00fcr Hamburg. Telemanns \u201efestt\u00e4gliche\u201c Kantaten von 1757 (8.+9.3.)","author":"Markus Trapp","date":"14-02-23","format":false,"excerpt":"Mittwoch, 8.3., 19 Uhr, Lichthof Donnerstag, 9.3., 19 Uhr, Lichthof. Als einen \u201enoch in seinem hohen Alter feurig denkenden Tonk\u00fcnstler\u201c bezeichnete 1764 die Hamburger Presse den damals bereits 83-j\u00e4hrigen Georg Philipp Telemann. Diese Einsch\u00e4tzung gilt erst recht f\u00fcr den sieben Jahre j\u00fcngeren, im Zenit seiner Kunst stehenden Komponisten der Festtagskantaten\u2026","rel":"","context":"In &quot;Ausstellungen und Veranstaltungen&quot;","block_context":{"text":"Ausstellungen und Veranstaltungen","link":"https:\/\/blog.sub.uni-hamburg.de\/?cat=9"},"img":{"alt_text":"","src":"https:\/\/i0.wp.com\/blog.sub.uni-hamburg.de\/wp-content\/uploads\/2023\/02\/barockwerk-2023.jpg?resize=350%2C200&ssl=1","width":350,"height":200},"classes":[]},{"id":17300,"url":"https:\/\/blog.sub.uni-hamburg.de\/?p=17300","url_meta":{"origin":11495,"position":2},"title":"DIE WELT zur barockwerk Opern-Auff\u00fchrung im Lichthof (11. + 12.3.)","author":"Markus Trapp","date":"09-03-15","format":false,"excerpt":"Am Mittwoch und Donnerstag dieser Woche wird in unserem Lichthof wieder eine ganz besondere Inszenierung stattfinden, \u00fcber die wir schon ausf\u00fchrlich berichtet haben (Konzert barockwerk im Lichthof). In DIE WELT weist Helmut Peters auf die Opern-Auff\u00fchrungen mit Hamburg-Bezug an ungew\u00f6hnlicher Spielst\u00e4tte hin. Ein lesenswerter Bericht, der die Vorfreude auf das\u2026","rel":"","context":"In &quot;Aufgelesen&quot;","block_context":{"text":"Aufgelesen","link":"https:\/\/blog.sub.uni-hamburg.de\/?cat=18"},"img":{"alt_text":"","src":"https:\/\/i0.wp.com\/blog.sub.uni-hamburg.de\/wp-content\/uploads\/2015\/03\/barockwerk-lichthof.jpg?resize=350%2C200&ssl=1","width":350,"height":200,"srcset":"https:\/\/i0.wp.com\/blog.sub.uni-hamburg.de\/wp-content\/uploads\/2015\/03\/barockwerk-lichthof.jpg?resize=350%2C200&ssl=1 1x, https:\/\/i0.wp.com\/blog.sub.uni-hamburg.de\/wp-content\/uploads\/2015\/03\/barockwerk-lichthof.jpg?resize=525%2C300&ssl=1 1.5x"},"classes":[]},{"id":41811,"url":"https:\/\/blog.sub.uni-hamburg.de\/?p=41811","url_meta":{"origin":11495,"position":3},"title":"barockwerk hamburg: Pharao Tubaetes &#8211; Eine Barockoper von Carl Heinrich Graun (4.3.)","author":"Markus Trapp","date":"15-01-26","format":false,"excerpt":"Am Mittwoch, den 4. M\u00e4rz 2026 um 19 Uhr im Lichthof der Stabi Hamburg Eingang: Edmund-Siemers Allee, Ecke Grindelallee Es spielt das Ensemble barockwerk hamburg unter der musikalischen Leitung von Ira Hochman. Solisten: Matthias Vieweg (Pharao Tubaetes), Hanna Herfurtner (Zama), Terry Wey (Ramesses), Hanna Zumsande Sarah Hayashi (Nitocris), Matthias D\u00e4hling\u2026","rel":"","context":"In &quot;Ausstellungen und Veranstaltungen&quot;","block_context":{"text":"Ausstellungen und Veranstaltungen","link":"https:\/\/blog.sub.uni-hamburg.de\/?cat=9"},"img":{"alt_text":"","src":"https:\/\/i0.wp.com\/blog.sub.uni-hamburg.de\/wp-content\/uploads\/2026\/01\/IMG_0610-150x112.jpeg?resize=350%2C200&ssl=1","width":350,"height":200,"srcset":"https:\/\/i0.wp.com\/blog.sub.uni-hamburg.de\/wp-content\/uploads\/2026\/01\/IMG_0610-150x112.jpeg?resize=350%2C200&ssl=1 1x, https:\/\/i0.wp.com\/blog.sub.uni-hamburg.de\/wp-content\/uploads\/2026\/01\/IMG_0610-150x112.jpeg?resize=525%2C300&ssl=1 1.5x, https:\/\/i0.wp.com\/blog.sub.uni-hamburg.de\/wp-content\/uploads\/2026\/01\/IMG_0610-150x112.jpeg?resize=700%2C400&ssl=1 2x, https:\/\/i0.wp.com\/blog.sub.uni-hamburg.de\/wp-content\/uploads\/2026\/01\/IMG_0610-150x112.jpeg?resize=1050%2C600&ssl=1 3x, https:\/\/i0.wp.com\/blog.sub.uni-hamburg.de\/wp-content\/uploads\/2026\/01\/IMG_0610-150x112.jpeg?resize=1400%2C800&ssl=1 4x"},"classes":[]},{"id":32898,"url":"https:\/\/blog.sub.uni-hamburg.de\/?p=32898","url_meta":{"origin":11495,"position":4},"title":"Fr\u00fchjahrs-Konzert des barockwerk hamburg verschoben","author":"Markus Trapp","date":"03-03-22","format":false,"excerpt":"Das urspr\u00fcnglich wie seit vielen Jahren f\u00fcr Anfang M\u00e4rz 2022 vorgesehene Konzert des Ensembles barockwerk hamburg im Lichthof der Staats- und Universit\u00e4tsbibliothek Hamburg muss coronabedingt auf den 17. und 18. August 2022 verschoben werden. Geplant ist schon seit l\u00e4ngerem \u2013 und gewinnt nun besondere Aktualit\u00e4t \u2013 die Auff\u00fchrung der \u201eFriedens-Cantate\u201c\u2026","rel":"","context":"In &quot;Ausstellungen und Veranstaltungen&quot;","block_context":{"text":"Ausstellungen und Veranstaltungen","link":"https:\/\/blog.sub.uni-hamburg.de\/?cat=9"},"img":{"alt_text":"barockwerk hamburg","src":"https:\/\/i0.wp.com\/blog.sub.uni-hamburg.de\/wp-content\/uploads\/2022\/03\/barockwerkhamburg-300x81.jpg?resize=350%2C200&ssl=1","width":350,"height":200},"classes":[]},{"id":26774,"url":"https:\/\/blog.sub.uni-hamburg.de\/?p=26774","url_meta":{"origin":11495,"position":5},"title":"barockwerk hamburg: \u201eJason oder die Eroberung des goldenen Vlie\u00dfes\u201c (20.\/21.3.)","author":"Markus Trapp","date":"12-03-19","format":false,"excerpt":"Erst-Wiederauff\u00fchrung einer Hamburger Barockoper von Georg Caspar Sch\u00fcrmann (1672\/73-1751). Der Mythos vom Goldenen Vlies \u2013 eine alte Geschichte im barocken Gewand.Verstaubt? Nein, entstaubt! Liebe und Lebensgefahr, Zauber und Komik, Mystik und g\u00f6ttliche Einmischung, alles musikalisch vom Komponisten Georg Caspar Sch\u00fcrmann ergreifend untermalt, erwartet den Zuh\u00f6rer in der konzertanten Auff\u00fchrung der\u2026","rel":"","context":"In &quot;Ausstellungen und Veranstaltungen&quot;","block_context":{"text":"Ausstellungen und Veranstaltungen","link":"https:\/\/blog.sub.uni-hamburg.de\/?cat=9"},"img":{"alt_text":"","src":"https:\/\/i0.wp.com\/blog.sub.uni-hamburg.de\/wp-content\/uploads\/2019\/03\/Applaus-Polydorus-barockwerk-2018.-Lichthof-kl.jpg?resize=350%2C200&ssl=1","width":350,"height":200,"srcset":"https:\/\/i0.wp.com\/blog.sub.uni-hamburg.de\/wp-content\/uploads\/2019\/03\/Applaus-Polydorus-barockwerk-2018.-Lichthof-kl.jpg?resize=350%2C200&ssl=1 1x, https:\/\/i0.wp.com\/blog.sub.uni-hamburg.de\/wp-content\/uploads\/2019\/03\/Applaus-Polydorus-barockwerk-2018.-Lichthof-kl.jpg?resize=525%2C300&ssl=1 1.5x"},"classes":[]}],"jetpack_sharing_enabled":true,"_links":{"self":[{"href":"https:\/\/blog.sub.uni-hamburg.de\/index.php?rest_route=\/wp\/v2\/posts\/11495","targetHints":{"allow":["GET"]}}],"collection":[{"href":"https:\/\/blog.sub.uni-hamburg.de\/index.php?rest_route=\/wp\/v2\/posts"}],"about":[{"href":"https:\/\/blog.sub.uni-hamburg.de\/index.php?rest_route=\/wp\/v2\/types\/post"}],"author":[{"embeddable":true,"href":"https:\/\/blog.sub.uni-hamburg.de\/index.php?rest_route=\/wp\/v2\/users\/19"}],"replies":[{"embeddable":true,"href":"https:\/\/blog.sub.uni-hamburg.de\/index.php?rest_route=%2Fwp%2Fv2%2Fcomments&post=11495"}],"version-history":[{"count":16,"href":"https:\/\/blog.sub.uni-hamburg.de\/index.php?rest_route=\/wp\/v2\/posts\/11495\/revisions"}],"predecessor-version":[{"id":12213,"href":"https:\/\/blog.sub.uni-hamburg.de\/index.php?rest_route=\/wp\/v2\/posts\/11495\/revisions\/12213"}],"wp:attachment":[{"href":"https:\/\/blog.sub.uni-hamburg.de\/index.php?rest_route=%2Fwp%2Fv2%2Fmedia&parent=11495"}],"wp:term":[{"taxonomy":"category","embeddable":true,"href":"https:\/\/blog.sub.uni-hamburg.de\/index.php?rest_route=%2Fwp%2Fv2%2Fcategories&post=11495"},{"taxonomy":"post_tag","embeddable":true,"href":"https:\/\/blog.sub.uni-hamburg.de\/index.php?rest_route=%2Fwp%2Fv2%2Ftags&post=11495"}],"curies":[{"name":"wp","href":"https:\/\/api.w.org\/{rel}","templated":true}]}}