{"id":11324,"date":"2013-03-13T17:36:13","date_gmt":"2013-03-13T16:36:13","guid":{"rendered":"http:\/\/blog.sub.uni-hamburg.de\/?p=11324"},"modified":"2013-03-22T14:04:16","modified_gmt":"2013-03-22T13:04:16","slug":"vortrag-uber-hamburger-sozialverwaltung-als-verfolgungsinstitution-1933-bis-1945-20-3","status":"publish","type":"post","link":"https:\/\/blog.sub.uni-hamburg.de\/?p=11324","title":{"rendered":"Vortrag \u00fcber Hamburger Sozialverwaltung als Verfolgungsinstitution 1933 bis 1945 (20.3.)"},"content":{"rendered":"<p>&nbsp;<\/p>\n<p><b><a href=\"https:\/\/blog.sub.uni-hamburg.de\/wp-content\/uploads\/2013\/03\/13-VHG-LohalmPflichtarbeiter_klein2.jpg\"><img loading=\"lazy\" decoding=\"async\" data-attachment-id=\"11328\" data-permalink=\"https:\/\/blog.sub.uni-hamburg.de\/?attachment_id=11328\" data-orig-file=\"https:\/\/blog.sub.uni-hamburg.de\/wp-content\/uploads\/2013\/03\/13-VHG-LohalmPflichtarbeiter_klein2.jpg\" data-orig-size=\"\" data-comments-opened=\"1\" data-image-meta=\"[]\" data-image-title=\"&amp;#8220;Pflichtarbeiter&amp;#8221;\" data-image-description=\"\" data-image-caption=\"\" data-large-file=\"https:\/\/blog.sub.uni-hamburg.de\/wp-content\/uploads\/2013\/03\/13-VHG-LohalmPflichtarbeiter_klein2.jpg\" class=\"alignright size-full wp-image-11328\" alt=\"&quot;Pflichtarbeiter&quot;\" src=\"https:\/\/blog.sub.uni-hamburg.de\/wp-content\/uploads\/2013\/03\/13-VHG-LohalmPflichtarbeiter_klein2.jpg\" width=\"331\" height=\"234\" \/><\/a>Dr. Uwe Lohalm: Die Hamburger Sozialverwaltung als Verfolgungsinstitution 1933 bis 1945 <\/b><\/p>\n<p><b>Mittwoch, 20. M\u00e4rz 2013, 18 Uhr<br \/>\n<\/b>Vortragsraum, 1. Etage, Eintritt frei<\/p>\n<p>Die nationalsozialistische F\u00fcrsorge unterwarf Teile der deutschen Bev\u00f6lkerung einem fortschreitenden Prozess der Marginalisierung und Ausgrenzung. Sogenannte Erbminderwertige, Gemeinschafts- und Rassenfremde wurden minder versorgt, zur Pflichtarbeit gepresst, in Teilen ausgeschlossen, zwangssterilisiert oder in den Tod geschickt. Der Vortrag weist auf, in welcher Weise die Hamburger Sozialverwaltung an diesem Verfolgungsprozess beteiligt war und mitwirkte an der Umsetzung einer von eugenischer Utopie, rigorosem Utilitarismus und ideologischem Rassenwahn gepr\u00e4gten Wohlfahrtspolitik.<\/p>\n<p>Dr. Uwe Lohalm, Autor der Studie \u201eV\u00f6lkische Wohlfahrtsdiktatur\u201c, der ersten grundlegenden Gesamtdarstellung der Hamburger \u00f6ffentlichen Wohlfahrtspolitik im \u201eDritten Reich\u201c, war bis 2004 Wissenschaftlicher Direktor an der Forschungsstelle f\u00fcr Zeitgeschichte in Hamburg.<\/p>\n<p><em>Eine Veranstaltung des <a title=\"http:\/\/www.vfhg.de\/\" href=\"http:\/\/www.vfhg.de\/\">Vereins f\u00fcr Hamburgische Geschichte<\/a> in Zusammenarbeit mit der Staats- und Universit\u00e4tsbibliothek Hamburg<\/em><\/p>\n","protected":false},"excerpt":{"rendered":"<p>&nbsp; Dr. Uwe Lohalm: Die Hamburger Sozialverwaltung als Verfolgungsinstitution 1933 bis 1945 Mittwoch, 20. M\u00e4rz 2013, 18 Uhr Vortragsraum, 1. Etage, Eintritt frei Die nationalsozialistische F\u00fcrsorge unterwarf Teile der deutschen Bev\u00f6lkerung einem fortschreitenden Prozess der Marginalisierung und Ausgrenzung. Sogenannte Erbminderwertige, Gemeinschafts- und Rassenfremde wurden minder versorgt, zur Pflichtarbeit gepresst, in Teilen ausgeschlossen, zwangssterilisiert oder in [&hellip;]<\/p>\n","protected":false},"author":5,"featured_media":0,"comment_status":"open","ping_status":"open","sticky":false,"template":"","format":"standard","meta":{"jetpack_post_was_ever_published":false,"_jetpack_newsletter_access":"","_jetpack_dont_email_post_to_subs":false,"_jetpack_newsletter_tier_id":0,"_jetpack_memberships_contains_paywalled_content":false,"_jetpack_memberships_contains_paid_content":false,"footnotes":"","jetpack_publicize_message":"","jetpack_publicize_feature_enabled":true,"jetpack_social_post_already_shared":false,"jetpack_social_options":{"image_generator_settings":{"template":"highway","default_image_id":0,"font":"","enabled":false},"version":2}},"categories":[9],"tags":[],"class_list":["post-11324","post","type-post","status-publish","format-standard","hentry","category-ausstellungen"],"views":5722,"jetpack_publicize_connections":[],"jetpack_featured_media_url":"","jetpack_shortlink":"https:\/\/wp.me\/p7hfNR-2WE","jetpack-related-posts":[{"id":1098,"url":"https:\/\/blog.sub.uni-hamburg.de\/?p=1098","url_meta":{"origin":11324,"position":0},"title":"NS-Raubgut in der Staats- und Universit\u00e4tsbibliothek (8.11.2008-1.2.2009)","author":"MG","date":"29-10-08","format":false,"excerpt":"Ausstellung Geraubte B\u00fccher - NS-Raubgut in der Staats- und Universit\u00e4tsbibliothek Hamburg Carl von Ossietzky. Die B\u00fccher von Marie May Reiss Informationszentrum 1. Stock, 8.11.2008 bis 1.2.2009, Er\u00f6ffnung am 7.11.2008, 18 Uhr im Vortragsraum (1. Stock) W\u00e4hrend der nationalsozialistischen Gewaltherrschaft 1933-1945 sind B\u00fcrger und Vereinigungen aus rassischen, politischen, religi\u00f6sen oder weltanschaulichen\u2026","rel":"","context":"In &quot;Ausstellungen und Veranstaltungen&quot;","block_context":{"text":"Ausstellungen und Veranstaltungen","link":"https:\/\/blog.sub.uni-hamburg.de\/?cat=9"},"img":{"alt_text":"","src":"https:\/\/i0.wp.com\/blog.sub.uni-hamburg.de\/wp-content\/uploads\/2008\/10\/MarieMayReissSchriftzug10001_klein.jpg?resize=350%2C200&ssl=1","width":350,"height":200,"srcset":"https:\/\/i0.wp.com\/blog.sub.uni-hamburg.de\/wp-content\/uploads\/2008\/10\/MarieMayReissSchriftzug10001_klein.jpg?resize=350%2C200&ssl=1 1x, https:\/\/i0.wp.com\/blog.sub.uni-hamburg.de\/wp-content\/uploads\/2008\/10\/MarieMayReissSchriftzug10001_klein.jpg?resize=525%2C300&ssl=1 1.5x"},"classes":[]},{"id":10983,"url":"https:\/\/blog.sub.uni-hamburg.de\/?p=10983","url_meta":{"origin":11324,"position":1},"title":"Holocaust-Zeitzeugen: &#8220;Die Quellen sprechen&#8221;","author":"Markus Trapp","date":"29-01-13","format":false,"excerpt":"Im Artikel \u00abDie Wucht der Geschichte\u00bb informiert die S\u00fcddeutsche Zeitung \u00fcber die umfassendste Holocaust-Dokumentation in der Geschichte des deutschen Rundfunks: Der BR produziert in Zusammenarbeit mit dem Institut f\u00fcr Zeitgeschichte und dem Oldenbourg-Verlag die H\u00f6redition \"Die Quellen sprechen\": An einem konkreten Beispiel, an einer einzelnen Begebenheit oder an einem winzigen\u2026","rel":"","context":"In &quot;Aufgelesen&quot;","block_context":{"text":"Aufgelesen","link":"https:\/\/blog.sub.uni-hamburg.de\/?cat=18"},"img":{"alt_text":"quellen-sprechen2","src":"https:\/\/i0.wp.com\/blog.sub.uni-hamburg.de\/wp-content\/uploads\/2013\/01\/quellen-sprechen2.jpg?resize=350%2C200&ssl=1","width":350,"height":200},"classes":[]},{"id":22660,"url":"https:\/\/blog.sub.uni-hamburg.de\/?p=22660","url_meta":{"origin":11324,"position":2},"title":"Erinnerung an die Hamburger B\u00fccherverbrennung","author":"Redaktion","date":"15-05-17","format":false,"excerpt":"Von Anna von Villiez. Am 15. Mai 1933, also vor 84 Jahren, veranstalteten nationalsozialistische Studenten am Kaiser-Friedrich-Ufer nachts eine erste B\u00fccherverbrennung. Etwa 2.000 B\u00fccher verbrannten in den Flammen, die Zerst\u00f6rungsaktion wurde von einem d\u00fcsteren Zeremoniell begleitet. Die B\u00fccherverbrennung war Teil der reichsweiten \u201eAktion wieder den undeutschen Geist\u201c, bei der \u00fcberall\u2026","rel":"","context":"In &quot;Aktuelles&quot;","block_context":{"text":"Aktuelles","link":"https:\/\/blog.sub.uni-hamburg.de\/?cat=1"},"img":{"alt_text":"B\u00fccherverbrennung am Kaiser-Friedrichufer am 15. Mai 1933","src":"https:\/\/i0.wp.com\/blog.sub.uni-hamburg.de\/wp-content\/uploads\/2017\/05\/Buecherverbrennung_Hamburg.jpg?resize=350%2C200&ssl=1","width":350,"height":200,"srcset":"https:\/\/i0.wp.com\/blog.sub.uni-hamburg.de\/wp-content\/uploads\/2017\/05\/Buecherverbrennung_Hamburg.jpg?resize=350%2C200&ssl=1 1x, https:\/\/i0.wp.com\/blog.sub.uni-hamburg.de\/wp-content\/uploads\/2017\/05\/Buecherverbrennung_Hamburg.jpg?resize=525%2C300&ssl=1 1.5x"},"classes":[]},{"id":12125,"url":"https:\/\/blog.sub.uni-hamburg.de\/?p=12125","url_meta":{"origin":11324,"position":3},"title":"Andocken. Hamburgs Kulturgeschichte 1848 bis 1933 (19.6.)","author":"Markus Trapp","date":"11-06-13","format":false,"excerpt":"Eine Buchpr\u00e4sentation des Forschungsverbunds f\u00fcr die Kulturgeschichte Hamburgs. Dirk Hempel und Ingrid Schr\u00f6der, die beiden Herausgeber, werden den Band IV der 'Beitr\u00e4ge zur hamburgischen Geschichte' pers\u00f6nlich vorstellen. Franklin Kopitzsch wird in seinem Vortrag die Beitr\u00e4ge zu \"Hamburgs Kulturgeschichte\" in eine umfassendere Betrachtung \u00fcber die Metropolregion Hamburgs und ihrer Geschichte einordnen\u2026","rel":"","context":"In &quot;Aktuelles&quot;","block_context":{"text":"Aktuelles","link":"https:\/\/blog.sub.uni-hamburg.de\/?cat=1"},"img":{"alt_text":"","src":"https:\/\/i0.wp.com\/blog.sub.uni-hamburg.de\/wp-content\/uploads\/2013\/06\/andocken.jpg?resize=350%2C200&ssl=1","width":350,"height":200},"classes":[]},{"id":13965,"url":"https:\/\/blog.sub.uni-hamburg.de\/?p=13965","url_meta":{"origin":11324,"position":4},"title":"Tag der offenen T\u00fcr im Hamburger Staatsarchiv (8.3.)","author":"Markus Trapp","date":"05-03-14","format":false,"excerpt":"Anl\u00e4sslich des Tages der Archive \u00f6ffnet das Staatsarchiv in Wandsbek am kommenden Samstag, den 8. M\u00e4rz, von 10 bis 17 Uhr seine T\u00fcren: Der Tag der Archive findet dieses Jahr zeitgleich mit dem Internationalen Frauentag statt. Daher haben die Deutschen Archive diesen Tag deutschlandweit unter das Motto: \"Frauen - M\u00e4nner\u2026","rel":"","context":"In &quot;Ausstellungen und Veranstaltungen&quot;","block_context":{"text":"Ausstellungen und Veranstaltungen","link":"https:\/\/blog.sub.uni-hamburg.de\/?cat=9"},"img":{"alt_text":"","src":"https:\/\/i0.wp.com\/blog.sub.uni-hamburg.de\/wp-content\/uploads\/2014\/03\/staatsarchiv-wandsbek.jpg?resize=350%2C200&ssl=1","width":350,"height":200},"classes":[]},{"id":5774,"url":"https:\/\/blog.sub.uni-hamburg.de\/?p=5774","url_meta":{"origin":11324,"position":5},"title":"\u00dcberLeben im Exil \u2013 Joachim und Suzanne Lackner (21.9.-8.11.)","author":"Markus Trapp","date":"05-09-11","format":false,"excerpt":"Vom 21. September bis zum 8. November 2011 zeigen wir die Ausstellung \u00dcberLeben im Exil \u2013 Joachim und Suzanne Lackner (21.9. - 8.11.) Politische Emigration aus Deutschland \u2013 ein Schicksal, das zwischen 1933 und 1945 Tausende erlitten. Der Lebensweg Joachim Lackners und seiner Ehefrau Suzanne ist in dieser Hinsicht repr\u00e4sentativ:\u2026","rel":"","context":"In &quot;Ausstellungen und Veranstaltungen&quot;","block_context":{"text":"Ausstellungen und Veranstaltungen","link":"https:\/\/blog.sub.uni-hamburg.de\/?cat=9"},"img":{"alt_text":"\u00dcberLeben im Exil \u2013 Joachim und Suzanne Lackner","src":"https:\/\/i0.wp.com\/blog.sub.uni-hamburg.de\/wp-content\/uploads\/2011\/09\/11-lackner-plakat.jpg?resize=350%2C200&ssl=1","width":350,"height":200},"classes":[]}],"jetpack_sharing_enabled":true,"_links":{"self":[{"href":"https:\/\/blog.sub.uni-hamburg.de\/index.php?rest_route=\/wp\/v2\/posts\/11324","targetHints":{"allow":["GET"]}}],"collection":[{"href":"https:\/\/blog.sub.uni-hamburg.de\/index.php?rest_route=\/wp\/v2\/posts"}],"about":[{"href":"https:\/\/blog.sub.uni-hamburg.de\/index.php?rest_route=\/wp\/v2\/types\/post"}],"author":[{"embeddable":true,"href":"https:\/\/blog.sub.uni-hamburg.de\/index.php?rest_route=\/wp\/v2\/users\/5"}],"replies":[{"embeddable":true,"href":"https:\/\/blog.sub.uni-hamburg.de\/index.php?rest_route=%2Fwp%2Fv2%2Fcomments&post=11324"}],"version-history":[{"count":10,"href":"https:\/\/blog.sub.uni-hamburg.de\/index.php?rest_route=\/wp\/v2\/posts\/11324\/revisions"}],"predecessor-version":[{"id":11402,"href":"https:\/\/blog.sub.uni-hamburg.de\/index.php?rest_route=\/wp\/v2\/posts\/11324\/revisions\/11402"}],"wp:attachment":[{"href":"https:\/\/blog.sub.uni-hamburg.de\/index.php?rest_route=%2Fwp%2Fv2%2Fmedia&parent=11324"}],"wp:term":[{"taxonomy":"category","embeddable":true,"href":"https:\/\/blog.sub.uni-hamburg.de\/index.php?rest_route=%2Fwp%2Fv2%2Fcategories&post=11324"},{"taxonomy":"post_tag","embeddable":true,"href":"https:\/\/blog.sub.uni-hamburg.de\/index.php?rest_route=%2Fwp%2Fv2%2Ftags&post=11324"}],"curies":[{"name":"wp","href":"https:\/\/api.w.org\/{rel}","templated":true}]}}