{"id":11312,"date":"2013-03-12T07:40:40","date_gmt":"2013-03-12T06:40:40","guid":{"rendered":"http:\/\/blog.sub.uni-hamburg.de\/?p=11312"},"modified":"2013-03-22T13:02:57","modified_gmt":"2013-03-22T12:02:57","slug":"burger-auf-den-barrikaden-fluch-und-segen-der-direkten-demokratie-21-3","status":"publish","type":"post","link":"https:\/\/blog.sub.uni-hamburg.de\/?p=11312","title":{"rendered":"B\u00fcrger auf den Barrikaden \u2013 Fluch und Segen der direkten Demokratie (21.3.)"},"content":{"rendered":"<p><a href=\"http:\/\/www.freiheit.org\/Veranstaltungen-Publikationen\/1572c1746\/index.html?webshop=show&#038;action=SHOWPRODUCTBYID&#038;id=9DA85080-CBA1-450F-A719-582F8833C303\"><img loading=\"lazy\" decoding=\"async\" class=\"alignright\" title=\"Friedrich-Naumann-Stiftung f\u00fcr die Freiheit\" alt=\"Friedrich-Naumann-Stiftung f\u00fcr die Freiheit\" src=\"https:\/\/blog.sub.uni-hamburg.de\/wp-content\/uploads\/2011\/11\/naumann-stiftung.jpg\" width=\"300\" height=\"73\" \/><\/a>\u00a0Das Vertrauen in Politiker und Parteien schwindet, B\u00fcrger nehmen ihre Interessen zunehmen selbst in die Hand: Sie starten B\u00fcrgerinitiativen und trommeln f\u00fcr Volksentscheide. Die repr\u00e4sentative Demokratie in Parlamenten und Gremien ger\u00e4t zunehmen unter Druck durch ihre \u201eKonkurrentin\u201c, die direkte Demokratie.<br \/>\n\u00a0<br \/>\nIst dieser Wettbewerb Fluch oder Segen f\u00fcr unsere Gesellschaft? In Hamburg laufen sich die Aktivisten f\u00fcr Volksentscheide \u00fcber Energienetze und \u201eTurbo-Abitur\u201c warm. W\u00e4hrenddessen warnen Kritiker wie die Handelskammer vor einer \u00dcberdehnung der Mitbestimmung, die in der Hand von Wutb\u00fcrgern Fortschritt verhindert und Politik lahmlegt.<br \/>\n\u00a0<br \/>\nBrauchen wir eine neue Balance zwischen B\u00fcrgern und Staat? Wie ver\u00e4ndert die direkte Demokratie unsere Stadt und unser Land? Oder sind die bewegten B\u00fcrger nur eine Modeerscheinung, die morgen wieder verschwinden wird?<\/p>\n<p>Es diskutieren:<br \/>\n\u00a0<!--more--><br \/>\nDr. Walter SCHEUERL, MdHB<br \/>\nInitiator \u201eWir wollen lernen\u201c<br \/>\n\u00a0<br \/>\nDr. Dirk S\u00dcSS<br \/>\nHandelskammer Hamburg, Gesch\u00e4ftsf\u00fchrer Wirtschaftspolitik<br \/>\n\u00a0<br \/>\nDirk AHLERS<br \/>\nFDP Hamburg, Initiator des Mitgliederentscheids<br \/>\n\u00a0<br \/>\nDr. Oliver LEMBCKE<br \/>\nHelmut-Schmidt-Universit\u00e4t, Professur f\u00fcr Politikwissenschaft<br \/>\n\u00a0<br \/>\n\u00a0<br \/>\nModeration:<br \/>\nLothar H\u00c4NSCH, Liberaler Mittelstand Hamburg<br \/>\n\u00a0<br \/>\n<strong>Zeit: 21. M\u00e4rz, 19 Uhr<br \/>\nOrt: Vortragsraum (1. Etage)<\/strong><\/p>\n<p>Die Veranstaltung der <a title=\"http:\/\/www.freiheit.org\/webcom\/show_uebersicht_veranstaltungen.php\/_c-129\/_lkm-280\/i.html\" href=\"http:\/\/www.freiheit.org\/Veranstaltungen-Publikationen\/1572c1746\/index.html?webshop=show&#038;action=SHOWPRODUCTBYID&#038;id=9DA85080-CBA1-450F-A719-582F8833C303\">Friedrich-Naumann-Stiftung<\/a> ist kostenlos und steht allen Interessierten offen. Anmeldungen bitte unter hamburg@freiheit.org.<\/p>\n","protected":false},"excerpt":{"rendered":"<p>\u00a0Das Vertrauen in Politiker und Parteien schwindet, B\u00fcrger nehmen ihre Interessen zunehmen selbst in die Hand: Sie starten B\u00fcrgerinitiativen und trommeln f\u00fcr Volksentscheide. Die repr\u00e4sentative Demokratie in Parlamenten und Gremien ger\u00e4t zunehmen unter Druck durch ihre \u201eKonkurrentin\u201c, die direkte Demokratie. \u00a0 Ist dieser Wettbewerb Fluch oder Segen f\u00fcr unsere Gesellschaft? In Hamburg laufen sich die [&hellip;]<\/p>\n","protected":false},"author":19,"featured_media":0,"comment_status":"open","ping_status":"open","sticky":false,"template":"","format":"standard","meta":{"jetpack_post_was_ever_published":false,"_jetpack_newsletter_access":"","_jetpack_dont_email_post_to_subs":false,"_jetpack_newsletter_tier_id":0,"_jetpack_memberships_contains_paywalled_content":false,"_jetpack_memberships_contains_paid_content":false,"footnotes":"","jetpack_publicize_message":"","jetpack_publicize_feature_enabled":true,"jetpack_social_post_already_shared":false,"jetpack_social_options":{"image_generator_settings":{"template":"highway","default_image_id":0,"font":"","enabled":false},"version":2}},"categories":[9],"tags":[],"class_list":["post-11312","post","type-post","status-publish","format-standard","hentry","category-ausstellungen"],"views":3356,"jetpack_publicize_connections":[],"jetpack_featured_media_url":"","jetpack_shortlink":"https:\/\/wp.me\/p7hfNR-2Ws","jetpack-related-posts":[{"id":40912,"url":"https:\/\/blog.sub.uni-hamburg.de\/?p=40912","url_meta":{"origin":11312,"position":0},"title":"Volksentscheide: Stabi schon ab 8 Uhr ge\u00f6ffnet!","author":"ST","date":"07-10-25","format":false,"excerpt":"Am Sonntag, 12.10.2025 \u00f6ffnet die Stabi bereits um 8 Uhr ihre T\u00fcren, wenn sie als eine von insgesamt 185 hamburgischen Abstimmungsstellen dient. Und das hei\u00dft f\u00fcr alle: mehr Stabi am Sonntag, wir haben insgesamt 16 Stunden an diesem Tag ge\u00f6ffnet! Neben unseren Bibliotheksnutzer:innen hei\u00dfen wir auch alle Stimmberechtigten aus Hamburg\u2026","rel":"","context":"In &quot;Aktuelles&quot;","block_context":{"text":"Aktuelles","link":"https:\/\/blog.sub.uni-hamburg.de\/?cat=1"},"img":{"alt_text":"","src":"https:\/\/i0.wp.com\/blog.sub.uni-hamburg.de\/wp-content\/uploads\/2025\/10\/volksentscheid-sonntag.png?resize=350%2C200&ssl=1","width":350,"height":200},"classes":[]},{"id":15720,"url":"https:\/\/blog.sub.uni-hamburg.de\/?p=15720","url_meta":{"origin":11312,"position":1},"title":"\u00d6ffentliche Podiumsdiskussion: 3. Hamburger W\u00e4rmedialog (9.9.)","author":"Markus Trapp","date":"29-08-14","format":false,"excerpt":"Wir m\u00f6chten Sie auf die folgende \u00f6ffentliche Podiumsdiskussion von EnergieNetz Hamburg eG und KEBAP e.V. aufmerksam machen: 3. Hamburger W\u00e4rmedialog: \u201eGutachter- und Beteiligungsprozess Ersatz HKW Wedel\u201c am 9. Sep. 2014 19:00 Uhr im Vortragsraum der Staats- und Universit\u00e4tsbibliothek im 1.OG, von-Melle-Park 3, 20146 Hamburg mit Monika Schaal, MdHB, umweltpolitische Sprecherin\u2026","rel":"","context":"In &quot;Ausstellungen und Veranstaltungen&quot;","block_context":{"text":"Ausstellungen und Veranstaltungen","link":"https:\/\/blog.sub.uni-hamburg.de\/?cat=9"},"img":{"alt_text":"3. Hamburger W\u00e4rmedialog","src":"https:\/\/i0.wp.com\/blog.sub.uni-hamburg.de\/wp-content\/uploads\/2014\/08\/energienetzhamburg092014.jpg?resize=350%2C200&ssl=1","width":350,"height":200,"srcset":"https:\/\/i0.wp.com\/blog.sub.uni-hamburg.de\/wp-content\/uploads\/2014\/08\/energienetzhamburg092014.jpg?resize=350%2C200&ssl=1 1x, https:\/\/i0.wp.com\/blog.sub.uni-hamburg.de\/wp-content\/uploads\/2014\/08\/energienetzhamburg092014.jpg?resize=525%2C300&ssl=1 1.5x"},"classes":[]},{"id":13747,"url":"https:\/\/blog.sub.uni-hamburg.de\/?p=13747","url_meta":{"origin":11312,"position":2},"title":"Die Zukunft der Hamburger Fernw\u00e4rmeversorgung (17.2.)","author":"Markus Trapp","date":"04-02-14","format":false,"excerpt":"Einladung zur \u00f6ffentlichen Podiumsdiskussion \u201eDie Zukunft der Hamburger Fernw\u00e4rmeversorgung\u201c Montag, 17. Februar 2014 19:00 Uhr, Staats- und Universit\u00e4tsbibliothek, Vortragsraum (1. Etage) Die Hamburger Fernw\u00e4rmeversorgung wird sp\u00e4testens ab 2019 wieder in das Eigentum der Freien und Hansestadt Hamburg \u00fcbergehen. Soweit haben sich der jetzige Eigent\u00fcmer Vattenfall W\u00e4rme GmbH und der Senat\u2026","rel":"","context":"In &quot;Aktuelles&quot;","block_context":{"text":"Aktuelles","link":"https:\/\/blog.sub.uni-hamburg.de\/?cat=1"},"img":{"alt_text":"Energienetz Hamburg","src":"https:\/\/i0.wp.com\/blog.sub.uni-hamburg.de\/wp-content\/uploads\/2014\/02\/energienetzhamburg.jpg?resize=350%2C200&ssl=1","width":350,"height":200},"classes":[]},{"id":21392,"url":"https:\/\/blog.sub.uni-hamburg.de\/?p=21392","url_meta":{"origin":11312,"position":3},"title":"57. Ratstreffen und 6. Hamburger W\u00e4rmedialog (8.11.)","author":"Markus Trapp","date":"25-10-16","format":false,"excerpt":"Die Diskussion \u00fcber den R\u00fcckkauf des Fernw\u00e4rmenetzes und das Konzept zur W\u00e4rmeversorgung in Hamburg nehmen zum Jahresende Fahrt auf. Der Zukunftsrat Hamburg und die EnergieNetz Hamburg eG laden ein zur \u00f6ffentlichen Podiumsdiskussion \u00fcber den derzeitigen Stand der Planungen f\u00fcr die Umsetzung des Volksentscheides zum R\u00fcckkauf der Energienetze und die Einbindung\u2026","rel":"","context":"In &quot;Ausstellungen und Veranstaltungen&quot;","block_context":{"text":"Ausstellungen und Veranstaltungen","link":"https:\/\/blog.sub.uni-hamburg.de\/?cat=9"},"img":{"alt_text":"","src":"https:\/\/i0.wp.com\/blog.sub.uni-hamburg.de\/wp-content\/uploads\/2016\/10\/energienetz-hh-640.jpg?resize=350%2C200&ssl=1","width":350,"height":200,"srcset":"https:\/\/i0.wp.com\/blog.sub.uni-hamburg.de\/wp-content\/uploads\/2016\/10\/energienetz-hh-640.jpg?resize=350%2C200&ssl=1 1x, https:\/\/i0.wp.com\/blog.sub.uni-hamburg.de\/wp-content\/uploads\/2016\/10\/energienetz-hh-640.jpg?resize=525%2C300&ssl=1 1.5x"},"classes":[]},{"id":24600,"url":"https:\/\/blog.sub.uni-hamburg.de\/?p=24600","url_meta":{"origin":11312,"position":4},"title":"60. Zukunftsratstreffen und 8. Hamburger W\u00e4rmedialog (17.4.)","author":"Markus Trapp","date":"26-03-18","format":false,"excerpt":"Der Zukunftsrat Hamburg und die EnergieNetz Hamburg eG laden zur zweiten Podiumsdiskussion 2018 ein. Themen sind der aktuelle Stand des R\u00fcckkaufs des Hamburger Fernw\u00e4rmenetzes und die Wirkung der Hamburger Volksinitiative Tsch\u00fcss Kohle zur Unterst\u00fctzung des Kohleausstiegs. Zur Erinnerung: Der R\u00fcckkauf der Energienetze wurde im Volksentscheid 2013 beschlossen. Der R\u00fcckkauf des\u2026","rel":"","context":"In &quot;Ausstellungen und Veranstaltungen&quot;","block_context":{"text":"Ausstellungen und Veranstaltungen","link":"https:\/\/blog.sub.uni-hamburg.de\/?cat=9"},"img":{"alt_text":"Zukunftsrat Hamburg","src":"https:\/\/i0.wp.com\/blog.sub.uni-hamburg.de\/wp-content\/uploads\/2018\/03\/zr_logo-550.jpg?resize=350%2C200&ssl=1","width":350,"height":200,"srcset":"https:\/\/i0.wp.com\/blog.sub.uni-hamburg.de\/wp-content\/uploads\/2018\/03\/zr_logo-550.jpg?resize=350%2C200&ssl=1 1x, https:\/\/i0.wp.com\/blog.sub.uni-hamburg.de\/wp-content\/uploads\/2018\/03\/zr_logo-550.jpg?resize=525%2C300&ssl=1 1.5x"},"classes":[]},{"id":21200,"url":"https:\/\/blog.sub.uni-hamburg.de\/?p=21200","url_meta":{"origin":11312,"position":5},"title":"Die Ungarn \u2013 von den Aufst\u00e4ndischen zum Volk der Legitimisten (20.10.)","author":"Markus Trapp","date":"06-10-16","format":false,"excerpt":"Zur Rolle der Zivilgesellschaft im politischen Ungarn 1956 und heute. Manuel Sarrazin, MdB, im Gespr\u00e4ch mit Melani Barlai, Andr\u00e1ssy Universit\u00e4t Budapest. Im Oktober j\u00e4hrt sich der Jahrestag des ungarischen Volksaufstands von 1956 zum 60sten Mal. Der Aufstand der Bev\u00f6lkerung, der blutig niedergeschlagen wurde, war das ausl\u00f6sende Moment f\u00fcr die sp\u00e4tere\u2026","rel":"","context":"In &quot;Ausstellungen und Veranstaltungen&quot;","block_context":{"text":"Ausstellungen und Veranstaltungen","link":"https:\/\/blog.sub.uni-hamburg.de\/?cat=9"},"img":{"alt_text":"","src":"https:\/\/i0.wp.com\/blog.sub.uni-hamburg.de\/wp-content\/uploads\/2016\/10\/Boell-Oktober-melani-barlai.jpg?resize=350%2C200&ssl=1","width":350,"height":200,"srcset":"https:\/\/i0.wp.com\/blog.sub.uni-hamburg.de\/wp-content\/uploads\/2016\/10\/Boell-Oktober-melani-barlai.jpg?resize=350%2C200&ssl=1 1x, https:\/\/i0.wp.com\/blog.sub.uni-hamburg.de\/wp-content\/uploads\/2016\/10\/Boell-Oktober-melani-barlai.jpg?resize=525%2C300&ssl=1 1.5x"},"classes":[]}],"jetpack_sharing_enabled":true,"_links":{"self":[{"href":"https:\/\/blog.sub.uni-hamburg.de\/index.php?rest_route=\/wp\/v2\/posts\/11312","targetHints":{"allow":["GET"]}}],"collection":[{"href":"https:\/\/blog.sub.uni-hamburg.de\/index.php?rest_route=\/wp\/v2\/posts"}],"about":[{"href":"https:\/\/blog.sub.uni-hamburg.de\/index.php?rest_route=\/wp\/v2\/types\/post"}],"author":[{"embeddable":true,"href":"https:\/\/blog.sub.uni-hamburg.de\/index.php?rest_route=\/wp\/v2\/users\/19"}],"replies":[{"embeddable":true,"href":"https:\/\/blog.sub.uni-hamburg.de\/index.php?rest_route=%2Fwp%2Fv2%2Fcomments&post=11312"}],"version-history":[{"count":3,"href":"https:\/\/blog.sub.uni-hamburg.de\/index.php?rest_route=\/wp\/v2\/posts\/11312\/revisions"}],"predecessor-version":[{"id":11398,"href":"https:\/\/blog.sub.uni-hamburg.de\/index.php?rest_route=\/wp\/v2\/posts\/11312\/revisions\/11398"}],"wp:attachment":[{"href":"https:\/\/blog.sub.uni-hamburg.de\/index.php?rest_route=%2Fwp%2Fv2%2Fmedia&parent=11312"}],"wp:term":[{"taxonomy":"category","embeddable":true,"href":"https:\/\/blog.sub.uni-hamburg.de\/index.php?rest_route=%2Fwp%2Fv2%2Fcategories&post=11312"},{"taxonomy":"post_tag","embeddable":true,"href":"https:\/\/blog.sub.uni-hamburg.de\/index.php?rest_route=%2Fwp%2Fv2%2Ftags&post=11312"}],"curies":[{"name":"wp","href":"https:\/\/api.w.org\/{rel}","templated":true}]}}