{"id":11276,"date":"2013-03-10T08:44:00","date_gmt":"2013-03-10T07:44:00","guid":{"rendered":"http:\/\/blog.sub.uni-hamburg.de\/?p=11276"},"modified":"2013-03-25T10:04:21","modified_gmt":"2013-03-25T09:04:21","slug":"sonntag-24-3-stabi-geschlossen-baumasnahme","status":"publish","type":"post","link":"https:\/\/blog.sub.uni-hamburg.de\/?p=11276","title":{"rendered":"Sonntag, 24.3.: Stabi geschlossen (Bauma\u00dfnahme)"},"content":{"rendered":"<p><a href=\"https:\/\/blog.sub.uni-hamburg.de\/wp-content\/uploads\/2013\/03\/keine-stabi-2013.png\"><img loading=\"lazy\" decoding=\"async\" data-attachment-id=\"11277\" data-permalink=\"https:\/\/blog.sub.uni-hamburg.de\/?attachment_id=11277\" data-orig-file=\"https:\/\/blog.sub.uni-hamburg.de\/wp-content\/uploads\/2013\/03\/keine-stabi-2013.png\" data-orig-size=\"223,212\" data-comments-opened=\"1\" data-image-meta=\"{&quot;aperture&quot;:&quot;0&quot;,&quot;credit&quot;:&quot;&quot;,&quot;camera&quot;:&quot;&quot;,&quot;caption&quot;:&quot;&quot;,&quot;created_timestamp&quot;:&quot;0&quot;,&quot;copyright&quot;:&quot;&quot;,&quot;focal_length&quot;:&quot;0&quot;,&quot;iso&quot;:&quot;0&quot;,&quot;shutter_speed&quot;:&quot;0&quot;,&quot;title&quot;:&quot;&quot;}\" data-image-title=\"keine-stabi-2013\" data-image-description=\"\" data-image-caption=\"\" data-large-file=\"https:\/\/blog.sub.uni-hamburg.de\/wp-content\/uploads\/2013\/03\/keine-stabi-2013.png\" class=\"alignright size-full wp-image-11277\" alt=\"keine-stabi-2013\" src=\"https:\/\/blog.sub.uni-hamburg.de\/wp-content\/uploads\/2013\/03\/keine-stabi-2013.png\" width=\"223\" height=\"212\" \/><\/a>Wegen der j\u00e4hrlichen brandschutztechnischen Wartungsma\u00dfnahme in den Innereien der Bibliothek muss die Stabi am Sonntag, 24.3.2013, geschlossen bleiben.<\/p>\n<p>Die Arbeiten sind nicht nur etwas aufw\u00e4ndiger, sie k\u00f6nnen auch nicht bei laufendem Betrieb durchgef\u00fchrt werden. Wir sind aber verpflichtet, sie regelm\u00e4\u00dfig durchzuf\u00fchren. Gleichzeitig kann die Klimaanlage (und damit auch die Beheizung) nicht eingeschaltet werden.<\/p>\n","protected":false},"excerpt":{"rendered":"<p>Wegen der j\u00e4hrlichen brandschutztechnischen Wartungsma\u00dfnahme in den Innereien der Bibliothek muss die Stabi am Sonntag, 24.3.2013, geschlossen bleiben. Die Arbeiten sind nicht nur etwas aufw\u00e4ndiger, sie k\u00f6nnen auch nicht bei laufendem Betrieb durchgef\u00fchrt werden. Wir sind aber verpflichtet, sie regelm\u00e4\u00dfig durchzuf\u00fchren. Gleichzeitig kann die Klimaanlage (und damit auch die Beheizung) nicht eingeschaltet werden.<\/p>\n","protected":false},"author":6,"featured_media":0,"comment_status":"open","ping_status":"open","sticky":false,"template":"","format":"standard","meta":{"jetpack_post_was_ever_published":false,"_jetpack_newsletter_access":"","_jetpack_dont_email_post_to_subs":false,"_jetpack_newsletter_tier_id":0,"_jetpack_memberships_contains_paywalled_content":false,"_jetpack_memberships_contains_paid_content":false,"footnotes":"","jetpack_publicize_message":"","jetpack_publicize_feature_enabled":true,"jetpack_social_post_already_shared":false,"jetpack_social_options":{"image_generator_settings":{"template":"highway","default_image_id":0,"font":"","enabled":false},"version":2}},"categories":[1,10],"tags":[],"class_list":["post-11276","post","type-post","status-publish","format-standard","hentry","category-1","category-baustelle-stabi"],"views":4391,"jetpack_publicize_connections":[],"jetpack_featured_media_url":"","jetpack_shortlink":"https:\/\/wp.me\/p7hfNR-2VS","jetpack-related-posts":[{"id":4295,"url":"https:\/\/blog.sub.uni-hamburg.de\/?p=4295","url_meta":{"origin":11276,"position":0},"title":"Sonntag, 27.2.: Stabi geschlossen (Bauma\u00dfnahme)","author":"ST","date":"11-02-11","format":false,"excerpt":"Wegen einer brandschutztechnischen Wartungsma\u00dfnahme in den Innereien der Bibliothek muss die Stabi am Sonntag, 27.2.2011, geschlossen bleiben. Die Arbeiten sind nicht nur etwas aufw\u00e4ndiger, sie k\u00f6nnen auch nicht bei laufendem Betrieb durchgef\u00fchrt werden. Wir sind aber verpflichtet, sie regelm\u00e4\u00dfig durchzuf\u00fchren. Gleichzeitig kann die Klimaanlage (und damit auch die Beheizung) nicht\u2026","rel":"","context":"In &quot;Aktuelles&quot;","block_context":{"text":"Aktuelles","link":"https:\/\/blog.sub.uni-hamburg.de\/?cat=1"},"img":{"alt_text":"","src":"https:\/\/i0.wp.com\/blog.sub.uni-hamburg.de\/wp-content\/uploads\/2011\/02\/keine-stabi-2011-4.png?resize=350%2C200&ssl=1","width":350,"height":200},"classes":[]},{"id":7067,"url":"https:\/\/blog.sub.uni-hamburg.de\/?p=7067","url_meta":{"origin":11276,"position":1},"title":"Sonntag, 26.2.: Stabi geschlossen (Bauma\u00dfnahme)","author":"ST","date":"10-02-12","format":false,"excerpt":"Wegen der j\u00e4hrlichen brandschutztechnischen Wartungsma\u00dfnahme in den Innereien der Bibliothek muss die Stabi am Sonntag, 26.2.2011, geschlossen bleiben. Die Arbeiten sind nicht nur etwas aufw\u00e4ndiger, sie k\u00f6nnen auch nicht bei laufendem Betrieb durchgef\u00fchrt werden. Wir sind aber verpflichtet, sie regelm\u00e4\u00dfig durchzuf\u00fchren. Gleichzeitig kann die Klimaanlage (und damit auch die Beheizung)\u2026","rel":"","context":"In &quot;Aktuelles&quot;","block_context":{"text":"Aktuelles","link":"https:\/\/blog.sub.uni-hamburg.de\/?cat=1"},"img":{"alt_text":"","src":"https:\/\/i0.wp.com\/blog.sub.uni-hamburg.de\/wp-content\/uploads\/2012\/01\/keine-stabi-2012.png?resize=350%2C200&ssl=1","width":350,"height":200},"classes":[]},{"id":1184,"url":"https:\/\/blog.sub.uni-hamburg.de\/?p=1184","url_meta":{"origin":11276,"position":2},"title":"Sonntag, 8.3.: Stabi geschlossen (Bauma\u00dfnahme)","author":"ST","date":"16-02-09","format":false,"excerpt":"Wegen einer brandschutztechnischen Wartungsma\u00dfnahme in den Innereien der Bibliothek muss die Stabi am Sonntag, 8.3.2009, geschlossen bleiben. Die Arbeiten sind nicht nur etwas aufw\u00e4ndiger, sie k\u00f6nnen auch nicht bei laufendem Betrieb durchgef\u00fchrt werden. Wir sind aber verpflichtet, sie regelm\u00e4\u00dfig durchzuf\u00fchren. Gleichzeitig kann die Klimaanlage (und damit die Beheizung) nicht eingeschaltet\u2026","rel":"","context":"In &quot;Aktuelles&quot;","block_context":{"text":"Aktuelles","link":"https:\/\/blog.sub.uni-hamburg.de\/?cat=1"},"img":{"alt_text":"","src":"","width":0,"height":0},"classes":[]},{"id":1615,"url":"https:\/\/blog.sub.uni-hamburg.de\/?p=1615","url_meta":{"origin":11276,"position":3},"title":"Sonntag, 11.4.: Stabi geschlossen (Bauma\u00dfnahme)","author":"ST","date":"19-03-10","format":false,"excerpt":"Wegen einer brandschutztechnischen Wartungsma\u00dfnahme in den Innereien der Bibliothek muss die Stabi am Sonntag, 11.4.2010, geschlossen bleiben. Die Arbeiten sind nicht nur etwas aufw\u00e4ndiger, sie k\u00f6nnen auch nicht bei laufendem Betrieb durchgef\u00fchrt werden. Wir sind aber verpflichtet, sie regelm\u00e4\u00dfig durchzuf\u00fchren. Gleichzeitig kann die Klimaanlage (und damit auch die Beheizung) nicht\u2026","rel":"","context":"In &quot;Aktuelles&quot;","block_context":{"text":"Aktuelles","link":"https:\/\/blog.sub.uni-hamburg.de\/?cat=1"},"img":{"alt_text":"","src":"","width":0,"height":0},"classes":[]},{"id":865,"url":"https:\/\/blog.sub.uni-hamburg.de\/?p=865","url_meta":{"origin":11276,"position":4},"title":"Sonntag, 2.3.: Stabi geschlossen (Bauma\u00dfnahme)","author":"ST","date":"17-02-08","format":false,"excerpt":"Wegen einer brandschutztechnischen Wartungsma\u00dfnahme in den Innereien der Bibliothek muss die Stabi am Sonntag, 2.3.2008, geschlossen bleiben. Gleichzeitig kann auch nicht die Klimaanlage (und damit die Beheizung) in Betrieb genommen werden. Die Wartung ist etwas aufw\u00e4ndiger und kann nicht bei laufendem Betrieb durchgef\u00fchrt werden, ist von uns aber regelm\u00e4\u00dfig durchzuf\u00fchren.\u2026","rel":"","context":"In &quot;Aktuelles&quot;","block_context":{"text":"Aktuelles","link":"https:\/\/blog.sub.uni-hamburg.de\/?cat=1"},"img":{"alt_text":"","src":"","width":0,"height":0},"classes":[]},{"id":18147,"url":"https:\/\/blog.sub.uni-hamburg.de\/?p=18147","url_meta":{"origin":11276,"position":5},"title":"15.+16.8. wg. Bauma\u00dfnahme (teilw.) geschlossen","author":"ST","date":"05-08-15","format":false,"excerpt":"Wegen der j\u00e4hrlichen brandschutztechnischen Wartungsma\u00dfnahme in den Innereien der Bibliothek muss die Stabi am Sonnabend, 15.8. ab 21 Uhr und Sonntag, 16.8.2015 ganzt\u00e4gig geschlossen bleiben. Die Arbeiten sind nicht nur etwas aufw\u00e4ndiger, sie k\u00f6nnen auch nicht bei laufendem Betrieb durchgef\u00fchrt werden. Wir sind aber verpflichtet, sie regelm\u00e4\u00dfig durchzuf\u00fchren. In diesem\u2026","rel":"","context":"In &quot;Aktuelles&quot;","block_context":{"text":"Aktuelles","link":"https:\/\/blog.sub.uni-hamburg.de\/?cat=1"},"img":{"alt_text":"Stabi geschlossen","src":"https:\/\/i0.wp.com\/blog.sub.uni-hamburg.de\/wp-content\/uploads\/2015\/08\/stabigeschlossen.jpg?resize=350%2C200&ssl=1","width":350,"height":200},"classes":[]}],"jetpack_sharing_enabled":true,"_links":{"self":[{"href":"https:\/\/blog.sub.uni-hamburg.de\/index.php?rest_route=\/wp\/v2\/posts\/11276","targetHints":{"allow":["GET"]}}],"collection":[{"href":"https:\/\/blog.sub.uni-hamburg.de\/index.php?rest_route=\/wp\/v2\/posts"}],"about":[{"href":"https:\/\/blog.sub.uni-hamburg.de\/index.php?rest_route=\/wp\/v2\/types\/post"}],"author":[{"embeddable":true,"href":"https:\/\/blog.sub.uni-hamburg.de\/index.php?rest_route=\/wp\/v2\/users\/6"}],"replies":[{"embeddable":true,"href":"https:\/\/blog.sub.uni-hamburg.de\/index.php?rest_route=%2Fwp%2Fv2%2Fcomments&post=11276"}],"version-history":[{"count":4,"href":"https:\/\/blog.sub.uni-hamburg.de\/index.php?rest_route=\/wp\/v2\/posts\/11276\/revisions"}],"predecessor-version":[{"id":11280,"href":"https:\/\/blog.sub.uni-hamburg.de\/index.php?rest_route=\/wp\/v2\/posts\/11276\/revisions\/11280"}],"wp:attachment":[{"href":"https:\/\/blog.sub.uni-hamburg.de\/index.php?rest_route=%2Fwp%2Fv2%2Fmedia&parent=11276"}],"wp:term":[{"taxonomy":"category","embeddable":true,"href":"https:\/\/blog.sub.uni-hamburg.de\/index.php?rest_route=%2Fwp%2Fv2%2Fcategories&post=11276"},{"taxonomy":"post_tag","embeddable":true,"href":"https:\/\/blog.sub.uni-hamburg.de\/index.php?rest_route=%2Fwp%2Fv2%2Ftags&post=11276"}],"curies":[{"name":"wp","href":"https:\/\/api.w.org\/{rel}","templated":true}]}}