{"id":11079,"date":"2013-02-12T14:42:47","date_gmt":"2013-02-12T13:42:47","guid":{"rendered":"http:\/\/blog.sub.uni-hamburg.de\/?p=11079"},"modified":"2013-02-28T10:15:46","modified_gmt":"2013-02-28T09:15:46","slug":"vortrag-uber-anton-ree-kampfer-fur-die-sociale-emanzipation-der-juden-27-2","status":"publish","type":"post","link":"https:\/\/blog.sub.uni-hamburg.de\/?p=11079","title":{"rendered":"Vortrag \u00fcber Anton R\u00e9e, K\u00e4mpfer f\u00fcr die sociale Emanzipation der Juden (27.2.)"},"content":{"rendered":"<p>&nbsp;<\/p>\n<p><b>Inka Le-Huu: Anton R\u00e9e, ein K\u00e4mpfer f\u00fcr die sociale Emanzipation der Juden. J\u00fcdisch-christliche Begegnungen im Hamburger B\u00fcrgertum<a href=\"https:\/\/blog.sub.uni-hamburg.de\/wp-content\/uploads\/2013\/02\/13-VHG-Feb-Ree-klein.jpg\"><img loading=\"lazy\" decoding=\"async\" data-attachment-id=\"11084\" data-permalink=\"https:\/\/blog.sub.uni-hamburg.de\/?attachment_id=11084\" data-orig-file=\"https:\/\/blog.sub.uni-hamburg.de\/wp-content\/uploads\/2013\/02\/13-VHG-Feb-Ree-klein.jpg\" data-orig-size=\"300,454\" data-comments-opened=\"1\" data-image-meta=\"{&quot;aperture&quot;:&quot;0&quot;,&quot;credit&quot;:&quot;&quot;,&quot;camera&quot;:&quot;&quot;,&quot;caption&quot;:&quot;&quot;,&quot;created_timestamp&quot;:&quot;0&quot;,&quot;copyright&quot;:&quot;&quot;,&quot;focal_length&quot;:&quot;0&quot;,&quot;iso&quot;:&quot;0&quot;,&quot;shutter_speed&quot;:&quot;0&quot;,&quot;title&quot;:&quot;&quot;}\" data-image-title=\"13-VHG-Feb-Ree-klein\" data-image-description=\"\" data-image-caption=\"\" data-large-file=\"https:\/\/blog.sub.uni-hamburg.de\/wp-content\/uploads\/2013\/02\/13-VHG-Feb-Ree-klein.jpg\" class=\"alignright size-full wp-image-11084\" alt=\"13-VHG-Feb-Ree-klein\" src=\"https:\/\/blog.sub.uni-hamburg.de\/wp-content\/uploads\/2013\/02\/13-VHG-Feb-Ree-klein.jpg\" width=\"241\" height=\"364\" srcset=\"https:\/\/blog.sub.uni-hamburg.de\/wp-content\/uploads\/2013\/02\/13-VHG-Feb-Ree-klein.jpg 300w, https:\/\/blog.sub.uni-hamburg.de\/wp-content\/uploads\/2013\/02\/13-VHG-Feb-Ree-klein-198x300.jpg 198w\" sizes=\"auto, (max-width: 241px) 100vw, 241px\" \/><\/a><\/b><\/p>\n<p><b>Mittwoch 27. Februar 2013, 18 Uhr<br \/>\n<\/b>Vortragsraum, 1. Etage, Eintritt frei<\/p>\n<p>Anton R\u00e9e (1815\u20131891) hat sich Zeit seines Lebens f\u00fcr die Emanzipation der Juden eingesetzt. Sein Engagement galt dabei besonders der \u201esocialen Emanzipation\u201c. Darunter verstand man im 19. Jahrhundert die gleichberechtigte Teilhabe der Juden an allen Gesellschaftsbereichen. Daf\u00fcr stritt Anton R\u00e9e als P\u00e4dagoge, Publizist, Politiker und Vereinsgr\u00fcnder. Mit welchen Anliegen konnte er sich durchsetzten und wo stie\u00df er auf Widerstand? Das Wirken von Anton R\u00e9e gibt Aufschluss \u00fcber die Aushandlungsprozesse, die um die Partizipation von Juden am \u00f6ffentlichen Leben gef\u00fchrt wurden.<\/p>\n<p>Inka Le-Huu, Historikerin, arbeitet an einem Promotionsvorhaben zur \u201eSocialen Emanzipation der Juden\u201c. Sie ist wissenschaftliche Mitarbeiterin am Universit\u00e4tskolleg der Universit\u00e4t Hamburg.<br \/>\n<em><\/em><\/p>\n<p><em>Eine Veranstaltung des <a title=\"http:\/\/www.vfhg.de\/\" href=\"http:\/\/www.vfhg.de\/\">Vereins f\u00fcr Hamburgische Geschichte<\/a> in Zusammenarbeit mit der Staats- und Universit\u00e4tsbibliothek Hamburg.<\/em><\/p>\n","protected":false},"excerpt":{"rendered":"<p>&nbsp; Inka Le-Huu: Anton R\u00e9e, ein K\u00e4mpfer f\u00fcr die sociale Emanzipation der Juden. J\u00fcdisch-christliche Begegnungen im Hamburger B\u00fcrgertum Mittwoch 27. Februar 2013, 18 Uhr Vortragsraum, 1. Etage, Eintritt frei Anton R\u00e9e (1815\u20131891) hat sich Zeit seines Lebens f\u00fcr die Emanzipation der Juden eingesetzt. Sein Engagement galt dabei besonders der \u201esocialen Emanzipation\u201c. Darunter verstand man im [&hellip;]<\/p>\n","protected":false},"author":5,"featured_media":0,"comment_status":"open","ping_status":"open","sticky":false,"template":"","format":"standard","meta":{"jetpack_post_was_ever_published":false,"_jetpack_newsletter_access":"","_jetpack_dont_email_post_to_subs":false,"_jetpack_newsletter_tier_id":0,"_jetpack_memberships_contains_paywalled_content":false,"_jetpack_memberships_contains_paid_content":false,"footnotes":"","jetpack_publicize_message":"","jetpack_publicize_feature_enabled":true,"jetpack_social_post_already_shared":false,"jetpack_social_options":{"image_generator_settings":{"template":"highway","default_image_id":0,"font":"","enabled":false},"version":2}},"categories":[9],"tags":[],"class_list":["post-11079","post","type-post","status-publish","format-standard","hentry","category-ausstellungen"],"views":3204,"jetpack_publicize_connections":[],"jetpack_featured_media_url":"","jetpack_shortlink":"https:\/\/wp.me\/p7hfNR-2SH","jetpack-related-posts":[{"id":13083,"url":"https:\/\/blog.sub.uni-hamburg.de\/?p=13083","url_meta":{"origin":11079,"position":0},"title":"Vortrag \u00fcber Gabriel Riesser (1806 bis 1863) (20.11.)","author":"Markus Trapp","date":"05-11-13","format":false,"excerpt":"Prof. Dr. Arno Herzig: Gabriel Riesser (1806 bis 1863) \u2013 eine der bedeutendsten Pers\u00f6nlichkeiten des deutschen Judentums im 19. Jahrhundert Am 22. April 1863 starb Gabriel Riesser. Beging die Stadt Hamburg vor 50 Jahren zu seinem 100. Todestag dieses Ereignis noch mit einer Festveranstaltung, so ist seine Pers\u00f6nlichkeit heute im\u2026","rel":"","context":"In &quot;Ausstellungen und Veranstaltungen&quot;","block_context":{"text":"Ausstellungen und Veranstaltungen","link":"https:\/\/blog.sub.uni-hamburg.de\/?cat=9"},"img":{"alt_text":"Gabriel Riesser (1806 bis 1863)","src":"https:\/\/i0.wp.com\/blog.sub.uni-hamburg.de\/wp-content\/uploads\/2013\/11\/stahlstich-riesser.jpg?resize=350%2C200&ssl=1","width":350,"height":200},"classes":[]},{"id":13218,"url":"https:\/\/blog.sub.uni-hamburg.de\/?p=13218","url_meta":{"origin":11079,"position":1},"title":"Die Entnazifizierung an der Hamburger Universit\u00e4t (4.12.)","author":"Markus Trapp","date":"26-11-13","format":false,"excerpt":"Anton F. Guhl (M. A.): Die Entnazifizierung an der Hamburger Universit\u00e4t \u2013 eine Lebenskrise nationalsozialistischer Professoren? Die Entnazifizierung der deutschen Funktionseliten endete mit einer weitgehenden Wiedereingliederung auch exponierter ehemaliger Nationalsozialisten (Stichwort: Hans Globke). Das trifft auch auf die Professoren der Universit\u00e4ten zu. Gleichwohl konnten die Entnazifizierungsma\u00dfnahmen, die bis hin zu\u2026","rel":"","context":"In &quot;Ausstellungen und Veranstaltungen&quot;","block_context":{"text":"Ausstellungen und Veranstaltungen","link":"https:\/\/blog.sub.uni-hamburg.de\/?cat=9"},"img":{"alt_text":"Bescheinigung des Area Security Office Hamburg, 1946","src":"https:\/\/i0.wp.com\/blog.sub.uni-hamburg.de\/wp-content\/uploads\/2013\/11\/13-VHG-Dez-guhl.jpg?resize=350%2C200&ssl=1","width":350,"height":200},"classes":[]},{"id":1705,"url":"https:\/\/blog.sub.uni-hamburg.de\/?p=1705","url_meta":{"origin":11079,"position":2},"title":"Auftaktveranstaltung zu Organon 2010 &#8211; 200 Jahre Grundlagen der Hom\u00f6opathie (10.4.)","author":"BP","date":"29-03-10","format":false,"excerpt":"Chronische Infektionskrankheiten und Seuchen \u2013 eine hom\u00f6opathische Erfolgsgeschichte Vortrag und Diskussion mit Curt K\u00f6sters (1. Vorsitzender des DZVh\u00c4, Hamburg) und Dr. Anton Rohrer (Gro\u00dflobming, \u00d6sterreich) Die Erfolge der hom\u00f6opathischen Behandlung gro\u00dfer Epidemien - insbesondere auch in den gro\u00dfen Cholera-Epidemien des 19. Jahrhunderts - waren ein wesentlicher Motor der weltweiten Ausbreitung\u2026","rel":"","context":"In &quot;Ausstellungen und Veranstaltungen&quot;","block_context":{"text":"Ausstellungen und Veranstaltungen","link":"https:\/\/blog.sub.uni-hamburg.de\/?cat=9"},"img":{"alt_text":"","src":"","width":0,"height":0},"classes":[]},{"id":25151,"url":"https:\/\/blog.sub.uni-hamburg.de\/?p=25151","url_meta":{"origin":11079,"position":3},"title":"Restitution an die J\u00fcdische Gemeinde Hamburg","author":"Redaktion","date":"25-06-18","format":false,"excerpt":"Von Maria Kesting (SUB Hamburg) und Nadine Kulbe (SLUB Dresden). \u201e\u2026bem\u00fchen wir uns bislang leider vergeblich, die R\u00fcckf\u00fchrung unserer Bibliothek aus Dresden zu erwirken.\u201c So zu lesen in einem Schreiben der J\u00fcdischen Gemeinde Hamburg an die Staats- und Universit\u00e4tsbibliothek Hamburg (SUB) vom 3. Juli 1955. Dass dieses Bem\u00fchen einmal von\u2026","rel":"","context":"In &quot;Aktuelles&quot;","block_context":{"text":"Aktuelles","link":"https:\/\/blog.sub.uni-hamburg.de\/?cat=1"},"img":{"alt_text":"","src":"https:\/\/i0.wp.com\/blog.sub.uni-hamburg.de\/wp-content\/uploads\/2018\/06\/juedgembibhh.jpg?resize=350%2C200&ssl=1","width":350,"height":200},"classes":[]},{"id":23086,"url":"https:\/\/blog.sub.uni-hamburg.de\/?p=23086","url_meta":{"origin":11079,"position":4},"title":"Perspektiven der LSBTI*-Bewegung in Israel und Deutschland | Vortrag und Gespr\u00e4ch mit Avi Soffer (19.7.)","author":"Markus Trapp","date":"12-07-17","format":false,"excerpt":"Jedes Jahr feiert Tel Aviv den gr\u00f6\u00dften und bekanntesten CSD des Nahen Ostens, f\u00fcr viele europ\u00e4ische LSBTI* ein beliebtes Urlaubsziel als Start in die Pride-Saison. In ihrem Alltag jenseits der Parade ist die politische LSBTI*-Community mit vielen Fragen konfrontiert, die auch europ\u00e4ische LSBTI* besch\u00e4ftigen. Und wie in europ\u00e4ischen L\u00e4ndern hat\u2026","rel":"","context":"In &quot;Ausstellungen und Veranstaltungen&quot;","block_context":{"text":"Ausstellungen und Veranstaltungen","link":"https:\/\/blog.sub.uni-hamburg.de\/?cat=9"},"img":{"alt_text":"Avi Soffer","src":"https:\/\/i0.wp.com\/blog.sub.uni-hamburg.de\/wp-content\/uploads\/2017\/07\/avi-soffer.jpg?resize=350%2C200&ssl=1","width":350,"height":200,"srcset":"https:\/\/i0.wp.com\/blog.sub.uni-hamburg.de\/wp-content\/uploads\/2017\/07\/avi-soffer.jpg?resize=350%2C200&ssl=1 1x, https:\/\/i0.wp.com\/blog.sub.uni-hamburg.de\/wp-content\/uploads\/2017\/07\/avi-soffer.jpg?resize=525%2C300&ssl=1 1.5x"},"classes":[]},{"id":22227,"url":"https:\/\/blog.sub.uni-hamburg.de\/?p=22227","url_meta":{"origin":11079,"position":5},"title":"Die Hamburger Juden im NS-Staat zwischen 1933 und 1938\/39. Historische Forschung (22.3.)","author":"Markus Trapp","date":"03-03-17","format":false,"excerpt":"Prof. Dr. J\u00f6rg Berkemann \/ Prof. Dr. Ina Lorenz: Die Hamburger Juden im NS-Staat zwischen 1933 und 1938\/39. Historische Forschung \u2013 ihre Zielsetzung und Umsetzung. Juden unterlagen nach der nationalsozialistischen \u201eMachtergreifung\u201c der offiziellen rassistischen Staatsdoktrin. Die rassenpolitischen Ziele wurden schrittweise immer radikaler durchgesetzt, um zun\u00e4chst sektoral, dann nahezu vollst\u00e4ndig alle\u2026","rel":"","context":"In &quot;Ausstellungen und Veranstaltungen&quot;","block_context":{"text":"Ausstellungen und Veranstaltungen","link":"https:\/\/blog.sub.uni-hamburg.de\/?cat=9"},"img":{"alt_text":"","src":"https:\/\/i0.wp.com\/blog.sub.uni-hamburg.de\/wp-content\/uploads\/2017\/03\/vhg-logo-450.jpg?resize=350%2C200&ssl=1","width":350,"height":200},"classes":[]}],"jetpack_sharing_enabled":true,"_links":{"self":[{"href":"https:\/\/blog.sub.uni-hamburg.de\/index.php?rest_route=\/wp\/v2\/posts\/11079","targetHints":{"allow":["GET"]}}],"collection":[{"href":"https:\/\/blog.sub.uni-hamburg.de\/index.php?rest_route=\/wp\/v2\/posts"}],"about":[{"href":"https:\/\/blog.sub.uni-hamburg.de\/index.php?rest_route=\/wp\/v2\/types\/post"}],"author":[{"embeddable":true,"href":"https:\/\/blog.sub.uni-hamburg.de\/index.php?rest_route=\/wp\/v2\/users\/5"}],"replies":[{"embeddable":true,"href":"https:\/\/blog.sub.uni-hamburg.de\/index.php?rest_route=%2Fwp%2Fv2%2Fcomments&post=11079"}],"version-history":[{"count":11,"href":"https:\/\/blog.sub.uni-hamburg.de\/index.php?rest_route=\/wp\/v2\/posts\/11079\/revisions"}],"predecessor-version":[{"id":11218,"href":"https:\/\/blog.sub.uni-hamburg.de\/index.php?rest_route=\/wp\/v2\/posts\/11079\/revisions\/11218"}],"wp:attachment":[{"href":"https:\/\/blog.sub.uni-hamburg.de\/index.php?rest_route=%2Fwp%2Fv2%2Fmedia&parent=11079"}],"wp:term":[{"taxonomy":"category","embeddable":true,"href":"https:\/\/blog.sub.uni-hamburg.de\/index.php?rest_route=%2Fwp%2Fv2%2Fcategories&post=11079"},{"taxonomy":"post_tag","embeddable":true,"href":"https:\/\/blog.sub.uni-hamburg.de\/index.php?rest_route=%2Fwp%2Fv2%2Ftags&post=11079"}],"curies":[{"name":"wp","href":"https:\/\/api.w.org\/{rel}","templated":true}]}}