{"id":1023,"date":"2008-08-15T12:49:08","date_gmt":"2008-08-15T10:49:08","guid":{"rendered":"http:\/\/www.sub.uni-hamburg.de\/blog\/?p=1023"},"modified":"2008-08-25T11:01:54","modified_gmt":"2008-08-25T09:01:54","slug":"fuhrung-durch-den-lichthof-der-staats-und-universitatsbibliothek-hamburg-1392008","status":"publish","type":"post","link":"https:\/\/blog.sub.uni-hamburg.de\/?p=1023","title":{"rendered":"F\u00fchrung durch den LICHTHOF der Staats- und Universit\u00e4tsbibliothek Hamburg (13.9.2008)"},"content":{"rendered":"<p><img loading=\"lazy\" decoding=\"async\" width=\"305\" height=\"204\" align=\"right\" id=\"image1024\" alt=\"Lichthof Veranstaltung\" src=\"https:\/\/blog.sub.uni-hamburg.de\/wp-content\/uploads\/2008\/08\/lichthofveran.jpg\" \/>Am <a target=\"_blank\" href=\"http:\/\/www.tag-des-offenen-denkmals.de\/\">Tag des Offenen Denkmals<\/a>, der dieses Jahr verborgenen Orten in Hamburg gewidmet ist, wird eine F\u00fchrung durch den historischen LICHTHOF der Bibliothek angeboten.<\/p>\n<p>Der Lichthof ist die einstige Eingangs- und Pausenhalle des ehemaligen Wilhelm-Gymnasiums, das 1884 im Neorenaissance-Stil erbaut wurde. Der f\u00fcnfeckige Saal mit seinen Arkaden, die sich bis auf 15 Meter H\u00f6he erstrecken, ist einem italienischem Palast nachempfunden. Seit 1945 wird das Geb\u00e4ude von der Staats- und Universit\u00e4tsbibliothek Hamburg Carl von Ossietzky genutzt.<\/p>\n<p>Ort: LICHTHOF im Altbau der Staats- und Universit\u00e4tsbibliothek Hamburg, Eingang Edmund-Siemers-Allee\/Ecke Grindelallee<\/p>\n<p>Zeit: Sonnabend, 13.9.2008, 11 Uhr<\/p>\n","protected":false},"excerpt":{"rendered":"<p>Am Tag des Offenen Denkmals, der dieses Jahr verborgenen Orten in Hamburg gewidmet ist, wird eine F\u00fchrung durch den historischen LICHTHOF der Bibliothek angeboten. Der Lichthof ist die einstige Eingangs- und Pausenhalle des ehemaligen Wilhelm-Gymnasiums, das 1884 im Neorenaissance-Stil erbaut wurde. Der f\u00fcnfeckige Saal mit seinen Arkaden, die sich bis auf 15 Meter H\u00f6he erstrecken, [&hellip;]<\/p>\n","protected":false},"author":25,"featured_media":0,"comment_status":"open","ping_status":"open","sticky":false,"template":"","format":"standard","meta":{"jetpack_post_was_ever_published":false,"_jetpack_newsletter_access":"","_jetpack_dont_email_post_to_subs":false,"_jetpack_newsletter_tier_id":0,"_jetpack_memberships_contains_paywalled_content":false,"_jetpack_memberships_contains_paid_content":false,"footnotes":"","jetpack_publicize_message":"","jetpack_publicize_feature_enabled":true,"jetpack_social_post_already_shared":false,"jetpack_social_options":{"image_generator_settings":{"template":"highway","default_image_id":0,"font":"","enabled":false},"version":2}},"categories":[9],"tags":[],"class_list":["post-1023","post","type-post","status-publish","format-standard","hentry","category-ausstellungen"],"views":8366,"jetpack_publicize_connections":[],"jetpack_featured_media_url":"","jetpack_shortlink":"https:\/\/wp.me\/p7hfNR-gv","jetpack-related-posts":[{"id":974,"url":"https:\/\/blog.sub.uni-hamburg.de\/?p=974","url_meta":{"origin":1023,"position":0},"title":"LICHTHOF: Aktuelle spanische Architektur in der HafenCity : Benedetta Tagliabue, Beth Gal\u00ed (27.6.08)","author":"MG","date":"13-06-08","format":false,"excerpt":"Fr. 27.6.2008: F\u00fchrung in der HafenCity, 16.30 Uhr \/ Werkbericht im LICHTHOF der Stabi, 20.30 Uhr Am Tag der Architektur l\u00e4dt das Instituto Cervantes Hamburg in Kooperation mit der HafenCity Hamburg GmbH, der Staats- und Universit\u00e4tsbibliothek Hamburg Carl von Ossietzky, der Hamburgischen Architektenkammer und dem spanischen Fremdenverkehrsamt im Rahmen einer\u2026","rel":"","context":"In &quot;Ausstellungen und Veranstaltungen&quot;","block_context":{"text":"Ausstellungen und Veranstaltungen","link":"https:\/\/blog.sub.uni-hamburg.de\/?cat=9"},"img":{"alt_text":"","src":"","width":0,"height":0},"classes":[]},{"id":21926,"url":"https:\/\/blog.sub.uni-hamburg.de\/?p=21926","url_meta":{"origin":1023,"position":1},"title":"Britische Hochschulmesse Hamburg (25.1.)","author":"Markus Trapp","date":"06-01-17","format":false,"excerpt":"Denken Sie dar\u00fcber nach, in England, Nordirland, Schottland oder Wales zu studieren? Haben Sie Fragen zu Studieng\u00e4ngen, Universit\u00e4ten oder Bewerbungsverfahren in Gro\u00dfbritannien? Wenn Sie ein Bachelor-, Master- oder PhD-Programm in Gro\u00dfbritannien absolvieren wollen, dann sollten Sie die Britische Hochschulmesse im Lichthof der Staats- und Universit\u00e4tsbibliothek Hamburg nicht verpassen. Kommen Sie\u2026","rel":"","context":"In &quot;Ausstellungen und Veranstaltungen&quot;","block_context":{"text":"Ausstellungen und Veranstaltungen","link":"https:\/\/blog.sub.uni-hamburg.de\/?cat=9"},"img":{"alt_text":"","src":"https:\/\/i0.wp.com\/blog.sub.uni-hamburg.de\/wp-content\/uploads\/2017\/01\/17-British-Council-Jan-UK_Tube_A2_COL-kl.jpg?resize=350%2C200&ssl=1","width":350,"height":200},"classes":[]},{"id":16815,"url":"https:\/\/blog.sub.uni-hamburg.de\/?p=16815","url_meta":{"origin":1023,"position":2},"title":"Podiumsdiskussion: Das Osmanische Reich im Ersten Weltkrieg (15.1.)","author":"Markus Trapp","date":"17-12-14","format":false,"excerpt":"Im Kontext der Ausstellung \u00abOsmanen in Hamburg\u00bb l\u00e4dt das das T\u00fcrkeiEuropaZentrum Hamburg (TEZ) zur Podiumsdiskussion in den Lichthof der Staatsbibliothek ein: Der Gro\u00dfe Krieg. Das Osmanische Reich im Ersten Weltkrieg Mit Prof. Dr. Fikret Adan\u0131r (Istanbul) Prof. Dr. Christian Gerlach (Bern) Prof. Dr. Oliver Janz (Berlin) Prof. Dr. Hans-Lukas Kieser\u2026","rel":"","context":"In &quot;Ausstellungen und Veranstaltungen&quot;","block_context":{"text":"Ausstellungen und Veranstaltungen","link":"https:\/\/blog.sub.uni-hamburg.de\/?cat=9"},"img":{"alt_text":"","src":"https:\/\/i0.wp.com\/blog.sub.uni-hamburg.de\/wp-content\/uploads\/2014\/12\/poddisk-osmanen-ww1.jpg?resize=350%2C200&ssl=1","width":350,"height":200,"srcset":"https:\/\/i0.wp.com\/blog.sub.uni-hamburg.de\/wp-content\/uploads\/2014\/12\/poddisk-osmanen-ww1.jpg?resize=350%2C200&ssl=1 1x, https:\/\/i0.wp.com\/blog.sub.uni-hamburg.de\/wp-content\/uploads\/2014\/12\/poddisk-osmanen-ww1.jpg?resize=525%2C300&ssl=1 1.5x"},"classes":[]},{"id":898,"url":"https:\/\/blog.sub.uni-hamburg.de\/?p=898","url_meta":{"origin":1023,"position":3},"title":"Der Lichtk\u00fcnstler Michael Batz im LICHTHOF: Stabi er\u00f6ffnet neues Veranstaltungszentrum (16.4.2008)","author":"MG","date":"18-03-08","format":false,"excerpt":"Am Mittwoch, dem 16.4.2008, um 20 Uhr wird der LICHTHOF im Altbau in seinem 120. Jahr neues Veranstaltungszentrum der Staats- und Universit\u00e4tsbibliothek Hamburg Carl von Ossietzky. Feiern Sie mit uns seine Er\u00f6ffnung! Den Festbeitrag liefert der Hamburger Theatermacher und Lichtk\u00fcnstler Michael Batz: Abendkleid und Nachtgestalt. Urbane Lichtgestaltung als Diskurs der\u2026","rel":"","context":"In &quot;Ausstellungen und Veranstaltungen&quot;","block_context":{"text":"Ausstellungen und Veranstaltungen","link":"https:\/\/blog.sub.uni-hamburg.de\/?cat=9"},"img":{"alt_text":"Batz Plakat","src":"https:\/\/i0.wp.com\/blog.sub.uni-hamburg.de\/wp-content\/uploads\/2021\/11\/batz-kl.jpg?resize=350%2C200&ssl=1","width":350,"height":200},"classes":[]},{"id":24050,"url":"https:\/\/blog.sub.uni-hamburg.de\/?p=24050","url_meta":{"origin":1023,"position":4},"title":"Britische Hochschulmesse Hamburg (24.1.)","author":"Markus Trapp","date":"09-01-18","format":false,"excerpt":"Denken Sie dar\u00fcber nach, in England, Nordirland, Schottland oder Wales zu studieren? Haben Sie Fragen zu Studieng\u00e4ngen, Universit\u00e4ten oder Bewerbungsverfahren in Gro\u00dfbritannien? Wenn Sie ein Bachelor-, Master- oder PhD-Programm in Gro\u00dfbritannien absolvieren wollen, dann sollten Sie die Britische Hochschulmesse am 24. Januar 2018 von 11 bis 15 Uhr im Lichthof\u2026","rel":"","context":"In &quot;Ausstellungen und Veranstaltungen&quot;","block_context":{"text":"Ausstellungen und Veranstaltungen","link":"https:\/\/blog.sub.uni-hamburg.de\/?cat=9"},"img":{"alt_text":"","src":"https:\/\/i0.wp.com\/blog.sub.uni-hamburg.de\/wp-content\/uploads\/2018\/01\/18-British-Council.jpg?resize=350%2C200&ssl=1","width":350,"height":200,"srcset":"https:\/\/i0.wp.com\/blog.sub.uni-hamburg.de\/wp-content\/uploads\/2018\/01\/18-British-Council.jpg?resize=350%2C200&ssl=1 1x, https:\/\/i0.wp.com\/blog.sub.uni-hamburg.de\/wp-content\/uploads\/2018\/01\/18-British-Council.jpg?resize=525%2C300&ssl=1 1.5x"},"classes":[]},{"id":26459,"url":"https:\/\/blog.sub.uni-hamburg.de\/?p=26459","url_meta":{"origin":1023,"position":5},"title":"Britische Hochschulmesse Hamburg (23.1.)","author":"Markus Trapp","date":"09-01-19","format":false,"excerpt":"Denken Sie dar\u00fcber nach, in England, Nordirland, Schottland oder Wales zu studieren? Haben Sie Fragen zu Studieng\u00e4ngen, Universit\u00e4ten oder Bewerbungsverfahren in Gro\u00dfbritannien? Wenn Sie ein Bachelor-, Master- oder PhD-Programm in Gro\u00dfbritannien absolvieren wollen, dann sollten Sie die Britische Hochschulmesse am 23. Januar 2019 von 11 bis 15 Uhr im Lichthof\u2026","rel":"","context":"In &quot;Ausstellungen und Veranstaltungen&quot;","block_context":{"text":"Ausstellungen und Veranstaltungen","link":"https:\/\/blog.sub.uni-hamburg.de\/?cat=9"},"img":{"alt_text":"Britische Hochschulmesse Hamburg","src":"https:\/\/i0.wp.com\/blog.sub.uni-hamburg.de\/wp-content\/uploads\/2018\/01\/18-British-Council.jpg?resize=350%2C200&ssl=1","width":350,"height":200,"srcset":"https:\/\/i0.wp.com\/blog.sub.uni-hamburg.de\/wp-content\/uploads\/2018\/01\/18-British-Council.jpg?resize=350%2C200&ssl=1 1x, https:\/\/i0.wp.com\/blog.sub.uni-hamburg.de\/wp-content\/uploads\/2018\/01\/18-British-Council.jpg?resize=525%2C300&ssl=1 1.5x"},"classes":[]}],"jetpack_sharing_enabled":true,"_links":{"self":[{"href":"https:\/\/blog.sub.uni-hamburg.de\/index.php?rest_route=\/wp\/v2\/posts\/1023","targetHints":{"allow":["GET"]}}],"collection":[{"href":"https:\/\/blog.sub.uni-hamburg.de\/index.php?rest_route=\/wp\/v2\/posts"}],"about":[{"href":"https:\/\/blog.sub.uni-hamburg.de\/index.php?rest_route=\/wp\/v2\/types\/post"}],"author":[{"embeddable":true,"href":"https:\/\/blog.sub.uni-hamburg.de\/index.php?rest_route=\/wp\/v2\/users\/25"}],"replies":[{"embeddable":true,"href":"https:\/\/blog.sub.uni-hamburg.de\/index.php?rest_route=%2Fwp%2Fv2%2Fcomments&post=1023"}],"version-history":[{"count":0,"href":"https:\/\/blog.sub.uni-hamburg.de\/index.php?rest_route=\/wp\/v2\/posts\/1023\/revisions"}],"wp:attachment":[{"href":"https:\/\/blog.sub.uni-hamburg.de\/index.php?rest_route=%2Fwp%2Fv2%2Fmedia&parent=1023"}],"wp:term":[{"taxonomy":"category","embeddable":true,"href":"https:\/\/blog.sub.uni-hamburg.de\/index.php?rest_route=%2Fwp%2Fv2%2Fcategories&post=1023"},{"taxonomy":"post_tag","embeddable":true,"href":"https:\/\/blog.sub.uni-hamburg.de\/index.php?rest_route=%2Fwp%2Fv2%2Ftags&post=1023"}],"curies":[{"name":"wp","href":"https:\/\/api.w.org\/{rel}","templated":true}]}}